{"id":66634,"date":"2021-06-25T08:54:00","date_gmt":"2021-06-25T08:54:00","guid":{"rendered":"https:\/\/www.nettali.com\/?p=66634"},"modified":"2021-06-25T14:39:26","modified_gmt":"2021-06-25T14:39:26","slug":"deces-de-jeremy-sassine-le-champion-de-karting-repose-a-bel-air","status":"publish","type":"post","link":"https:\/\/www.nettali.com\/2021\/06\/25\/deces-de-jeremy-sassine-le-champion-de-karting-repose-a-bel-air\/","title":{"rendered":"D\u00c9C\u00c8S DE JEREMY SASSINE - Le champion de Karting repose \u00e0 Bel Air!"},"content":{"rendered":"<p><strong>NETTALI.COM - D\u00e9c\u00e9d\u00e9 le samedi 19 juin sur la piste du stade L\u00e9opold Sedar Senghor \u00e0 la suite d'une collision avec une moto, le jeune pilote J\u00e9r\u00e9my Sassine repose d\u00e9sormais au cimeti\u00e8re de Hann Bel Air.<\/strong><\/p>\n<p>Tous de blanc v\u00eatus, les proches du jeune pilote qui devait f\u00eatait ses 15 ans le 6 juillet prochain, sont sortis en masse ce jeudi 24 juin pour l'accompagner dans sa derni\u00e8re demeure.<\/p>\n<p>Apr\u00e8s la lev\u00e9e du corps \u00e0 l'h\u00f4pital Principal de Dakar, une messe mortuaire a \u00e9t\u00e9 organis\u00e9e dans l'apr\u00e8s-midi \u00e0 son honneur \u00e0 la Mission libanaise de Dakar.<br \/>\nC'est ainsi qu'une foule immense et indescriptible, partag\u00e9e entre l'\u00e9moi et la tristesse, qui a amen\u00e9 J\u00e9r\u00e9my Sassine au cimeti\u00e8re catholique de Hann Bel Air. L\u00e0 o\u00f9 le tout nouveau champion du S\u00e9n\u00e9gal de Karting en Rotax junior reposera \u00e9ternellement loin de sa famille. Mais \u00e9galement loin de son...kart.<\/p>\n<p>Repose en paix le champion de Karting.<\/p>\n<div class='share-to-whatsapp-wrapper'><div class='share-on-whsp'>PARTAGER SUR : <\/div><a data-text='D\u00c9C\u00c8S DE JEREMY SASSINE - Le champion de Karting repose \u00e0 Bel Air!' data-link='https:\/\/www.nettali.com\/2021\/06\/25\/deces-de-jeremy-sassine-le-champion-de-karting-repose-a-bel-air\/' class='whatsapp-button whatsapp-share'>WhatsApp<\/a><div class='clear '><\/div><\/div>","protected":false},"excerpt":{"rendered":"<p>NETTALI.COM - D\u00e9c\u00e9d\u00e9 le samedi 19 juin sur la piste du stade L\u00e9opold Sedar Senghor \u00e0 la suite d'une collision avec une moto, le jeune pilote J\u00e9r\u00e9my Sassine repose d\u00e9sormais au cimeti\u00e8re de Hann Bel Air. Tous de blanc v\u00eatus, les proches du jeune pilote qui devait f\u00eatait ses 15 ans le 6 juillet prochain, [&hellip;]<\/p>\n","protected":false},"author":5,"featured_media":66376,"comment_status":"open","ping_status":"open","sticky":false,"template":"","format":"standard","meta":{"_et_pb_use_builder":"","_et_pb_old_content":""},"categories":[6],"tags":[],"yoast_head":"<!-- This site is optimized with the Yoast SEO Premium plugin v17.8 (Yoast SEO v17.8) - https:\/\/yoast.com\/wordpress\/plugins\/seo\/ -->\n<title>D\u00c9C\u00c8S DE JEREMY SASSINE - Le champion de Karting repose \u00e0 Bel Air! | Nettali.com<\/title>\n<meta name=\"robots\" content=\"index, follow, max-snippet:-1, max-image-preview:large, max-video-preview:-1\" \/>\n<link rel=\"canonical\" href=\"https:\/\/www.nettali.com\/2021\/06\/25\/deces-de-jeremy-sassine-le-champion-de-karting-repose-a-bel-air\/\" \/>\n<meta property=\"og:locale\" content=\"fr_FR\" \/>\n<meta property=\"og:type\" content=\"article\" \/>\n<meta property=\"og:title\" content=\"D\u00c9C\u00c8S DE JEREMY SASSINE - Le champion de Karting repose \u00e0 Bel Air!\" \/>\n<meta property=\"og:description\" content=\"NETTALI.COM - D\u00e9c\u00e9d\u00e9 le samedi 19 juin sur la piste du stade L\u00e9opold Sedar Senghor \u00e0 la suite d&#039;une collision avec une moto, le jeune pilote J\u00e9r\u00e9my Sassine repose d\u00e9sormais au cimeti\u00e8re de Hann Bel Air. Tous de blanc v\u00eatus, les proches du jeune pilote qui devait f\u00eatait ses 15 ans le 6 juillet prochain, [&hellip;]\" \/>\n<meta property=\"og:url\" content=\"https:\/\/www.nettali.com\/2021\/06\/25\/deces-de-jeremy-sassine-le-champion-de-karting-repose-a-bel-air\/\" \/>\n<meta property=\"og:site_name\" content=\"Nettali.com\" \/>\n<meta property=\"article:publisher\" content=\"https:\/\/www.facebook.com\/nettalicom\" \/>\n<meta property=\"article:published_time\" content=\"2021-06-25T08:54:00+00:00\" \/>\n<meta property=\"article:modified_time\" content=\"2021-06-25T14:39:26+00:00\" \/>\n<meta property=\"og:image\" content=\"https:\/\/www.nettali.com\/wp-content\/uploads\/2021\/06\/Screenshot_20210621-124053-1-1-1-1.jpg\" \/>\n\t<meta property=\"og:image:width\" content=\"720\" \/>\n\t<meta property=\"og:image:height\" content=\"411\" \/>\n<meta name=\"twitter:card\" content=\"summary_large_image\" \/>\n<meta name=\"twitter:label1\" content=\"\u00c9crit par\" \/>\n\t<meta name=\"twitter:data1\" content=\"Ibrahima\" \/>\n\t<meta name=\"twitter:label2\" content=\"Dur\u00e9e de lecture estim\u00e9e\" \/>\n\t<meta name=\"twitter:data2\" content=\"1 minute\" \/>\n<script type=\"application\/ld+json\" class=\"yoast-schema-graph\">{\"@context\":\"https:\/\/schema.org\",\"@graph\":[{\"@type\":\"WebSite\",\"@id\":\"https:\/\/www.nettali.com\/#website\",\"url\":\"https:\/\/www.nettali.com\/\",\"name\":\"Nettali.com\",\"description\":\"Le rendez-vous critique du Net\",\"potentialAction\":[{\"@type\":\"SearchAction\",\"target\":{\"@type\":\"EntryPoint\",\"urlTemplate\":\"https:\/\/www.nettali.com\/?s={search_term_string}\"},\"query-input\":\"required name=search_term_string\"}],\"inLanguage\":\"fr-FR\"},{\"@type\":\"ImageObject\",\"@id\":\"https:\/\/www.nettali.com\/2021\/06\/25\/deces-de-jeremy-sassine-le-champion-de-karting-repose-a-bel-air\/#primaryimage\",\"inLanguage\":\"fr-FR\",\"url\":\"https:\/\/www.nettali.com\/wp-content\/uploads\/2021\/06\/Screenshot_20210621-124053-1-1-1-1.jpg\",\"contentUrl\":\"https:\/\/www.nettali.com\/wp-content\/uploads\/2021\/06\/Screenshot_20210621-124053-1-1-1-1.jpg\",\"width\":720,\"height\":411},{\"@type\":\"WebPage\",\"@id\":\"https:\/\/www.nettali.com\/2021\/06\/25\/deces-de-jeremy-sassine-le-champion-de-karting-repose-a-bel-air\/#webpage\",\"url\":\"https:\/\/www.nettali.com\/2021\/06\/25\/deces-de-jeremy-sassine-le-champion-de-karting-repose-a-bel-air\/\",\"name\":\"D\\u00c9C\\u00c8S DE JEREMY SASSINE - Le champion de Karting repose \\u00e0 Bel Air! | Nettali.com\",\"isPartOf\":{\"@id\":\"https:\/\/www.nettali.com\/#website\"},\"primaryImageOfPage\":{\"@id\":\"https:\/\/www.nettali.com\/2021\/06\/25\/deces-de-jeremy-sassine-le-champion-de-karting-repose-a-bel-air\/#primaryimage\"},\"datePublished\":\"2021-06-25T08:54:00+00:00\",\"dateModified\":\"2021-06-25T14:39:26+00:00\",\"author\":{\"@id\":\"https:\/\/www.nettali.com\/#\/schema\/person\/bb147657c2986240405a608162b9bb23\"},\"breadcrumb\":{\"@id\":\"https:\/\/www.nettali.com\/2021\/06\/25\/deces-de-jeremy-sassine-le-champion-de-karting-repose-a-bel-air\/#breadcrumb\"},\"inLanguage\":\"fr-FR\",\"potentialAction\":[{\"@type\":\"ReadAction\",\"target\":[\"https:\/\/www.nettali.com\/2021\/06\/25\/deces-de-jeremy-sassine-le-champion-de-karting-repose-a-bel-air\/\"]}]},{\"@type\":\"BreadcrumbList\",\"@id\":\"https:\/\/www.nettali.com\/2021\/06\/25\/deces-de-jeremy-sassine-le-champion-de-karting-repose-a-bel-air\/#breadcrumb\",\"itemListElement\":[{\"@type\":\"ListItem\",\"position\":1,\"name\":\"Accueil\",\"item\":\"https:\/\/www.nettali.com\/\"},{\"@type\":\"ListItem\",\"position\":2,\"name\":\"D\\u00c9C\\u00c8S DE JEREMY SASSINE &#8211; Le champion de Karting repose \\u00e0 Bel Air!\"}]},{\"@type\":\"Person\",\"@id\":\"https:\/\/www.nettali.com\/#\/schema\/person\/bb147657c2986240405a608162b9bb23\",\"name\":\"Ibrahima\",\"image\":{\"@type\":\"ImageObject\",\"@id\":\"https:\/\/www.nettali.com\/#personlogo\",\"inLanguage\":\"fr-FR\",\"url\":\"https:\/\/secure.gravatar.com\/avatar\/26a8a81f09f0dd7624c9d5c36c9ba3a2?s=96&d=mm&r=g\",\"contentUrl\":\"https:\/\/secure.gravatar.com\/avatar\/26a8a81f09f0dd7624c9d5c36c9ba3a2?s=96&d=mm&r=g\",\"caption\":\"Ibrahima\"},\"sameAs\":[\"https:\/\/www.nettali.com\"]}]}<\/script>\n<!-- \/ Yoast SEO Premium plugin. -->","yoast_head_json":{"title":"D\u00c9C\u00c8S DE JEREMY SASSINE - Le champion de Karting repose \u00e0 Bel Air! | Nettali.com","robots":{"index":"index","follow":"follow","max-snippet":"max-snippet:-1","max-image-preview":"max-image-preview:large","max-video-preview":"max-video-preview:-1"},"canonical":"https:\/\/www.nettali.com\/2021\/06\/25\/deces-de-jeremy-sassine-le-champion-de-karting-repose-a-bel-air\/","og_locale":"fr_FR","og_type":"article","og_title":"D\u00c9C\u00c8S DE JEREMY SASSINE - Le champion de Karting repose \u00e0 Bel Air!","og_description":"NETTALI.COM - D\u00e9c\u00e9d\u00e9 le samedi 19 juin sur la piste du stade L\u00e9opold Sedar Senghor \u00e0 la suite d'une collision avec une moto, le jeune pilote J\u00e9r\u00e9my Sassine repose d\u00e9sormais au cimeti\u00e8re de Hann Bel Air. Tous de blanc v\u00eatus, les proches du jeune pilote qui devait f\u00eatait ses 15 ans le 6 juillet prochain, [&hellip;]","og_url":"https:\/\/www.nettali.com\/2021\/06\/25\/deces-de-jeremy-sassine-le-champion-de-karting-repose-a-bel-air\/","og_site_name":"Nettali.com","article_publisher":"https:\/\/www.facebook.com\/nettalicom","article_published_time":"2021-06-25T08:54:00+00:00","article_modified_time":"2021-06-25T14:39:26+00:00","og_image":[{"width":720,"height":411,"url":"https:\/\/www.nettali.com\/wp-content\/uploads\/2021\/06\/Screenshot_20210621-124053-1-1-1-1.jpg","type":"image\/jpeg"}],"twitter_card":"summary_large_image","twitter_misc":{"\u00c9crit par":"Ibrahima","Dur\u00e9e de lecture estim\u00e9e":"1 minute"},"schema":{"@context":"https:\/\/schema.org","@graph":[{"@type":"WebSite","@id":"https:\/\/www.nettali.com\/#website","url":"https:\/\/www.nettali.com\/","name":"Nettali.com","description":"Le rendez-vous critique du Net","potentialAction":[{"@type":"SearchAction","target":{"@type":"EntryPoint","urlTemplate":"https:\/\/www.nettali.com\/?s={search_term_string}"},"query-input":"required name=search_term_string"}],"inLanguage":"fr-FR"},{"@type":"ImageObject","@id":"https:\/\/www.nettali.com\/2021\/06\/25\/deces-de-jeremy-sassine-le-champion-de-karting-repose-a-bel-air\/#primaryimage","inLanguage":"fr-FR","url":"https:\/\/www.nettali.com\/wp-content\/uploads\/2021\/06\/Screenshot_20210621-124053-1-1-1-1.jpg","contentUrl":"https:\/\/www.nettali.com\/wp-content\/uploads\/2021\/06\/Screenshot_20210621-124053-1-1-1-1.jpg","width":720,"height":411},{"@type":"WebPage","@id":"https:\/\/www.nettali.com\/2021\/06\/25\/deces-de-jeremy-sassine-le-champion-de-karting-repose-a-bel-air\/#webpage","url":"https:\/\/www.nettali.com\/2021\/06\/25\/deces-de-jeremy-sassine-le-champion-de-karting-repose-a-bel-air\/","name":"D\u00c9C\u00c8S DE JEREMY SASSINE - Le champion de Karting repose \u00e0 Bel Air! | Nettali.com","isPartOf":{"@id":"https:\/\/www.nettali.com\/#website"},"primaryImageOfPage":{"@id":"https:\/\/www.nettali.com\/2021\/06\/25\/deces-de-jeremy-sassine-le-champion-de-karting-repose-a-bel-air\/#primaryimage"},"datePublished":"2021-06-25T08:54:00+00:00","dateModified":"2021-06-25T14:39:26+00:00","author":{"@id":"https:\/\/www.nettali.com\/#\/schema\/person\/bb147657c2986240405a608162b9bb23"},"breadcrumb":{"@id":"https:\/\/www.nettali.com\/2021\/06\/25\/deces-de-jeremy-sassine-le-champion-de-karting-repose-a-bel-air\/#breadcrumb"},"inLanguage":"fr-FR","potentialAction":[{"@type":"ReadAction","target":["https:\/\/www.nettali.com\/2021\/06\/25\/deces-de-jeremy-sassine-le-champion-de-karting-repose-a-bel-air\/"]}]},{"@type":"BreadcrumbList","@id":"https:\/\/www.nettali.com\/2021\/06\/25\/deces-de-jeremy-sassine-le-champion-de-karting-repose-a-bel-air\/#breadcrumb","itemListElement":[{"@type":"ListItem","position":1,"name":"Accueil","item":"https:\/\/www.nettali.com\/"},{"@type":"ListItem","position":2,"name":"D\u00c9C\u00c8S DE JEREMY SASSINE &#8211; Le champion de Karting repose \u00e0 Bel Air!"}]},{"@type":"Person","@id":"https:\/\/www.nettali.com\/#\/schema\/person\/bb147657c2986240405a608162b9bb23","name":"Ibrahima","image":{"@type":"ImageObject","@id":"https:\/\/www.nettali.com\/#personlogo","inLanguage":"fr-FR","url":"https:\/\/secure.gravatar.com\/avatar\/26a8a81f09f0dd7624c9d5c36c9ba3a2?s=96&d=mm&r=g","contentUrl":"https:\/\/secure.gravatar.com\/avatar\/26a8a81f09f0dd7624c9d5c36c9ba3a2?s=96&d=mm&r=g","caption":"Ibrahima"},"sameAs":["https:\/\/www.nettali.com"]}]}},"_links":{"self":[{"href":"https:\/\/www.nettali.com\/rest\/wp\/v2\/posts\/66634"}],"collection":[{"href":"https:\/\/www.nettali.com\/rest\/wp\/v2\/posts"}],"about":[{"href":"https:\/\/www.nettali.com\/rest\/wp\/v2\/types\/post"}],"author":[{"embeddable":true,"href":"https:\/\/www.nettali.com\/rest\/wp\/v2\/users\/5"}],"replies":[{"embeddable":true,"href":"https:\/\/www.nettali.com\/rest\/wp\/v2\/comments?post=66634"}],"version-history":[{"count":4,"href":"https:\/\/www.nettali.com\/rest\/wp\/v2\/posts\/66634\/revisions"}],"predecessor-version":[{"id":66689,"href":"https:\/\/www.nettali.com\/rest\/wp\/v2\/posts\/66634\/revisions\/66689"}],"wp:featuredmedia":[{"embeddable":true,"href":"https:\/\/www.nettali.com\/rest\/wp\/v2\/media\/66376"}],"wp:attachment":[{"href":"https:\/\/www.nettali.com\/rest\/wp\/v2\/media?parent=66634"}],"wp:term":[{"taxonomy":"category","embeddable":true,"href":"https:\/\/www.nettali.com\/rest\/wp\/v2\/categories?post=66634"},{"taxonomy":"post_tag","embeddable":true,"href":"https:\/\/www.nettali.com\/rest\/wp\/v2\/tags?post=66634"}],"curies":[{"name":"wp","href":"https:\/\/api.w.org\/{rel}","templated":true}]}}