{"id":66393,"date":"2021-06-21T19:58:05","date_gmt":"2021-06-21T19:58:05","guid":{"rendered":"https:\/\/www.nettali.com\/?p=66393"},"modified":"2021-06-22T09:48:07","modified_gmt":"2021-06-22T09:48:07","slug":"embrassades-entre-hommes-lors-du-concert-de-waly-seck-jamra-annonce-une-double-plainte-contre-les-danseurs-du-faramaren","status":"publish","type":"post","link":"https:\/\/www.nettali.com\/2021\/06\/21\/embrassades-entre-hommes-lors-du-concert-de-waly-seck-jamra-annonce-une-double-plainte-contre-les-danseurs-du-faramaren\/","title":{"rendered":"EMBRASSADES ENTRE HOMMES LORS DU CONCERT DE WALY SECK- Jamra annonce une double plainte contre les danseurs du faramaren"},"content":{"rendered":"<p style=\"font-weight: 400;\"><strong>NETTALI.COM- <\/strong><strong>Jamra annonce une double plainte contre deux danseurs hommes de Waly Seck, qui se sont embrass\u00e9s en plein concert.<\/strong><\/p>\n<p style=\"font-weight: 400;\">Le bouche \u00e0 bouche entre hommes, des danseurs de Wally Seck, le samedi 12 juin dernier lors du concert de ce dernier sur l\u2019esplanade du Grand Th\u00e9\u00e2tre de Dakar scandalisent Jamra et ses alli\u00e9s en l\u2019occurrence le Comit\u00e9 de d\u00e9fense des valeurs morales et l\u2019ONG Daral Qurane wal Ikhsan. Ces derniers, apr\u00e8s concertation, ont annonc\u00e9 qu\u2019ils vont d\u00e9poser une plainte contre les danseurs du chanteur \u00e0 la brigade des m\u0153urs et au niveau du procureur de la R\u00e9publique. Cela, pour d\u00e9noncer leurs actes qui, selon eux, sont aux antipodes de la l\u00e9gislation s\u00e9n\u00e9galaise et des valeurs l\u00e9gu\u00e9es par nos guides religieux. En effet, ces mouvements se disent soucieux de la pr\u00e9servation de nos nobles valeurs ancestrales. Lesquelles font la fiert\u00e9 des croyants de notre pays, et de la pr\u00e9servation de la sant\u00e9 mentale et morale des enfants.<\/p>\n<p style=\"font-weight: 400;\">\u00ab <em>Face \u00e0 ces frasques \u00e0 r\u00e9p\u00e9tition qui s\u2019apparentent de plus en plus \u00e0 une campagne d\u00e9guis\u00e9e de promotion du \u2019\u2019gordjigu\u00e9nisme\u2019\u2019 (homosexualit\u00e9), au m\u00e9pris des dispositions pertinentes du Code p\u00e9nal sur l\u2019outrage public \u00e0 la pudeur, une plainte en bonne et due forme sera d\u00e9pos\u00e9e<\/em>\u00a0\u00bb, lit-on dans le communiqu\u00e9.<\/p>\n<p style=\"font-weight: 400;\">Jamra et ses alli\u00e9s r\u00e9affirment leur d\u00e9termination \u00e0 s\u2019opposer \u00e0 toutes formes de promotion de l\u2019homosexualit\u00e9 et du lesbianisme juv\u00e9nile, via les concerts, les s\u00e9ries t\u00e9l\u00e9vis\u00e9es perverses et les bandes dessin\u00e9es pour enfants.<\/p>\n<div class='share-to-whatsapp-wrapper'><div class='share-on-whsp'>PARTAGER SUR : <\/div><a data-text='EMBRASSADES ENTRE HOMMES LORS DU CONCERT DE WALY SECK- Jamra annonce une double plainte contre les danseurs du faramaren' data-link='https:\/\/www.nettali.com\/2021\/06\/21\/embrassades-entre-hommes-lors-du-concert-de-waly-seck-jamra-annonce-une-double-plainte-contre-les-danseurs-du-faramaren\/' class='whatsapp-button whatsapp-share'>WhatsApp<\/a><div class='clear '><\/div><\/div>","protected":false},"excerpt":{"rendered":"<p>NETTALI.COM- Jamra annonce une double plainte contre deux danseurs hommes de Waly Seck, qui se sont embrass\u00e9s en plein concert. Le bouche \u00e0 bouche entre hommes, des danseurs de Wally Seck, le samedi 12 juin dernier lors du concert de ce dernier sur l\u2019esplanade du Grand Th\u00e9\u00e2tre de Dakar scandalisent Jamra et ses alli\u00e9s en [&hellip;]<\/p>\n","protected":false},"author":6,"featured_media":27737,"comment_status":"open","ping_status":"open","sticky":false,"template":"","format":"standard","meta":{"_et_pb_use_builder":"","_et_pb_old_content":""},"categories":[3878,3],"tags":[],"yoast_head":"<!-- This site is optimized with the Yoast SEO Premium plugin v17.8 (Yoast SEO v17.8) - https:\/\/yoast.com\/wordpress\/plugins\/seo\/ -->\n<title>EMBRASSADES ENTRE HOMMES LORS DU CONCERT DE WALY SECK- Jamra annonce une double plainte contre les danseurs du faramaren | Nettali.com<\/title>\n<meta name=\"robots\" content=\"index, follow, max-snippet:-1, max-image-preview:large, max-video-preview:-1\" \/>\n<link rel=\"canonical\" href=\"https:\/\/www.nettali.com\/2021\/06\/21\/embrassades-entre-hommes-lors-du-concert-de-waly-seck-jamra-annonce-une-double-plainte-contre-les-danseurs-du-faramaren\/\" \/>\n<meta property=\"og:locale\" content=\"fr_FR\" \/>\n<meta property=\"og:type\" content=\"article\" \/>\n<meta property=\"og:title\" content=\"EMBRASSADES ENTRE HOMMES LORS DU CONCERT DE WALY SECK- Jamra annonce une double plainte contre les danseurs du faramaren\" \/>\n<meta property=\"og:description\" content=\"NETTALI.COM- Jamra annonce une double plainte contre deux danseurs hommes de Waly Seck, qui se sont embrass\u00e9s en plein concert. Le bouche \u00e0 bouche entre hommes, des danseurs de Wally Seck, le samedi 12 juin dernier lors du concert de ce dernier sur l\u2019esplanade du Grand Th\u00e9\u00e2tre de Dakar scandalisent Jamra et ses alli\u00e9s en [&hellip;]\" \/>\n<meta property=\"og:url\" content=\"https:\/\/www.nettali.com\/2021\/06\/21\/embrassades-entre-hommes-lors-du-concert-de-waly-seck-jamra-annonce-une-double-plainte-contre-les-danseurs-du-faramaren\/\" \/>\n<meta property=\"og:site_name\" content=\"Nettali.com\" \/>\n<meta property=\"article:publisher\" content=\"https:\/\/www.facebook.com\/nettalicom\" \/>\n<meta property=\"article:published_time\" content=\"2021-06-21T19:58:05+00:00\" \/>\n<meta property=\"article:modified_time\" content=\"2021-06-22T09:48:07+00:00\" \/>\n<meta property=\"og:image\" content=\"https:\/\/www.nettali.com\/wp-content\/uploads\/2020\/01\/wal.jpg\" \/>\n\t<meta property=\"og:image:width\" content=\"316\" \/>\n\t<meta property=\"og:image:height\" content=\"159\" \/>\n<meta name=\"twitter:card\" content=\"summary_large_image\" \/>\n<meta name=\"twitter:label1\" content=\"\u00c9crit par\" \/>\n\t<meta name=\"twitter:data1\" content=\"Fatou\" \/>\n\t<meta name=\"twitter:label2\" content=\"Dur\u00e9e de lecture estim\u00e9e\" \/>\n\t<meta name=\"twitter:data2\" content=\"2 minutes\" \/>\n<script type=\"application\/ld+json\" class=\"yoast-schema-graph\">{\"@context\":\"https:\/\/schema.org\",\"@graph\":[{\"@type\":\"WebSite\",\"@id\":\"https:\/\/www.nettali.com\/#website\",\"url\":\"https:\/\/www.nettali.com\/\",\"name\":\"Nettali.com\",\"description\":\"Le rendez-vous critique du Net\",\"potentialAction\":[{\"@type\":\"SearchAction\",\"target\":{\"@type\":\"EntryPoint\",\"urlTemplate\":\"https:\/\/www.nettali.com\/?s={search_term_string}\"},\"query-input\":\"required name=search_term_string\"}],\"inLanguage\":\"fr-FR\"},{\"@type\":\"ImageObject\",\"@id\":\"https:\/\/www.nettali.com\/2021\/06\/21\/embrassades-entre-hommes-lors-du-concert-de-waly-seck-jamra-annonce-une-double-plainte-contre-les-danseurs-du-faramaren\/#primaryimage\",\"inLanguage\":\"fr-FR\",\"url\":\"https:\/\/www.nettali.com\/wp-content\/uploads\/2020\/01\/wal.jpg\",\"contentUrl\":\"https:\/\/www.nettali.com\/wp-content\/uploads\/2020\/01\/wal.jpg\",\"width\":316,\"height\":159},{\"@type\":\"WebPage\",\"@id\":\"https:\/\/www.nettali.com\/2021\/06\/21\/embrassades-entre-hommes-lors-du-concert-de-waly-seck-jamra-annonce-une-double-plainte-contre-les-danseurs-du-faramaren\/#webpage\",\"url\":\"https:\/\/www.nettali.com\/2021\/06\/21\/embrassades-entre-hommes-lors-du-concert-de-waly-seck-jamra-annonce-une-double-plainte-contre-les-danseurs-du-faramaren\/\",\"name\":\"EMBRASSADES ENTRE HOMMES LORS DU CONCERT DE WALY SECK- Jamra annonce une double plainte contre les danseurs du faramaren | Nettali.com\",\"isPartOf\":{\"@id\":\"https:\/\/www.nettali.com\/#website\"},\"primaryImageOfPage\":{\"@id\":\"https:\/\/www.nettali.com\/2021\/06\/21\/embrassades-entre-hommes-lors-du-concert-de-waly-seck-jamra-annonce-une-double-plainte-contre-les-danseurs-du-faramaren\/#primaryimage\"},\"datePublished\":\"2021-06-21T19:58:05+00:00\",\"dateModified\":\"2021-06-22T09:48:07+00:00\",\"author\":{\"@id\":\"https:\/\/www.nettali.com\/#\/schema\/person\/418274a86bdf87caff7a3ef476bd0bbf\"},\"breadcrumb\":{\"@id\":\"https:\/\/www.nettali.com\/2021\/06\/21\/embrassades-entre-hommes-lors-du-concert-de-waly-seck-jamra-annonce-une-double-plainte-contre-les-danseurs-du-faramaren\/#breadcrumb\"},\"inLanguage\":\"fr-FR\",\"potentialAction\":[{\"@type\":\"ReadAction\",\"target\":[\"https:\/\/www.nettali.com\/2021\/06\/21\/embrassades-entre-hommes-lors-du-concert-de-waly-seck-jamra-annonce-une-double-plainte-contre-les-danseurs-du-faramaren\/\"]}]},{\"@type\":\"BreadcrumbList\",\"@id\":\"https:\/\/www.nettali.com\/2021\/06\/21\/embrassades-entre-hommes-lors-du-concert-de-waly-seck-jamra-annonce-une-double-plainte-contre-les-danseurs-du-faramaren\/#breadcrumb\",\"itemListElement\":[{\"@type\":\"ListItem\",\"position\":1,\"name\":\"Accueil\",\"item\":\"https:\/\/www.nettali.com\/\"},{\"@type\":\"ListItem\",\"position\":2,\"name\":\"EMBRASSADES ENTRE HOMMES LORS DU CONCERT DE WALY SECK- Jamra annonce une double plainte contre les danseurs du faramaren\"}]},{\"@type\":\"Person\",\"@id\":\"https:\/\/www.nettali.com\/#\/schema\/person\/418274a86bdf87caff7a3ef476bd0bbf\",\"name\":\"Fatou\",\"image\":{\"@type\":\"ImageObject\",\"@id\":\"https:\/\/www.nettali.com\/#personlogo\",\"inLanguage\":\"fr-FR\",\"url\":\"https:\/\/secure.gravatar.com\/avatar\/5a9442a2bee7b4dcf167cab035858e9a?s=96&d=mm&r=g\",\"contentUrl\":\"https:\/\/secure.gravatar.com\/avatar\/5a9442a2bee7b4dcf167cab035858e9a?s=96&d=mm&r=g\",\"caption\":\"Fatou\"},\"sameAs\":[\"https:\/\/www.nettali.com\"]}]}<\/script>\n<!-- \/ Yoast SEO Premium plugin. -->","yoast_head_json":{"title":"EMBRASSADES ENTRE HOMMES LORS DU CONCERT DE WALY SECK- Jamra annonce une double plainte contre les danseurs du faramaren | Nettali.com","robots":{"index":"index","follow":"follow","max-snippet":"max-snippet:-1","max-image-preview":"max-image-preview:large","max-video-preview":"max-video-preview:-1"},"canonical":"https:\/\/www.nettali.com\/2021\/06\/21\/embrassades-entre-hommes-lors-du-concert-de-waly-seck-jamra-annonce-une-double-plainte-contre-les-danseurs-du-faramaren\/","og_locale":"fr_FR","og_type":"article","og_title":"EMBRASSADES ENTRE HOMMES LORS DU CONCERT DE WALY SECK- Jamra annonce une double plainte contre les danseurs du faramaren","og_description":"NETTALI.COM- Jamra annonce une double plainte contre deux danseurs hommes de Waly Seck, qui se sont embrass\u00e9s en plein concert. Le bouche \u00e0 bouche entre hommes, des danseurs de Wally Seck, le samedi 12 juin dernier lors du concert de ce dernier sur l\u2019esplanade du Grand Th\u00e9\u00e2tre de Dakar scandalisent Jamra et ses alli\u00e9s en [&hellip;]","og_url":"https:\/\/www.nettali.com\/2021\/06\/21\/embrassades-entre-hommes-lors-du-concert-de-waly-seck-jamra-annonce-une-double-plainte-contre-les-danseurs-du-faramaren\/","og_site_name":"Nettali.com","article_publisher":"https:\/\/www.facebook.com\/nettalicom","article_published_time":"2021-06-21T19:58:05+00:00","article_modified_time":"2021-06-22T09:48:07+00:00","og_image":[{"width":316,"height":159,"url":"https:\/\/www.nettali.com\/wp-content\/uploads\/2020\/01\/wal.jpg","type":"image\/jpeg"}],"twitter_card":"summary_large_image","twitter_misc":{"\u00c9crit par":"Fatou","Dur\u00e9e de lecture estim\u00e9e":"2 minutes"},"schema":{"@context":"https:\/\/schema.org","@graph":[{"@type":"WebSite","@id":"https:\/\/www.nettali.com\/#website","url":"https:\/\/www.nettali.com\/","name":"Nettali.com","description":"Le rendez-vous critique du Net","potentialAction":[{"@type":"SearchAction","target":{"@type":"EntryPoint","urlTemplate":"https:\/\/www.nettali.com\/?s={search_term_string}"},"query-input":"required name=search_term_string"}],"inLanguage":"fr-FR"},{"@type":"ImageObject","@id":"https:\/\/www.nettali.com\/2021\/06\/21\/embrassades-entre-hommes-lors-du-concert-de-waly-seck-jamra-annonce-une-double-plainte-contre-les-danseurs-du-faramaren\/#primaryimage","inLanguage":"fr-FR","url":"https:\/\/www.nettali.com\/wp-content\/uploads\/2020\/01\/wal.jpg","contentUrl":"https:\/\/www.nettali.com\/wp-content\/uploads\/2020\/01\/wal.jpg","width":316,"height":159},{"@type":"WebPage","@id":"https:\/\/www.nettali.com\/2021\/06\/21\/embrassades-entre-hommes-lors-du-concert-de-waly-seck-jamra-annonce-une-double-plainte-contre-les-danseurs-du-faramaren\/#webpage","url":"https:\/\/www.nettali.com\/2021\/06\/21\/embrassades-entre-hommes-lors-du-concert-de-waly-seck-jamra-annonce-une-double-plainte-contre-les-danseurs-du-faramaren\/","name":"EMBRASSADES ENTRE HOMMES LORS DU CONCERT DE WALY SECK- Jamra annonce une double plainte contre les danseurs du faramaren | Nettali.com","isPartOf":{"@id":"https:\/\/www.nettali.com\/#website"},"primaryImageOfPage":{"@id":"https:\/\/www.nettali.com\/2021\/06\/21\/embrassades-entre-hommes-lors-du-concert-de-waly-seck-jamra-annonce-une-double-plainte-contre-les-danseurs-du-faramaren\/#primaryimage"},"datePublished":"2021-06-21T19:58:05+00:00","dateModified":"2021-06-22T09:48:07+00:00","author":{"@id":"https:\/\/www.nettali.com\/#\/schema\/person\/418274a86bdf87caff7a3ef476bd0bbf"},"breadcrumb":{"@id":"https:\/\/www.nettali.com\/2021\/06\/21\/embrassades-entre-hommes-lors-du-concert-de-waly-seck-jamra-annonce-une-double-plainte-contre-les-danseurs-du-faramaren\/#breadcrumb"},"inLanguage":"fr-FR","potentialAction":[{"@type":"ReadAction","target":["https:\/\/www.nettali.com\/2021\/06\/21\/embrassades-entre-hommes-lors-du-concert-de-waly-seck-jamra-annonce-une-double-plainte-contre-les-danseurs-du-faramaren\/"]}]},{"@type":"BreadcrumbList","@id":"https:\/\/www.nettali.com\/2021\/06\/21\/embrassades-entre-hommes-lors-du-concert-de-waly-seck-jamra-annonce-une-double-plainte-contre-les-danseurs-du-faramaren\/#breadcrumb","itemListElement":[{"@type":"ListItem","position":1,"name":"Accueil","item":"https:\/\/www.nettali.com\/"},{"@type":"ListItem","position":2,"name":"EMBRASSADES ENTRE HOMMES LORS DU CONCERT DE WALY SECK- Jamra annonce une double plainte contre les danseurs du faramaren"}]},{"@type":"Person","@id":"https:\/\/www.nettali.com\/#\/schema\/person\/418274a86bdf87caff7a3ef476bd0bbf","name":"Fatou","image":{"@type":"ImageObject","@id":"https:\/\/www.nettali.com\/#personlogo","inLanguage":"fr-FR","url":"https:\/\/secure.gravatar.com\/avatar\/5a9442a2bee7b4dcf167cab035858e9a?s=96&d=mm&r=g","contentUrl":"https:\/\/secure.gravatar.com\/avatar\/5a9442a2bee7b4dcf167cab035858e9a?s=96&d=mm&r=g","caption":"Fatou"},"sameAs":["https:\/\/www.nettali.com"]}]}},"_links":{"self":[{"href":"https:\/\/www.nettali.com\/rest\/wp\/v2\/posts\/66393"}],"collection":[{"href":"https:\/\/www.nettali.com\/rest\/wp\/v2\/posts"}],"about":[{"href":"https:\/\/www.nettali.com\/rest\/wp\/v2\/types\/post"}],"author":[{"embeddable":true,"href":"https:\/\/www.nettali.com\/rest\/wp\/v2\/users\/6"}],"replies":[{"embeddable":true,"href":"https:\/\/www.nettali.com\/rest\/wp\/v2\/comments?post=66393"}],"version-history":[{"count":3,"href":"https:\/\/www.nettali.com\/rest\/wp\/v2\/posts\/66393\/revisions"}],"predecessor-version":[{"id":66396,"href":"https:\/\/www.nettali.com\/rest\/wp\/v2\/posts\/66393\/revisions\/66396"}],"wp:featuredmedia":[{"embeddable":true,"href":"https:\/\/www.nettali.com\/rest\/wp\/v2\/media\/27737"}],"wp:attachment":[{"href":"https:\/\/www.nettali.com\/rest\/wp\/v2\/media?parent=66393"}],"wp:term":[{"taxonomy":"category","embeddable":true,"href":"https:\/\/www.nettali.com\/rest\/wp\/v2\/categories?post=66393"},{"taxonomy":"post_tag","embeddable":true,"href":"https:\/\/www.nettali.com\/rest\/wp\/v2\/tags?post=66393"}],"curies":[{"name":"wp","href":"https:\/\/api.w.org\/{rel}","templated":true}]}}