{"id":66387,"date":"2021-06-22T08:59:04","date_gmt":"2021-06-22T08:59:04","guid":{"rendered":"https:\/\/www.nettali.com\/?p=66387"},"modified":"2021-06-23T22:48:00","modified_gmt":"2021-06-23T22:48:00","slug":"ledito-de-nettali-com-au-nom-de-la-force-brute-et-des-muscles","status":"publish","type":"post","link":"https:\/\/www.nettali.com\/2021\/06\/22\/ledito-de-nettali-com-au-nom-de-la-force-brute-et-des-muscles\/","title":{"rendered":"L'EDITO DE NETTALI.COM - Au nom de la force brute et des muscles\u00a0!"},"content":{"rendered":"<p><strong>NETTALI.COM - Devrait-on perdre du temps \u00e0 discuter de tourn\u00e9e \u00e9conomique ou de tourn\u00e9e politique ? Assur\u00e9ment non. Les deux sont les revers d\u2019une m\u00eame m\u00e9daille. Ce \u00e0 quoi nous devrions tous concentrer notre \u00e9nergie, c\u2019est de voir comment endiguer cette mont\u00e9e de la violence qui est la cons\u00e9quence de la pr\u00e9sence des nervis sur le champ politique. C\u2019est une r\u00e9alit\u00e9 qu\u2019il faut de toute fa\u00e7on d\u00e9plorer et fortement condamner. Cette tourn\u00e9e du pr\u00e9sident Sall a montr\u00e9 \u00e0 la face du monde comment la pr\u00e9sence des nervis dans les cort\u00e8ges pr\u00e9sidentiels est g\u00e9n\u00e9rateur de violence, emp\u00eache l\u2019exercice de la d\u00e9mocratie et g\u00eane les forces de d\u00e9fense et de s\u00e9curit\u00e9 dans leurs missions.<\/strong><\/p>\n<p>Le grand point noir de ces tourn\u00e9es \u00e9conomico-politiques, est ne pas en douter la pr\u00e9sence de nervis dans les cort\u00e8ges pr\u00e9sidentiels. Et l\u2019on ne peut pas ne pas se demander ce qui a bien pu la motiver\u00a0? Pourquoi n\u2019ont-ils pas pu se suffire des forces de s\u00e9curit\u00e9, notamment les policiers et les gendarmes\u00a0? Y avait-il d\u2019autres motivations que celles d\u2019assurer la s\u00e9curit\u00e9 du pr\u00e9sident\u00a0? C\u2019est une r\u00e9alit\u00e9 en tout cas tout \u00e0 fait inadmissible et anti r\u00e9publicain. La pr\u00e9sence de ces nervis a quelque chose de d\u00e9testable et m\u00eame de vexant pour les forces de s\u00e9curit\u00e9. Ceux-l\u00e0 ne sont non seulement pas form\u00e9s au maintien de l\u2019ordre et au protocole, mais ils ont la pr\u00e9tention de suppl\u00e9er les FDS, en plus d\u2019\u00eatre g\u00e9n\u00e9rateurs de violence qui peut parfois leur \u00eatre attribu\u00e9e et \u00e0 tort.<\/p>\n<p>Dans une de ses livraisons du lundi 14 juin, le journal \u00ab\u00a0<em>EnQu\u00eate<\/em>\u00a0\u00bb a m\u00eame consacr\u00e9 un papier au sujet. Et c\u2019est pour relever \u00e0 quel point, ces nervis indisposent les forces de s\u00e9curit\u00e9 et les emp\u00eachent d\u2019exercer correctement leurs missions. Citant des sources, le quotidien pointe ainsi du doigt, le recours aux gros bras et aux nervis <em>\u00ab\u00a0devenu syst\u00e9matique, partout o\u00f9 il y a des vell\u00e9it\u00e9s de contre-manifestations<\/em>\u00a0\u00bb\u00a0, ajoutant que \u00ab\u00a0<em>ces nervis ou milices priv\u00e9es se d\u00e9placent avec les moyens de l'Etat, achet\u00e9s avec l'argent du contribuable. C\u2019est le cas \u00e0 Saint-Louis o\u00f9 ils sont une centaine, \u00e9parpill\u00e9s dans deux 8x8 et un bus de la pr\u00e9sidence de la R\u00e9publique. Ils marchent sur les plates-bandes des forces de l'ordre qui essayent d'assurer le service d'ordre. De ce fait, des probl\u00e8mes et des altercations qui pourraient, \u00e0 l'avenir, avoir de graves cons\u00e9quences, ont \u00e9t\u00e9 not\u00e9s, lors du passage du pr\u00e9sident Macky Sall, \u00e0 Saint-Louis ce 12 juin.<\/em>\u00a0\u00bb.<\/p>\n<p>Le journal est m\u00eame all\u00e9 plus loin, relevant des incidents \u00e0 la date du 12 juin. Le premier, a-t-il fait savoir, a eu lieu avec le commandant de la compagnie de gendarmerie de Saint-Louis, \u00e0 hauteur de la Maison de l'\u00eele. Le capitaine, rapporte-t-il, citant des sources, qui n'en pouvait plus, est descendu de son v\u00e9hicule pour les sermonner. Idem pour le commissaire central de Saint- Louis qui a d\u00fb aussi hausser le ton pour se faire entendre, \u00e0 cause des violences, menaces et exactions sur les populations.<\/p>\n<p>Les nervis, apprend-on du m\u00eame canard, avaient, sur l'avenue G\u00e9n\u00e9ral De Gaulle, bloqu\u00e9, avec leurs gros v\u00e9hicules, la circulation, alors que c\u2019est par-l\u00e0 que le pr\u00e9sident de la R\u00e9publique devait repartir et qu\u2019il fallait mettre de l'ordre. \u00ab\u00a0<em>Les \u00e9changes entre eux et le commissaire central de Saint-Louis \u00e9taient vifs et tendus. Ils ont fini par lib\u00e9rer la voie, en avan\u00e7ant leurs voitures. Mais plus loin vers le commissariat central, un nouvel incident les a oppos\u00e9s \u00e0 des policiers dispos\u00e9s dans le jalonnement. Les gros bras voulaient int\u00e9grer le dispositif, ce \u00e0 quoi se sont farouchement oppos\u00e9s les policiers\u00a0<\/em>\u00bb, a expliqu\u00e9 un interlocuteur de EnQu\u00eate. Une dame, de faire remarquer sur une radio locale, avoir \u00e9t\u00e9 malmen\u00e9e par ces gros bras, parce qu'elle d\u00e9tenait un brassard rouge. Pire, elle a confi\u00e9 que certains d\u00e9tenaient des pistolets. Des propos corrobor\u00e9s par d\u2019autres sources qui renseignent : \u00ab\u00a0<em>Certains de ces nervis poss\u00e8dent, effectivement, des pistolets et sans autorisation de port d\u2019arme. Ce qui est extr\u00eamement dangereux et pourrait \u00eatre \u00e0 l'origine de ce que nous appelons commun\u00e9ment une bavure polici\u00e8re. Ces cas de violence vont gratuitement \u00eatre exerc\u00e9s sur des citoyens, simplement parce qu'ils ont exprim\u00e9 leur sentiment. A Pikine, et plus pr\u00e9cis\u00e9ment au niveau de l\u2019angle Tall, des personnes ont \u00e9t\u00e9 malmen\u00e9es, parce qu'elles scandaient le nom d\u2019Ousmane Sonko. D'autres ont \u00e9t\u00e9 frapp\u00e9es, parce qu'ils ont brandi des brassards rouges.<\/em>\u00a0\u00bb<\/p>\n<p><strong>Entre intimidations et exactions sur les manifestants\u00a0<\/strong><\/p>\n<p>Sur les r\u00e9seaux sociaux, les images d\u2019exactions et d\u2019interf\u00e9rences de ces nervis dans la mission des forces de l\u2019ordre, foisonnent et sont partag\u00e9es par des internautes r\u00e9volt\u00e9s. Elles montrent combien les actes de ceux-ci sont une t\u00e2che noire pour la paix civile et l\u2019ordre r\u00e9publicain. D\u2019ailleurs des menaces ont d\u2019ailleurs commenc\u00e9 \u00e0 voir le jour \u00e0 travers le m\u00eame canal sur ces gros bras et leurs proches, \u00e0 travers des posts et photos les identifiant par leurs noms et indiquant leurs lieux d\u2019habitations. De quoi craindre une ambiance d\u2019anarchie et une logique de justice priv\u00e9e, voire m\u00eame de vendetta.<\/p>\n<p>Une situation qui n'a pas en tout cas laiss\u00e9 indiff\u00e9rent le mouvement y'en a marre qui a d\u00e9cid\u00e9 d'appliquer la loi du talion en rendant coup pour coup, m\u00eame s'il a par ailleurs annonc\u00e9 une plainte.\u00a0 Avec les membres du mouvement Fouta Tampi\/Ensemble sauvons le Fouta, ils ont ainsi tenu, lundi 21 juin, une conf\u00e9rence de presse pour d\u00e9noncer les violences et les intimidations dont ils ont \u00e9t\u00e9 victimes, lors de la tourn\u00e9e pr\u00e9sidentielle dans le Fouta. A cette rencontre, la coordinatrice du mouvement \"FOUTA TAMPI\" se dit d\u00e9termin\u00e9e \u00e0 donner sa vie pour le salut du Fouta.\"<em>Nous sommes venus ici pour d\u00e9noncer les tentatives d\u2019intimidation et de harc\u00e8lement de la part d\u2019individus non-identifi\u00e9s. En l\u2019espace de 15 jours, j\u2019ai d\u00fb d\u00e9m\u00e9nager trois fois pour garantir ma s\u00e9curit\u00e9. Nous sommes en droit de clamer notre d\u00e9saccord devant le sort que r\u00e9serve le r\u00e9gime de Macky Sall aux dignes fils et filles du Fouta. Mais, \u00e0 chaque fois qu\u2019on \u00e9l\u00e8ve la voix, on essaie de nous terroriser. Je veux leur dire que je suis pr\u00eate \u00e0 donner ma vie pour le salut du Fouta\u2019<\/em>\", a clam\u00e9 la coordinatrice de Fouta Tampi, Fatoumata Ndiaye. Avant d'ajouter : \"<em>Nous avons m\u00eame vu des nervis avec des grenades offensives s\u2019attaquer \u00e0 des manifestants. Ils ont bless\u00e9 plusieurs d\u2019entre eux. Des nervis du maire d\u2019Ourossogui ont aussi attaqu\u00e9 une maison o\u00f9 je m\u2019\u00e9tais refugi\u00e9e, apr\u00e8s les premi\u00e8res \u00e9chauffour\u00e9es. J\u2019ai d\u00fb fuir vers la for\u00eat de Kanel, avant de rejoindre Dakar. Je suis d\u00e9termin\u00e9e, car on se bat pour une cause juste. Il faut aller jusqu\u2019au bout<\/em>\u2019\", a-t-elle r\u00e9p\u00e9t\u00e9. De son c\u00f4t\u00e9, \"Guem sa boop\", le mouvement de Bougane \u00e9galement en tourn\u00e9e, a aussi d\u00e9pos\u00e9 sa plainte.<\/p>\n<p>Devant le \u00ab\u00a0<em>Jury du dimanche<\/em>\u00a0\u00bb de ce 20 juin sur I-TV, Zator Mbaye de l\u2019AFP a ni\u00e9 la pr\u00e9sence de nervis dans le cort\u00e8ge du pr\u00e9sident de la R\u00e9publique. Lequel, selon lui, \u00e9tait s\u00e9curis\u00e9 par des policiers et des gendarmes. \u00ab\u00a0<em>Je n\u2019ai pas vu de nervis dans le cort\u00e8ge du pr\u00e9sident de la R\u00e9publique<\/em>\u00a0\u00bb ! Une d\u00e9claration sign\u00e9e par un ministre conseiller du pr\u00e9sident de la R\u00e9publique, malgr\u00e9 les images qui circulent sur la toile et qui mettent \u00e0 la lumi\u00e8re du jour, ces nervis qui brutalisent des manifestants. Ce qui n\u2019a toutefois pas emp\u00each\u00e9 Zator Mbaye de camper sur sa position. \u00ab\u00a0<em>Je n\u2019ai pas vu de nervis. J\u2019ai vu la garde pr\u00e9sidentielle compos\u00e9e d\u2019\u00e9l\u00e9ments de la gendarmerie, de la police, qui sont dans le convoi du pr\u00e9sident de la R\u00e9publique. Maintenant, peut-\u00eatre qu\u2019il y a eu par-ci et par l\u00e0 des \u00e9l\u00e9ments qui ont \u00e9t\u00e9 recrut\u00e9s pour essayer de remplacer la s\u00e9curit\u00e9 mais \u00e7a c\u2019est au niveau loca<\/em>l \u00bb, a-t-il tent\u00e9 de justifier sans convaincre.<\/p>\n<p>Conc\u00e9dons le lui puisqu\u2019il est aveugle. Mais toujours est-il que l\u2019atmosph\u00e8re (certains journaux ont trait\u00e9 ces nervis de \u00ab\u00a0sauvages\u00a0\u00bb au regard des exactions ) qui a pr\u00e9valu, n\u2019est pas sans rappeler le cas du lutteur Ndiaga Diouf qui a \u00e9t\u00e9 tu\u00e9. Bath\u00e9l\u00e9my Dias dans ce cas-ci, a \u00e9t\u00e9 condamn\u00e9 \u00e0 2 ans de prison dont 6 mois ferme, suite \u00e0 des violences politiques meurtri\u00e8res \u00e0 Dakar et des assauts contre la mairie de Mermoz-Sacr\u00e9-C\u0153ur qu\u2019il dirige. Un cas qui doit faire r\u00e9fl\u00e9chir et rappeler aux autorit\u00e9s et aux politiques de tous bords, leurs responsabilit\u00e9s. Figurez-vous que cette affaire en est encore au stade de l\u2019appel en justice puisque renvoy\u00e9 au 7 juillet 2021, alors que le maire a \u00e9t\u00e9 condamn\u00e9 en 2017. Ce qui veut dire que les victimes des \u00e9v\u00e8nements, sont toujours les seuls et vrais perdants, malgr\u00e9 les sommes d\u2019argent distribu\u00e9s \u00e7\u00e0 et l\u00e0 au moment des deuils. Elles ne vont de toute fa\u00e7on pas les ressusciter. Une histoire de sous, vaut-elle vraiment la peine que des gros bras, m\u00eame en panne de perspectives, se mouillent dans des affaires de politique politicienne avec le risque de perdre la vie ou d\u2019\u00eatre bless\u00e9s\u00a0? Assur\u00e9ment non.<\/p>\n<p>Dans une de ses sorties Macky Sall avait estim\u00e9 de ne pas voir du rouge. Un discours aux allures de bravade. Certains journaux ont d\u2019ailleurs relev\u00e9 ce fait en titrant de mani\u00e8re ironique\u00a0: \u00ab\u00a0<em>Macky voit d\u00e9sormais rouge<\/em>\u00a0\u00bb. Une mani\u00e8re de faire remarquer les brassards et tissus rouges sur son passage, lors de sa tourn\u00e9e. En effet malgr\u00e9 la ferveur populaire des mobilisations monstres, les rassemblement ont parfois pris des airs de corrida au point que l\u2019on se soit parfois cru dans ces s\u00e9ances o\u00f9 les tor\u00e9ros brandissent des chiffons rouges pour exciter les taureaux. Une situation qui s\u2019est d\u2019ailleurs impos\u00e9e au protocole du pr\u00e9sident de la R\u00e9publique\u00a0; \u00a0et ce dernier n\u2019avait d\u2019autre choix que d\u2019arr\u00eater \u00e0 certains passages, son cort\u00e8ge pour entamer un dialogue avec les manifestants qui avaient visiblement des revendications \u00e0 faire entendre.<\/p>\n<p><strong>L'existence des nervis, un frein \u00e0 l'exercice de la d\u00e9mocratie<\/strong><\/p>\n<p>C\u2019est en effet une illusoire d\u2019en arriver \u00e0 penser qu\u2019un pays entier puisse \u00eatre en accord avec la politique du pr\u00e9sident. Donc, pour le pr\u00e9sident, entendre des voix discordantes, ne peut \u00eatre que b\u00e9n\u00e9fique surtout pour un homme qui a l\u2019habitude d\u2019\u00eatre encens\u00e9 et de voir sa vision toujours magnifi\u00e9e\u00a0! Difficile aussi de croire que toutes ces foules et mobilisations ne sont que le fruit d\u2019une communion entre les populations des territoires visit\u00e9s et des contr\u00e9es travers\u00e9es. Le b\u00e9tail \u00e9lectoral y est pour beaucoup. Disons-le clairement, ces contr\u00e9es ne sont pas si peupl\u00e9es que cela. Demandez \u00e0 Me Wade et son fameux rassemblement sur l\u2019ancienne piste de chez feu Serigne B\u00e9thio. On en \u00e9tait \u00e0 chiffrer des millions de personnes pr\u00e9sentes. Quel a \u00e9t\u00e9 le r\u00e9sultat\u00a0? Pour Macky Sall, entendre des sons de cloche diff\u00e9rents, peut amener \u00e0 prendre en compte des dol\u00e9ances constructives pour le pr\u00e9sident Sall, surtout si ses partisans ont une propension \u00e0 enjoliver le tableau.<\/p>\n<p>L\u2019incursion des nervis dans les cort\u00e8ges et qui se livrent \u00e0 des exactions sur les populations, est une plaie b\u00e9ante au c\u0153ur de la r\u00e9publique et dans le jeu politique, quel que soit par ailleurs le bord politique\u00a0! Au regard du contexte, elle finit par se r\u00e9duire \u00e0 un jeu de ping-pong entre l\u2019Etat et le camp de Sonko et ses alli\u00e9s qui se renvoient sans cesse la balle de la responsabilit\u00e9 des morts survenus lors des r\u00e9cents \u00e9v\u00e8nements violents.<\/p>\n<p>D\u00e9j\u00e0 en avril 2021, Sidiki Kaba, le ministre des forces arm\u00e9es avait fait savoir que toute la lumi\u00e8re serait faite sur les 13 morts et 590 bless\u00e9s, suite aux manifestations violents de mars, cons\u00e9cutives \u00e0\u00a0 l\u2019affaire Ousmane Sonko\/Adji Sarr. Il avait \u00e0 cet effet annonc\u00e9 la mise sur pied d\u2019une commission d\u2019enqu\u00eate libre et ind\u00e9pendante. Sidiki Kaba s\u2019\u00e9tait m\u00eame livr\u00e9 \u00e0 des commentaires selon lesquels, l\u2019opposition et la soci\u00e9t\u00e9 civile ont fait endosser \u00e0 l\u2019Etat du S\u00e9n\u00e9gal, toute la responsabilit\u00e9 relative \u00e0 ces \u00e9v\u00e8nements qui ont occasionn\u00e9 des pertes en vies humaines et beaucoup de d\u00e9g\u00e2ts mat\u00e9riels. Ce qui, \u00e0 son avis, serait injuste. \u00ab\u00a0<em>Nous voudrions r\u00e9tablir la v\u00e9rit\u00e9 des faits. Mais nous sommes dans une dynamique d\u2019apaisement et de paix<\/em>\u00a0\u00bb, avait fait savoir Me Sidiki Kaba. \u00ab\u00a0<em>Les porteurs de ce funeste projet tentent de se d\u00e9porter sur une responsabilit\u00e9 suppos\u00e9e de l\u2019Etat dans les dommages et les pertes en vies humaines subies. N\u2019eut \u00e9t\u00e9 l\u2019attitude r\u00e9publicaine des forces de l\u2019ordre qui ont agi avec professionnalisme, sang-froid et retenue pour garantir la s\u00e9curit\u00e9 des personnes et des biens, il y aurait eu des cons\u00e9quences beaucoup plus importantes<\/em>\u00a0\u00bb, avait soutenu le ministre. Et celui-ci avait m\u00eame ajout\u00e9 : \u00ab\u00a0<em>Par ailleurs, si Ousmane Sonko avait accept\u00e9 de r\u00e9pondre \u00e0 la justice comme tout justiciable de quelque niveau o\u00f9 il se trouve, rien de tout cela ne serait arriv\u00e9\u2026.<\/em>\u00bb.<\/p>\n<p>R\u00e9agissant d\u2019ailleurs \u00e0 la mise en place d\u2019une commission d\u2019enqu\u00eate ind\u00e9pendante pour faire la lumi\u00e8re sur les \u00e9v\u00e9nements de mars 2021, le Mouvement pour la d\u00e9fense de la d\u00e9mocratie (M2D) avait affich\u00e9 son scepticisme et exig\u00e9 la lib\u00e9ration des \u00ab\u00a0otages\u00a0\u00bb arr\u00eat\u00e9s. Elle prenait ainsi acte de la d\u00e9cision, mais restait vigilante sur \u00ab\u00a0<em>les modalit\u00e9s de mise en place, la composition et les TDR de cette commission dite ind\u00e9pendante, puisqu\u2019il est constant que, sous nos cieux, de telles commissions ne sont souvent cr\u00e9\u00e9es que pour ensevelir la v\u00e9rit\u00e9 et charger des cibles d\u00e9sign\u00e9es<\/em>\u00a0\u00bb. Pour m\u00e9moire, dans son m\u00e9morandum, soulignait le M2D, le gouvernement a conclu son r\u00e9quisitoire par la d\u00e9signation d\u2019un coupable qui n\u2019est autre qu\u2019Ousmane Sonko. \u00ab\u00a0Quelle pertinence de mettre en place une commission d\u2019enqu\u00eate, d\u00e8s lors que l\u2019initiateur, partie \u00e0 l\u2019affaire, a d\u00e9j\u00e0 \u2018jug\u00e9\u2019 et \u2018condamn\u00e9\u2019 ?\u00a0\u00bb.<\/p>\n<p>Toujours est-il que la violence que de gros bras ont exerc\u00e9 sur des jeunes du Fouta dont le seul tort a \u00e9t\u00e9 de manifester leur m\u00e9contentement au Pr\u00e9sident Macky Sall, n\u2019a pas laiss\u00e9 indiff\u00e9rent Ousmane Sonko qui s\u2019est voulu on ne peut plus clair.\u00a0 \u00ab\u00a0<em>Je prends la responsabilit\u00e9 d\u2019appeler les S\u00e9n\u00e9galais \u00e0 s\u2019armer et \u00e0 user de la violence pour se d\u00e9fendre des attaques de ces nervis de Macky Sall. N\u2019attaquez personne, ne tirez sur personne. Mais si on vous attaque, r\u00e9pliquez. Organisez-vous pour faire face \u00e0 ces nervis<\/em>\u00a0\u00bb, a-t-il affirm\u00e9 face \u00e0 la presse vendredi 18 juin. Avant d\u2019ajouter : \u00ab\u00a0<em>Ce qui s\u2019est pass\u00e9 au Fouta est une honte pour le S\u00e9n\u00e9gal. Engager des nervis pour assurer la s\u00e9curit\u00e9 du pr\u00e9sident de la R\u00e9publique, est une honte. Avec tout le budget de notre police et de notre gendarmerie.\u00a0\u00bb<\/em><\/p>\n<p>Des \u00e9changes muscl\u00e9s qui rappellent \u00e0 certains \u00e9gards les r\u00e9cents et violents \u00e9v\u00e8nements au cours desquels, un appel \u00e0 la r\u00e9sistance avait \u00e9t\u00e9 lanc\u00e9. Ce qui n\u2019augure rien de bon. Gare en tout cas \u00e0 la radicalisation qui ne peut avoir comme cons\u00e9quences, qu\u2019une flamb\u00e9e de violence et la tentation du recours \u00e0 une justice priv\u00e9e, aux cons\u00e9quences difficilement ma\u00eetrisables. Qu\u2019un parti d\u2019opposition recrute des pr\u00e9pos\u00e9s \u00e0 la s\u00e9curit\u00e9 via une agence de s\u00e9curit\u00e9 formalis\u00e9e dont c\u2019est la sp\u00e9cialit\u00e9, cela est compr\u00e9hensible\u00a0;\u00a0 mais qu\u2019un \u00e9tat recrute des nervis, reste incompr\u00e9hensible et anti-r\u00e9publicain parce qu\u2019il dispose de forces form\u00e9es et auxquelles est reconnu le monopole de la violence l\u00e9gitime et proportionn\u00e9e\u00a0! L\u2019on semble en tout cas marcher sur la t\u00eate.<\/p>\n<p>Des commissions d\u2019enqu\u00eate ont \u00e9t\u00e9 r\u00e9clam\u00e9es, mais au finish, mais leur mise en place n\u2019a pas \u00e9volu\u00e9, pour pouvoir \u00eatre en mesure de produire de r\u00e9sultats. Quand bien m\u00eame, elles en auraient produits, il aurait \u00e9t\u00e9 difficile de faire accr\u00e9diter les conclusions de ces enqu\u00eates \u00e0 cause de la pol\u00e9mique qui s\u2019en serait suivie. C\u2019est une sorte d\u2019impasse \u00e0 laquelle, on assiste.<\/p>\n<p><em>\"Comit\u00e9s d'action\", \"Calots bleus\", \"Tontons macoutes, \"marrons du feu<\/em>\", peu importe l'appellation, nous n'en voulons plus et ces rassemblements de nervis violents ne sont ni n\u00e9cessaires, ni utiles dans l'espace politique y compris la soci\u00e9t\u00e9 s\u00e9n\u00e9galaise. Une affaire de muscles et de gros bras dans l\u2019espace politique qui prouve \u00e0 souhait que lorsque les r\u00f4les et les missions ne sont pas suffisamment d\u00e9finis et encadr\u00e9s par la loi, ce sont le d\u00e9sordre et le chaos qui finissent par s\u2019installer et r\u00e9gner en ma\u00eetres. L\u2019on s\u2019amuse \u00e0 se faire peur, mais attention au r\u00e9veil, il risque d\u2019\u00eatre bien brutal.<\/p>\n<p>&nbsp;<\/p>\n<p>&nbsp;<\/p>\n<p>&nbsp;<\/p>\n<div class='share-to-whatsapp-wrapper'><div class='share-on-whsp'>PARTAGER SUR : <\/div><a data-text='L'EDITO DE NETTALI.COM - Au nom de la force brute et des muscles\u00a0!' data-link='https:\/\/www.nettali.com\/2021\/06\/22\/ledito-de-nettali-com-au-nom-de-la-force-brute-et-des-muscles\/' class='whatsapp-button whatsapp-share'>WhatsApp<\/a><div class='clear '><\/div><\/div>","protected":false},"excerpt":{"rendered":"<p>NETTALI.COM - Devrait-on perdre du temps \u00e0 discuter de tourn\u00e9e \u00e9conomique ou de tourn\u00e9e politique ? Assur\u00e9ment non. Les deux sont les revers d\u2019une m\u00eame m\u00e9daille. Ce \u00e0 quoi nous devrions tous concentrer notre \u00e9nergie, c\u2019est de voir comment endiguer cette mont\u00e9e de la violence qui est la cons\u00e9quence de la pr\u00e9sence des nervis sur [&hellip;]<\/p>\n","protected":false},"author":2,"featured_media":66363,"comment_status":"open","ping_status":"open","sticky":false,"template":"","format":"standard","meta":{"_et_pb_use_builder":"","_et_pb_old_content":""},"categories":[34931],"tags":[],"yoast_head":"<!-- This site is optimized with the Yoast SEO Premium plugin v17.8 (Yoast SEO v17.8) - https:\/\/yoast.com\/wordpress\/plugins\/seo\/ -->\n<title>L&#039;EDITO DE NETTALI.COM - Au nom de la force brute et des muscles\u00a0! | Nettali.com<\/title>\n<meta name=\"robots\" content=\"index, follow, max-snippet:-1, max-image-preview:large, max-video-preview:-1\" \/>\n<link rel=\"canonical\" href=\"https:\/\/www.nettali.com\/2021\/06\/22\/ledito-de-nettali-com-au-nom-de-la-force-brute-et-des-muscles\/\" \/>\n<meta property=\"og:locale\" content=\"fr_FR\" \/>\n<meta property=\"og:type\" content=\"article\" \/>\n<meta property=\"og:title\" content=\"L&#039;EDITO DE NETTALI.COM - Au nom de la force brute et des muscles\u00a0!\" \/>\n<meta property=\"og:description\" content=\"NETTALI.COM - Devrait-on perdre du temps \u00e0 discuter de tourn\u00e9e \u00e9conomique ou de tourn\u00e9e politique ? Assur\u00e9ment non. Les deux sont les revers d\u2019une m\u00eame m\u00e9daille. Ce \u00e0 quoi nous devrions tous concentrer notre \u00e9nergie, c\u2019est de voir comment endiguer cette mont\u00e9e de la violence qui est la cons\u00e9quence de la pr\u00e9sence des nervis sur [&hellip;]\" \/>\n<meta property=\"og:url\" content=\"https:\/\/www.nettali.com\/2021\/06\/22\/ledito-de-nettali-com-au-nom-de-la-force-brute-et-des-muscles\/\" \/>\n<meta property=\"og:site_name\" content=\"Nettali.com\" \/>\n<meta property=\"article:publisher\" content=\"https:\/\/www.facebook.com\/nettalicom\" \/>\n<meta property=\"article:published_time\" content=\"2021-06-22T08:59:04+00:00\" \/>\n<meta property=\"article:modified_time\" content=\"2021-06-23T22:48:00+00:00\" \/>\n<meta property=\"og:image\" content=\"https:\/\/www.nettali.com\/wp-content\/uploads\/2021\/06\/nervis2.jpg\" \/>\n\t<meta property=\"og:image:width\" content=\"1280\" \/>\n\t<meta property=\"og:image:height\" content=\"600\" \/>\n<meta name=\"twitter:card\" content=\"summary_large_image\" \/>\n<meta name=\"twitter:label1\" content=\"\u00c9crit par\" \/>\n\t<meta name=\"twitter:data1\" content=\"CK\" \/>\n\t<meta name=\"twitter:label2\" content=\"Dur\u00e9e de lecture estim\u00e9e\" \/>\n\t<meta name=\"twitter:data2\" content=\"12 minutes\" \/>\n<script type=\"application\/ld+json\" class=\"yoast-schema-graph\">{\"@context\":\"https:\/\/schema.org\",\"@graph\":[{\"@type\":\"WebSite\",\"@id\":\"https:\/\/www.nettali.com\/#website\",\"url\":\"https:\/\/www.nettali.com\/\",\"name\":\"Nettali.com\",\"description\":\"Le rendez-vous critique du Net\",\"potentialAction\":[{\"@type\":\"SearchAction\",\"target\":{\"@type\":\"EntryPoint\",\"urlTemplate\":\"https:\/\/www.nettali.com\/?s={search_term_string}\"},\"query-input\":\"required name=search_term_string\"}],\"inLanguage\":\"fr-FR\"},{\"@type\":\"ImageObject\",\"@id\":\"https:\/\/www.nettali.com\/2021\/06\/22\/ledito-de-nettali-com-au-nom-de-la-force-brute-et-des-muscles\/#primaryimage\",\"inLanguage\":\"fr-FR\",\"url\":\"https:\/\/www.nettali.com\/wp-content\/uploads\/2021\/06\/nervis2.jpg\",\"contentUrl\":\"https:\/\/www.nettali.com\/wp-content\/uploads\/2021\/06\/nervis2.jpg\",\"width\":1280,\"height\":600},{\"@type\":\"WebPage\",\"@id\":\"https:\/\/www.nettali.com\/2021\/06\/22\/ledito-de-nettali-com-au-nom-de-la-force-brute-et-des-muscles\/#webpage\",\"url\":\"https:\/\/www.nettali.com\/2021\/06\/22\/ledito-de-nettali-com-au-nom-de-la-force-brute-et-des-muscles\/\",\"name\":\"L'EDITO DE NETTALI.COM - Au nom de la force brute et des muscles\\u00a0! | Nettali.com\",\"isPartOf\":{\"@id\":\"https:\/\/www.nettali.com\/#website\"},\"primaryImageOfPage\":{\"@id\":\"https:\/\/www.nettali.com\/2021\/06\/22\/ledito-de-nettali-com-au-nom-de-la-force-brute-et-des-muscles\/#primaryimage\"},\"datePublished\":\"2021-06-22T08:59:04+00:00\",\"dateModified\":\"2021-06-23T22:48:00+00:00\",\"author\":{\"@id\":\"https:\/\/www.nettali.com\/#\/schema\/person\/d8ac7b7e27ddad43f1c0d2ef090d7f71\"},\"breadcrumb\":{\"@id\":\"https:\/\/www.nettali.com\/2021\/06\/22\/ledito-de-nettali-com-au-nom-de-la-force-brute-et-des-muscles\/#breadcrumb\"},\"inLanguage\":\"fr-FR\",\"potentialAction\":[{\"@type\":\"ReadAction\",\"target\":[\"https:\/\/www.nettali.com\/2021\/06\/22\/ledito-de-nettali-com-au-nom-de-la-force-brute-et-des-muscles\/\"]}]},{\"@type\":\"BreadcrumbList\",\"@id\":\"https:\/\/www.nettali.com\/2021\/06\/22\/ledito-de-nettali-com-au-nom-de-la-force-brute-et-des-muscles\/#breadcrumb\",\"itemListElement\":[{\"@type\":\"ListItem\",\"position\":1,\"name\":\"Accueil\",\"item\":\"https:\/\/www.nettali.com\/\"},{\"@type\":\"ListItem\",\"position\":2,\"name\":\"L&rsquo;EDITO DE NETTALI.COM &#8211; Au nom de la force brute et des muscles\\u00a0!\"}]},{\"@type\":\"Person\",\"@id\":\"https:\/\/www.nettali.com\/#\/schema\/person\/d8ac7b7e27ddad43f1c0d2ef090d7f71\",\"name\":\"CK\",\"image\":{\"@type\":\"ImageObject\",\"@id\":\"https:\/\/www.nettali.com\/#personlogo\",\"inLanguage\":\"fr-FR\",\"url\":\"https:\/\/secure.gravatar.com\/avatar\/1d8d5118b9327d94da7cd4ce7f17fec2?s=96&d=mm&r=g\",\"contentUrl\":\"https:\/\/secure.gravatar.com\/avatar\/1d8d5118b9327d94da7cd4ce7f17fec2?s=96&d=mm&r=g\",\"caption\":\"CK\"},\"sameAs\":[\"https:\/\/www.nettali.com\"]}]}<\/script>\n<!-- \/ Yoast SEO Premium plugin. -->","yoast_head_json":{"title":"L'EDITO DE NETTALI.COM - Au nom de la force brute et des muscles\u00a0! | Nettali.com","robots":{"index":"index","follow":"follow","max-snippet":"max-snippet:-1","max-image-preview":"max-image-preview:large","max-video-preview":"max-video-preview:-1"},"canonical":"https:\/\/www.nettali.com\/2021\/06\/22\/ledito-de-nettali-com-au-nom-de-la-force-brute-et-des-muscles\/","og_locale":"fr_FR","og_type":"article","og_title":"L'EDITO DE NETTALI.COM - Au nom de la force brute et des muscles\u00a0!","og_description":"NETTALI.COM - Devrait-on perdre du temps \u00e0 discuter de tourn\u00e9e \u00e9conomique ou de tourn\u00e9e politique ? Assur\u00e9ment non. Les deux sont les revers d\u2019une m\u00eame m\u00e9daille. Ce \u00e0 quoi nous devrions tous concentrer notre \u00e9nergie, c\u2019est de voir comment endiguer cette mont\u00e9e de la violence qui est la cons\u00e9quence de la pr\u00e9sence des nervis sur [&hellip;]","og_url":"https:\/\/www.nettali.com\/2021\/06\/22\/ledito-de-nettali-com-au-nom-de-la-force-brute-et-des-muscles\/","og_site_name":"Nettali.com","article_publisher":"https:\/\/www.facebook.com\/nettalicom","article_published_time":"2021-06-22T08:59:04+00:00","article_modified_time":"2021-06-23T22:48:00+00:00","og_image":[{"width":1280,"height":600,"url":"https:\/\/www.nettali.com\/wp-content\/uploads\/2021\/06\/nervis2.jpg","type":"image\/jpeg"}],"twitter_card":"summary_large_image","twitter_misc":{"\u00c9crit par":"CK","Dur\u00e9e de lecture estim\u00e9e":"12 minutes"},"schema":{"@context":"https:\/\/schema.org","@graph":[{"@type":"WebSite","@id":"https:\/\/www.nettali.com\/#website","url":"https:\/\/www.nettali.com\/","name":"Nettali.com","description":"Le rendez-vous critique du Net","potentialAction":[{"@type":"SearchAction","target":{"@type":"EntryPoint","urlTemplate":"https:\/\/www.nettali.com\/?s={search_term_string}"},"query-input":"required name=search_term_string"}],"inLanguage":"fr-FR"},{"@type":"ImageObject","@id":"https:\/\/www.nettali.com\/2021\/06\/22\/ledito-de-nettali-com-au-nom-de-la-force-brute-et-des-muscles\/#primaryimage","inLanguage":"fr-FR","url":"https:\/\/www.nettali.com\/wp-content\/uploads\/2021\/06\/nervis2.jpg","contentUrl":"https:\/\/www.nettali.com\/wp-content\/uploads\/2021\/06\/nervis2.jpg","width":1280,"height":600},{"@type":"WebPage","@id":"https:\/\/www.nettali.com\/2021\/06\/22\/ledito-de-nettali-com-au-nom-de-la-force-brute-et-des-muscles\/#webpage","url":"https:\/\/www.nettali.com\/2021\/06\/22\/ledito-de-nettali-com-au-nom-de-la-force-brute-et-des-muscles\/","name":"L'EDITO DE NETTALI.COM - Au nom de la force brute et des muscles\u00a0! | Nettali.com","isPartOf":{"@id":"https:\/\/www.nettali.com\/#website"},"primaryImageOfPage":{"@id":"https:\/\/www.nettali.com\/2021\/06\/22\/ledito-de-nettali-com-au-nom-de-la-force-brute-et-des-muscles\/#primaryimage"},"datePublished":"2021-06-22T08:59:04+00:00","dateModified":"2021-06-23T22:48:00+00:00","author":{"@id":"https:\/\/www.nettali.com\/#\/schema\/person\/d8ac7b7e27ddad43f1c0d2ef090d7f71"},"breadcrumb":{"@id":"https:\/\/www.nettali.com\/2021\/06\/22\/ledito-de-nettali-com-au-nom-de-la-force-brute-et-des-muscles\/#breadcrumb"},"inLanguage":"fr-FR","potentialAction":[{"@type":"ReadAction","target":["https:\/\/www.nettali.com\/2021\/06\/22\/ledito-de-nettali-com-au-nom-de-la-force-brute-et-des-muscles\/"]}]},{"@type":"BreadcrumbList","@id":"https:\/\/www.nettali.com\/2021\/06\/22\/ledito-de-nettali-com-au-nom-de-la-force-brute-et-des-muscles\/#breadcrumb","itemListElement":[{"@type":"ListItem","position":1,"name":"Accueil","item":"https:\/\/www.nettali.com\/"},{"@type":"ListItem","position":2,"name":"L&rsquo;EDITO DE NETTALI.COM &#8211; Au nom de la force brute et des muscles\u00a0!"}]},{"@type":"Person","@id":"https:\/\/www.nettali.com\/#\/schema\/person\/d8ac7b7e27ddad43f1c0d2ef090d7f71","name":"CK","image":{"@type":"ImageObject","@id":"https:\/\/www.nettali.com\/#personlogo","inLanguage":"fr-FR","url":"https:\/\/secure.gravatar.com\/avatar\/1d8d5118b9327d94da7cd4ce7f17fec2?s=96&d=mm&r=g","contentUrl":"https:\/\/secure.gravatar.com\/avatar\/1d8d5118b9327d94da7cd4ce7f17fec2?s=96&d=mm&r=g","caption":"CK"},"sameAs":["https:\/\/www.nettali.com"]}]}},"_links":{"self":[{"href":"https:\/\/www.nettali.com\/rest\/wp\/v2\/posts\/66387"}],"collection":[{"href":"https:\/\/www.nettali.com\/rest\/wp\/v2\/posts"}],"about":[{"href":"https:\/\/www.nettali.com\/rest\/wp\/v2\/types\/post"}],"author":[{"embeddable":true,"href":"https:\/\/www.nettali.com\/rest\/wp\/v2\/users\/2"}],"replies":[{"embeddable":true,"href":"https:\/\/www.nettali.com\/rest\/wp\/v2\/comments?post=66387"}],"version-history":[{"count":2,"href":"https:\/\/www.nettali.com\/rest\/wp\/v2\/posts\/66387\/revisions"}],"predecessor-version":[{"id":66435,"href":"https:\/\/www.nettali.com\/rest\/wp\/v2\/posts\/66387\/revisions\/66435"}],"wp:featuredmedia":[{"embeddable":true,"href":"https:\/\/www.nettali.com\/rest\/wp\/v2\/media\/66363"}],"wp:attachment":[{"href":"https:\/\/www.nettali.com\/rest\/wp\/v2\/media?parent=66387"}],"wp:term":[{"taxonomy":"category","embeddable":true,"href":"https:\/\/www.nettali.com\/rest\/wp\/v2\/categories?post=66387"},{"taxonomy":"post_tag","embeddable":true,"href":"https:\/\/www.nettali.com\/rest\/wp\/v2\/tags?post=66387"}],"curies":[{"name":"wp","href":"https:\/\/api.w.org\/{rel}","templated":true}]}}