{"id":66382,"date":"2021-06-21T15:25:29","date_gmt":"2021-06-21T15:25:29","guid":{"rendered":"https:\/\/www.nettali.com\/?p=66382"},"modified":"2021-06-22T09:14:03","modified_gmt":"2021-06-22T09:14:03","slug":"senegal-guinee-la-cedeao-satisfaite-de-la-reouverture-des-frontieres","status":"publish","type":"post","link":"https:\/\/www.nettali.com\/2021\/06\/21\/senegal-guinee-la-cedeao-satisfaite-de-la-reouverture-des-frontieres\/","title":{"rendered":"SENEGAL \u2013 GUINEE \u2013 La CEDEAO satisfaite de la r\u00e9ouverture des fronti\u00e8res"},"content":{"rendered":"<p><strong>NETTALI.COM \u2013 La r\u00e9ouverture des fronti\u00e8res entre la Guin\u00e9e Conakry et ses voisins, dont le S\u00e9n\u00e9gal, la Guin\u00e9e Bissau et la Sierra Leone rencontre l\u2019adh\u00e9sion de la CEDEAO, qui l\u2019a fait savoir dans un communiqu\u00e9. \u00a0<\/strong><\/p>\n<p>Le rapport issu de la cinquante-neuvi\u00e8me session ordinaire de la Conf\u00e9rence des Chefs d\u2019\u00c9tat et de Gouvernement de la Communaut\u00e9 \u00e9conomique des \u00c9tats de l\u2019Afrique de l\u2019Ouest (CEDEAO) a f\u00e9licit\u00e9 la R\u00e9publique de Guin\u00e9e (Conakry) et la R\u00e9publique de Sierra L\u00e9one pour la r\u00e9ouverture de leurs fronti\u00e8res.<\/p>\n<p>Qui plus est, la Conf\u00e9rence s\u2019est f\u00e9licit\u00e9e de l\u2019esprit de solidarit\u00e9 et d\u2019ouverture qui a conduit, lors du Sommet, \u00e0 la signature de l\u2019Accord de coop\u00e9ration militaire et technique entre les R\u00e9publiques du S\u00e9n\u00e9gal et de Guin\u00e9e, posant ainsi les bases de la r\u00e9ouverture imminente de leurs fronti\u00e8res.<\/p>\n<p>La Conf\u00e9rence a \u00e9galement encourag\u00e9 les R\u00e9publiques de Guin\u00e9e et de Guin\u00e9e Bissau, \u00e0 \u0153uvrer ensemble pour parvenir \u00e0 la r\u00e9ouverture de leur fronti\u00e8re. Toutefois, le pr\u00e9sident Bissau guin\u00e9en, Umaro Sisoco Embalo, a d\u00e9nonc\u00e9 avec v\u00e9h\u00e9mence la fermeture des fronti\u00e8res depuis septembre 2020.<\/p>\n<p>Ainsi, la CEDEAO se tient aux c\u00f4t\u00e9s des pays concern\u00e9s pour les accompagner dans leurs efforts.<\/p>\n<div class='share-to-whatsapp-wrapper'><div class='share-on-whsp'>PARTAGER SUR : <\/div><a data-text='SENEGAL \u2013 GUINEE \u2013 La CEDEAO satisfaite de la r\u00e9ouverture des fronti\u00e8res' data-link='https:\/\/www.nettali.com\/2021\/06\/21\/senegal-guinee-la-cedeao-satisfaite-de-la-reouverture-des-frontieres\/' class='whatsapp-button whatsapp-share'>WhatsApp<\/a><div class='clear '><\/div><\/div>","protected":false},"excerpt":{"rendered":"<p>NETTALI.COM \u2013 La r\u00e9ouverture des fronti\u00e8res entre la Guin\u00e9e Conakry et ses voisins, dont le S\u00e9n\u00e9gal, la Guin\u00e9e Bissau et la Sierra Leone rencontre l\u2019adh\u00e9sion de la CEDEAO, qui l\u2019a fait savoir dans un communiqu\u00e9. \u00a0 Le rapport issu de la cinquante-neuvi\u00e8me session ordinaire de la Conf\u00e9rence des Chefs d\u2019\u00c9tat et de Gouvernement de la [&hellip;]<\/p>\n","protected":false},"author":11,"featured_media":6249,"comment_status":"open","ping_status":"open","sticky":false,"template":"","format":"standard","meta":{"_et_pb_use_builder":"","_et_pb_old_content":""},"categories":[2],"tags":[],"yoast_head":"<!-- This site is optimized with the Yoast SEO Premium plugin v17.8 (Yoast SEO v17.8) - https:\/\/yoast.com\/wordpress\/plugins\/seo\/ -->\n<title>SENEGAL \u2013 GUINEE \u2013 La CEDEAO satisfaite de la r\u00e9ouverture des fronti\u00e8res | Nettali.com<\/title>\n<meta name=\"robots\" content=\"index, follow, max-snippet:-1, max-image-preview:large, max-video-preview:-1\" \/>\n<link rel=\"canonical\" href=\"https:\/\/www.nettali.com\/2021\/06\/21\/senegal-guinee-la-cedeao-satisfaite-de-la-reouverture-des-frontieres\/\" \/>\n<meta property=\"og:locale\" content=\"fr_FR\" \/>\n<meta property=\"og:type\" content=\"article\" \/>\n<meta property=\"og:title\" content=\"SENEGAL \u2013 GUINEE \u2013 La CEDEAO satisfaite de la r\u00e9ouverture des fronti\u00e8res\" \/>\n<meta property=\"og:description\" content=\"NETTALI.COM \u2013 La r\u00e9ouverture des fronti\u00e8res entre la Guin\u00e9e Conakry et ses voisins, dont le S\u00e9n\u00e9gal, la Guin\u00e9e Bissau et la Sierra Leone rencontre l\u2019adh\u00e9sion de la CEDEAO, qui l\u2019a fait savoir dans un communiqu\u00e9. \u00a0 Le rapport issu de la cinquante-neuvi\u00e8me session ordinaire de la Conf\u00e9rence des Chefs d\u2019\u00c9tat et de Gouvernement de la [&hellip;]\" \/>\n<meta property=\"og:url\" content=\"https:\/\/www.nettali.com\/2021\/06\/21\/senegal-guinee-la-cedeao-satisfaite-de-la-reouverture-des-frontieres\/\" \/>\n<meta property=\"og:site_name\" content=\"Nettali.com\" \/>\n<meta property=\"article:publisher\" content=\"https:\/\/www.facebook.com\/nettalicom\" \/>\n<meta property=\"article:published_time\" content=\"2021-06-21T15:25:29+00:00\" \/>\n<meta property=\"article:modified_time\" content=\"2021-06-22T09:14:03+00:00\" \/>\n<meta property=\"og:image\" content=\"https:\/\/www.nettali.com\/wp-content\/uploads\/2019\/04\/macky-sall-alpha-conde.jpg\" \/>\n\t<meta property=\"og:image:width\" content=\"678\" \/>\n\t<meta property=\"og:image:height\" content=\"381\" \/>\n<meta name=\"twitter:card\" content=\"summary_large_image\" \/>\n<meta name=\"twitter:label1\" content=\"\u00c9crit par\" \/>\n\t<meta name=\"twitter:data1\" content=\"Thierno Diop\" \/>\n\t<meta name=\"twitter:label2\" content=\"Dur\u00e9e de lecture estim\u00e9e\" \/>\n\t<meta name=\"twitter:data2\" content=\"1 minute\" \/>\n<script type=\"application\/ld+json\" class=\"yoast-schema-graph\">{\"@context\":\"https:\/\/schema.org\",\"@graph\":[{\"@type\":\"WebSite\",\"@id\":\"https:\/\/www.nettali.com\/#website\",\"url\":\"https:\/\/www.nettali.com\/\",\"name\":\"Nettali.com\",\"description\":\"Le rendez-vous critique du Net\",\"potentialAction\":[{\"@type\":\"SearchAction\",\"target\":{\"@type\":\"EntryPoint\",\"urlTemplate\":\"https:\/\/www.nettali.com\/?s={search_term_string}\"},\"query-input\":\"required name=search_term_string\"}],\"inLanguage\":\"fr-FR\"},{\"@type\":\"ImageObject\",\"@id\":\"https:\/\/www.nettali.com\/2021\/06\/21\/senegal-guinee-la-cedeao-satisfaite-de-la-reouverture-des-frontieres\/#primaryimage\",\"inLanguage\":\"fr-FR\",\"url\":\"https:\/\/www.nettali.com\/wp-content\/uploads\/2019\/04\/macky-sall-alpha-conde.jpg\",\"contentUrl\":\"https:\/\/www.nettali.com\/wp-content\/uploads\/2019\/04\/macky-sall-alpha-conde.jpg\",\"width\":678,\"height\":381},{\"@type\":\"WebPage\",\"@id\":\"https:\/\/www.nettali.com\/2021\/06\/21\/senegal-guinee-la-cedeao-satisfaite-de-la-reouverture-des-frontieres\/#webpage\",\"url\":\"https:\/\/www.nettali.com\/2021\/06\/21\/senegal-guinee-la-cedeao-satisfaite-de-la-reouverture-des-frontieres\/\",\"name\":\"SENEGAL \\u2013 GUINEE \\u2013 La CEDEAO satisfaite de la r\\u00e9ouverture des fronti\\u00e8res | Nettali.com\",\"isPartOf\":{\"@id\":\"https:\/\/www.nettali.com\/#website\"},\"primaryImageOfPage\":{\"@id\":\"https:\/\/www.nettali.com\/2021\/06\/21\/senegal-guinee-la-cedeao-satisfaite-de-la-reouverture-des-frontieres\/#primaryimage\"},\"datePublished\":\"2021-06-21T15:25:29+00:00\",\"dateModified\":\"2021-06-22T09:14:03+00:00\",\"author\":{\"@id\":\"https:\/\/www.nettali.com\/#\/schema\/person\/8a06c6bd7b19304cf4bf985862900b5b\"},\"breadcrumb\":{\"@id\":\"https:\/\/www.nettali.com\/2021\/06\/21\/senegal-guinee-la-cedeao-satisfaite-de-la-reouverture-des-frontieres\/#breadcrumb\"},\"inLanguage\":\"fr-FR\",\"potentialAction\":[{\"@type\":\"ReadAction\",\"target\":[\"https:\/\/www.nettali.com\/2021\/06\/21\/senegal-guinee-la-cedeao-satisfaite-de-la-reouverture-des-frontieres\/\"]}]},{\"@type\":\"BreadcrumbList\",\"@id\":\"https:\/\/www.nettali.com\/2021\/06\/21\/senegal-guinee-la-cedeao-satisfaite-de-la-reouverture-des-frontieres\/#breadcrumb\",\"itemListElement\":[{\"@type\":\"ListItem\",\"position\":1,\"name\":\"Accueil\",\"item\":\"https:\/\/www.nettali.com\/\"},{\"@type\":\"ListItem\",\"position\":2,\"name\":\"SENEGAL \\u2013 GUINEE \\u2013 La CEDEAO satisfaite de la r\\u00e9ouverture des fronti\\u00e8res\"}]},{\"@type\":\"Person\",\"@id\":\"https:\/\/www.nettali.com\/#\/schema\/person\/8a06c6bd7b19304cf4bf985862900b5b\",\"name\":\"Thierno Diop\",\"image\":{\"@type\":\"ImageObject\",\"@id\":\"https:\/\/www.nettali.com\/#personlogo\",\"inLanguage\":\"fr-FR\",\"url\":\"https:\/\/secure.gravatar.com\/avatar\/c8ca58550c94fd2ac856d27391a6c866?s=96&d=mm&r=g\",\"contentUrl\":\"https:\/\/secure.gravatar.com\/avatar\/c8ca58550c94fd2ac856d27391a6c866?s=96&d=mm&r=g\",\"caption\":\"Thierno Diop\"},\"sameAs\":[\"https:\/\/nettali.com\"]}]}<\/script>\n<!-- \/ Yoast SEO Premium plugin. -->","yoast_head_json":{"title":"SENEGAL \u2013 GUINEE \u2013 La CEDEAO satisfaite de la r\u00e9ouverture des fronti\u00e8res | Nettali.com","robots":{"index":"index","follow":"follow","max-snippet":"max-snippet:-1","max-image-preview":"max-image-preview:large","max-video-preview":"max-video-preview:-1"},"canonical":"https:\/\/www.nettali.com\/2021\/06\/21\/senegal-guinee-la-cedeao-satisfaite-de-la-reouverture-des-frontieres\/","og_locale":"fr_FR","og_type":"article","og_title":"SENEGAL \u2013 GUINEE \u2013 La CEDEAO satisfaite de la r\u00e9ouverture des fronti\u00e8res","og_description":"NETTALI.COM \u2013 La r\u00e9ouverture des fronti\u00e8res entre la Guin\u00e9e Conakry et ses voisins, dont le S\u00e9n\u00e9gal, la Guin\u00e9e Bissau et la Sierra Leone rencontre l\u2019adh\u00e9sion de la CEDEAO, qui l\u2019a fait savoir dans un communiqu\u00e9. \u00a0 Le rapport issu de la cinquante-neuvi\u00e8me session ordinaire de la Conf\u00e9rence des Chefs d\u2019\u00c9tat et de Gouvernement de la [&hellip;]","og_url":"https:\/\/www.nettali.com\/2021\/06\/21\/senegal-guinee-la-cedeao-satisfaite-de-la-reouverture-des-frontieres\/","og_site_name":"Nettali.com","article_publisher":"https:\/\/www.facebook.com\/nettalicom","article_published_time":"2021-06-21T15:25:29+00:00","article_modified_time":"2021-06-22T09:14:03+00:00","og_image":[{"width":678,"height":381,"url":"https:\/\/www.nettali.com\/wp-content\/uploads\/2019\/04\/macky-sall-alpha-conde.jpg","type":"image\/jpeg"}],"twitter_card":"summary_large_image","twitter_misc":{"\u00c9crit par":"Thierno Diop","Dur\u00e9e de lecture estim\u00e9e":"1 minute"},"schema":{"@context":"https:\/\/schema.org","@graph":[{"@type":"WebSite","@id":"https:\/\/www.nettali.com\/#website","url":"https:\/\/www.nettali.com\/","name":"Nettali.com","description":"Le rendez-vous critique du Net","potentialAction":[{"@type":"SearchAction","target":{"@type":"EntryPoint","urlTemplate":"https:\/\/www.nettali.com\/?s={search_term_string}"},"query-input":"required name=search_term_string"}],"inLanguage":"fr-FR"},{"@type":"ImageObject","@id":"https:\/\/www.nettali.com\/2021\/06\/21\/senegal-guinee-la-cedeao-satisfaite-de-la-reouverture-des-frontieres\/#primaryimage","inLanguage":"fr-FR","url":"https:\/\/www.nettali.com\/wp-content\/uploads\/2019\/04\/macky-sall-alpha-conde.jpg","contentUrl":"https:\/\/www.nettali.com\/wp-content\/uploads\/2019\/04\/macky-sall-alpha-conde.jpg","width":678,"height":381},{"@type":"WebPage","@id":"https:\/\/www.nettali.com\/2021\/06\/21\/senegal-guinee-la-cedeao-satisfaite-de-la-reouverture-des-frontieres\/#webpage","url":"https:\/\/www.nettali.com\/2021\/06\/21\/senegal-guinee-la-cedeao-satisfaite-de-la-reouverture-des-frontieres\/","name":"SENEGAL \u2013 GUINEE \u2013 La CEDEAO satisfaite de la r\u00e9ouverture des fronti\u00e8res | Nettali.com","isPartOf":{"@id":"https:\/\/www.nettali.com\/#website"},"primaryImageOfPage":{"@id":"https:\/\/www.nettali.com\/2021\/06\/21\/senegal-guinee-la-cedeao-satisfaite-de-la-reouverture-des-frontieres\/#primaryimage"},"datePublished":"2021-06-21T15:25:29+00:00","dateModified":"2021-06-22T09:14:03+00:00","author":{"@id":"https:\/\/www.nettali.com\/#\/schema\/person\/8a06c6bd7b19304cf4bf985862900b5b"},"breadcrumb":{"@id":"https:\/\/www.nettali.com\/2021\/06\/21\/senegal-guinee-la-cedeao-satisfaite-de-la-reouverture-des-frontieres\/#breadcrumb"},"inLanguage":"fr-FR","potentialAction":[{"@type":"ReadAction","target":["https:\/\/www.nettali.com\/2021\/06\/21\/senegal-guinee-la-cedeao-satisfaite-de-la-reouverture-des-frontieres\/"]}]},{"@type":"BreadcrumbList","@id":"https:\/\/www.nettali.com\/2021\/06\/21\/senegal-guinee-la-cedeao-satisfaite-de-la-reouverture-des-frontieres\/#breadcrumb","itemListElement":[{"@type":"ListItem","position":1,"name":"Accueil","item":"https:\/\/www.nettali.com\/"},{"@type":"ListItem","position":2,"name":"SENEGAL \u2013 GUINEE \u2013 La CEDEAO satisfaite de la r\u00e9ouverture des fronti\u00e8res"}]},{"@type":"Person","@id":"https:\/\/www.nettali.com\/#\/schema\/person\/8a06c6bd7b19304cf4bf985862900b5b","name":"Thierno Diop","image":{"@type":"ImageObject","@id":"https:\/\/www.nettali.com\/#personlogo","inLanguage":"fr-FR","url":"https:\/\/secure.gravatar.com\/avatar\/c8ca58550c94fd2ac856d27391a6c866?s=96&d=mm&r=g","contentUrl":"https:\/\/secure.gravatar.com\/avatar\/c8ca58550c94fd2ac856d27391a6c866?s=96&d=mm&r=g","caption":"Thierno Diop"},"sameAs":["https:\/\/nettali.com"]}]}},"_links":{"self":[{"href":"https:\/\/www.nettali.com\/rest\/wp\/v2\/posts\/66382"}],"collection":[{"href":"https:\/\/www.nettali.com\/rest\/wp\/v2\/posts"}],"about":[{"href":"https:\/\/www.nettali.com\/rest\/wp\/v2\/types\/post"}],"author":[{"embeddable":true,"href":"https:\/\/www.nettali.com\/rest\/wp\/v2\/users\/11"}],"replies":[{"embeddable":true,"href":"https:\/\/www.nettali.com\/rest\/wp\/v2\/comments?post=66382"}],"version-history":[{"count":2,"href":"https:\/\/www.nettali.com\/rest\/wp\/v2\/posts\/66382\/revisions"}],"predecessor-version":[{"id":66436,"href":"https:\/\/www.nettali.com\/rest\/wp\/v2\/posts\/66382\/revisions\/66436"}],"wp:featuredmedia":[{"embeddable":true,"href":"https:\/\/www.nettali.com\/rest\/wp\/v2\/media\/6249"}],"wp:attachment":[{"href":"https:\/\/www.nettali.com\/rest\/wp\/v2\/media?parent=66382"}],"wp:term":[{"taxonomy":"category","embeddable":true,"href":"https:\/\/www.nettali.com\/rest\/wp\/v2\/categories?post=66382"},{"taxonomy":"post_tag","embeddable":true,"href":"https:\/\/www.nettali.com\/rest\/wp\/v2\/tags?post=66382"}],"curies":[{"name":"wp","href":"https:\/\/api.w.org\/{rel}","templated":true}]}}