{"id":66360,"date":"2021-06-21T18:39:24","date_gmt":"2021-06-21T18:39:24","guid":{"rendered":"https:\/\/www.nettali.com\/?p=66360"},"modified":"2021-06-21T18:44:19","modified_gmt":"2021-06-21T18:44:19","slug":"par-malick-sy-marieme-faye-sall-premiere-dame-de-lopposition-au-troisieme-mandat","status":"publish","type":"post","link":"https:\/\/www.nettali.com\/2021\/06\/21\/par-malick-sy-marieme-faye-sall-premiere-dame-de-lopposition-au-troisieme-mandat\/","title":{"rendered":"PAR MALICK SY - Mari\u00e8me Faye Sall, premi\u00e8re dame de l\u2019opposition au troisi\u00e8me mandat"},"content":{"rendered":"<p>NETTALI.COM - C\u2019est qu\u2019elle est comme \u00e7a Mari\u00e8me Faye Sall. Femme au sommet, mais plus madame tout le monde que Premi\u00e8re dame. Du moins jusqu'ici. Et les S\u00e9n\u00e9galais, dans leur immense majorit\u00e9, le lui rendent bien. Tant les opinions sont laudatives d\u00e8s qu\u2019il est question de l\u2019\u00e9pouse du pr\u00e9sident. Une beaut\u00e9 et un charme bien s\u00e9n\u00e9galais qui n\u2019ont d\u2019\u00e9gales que les surench\u00e8res hagiographiques qu\u2019elle g\u00e9n\u00e8re rien qu\u2019\u00e0 l\u2019\u00e9vocation de son nom. De quoi rendre envieux son pr\u00e9sident de mari, emp\u00eatr\u00e9 depuis quelques mois, dans un persistant et large mouvement de d\u00e9fiance populaire.<\/p>\n<p>Mais, qu'elle n\u2019est pas que \u00e7a non plus la Premi\u00e8re dame du S\u00e9n\u00e9gal. B\u00e2tisseuse en taille basse de la carri\u00e8re politique de son \u00e9poux avec une simplicit\u00e9, une \u00e9l\u00e9gance et une empathie faites de communication, elle a \u00e9t\u00e9 le cerveau op\u00e9rationnel de la machine qui a forg\u00e9 l\u2019ascension de Macky Sall \u00e0 la plus haute fonction de l\u2019\u00c9tat. Ce qui fait encore dire que sans elle, lui ne serait peut-\u00eatre pas pr\u00e9sident de la R\u00e9publique. Discr\u00e8te, impr\u00e9visible, mais tr\u00e8s impliqu\u00e9e, la voil\u00e0 propuls\u00e9e au c\u0153ur du pouvoir apr\u00e8s la victoire de son mari en 2012. Mari\u00e8me irradie le Palais. Le S\u00e9n\u00e9gal est sous le charme.<\/p>\n<p><strong>Le coll\u00e8ge des \u00ab\u00a0anti troisi\u00e8me mandat\u00a0\u00bb de madame<\/strong><\/p>\n<p>Empreinte intellectuelle minimale, mais influence politique maximale. L'\u00e9pouse du pr\u00e9sident suscite toutes sortes de conjectures quant \u00e0 son influence sur la marche du pays et sur son pr\u00e9sident de mari. Chacune de ses rarissimes d\u00e9clarations est guett\u00e9e et diss\u00e9qu\u00e9e, sa moindrissime confidence, analys\u00e9e et comment\u00e9e.<\/p>\n<p>Il fallait donc bien s\u2019attendre aux torrents de commentaires suite \u00e0 la d\u00e9claration surprise de Moustapha Diakhat\u00e9, proche parmi les proches de Mari\u00e8me Faye Sall, annon\u00e7ant que \u00ab la Premi\u00e8re dame n\u2019est pas dans une logique de troisi\u00e8me mandat. \u00bb M\u00eame si l'auteur de ces propos s\u2019est mis depuis en mode r\u00e9trop\u00e9dalage, son brusque revirement n\u2019aura pas suffit \u00e0 tarir le flot de supputations quant \u00e0 une possible fracture du couple pr\u00e9sidentiel sur la question du troisi\u00e8me mandat.<\/p>\n<p>Les analystes n\u2019avaient pas fini d\u2019\u00e9piloguer sur cette spectaculaire annonce que Mame Mbaye Niang, autre membre \u00e9toile du tout premier cercle de la Premi\u00e8re dame y allait lui aussi de sa vulgate anti-troisi\u00e8me mandat avertissant \u00a0\u00ab\u00a0qu\u2019il ne soutiendra pas le pr\u00e9sident dans sa qu\u00eate d\u2019un autre mandat.\u00a0\u00bb Venant du chef de cabinet du chef de l\u2019\u00c9tat, cela fait quand m\u00eame un peu d\u00e9sordre. Mais il fallait quand m\u00eame oser.<\/p>\n<p>Seulement voil\u00e0, la quasi-concomitance de ces deux annonces, faites dans deux \u00e9missions phares d\u2019un m\u00eame groupe de presse laissent peu de place \u00e0 la simple co\u00efncidence. Comme en miroir \u00e0 la surprise provoqu\u00e9e par les d\u00e9clarations de ces deux piliers de la galaxie autour de la Premi\u00e8re dame, il y eut la tribune au ton pamphl\u00e9taire dans laquelle Adama Faye, fr\u00e8re de Mari\u00e8me Faye Sall, \u00e9trille le chef de l\u2019\u00c9tat. Un r\u00e9quisitoire impitoyable contre son beau fr\u00e8re qu\u2019il soup\u00e7onne entre les lignes de vouloir briguer un troisi\u00e8me mandat. Un discours d\u2019une rare violence o\u00f9 chaque mot siffle comme une balle. Peu habituel lorsque l\u2019on s\u2019adresse \u00e0 l\u2019\u00e9poux de sa s\u0153ur dont Adama Faye d\u00e9nonce \u00ab\u00a0<em>l'exc\u00e8s de pouvoir et le comportement de dictateur ou de monarque qui inqui\u00e8tent plus d\u2019un<\/em>.\u00a0\u00bb N\u2019en jetez plus. Le d\u00e9versoir est plein.<\/p>\n<p><strong>D\u00e9sordre \u00e0 tous les \u00e9tages et suspense \u00e9touffant \u00e0 tous les niveaux<\/strong><\/p>\n<p>Difficile de croire que ces hommes \u00e0 tout faire du clan de la Premi\u00e8re dame ne parlent pas sur commande. Tout laisse \u00e0 penser que Moustapha Diakhat\u00e9, Mame Mbaye Niang et Adama Faye sont les missi dominici anti-troisi\u00e8me mandat au service de Mari\u00e8me Faye Sall dont il se susurre de plus en plus qu\u2019elle veut mettre son mari en quarantaine de la pr\u00e9sidentielle de 2024. Nul doute que les fantassins marron-beige du pr\u00e9sident ne tarderont pas \u00e0 ajuster les snipers de la Premi\u00e8re dame dans cette guerre des tranch\u00e9es tout au sommet de l\u2019intimit\u00e9 du Palais.<\/p>\n<p>Une chose est s\u00fbre, toute cette saga des \u00ab anti-troisi\u00e8me mandat \u00bb dont les partisans de la Premi\u00e8re dame orchestrent la m\u00e9diatisation est un \u00e9norme dos-d\u2019\u00e2ne plac\u00e9 sur la route des thurif\u00e9raires du pr\u00e9sident qui roulent plein phare et klaxon bloqu\u00e9 pour une candidature de Macky Sall.<\/p>\n<p>Le S\u00e9n\u00e9gal semble se diriger inexorablement vers un vaste arc de crise qui risque de provoquer un d\u00e9sordre \u00e0 tous les \u00e9tages du pays. La question du mandat est en train de crisper le climat politique et d'empester l\u2019ensemble de la sph\u00e8re publique. Mais jusque l\u00e0, aucun signe tangible n\u2019est venu du Palais pour en dissiper d\u00e9finitivement l\u2019odeur persistante. C\u2019est un suspense \u00e9touffant et anxiog\u00e8ne qui est en train de gagner le pays au fur et \u00e0 mesure que l\u2019on s\u2019approche de la prochaine \u00e9ch\u00e9ance pr\u00e9sidentielle. Le S\u00e9n\u00e9gal est assis sur un volcan dont les cendres de la derni\u00e8re \u00e9ruption explosive de mars dernier n\u2019ont pas encore fini de se dissiper.<\/p>\n<p>En se mettant hors \u00ab\u00a0logique d\u2019un troisi\u00e8me mandat \u00bb pr\u00e9sent\u00e9 comme celui du chaos par l\u2019opposition s\u00e9n\u00e9galaise, la Premi\u00e8re dame tenterait-elle d\u2019\u00e9teindre la m\u00e8che qui pourrait d\u00e9clencher une d\u00e9flagration dont il est difficile de pr\u00e9dire l\u2019\u00e9chelle et l\u2019ampleur\u00a0? \u00ab\u00a0L\u2019affaire Ousmane Sonko\u00a0\u00bb et les \u00e9meutes meurtri\u00e8res qui s\u2019en sont suivies ont failli emporter le pouvoir de son mari. \u00a0Le r\u00e9gime de Macky Sall s\u2019\u00e9tait dangereusement approch\u00e9 du pr\u00e9cipice. L\u2019obsession d\u2019un mandat additionnel risque-t-elle de le faire tomber dedans\u00a0?<\/p>\n<p><strong>Malick Sy (Journaliste)<\/strong><\/p>\n<div class='share-to-whatsapp-wrapper'><div class='share-on-whsp'>PARTAGER SUR : <\/div><a data-text='PAR MALICK SY - Mari\u00e8me Faye Sall, premi\u00e8re dame de l\u2019opposition au troisi\u00e8me mandat' data-link='https:\/\/www.nettali.com\/2021\/06\/21\/par-malick-sy-marieme-faye-sall-premiere-dame-de-lopposition-au-troisieme-mandat\/' class='whatsapp-button whatsapp-share'>WhatsApp<\/a><div class='clear '><\/div><\/div>","protected":false},"excerpt":{"rendered":"<p>NETTALI.COM - C\u2019est qu\u2019elle est comme \u00e7a Mari\u00e8me Faye Sall. Femme au sommet, mais plus madame tout le monde que Premi\u00e8re dame. Du moins jusqu'ici. Et les S\u00e9n\u00e9galais, dans leur immense majorit\u00e9, le lui rendent bien. Tant les opinions sont laudatives d\u00e8s qu\u2019il est question de l\u2019\u00e9pouse du pr\u00e9sident. Une beaut\u00e9 et un charme bien [&hellip;]<\/p>\n","protected":false},"author":11,"featured_media":55891,"comment_status":"open","ping_status":"open","sticky":false,"template":"","format":"standard","meta":{"_et_pb_use_builder":"","_et_pb_old_content":""},"categories":[23,34934],"tags":[],"yoast_head":"<!-- This site is optimized with the Yoast SEO Premium plugin v17.8 (Yoast SEO v17.8) - https:\/\/yoast.com\/wordpress\/plugins\/seo\/ -->\n<title>PAR MALICK SY - Mari\u00e8me Faye Sall, premi\u00e8re dame de l\u2019opposition au troisi\u00e8me mandat | Nettali.com<\/title>\n<meta name=\"robots\" content=\"index, follow, max-snippet:-1, max-image-preview:large, max-video-preview:-1\" \/>\n<link rel=\"canonical\" href=\"https:\/\/www.nettali.com\/2021\/06\/21\/par-malick-sy-marieme-faye-sall-premiere-dame-de-lopposition-au-troisieme-mandat\/\" \/>\n<meta property=\"og:locale\" content=\"fr_FR\" \/>\n<meta property=\"og:type\" content=\"article\" \/>\n<meta property=\"og:title\" content=\"PAR MALICK SY - Mari\u00e8me Faye Sall, premi\u00e8re dame de l\u2019opposition au troisi\u00e8me mandat\" \/>\n<meta property=\"og:description\" content=\"NETTALI.COM - C\u2019est qu\u2019elle est comme \u00e7a Mari\u00e8me Faye Sall. Femme au sommet, mais plus madame tout le monde que Premi\u00e8re dame. Du moins jusqu&#039;ici. Et les S\u00e9n\u00e9galais, dans leur immense majorit\u00e9, le lui rendent bien. Tant les opinions sont laudatives d\u00e8s qu\u2019il est question de l\u2019\u00e9pouse du pr\u00e9sident. Une beaut\u00e9 et un charme bien [&hellip;]\" \/>\n<meta property=\"og:url\" content=\"https:\/\/www.nettali.com\/2021\/06\/21\/par-malick-sy-marieme-faye-sall-premiere-dame-de-lopposition-au-troisieme-mandat\/\" \/>\n<meta property=\"og:site_name\" content=\"Nettali.com\" \/>\n<meta property=\"article:publisher\" content=\"https:\/\/www.facebook.com\/nettalicom\" \/>\n<meta property=\"article:published_time\" content=\"2021-06-21T18:39:24+00:00\" \/>\n<meta property=\"article:modified_time\" content=\"2021-06-21T18:44:19+00:00\" \/>\n<meta property=\"og:image\" content=\"https:\/\/www.nettali.com\/wp-content\/uploads\/2021\/01\/mar.jpg\" \/>\n\t<meta property=\"og:image:width\" content=\"512\" \/>\n\t<meta property=\"og:image:height\" content=\"512\" \/>\n<meta name=\"twitter:card\" content=\"summary_large_image\" \/>\n<meta name=\"twitter:label1\" content=\"\u00c9crit par\" \/>\n\t<meta name=\"twitter:data1\" content=\"Thierno Diop\" \/>\n\t<meta name=\"twitter:label2\" content=\"Dur\u00e9e de lecture estim\u00e9e\" \/>\n\t<meta name=\"twitter:data2\" content=\"5 minutes\" \/>\n<script type=\"application\/ld+json\" class=\"yoast-schema-graph\">{\"@context\":\"https:\/\/schema.org\",\"@graph\":[{\"@type\":\"WebSite\",\"@id\":\"https:\/\/www.nettali.com\/#website\",\"url\":\"https:\/\/www.nettali.com\/\",\"name\":\"Nettali.com\",\"description\":\"Le rendez-vous critique du Net\",\"potentialAction\":[{\"@type\":\"SearchAction\",\"target\":{\"@type\":\"EntryPoint\",\"urlTemplate\":\"https:\/\/www.nettali.com\/?s={search_term_string}\"},\"query-input\":\"required name=search_term_string\"}],\"inLanguage\":\"fr-FR\"},{\"@type\":\"ImageObject\",\"@id\":\"https:\/\/www.nettali.com\/2021\/06\/21\/par-malick-sy-marieme-faye-sall-premiere-dame-de-lopposition-au-troisieme-mandat\/#primaryimage\",\"inLanguage\":\"fr-FR\",\"url\":\"https:\/\/www.nettali.com\/wp-content\/uploads\/2021\/01\/mar.jpg\",\"contentUrl\":\"https:\/\/www.nettali.com\/wp-content\/uploads\/2021\/01\/mar.jpg\",\"width\":512,\"height\":512},{\"@type\":\"WebPage\",\"@id\":\"https:\/\/www.nettali.com\/2021\/06\/21\/par-malick-sy-marieme-faye-sall-premiere-dame-de-lopposition-au-troisieme-mandat\/#webpage\",\"url\":\"https:\/\/www.nettali.com\/2021\/06\/21\/par-malick-sy-marieme-faye-sall-premiere-dame-de-lopposition-au-troisieme-mandat\/\",\"name\":\"PAR MALICK SY - Mari\\u00e8me Faye Sall, premi\\u00e8re dame de l\\u2019opposition au troisi\\u00e8me mandat | Nettali.com\",\"isPartOf\":{\"@id\":\"https:\/\/www.nettali.com\/#website\"},\"primaryImageOfPage\":{\"@id\":\"https:\/\/www.nettali.com\/2021\/06\/21\/par-malick-sy-marieme-faye-sall-premiere-dame-de-lopposition-au-troisieme-mandat\/#primaryimage\"},\"datePublished\":\"2021-06-21T18:39:24+00:00\",\"dateModified\":\"2021-06-21T18:44:19+00:00\",\"author\":{\"@id\":\"https:\/\/www.nettali.com\/#\/schema\/person\/8a06c6bd7b19304cf4bf985862900b5b\"},\"breadcrumb\":{\"@id\":\"https:\/\/www.nettali.com\/2021\/06\/21\/par-malick-sy-marieme-faye-sall-premiere-dame-de-lopposition-au-troisieme-mandat\/#breadcrumb\"},\"inLanguage\":\"fr-FR\",\"potentialAction\":[{\"@type\":\"ReadAction\",\"target\":[\"https:\/\/www.nettali.com\/2021\/06\/21\/par-malick-sy-marieme-faye-sall-premiere-dame-de-lopposition-au-troisieme-mandat\/\"]}]},{\"@type\":\"BreadcrumbList\",\"@id\":\"https:\/\/www.nettali.com\/2021\/06\/21\/par-malick-sy-marieme-faye-sall-premiere-dame-de-lopposition-au-troisieme-mandat\/#breadcrumb\",\"itemListElement\":[{\"@type\":\"ListItem\",\"position\":1,\"name\":\"Accueil\",\"item\":\"https:\/\/www.nettali.com\/\"},{\"@type\":\"ListItem\",\"position\":2,\"name\":\"PAR MALICK SY &#8211; Mari\\u00e8me Faye Sall, premi\\u00e8re dame de l\\u2019opposition au troisi\\u00e8me mandat\"}]},{\"@type\":\"Person\",\"@id\":\"https:\/\/www.nettali.com\/#\/schema\/person\/8a06c6bd7b19304cf4bf985862900b5b\",\"name\":\"Thierno Diop\",\"image\":{\"@type\":\"ImageObject\",\"@id\":\"https:\/\/www.nettali.com\/#personlogo\",\"inLanguage\":\"fr-FR\",\"url\":\"https:\/\/secure.gravatar.com\/avatar\/c8ca58550c94fd2ac856d27391a6c866?s=96&d=mm&r=g\",\"contentUrl\":\"https:\/\/secure.gravatar.com\/avatar\/c8ca58550c94fd2ac856d27391a6c866?s=96&d=mm&r=g\",\"caption\":\"Thierno Diop\"},\"sameAs\":[\"https:\/\/nettali.com\"]}]}<\/script>\n<!-- \/ Yoast SEO Premium plugin. -->","yoast_head_json":{"title":"PAR MALICK SY - Mari\u00e8me Faye Sall, premi\u00e8re dame de l\u2019opposition au troisi\u00e8me mandat | Nettali.com","robots":{"index":"index","follow":"follow","max-snippet":"max-snippet:-1","max-image-preview":"max-image-preview:large","max-video-preview":"max-video-preview:-1"},"canonical":"https:\/\/www.nettali.com\/2021\/06\/21\/par-malick-sy-marieme-faye-sall-premiere-dame-de-lopposition-au-troisieme-mandat\/","og_locale":"fr_FR","og_type":"article","og_title":"PAR MALICK SY - Mari\u00e8me Faye Sall, premi\u00e8re dame de l\u2019opposition au troisi\u00e8me mandat","og_description":"NETTALI.COM - C\u2019est qu\u2019elle est comme \u00e7a Mari\u00e8me Faye Sall. Femme au sommet, mais plus madame tout le monde que Premi\u00e8re dame. Du moins jusqu'ici. Et les S\u00e9n\u00e9galais, dans leur immense majorit\u00e9, le lui rendent bien. Tant les opinions sont laudatives d\u00e8s qu\u2019il est question de l\u2019\u00e9pouse du pr\u00e9sident. Une beaut\u00e9 et un charme bien [&hellip;]","og_url":"https:\/\/www.nettali.com\/2021\/06\/21\/par-malick-sy-marieme-faye-sall-premiere-dame-de-lopposition-au-troisieme-mandat\/","og_site_name":"Nettali.com","article_publisher":"https:\/\/www.facebook.com\/nettalicom","article_published_time":"2021-06-21T18:39:24+00:00","article_modified_time":"2021-06-21T18:44:19+00:00","og_image":[{"width":512,"height":512,"url":"https:\/\/www.nettali.com\/wp-content\/uploads\/2021\/01\/mar.jpg","type":"image\/jpeg"}],"twitter_card":"summary_large_image","twitter_misc":{"\u00c9crit par":"Thierno Diop","Dur\u00e9e de lecture estim\u00e9e":"5 minutes"},"schema":{"@context":"https:\/\/schema.org","@graph":[{"@type":"WebSite","@id":"https:\/\/www.nettali.com\/#website","url":"https:\/\/www.nettali.com\/","name":"Nettali.com","description":"Le rendez-vous critique du Net","potentialAction":[{"@type":"SearchAction","target":{"@type":"EntryPoint","urlTemplate":"https:\/\/www.nettali.com\/?s={search_term_string}"},"query-input":"required name=search_term_string"}],"inLanguage":"fr-FR"},{"@type":"ImageObject","@id":"https:\/\/www.nettali.com\/2021\/06\/21\/par-malick-sy-marieme-faye-sall-premiere-dame-de-lopposition-au-troisieme-mandat\/#primaryimage","inLanguage":"fr-FR","url":"https:\/\/www.nettali.com\/wp-content\/uploads\/2021\/01\/mar.jpg","contentUrl":"https:\/\/www.nettali.com\/wp-content\/uploads\/2021\/01\/mar.jpg","width":512,"height":512},{"@type":"WebPage","@id":"https:\/\/www.nettali.com\/2021\/06\/21\/par-malick-sy-marieme-faye-sall-premiere-dame-de-lopposition-au-troisieme-mandat\/#webpage","url":"https:\/\/www.nettali.com\/2021\/06\/21\/par-malick-sy-marieme-faye-sall-premiere-dame-de-lopposition-au-troisieme-mandat\/","name":"PAR MALICK SY - Mari\u00e8me Faye Sall, premi\u00e8re dame de l\u2019opposition au troisi\u00e8me mandat | Nettali.com","isPartOf":{"@id":"https:\/\/www.nettali.com\/#website"},"primaryImageOfPage":{"@id":"https:\/\/www.nettali.com\/2021\/06\/21\/par-malick-sy-marieme-faye-sall-premiere-dame-de-lopposition-au-troisieme-mandat\/#primaryimage"},"datePublished":"2021-06-21T18:39:24+00:00","dateModified":"2021-06-21T18:44:19+00:00","author":{"@id":"https:\/\/www.nettali.com\/#\/schema\/person\/8a06c6bd7b19304cf4bf985862900b5b"},"breadcrumb":{"@id":"https:\/\/www.nettali.com\/2021\/06\/21\/par-malick-sy-marieme-faye-sall-premiere-dame-de-lopposition-au-troisieme-mandat\/#breadcrumb"},"inLanguage":"fr-FR","potentialAction":[{"@type":"ReadAction","target":["https:\/\/www.nettali.com\/2021\/06\/21\/par-malick-sy-marieme-faye-sall-premiere-dame-de-lopposition-au-troisieme-mandat\/"]}]},{"@type":"BreadcrumbList","@id":"https:\/\/www.nettali.com\/2021\/06\/21\/par-malick-sy-marieme-faye-sall-premiere-dame-de-lopposition-au-troisieme-mandat\/#breadcrumb","itemListElement":[{"@type":"ListItem","position":1,"name":"Accueil","item":"https:\/\/www.nettali.com\/"},{"@type":"ListItem","position":2,"name":"PAR MALICK SY &#8211; Mari\u00e8me Faye Sall, premi\u00e8re dame de l\u2019opposition au troisi\u00e8me mandat"}]},{"@type":"Person","@id":"https:\/\/www.nettali.com\/#\/schema\/person\/8a06c6bd7b19304cf4bf985862900b5b","name":"Thierno Diop","image":{"@type":"ImageObject","@id":"https:\/\/www.nettali.com\/#personlogo","inLanguage":"fr-FR","url":"https:\/\/secure.gravatar.com\/avatar\/c8ca58550c94fd2ac856d27391a6c866?s=96&d=mm&r=g","contentUrl":"https:\/\/secure.gravatar.com\/avatar\/c8ca58550c94fd2ac856d27391a6c866?s=96&d=mm&r=g","caption":"Thierno Diop"},"sameAs":["https:\/\/nettali.com"]}]}},"_links":{"self":[{"href":"https:\/\/www.nettali.com\/rest\/wp\/v2\/posts\/66360"}],"collection":[{"href":"https:\/\/www.nettali.com\/rest\/wp\/v2\/posts"}],"about":[{"href":"https:\/\/www.nettali.com\/rest\/wp\/v2\/types\/post"}],"author":[{"embeddable":true,"href":"https:\/\/www.nettali.com\/rest\/wp\/v2\/users\/11"}],"replies":[{"embeddable":true,"href":"https:\/\/www.nettali.com\/rest\/wp\/v2\/comments?post=66360"}],"version-history":[{"count":2,"href":"https:\/\/www.nettali.com\/rest\/wp\/v2\/posts\/66360\/revisions"}],"predecessor-version":[{"id":66392,"href":"https:\/\/www.nettali.com\/rest\/wp\/v2\/posts\/66360\/revisions\/66392"}],"wp:featuredmedia":[{"embeddable":true,"href":"https:\/\/www.nettali.com\/rest\/wp\/v2\/media\/55891"}],"wp:attachment":[{"href":"https:\/\/www.nettali.com\/rest\/wp\/v2\/media?parent=66360"}],"wp:term":[{"taxonomy":"category","embeddable":true,"href":"https:\/\/www.nettali.com\/rest\/wp\/v2\/categories?post=66360"},{"taxonomy":"post_tag","embeddable":true,"href":"https:\/\/www.nettali.com\/rest\/wp\/v2\/tags?post=66360"}],"curies":[{"name":"wp","href":"https:\/\/api.w.org\/{rel}","templated":true}]}}