{"id":66263,"date":"2021-06-19T10:27:59","date_gmt":"2021-06-19T10:27:59","guid":{"rendered":"https:\/\/www.nettali.com\/?p=66263"},"modified":"2021-06-19T13:33:27","modified_gmt":"2021-06-19T13:33:27","slug":"presidentielle-2024-karim-wade-sera-la-pour-conduire-les-troupes","status":"publish","type":"post","link":"https:\/\/www.nettali.com\/2021\/06\/19\/presidentielle-2024-karim-wade-sera-la-pour-conduire-les-troupes\/","title":{"rendered":"PRESIDENTIELLE 2024 \u2013 \u00ab Karim Wade sera l\u00e0 pour conduire les troupes \u00bb"},"content":{"rendered":"<p><strong>NETTALI.COM \u2013 Karim Wade conduira les troupes du Parti d\u00e9mocratique s\u00e9n\u00e9galais \u00e0 la pr\u00e9sidentielle de 2024 et il a pris date pour un retour au bercail. C\u2019est la pr\u00e9cision faite par un de ses lieutenants, Dr Cheikh Dieng en l\u2019occurrence.<\/strong><\/p>\n<p>&nbsp;<\/p>\n<p>Karim Wade sera\u00a0 \u00e0 Dakar en direction de la pr\u00e9sidentielle de \u00a02024. L\u2019assurance est faite par Cheikh Dieng, le secr\u00e9taire national adjoint charg\u00e9 des \u00e9lections du Parti d\u00e9mocratique s\u00e9n\u00e9galais.\u00a0\u00ab\u00a0 <em>Je pus vous assurer qu\u2019il sera l\u00e0 pour conduire les troupes\u00a0<\/em>\u00bb, dit-il dans un long entretien avec le quotidien Enqu\u00eate.<\/p>\n<p>Pr\u00e9cisant sa pens\u00e9e, M. Dieng ajoute\u00a0: \u00ab\u00a0<em>Le PDS n\u2019est pas un petit parti. Les responsables du PDS ne sont pas des enfants de c\u0153ur. Ils peuvent avoir \u00e9t\u00e9 surpris une fois par le Pr\u00e9sident Macky Sall qui, \u00e0 travers cette d\u00e9cision d\u2019exil, de d\u00e9portation de Karim Wade, a viol\u00e9 tous les lois et r\u00e8glements de notre pays. Nulle part dans le Code de proc\u00e9dure p\u00e9nale, la d\u00e9portation n\u2019est mentionn\u00e9e. Audel\u00e0 de cela, le Pr\u00e9sident Sall s\u2019est mis en marge des r\u00e8glements de la communaut\u00e9 internationale, en installant le S\u00e9n\u00e9gal dans la situation d\u2019un Etat voyou qui refuse de r\u00e9pondre \u00e0 ses exigences de droit, au plan international. Autant, la Cour de la CDEAO que les Nations unies ont demand\u00e9 la reprise substantielle du proc\u00e8s qui avait conduit \u00e0 la condamnation de Karim Wade, en raison des violations graves de ses droits, lors de la proc\u00e9dure judiciaire. Toutes ces injonctions ont \u00e9t\u00e9 royalement ignor\u00e9es par le Pr\u00e9sident Macky Sall. Nous avons appris les le\u00e7ons de 2019, 2024 sera diff\u00e9ren<\/em>t\u00a0\u00bb.<\/p>\n<p>Au sujet des modalit\u00e9s d\u2019investiture au Pds, l\u2019invit\u00e9 de la rubrique hebdomadaire \u00ab\u00a0<em>Grand'Place<\/em>\u00a0\u00bb, indique\u00a0:\u00a0 <em>\u00ab\u00a0Il y a des proc\u00e9dures au PDS. Le candidat pour la Pr\u00e9sidentielle est n\u00e9cessairement investi par le parti. De ce point de vue-l\u00e0, le PDS n\u2019a pas encore d\u00e9sign\u00e9 un candidat pour 2024. Nous ne sommes pas encore \u00e0 l\u2019\u00e9ch\u00e9ance de 2024, mais \u00e9videmment, Karim qui \u00e9tait le candidat emp\u00each\u00e9 en 2019 se positionne tr\u00e8s fortement pour \u00eatre encore le candidat du PDS en 2024<\/em>\u00a0\u00bb.<\/p>\n<div class='share-to-whatsapp-wrapper'><div class='share-on-whsp'>PARTAGER SUR : <\/div><a data-text='PRESIDENTIELLE 2024 \u2013 \u00ab Karim Wade sera l\u00e0 pour conduire les troupes \u00bb' data-link='https:\/\/www.nettali.com\/2021\/06\/19\/presidentielle-2024-karim-wade-sera-la-pour-conduire-les-troupes\/' class='whatsapp-button whatsapp-share'>WhatsApp<\/a><div class='clear '><\/div><\/div>","protected":false},"excerpt":{"rendered":"<p>NETTALI.COM \u2013 Karim Wade conduira les troupes du Parti d\u00e9mocratique s\u00e9n\u00e9galais \u00e0 la pr\u00e9sidentielle de 2024 et il a pris date pour un retour au bercail. C\u2019est la pr\u00e9cision faite par un de ses lieutenants, Dr Cheikh Dieng en l\u2019occurrence. &nbsp; Karim Wade sera\u00a0 \u00e0 Dakar en direction de la pr\u00e9sidentielle de \u00a02024. L\u2019assurance est [&hellip;]<\/p>\n","protected":false},"author":11,"featured_media":10491,"comment_status":"open","ping_status":"open","sticky":false,"template":"","format":"standard","meta":{"_et_pb_use_builder":"","_et_pb_old_content":""},"categories":[2],"tags":[],"yoast_head":"<!-- This site is optimized with the Yoast SEO Premium plugin v17.8 (Yoast SEO v17.8) - https:\/\/yoast.com\/wordpress\/plugins\/seo\/ -->\n<title>PRESIDENTIELLE 2024 \u2013 \u00ab Karim Wade sera l\u00e0 pour conduire les troupes \u00bb | Nettali.com<\/title>\n<meta name=\"robots\" content=\"index, follow, max-snippet:-1, max-image-preview:large, max-video-preview:-1\" \/>\n<link rel=\"canonical\" href=\"https:\/\/www.nettali.com\/2021\/06\/19\/presidentielle-2024-karim-wade-sera-la-pour-conduire-les-troupes\/\" \/>\n<meta property=\"og:locale\" content=\"fr_FR\" \/>\n<meta property=\"og:type\" content=\"article\" \/>\n<meta property=\"og:title\" content=\"PRESIDENTIELLE 2024 \u2013 \u00ab Karim Wade sera l\u00e0 pour conduire les troupes \u00bb\" \/>\n<meta property=\"og:description\" content=\"NETTALI.COM \u2013 Karim Wade conduira les troupes du Parti d\u00e9mocratique s\u00e9n\u00e9galais \u00e0 la pr\u00e9sidentielle de 2024 et il a pris date pour un retour au bercail. C\u2019est la pr\u00e9cision faite par un de ses lieutenants, Dr Cheikh Dieng en l\u2019occurrence. &nbsp; Karim Wade sera\u00a0 \u00e0 Dakar en direction de la pr\u00e9sidentielle de \u00a02024. L\u2019assurance est [&hellip;]\" \/>\n<meta property=\"og:url\" content=\"https:\/\/www.nettali.com\/2021\/06\/19\/presidentielle-2024-karim-wade-sera-la-pour-conduire-les-troupes\/\" \/>\n<meta property=\"og:site_name\" content=\"Nettali.com\" \/>\n<meta property=\"article:publisher\" content=\"https:\/\/www.facebook.com\/nettalicom\" \/>\n<meta property=\"article:published_time\" content=\"2021-06-19T10:27:59+00:00\" \/>\n<meta property=\"article:modified_time\" content=\"2021-06-19T13:33:27+00:00\" \/>\n<meta property=\"og:image\" content=\"https:\/\/www.nettali.com\/wp-content\/uploads\/2019\/05\/karim-wade-re.jpg\" \/>\n\t<meta property=\"og:image:width\" content=\"699\" \/>\n\t<meta property=\"og:image:height\" content=\"465\" \/>\n<meta name=\"twitter:card\" content=\"summary_large_image\" \/>\n<meta name=\"twitter:label1\" content=\"\u00c9crit par\" \/>\n\t<meta name=\"twitter:data1\" content=\"Thierno Diop\" \/>\n\t<meta name=\"twitter:label2\" content=\"Dur\u00e9e de lecture estim\u00e9e\" \/>\n\t<meta name=\"twitter:data2\" content=\"2 minutes\" \/>\n<script type=\"application\/ld+json\" class=\"yoast-schema-graph\">{\"@context\":\"https:\/\/schema.org\",\"@graph\":[{\"@type\":\"WebSite\",\"@id\":\"https:\/\/www.nettali.com\/#website\",\"url\":\"https:\/\/www.nettali.com\/\",\"name\":\"Nettali.com\",\"description\":\"Le rendez-vous critique du Net\",\"potentialAction\":[{\"@type\":\"SearchAction\",\"target\":{\"@type\":\"EntryPoint\",\"urlTemplate\":\"https:\/\/www.nettali.com\/?s={search_term_string}\"},\"query-input\":\"required name=search_term_string\"}],\"inLanguage\":\"fr-FR\"},{\"@type\":\"ImageObject\",\"@id\":\"https:\/\/www.nettali.com\/2021\/06\/19\/presidentielle-2024-karim-wade-sera-la-pour-conduire-les-troupes\/#primaryimage\",\"inLanguage\":\"fr-FR\",\"url\":\"https:\/\/www.nettali.com\/wp-content\/uploads\/2019\/05\/karim-wade-re.jpg\",\"contentUrl\":\"https:\/\/www.nettali.com\/wp-content\/uploads\/2019\/05\/karim-wade-re.jpg\",\"width\":699,\"height\":465},{\"@type\":\"WebPage\",\"@id\":\"https:\/\/www.nettali.com\/2021\/06\/19\/presidentielle-2024-karim-wade-sera-la-pour-conduire-les-troupes\/#webpage\",\"url\":\"https:\/\/www.nettali.com\/2021\/06\/19\/presidentielle-2024-karim-wade-sera-la-pour-conduire-les-troupes\/\",\"name\":\"PRESIDENTIELLE 2024 \\u2013 \\u00ab Karim Wade sera l\\u00e0 pour conduire les troupes \\u00bb | Nettali.com\",\"isPartOf\":{\"@id\":\"https:\/\/www.nettali.com\/#website\"},\"primaryImageOfPage\":{\"@id\":\"https:\/\/www.nettali.com\/2021\/06\/19\/presidentielle-2024-karim-wade-sera-la-pour-conduire-les-troupes\/#primaryimage\"},\"datePublished\":\"2021-06-19T10:27:59+00:00\",\"dateModified\":\"2021-06-19T13:33:27+00:00\",\"author\":{\"@id\":\"https:\/\/www.nettali.com\/#\/schema\/person\/8a06c6bd7b19304cf4bf985862900b5b\"},\"breadcrumb\":{\"@id\":\"https:\/\/www.nettali.com\/2021\/06\/19\/presidentielle-2024-karim-wade-sera-la-pour-conduire-les-troupes\/#breadcrumb\"},\"inLanguage\":\"fr-FR\",\"potentialAction\":[{\"@type\":\"ReadAction\",\"target\":[\"https:\/\/www.nettali.com\/2021\/06\/19\/presidentielle-2024-karim-wade-sera-la-pour-conduire-les-troupes\/\"]}]},{\"@type\":\"BreadcrumbList\",\"@id\":\"https:\/\/www.nettali.com\/2021\/06\/19\/presidentielle-2024-karim-wade-sera-la-pour-conduire-les-troupes\/#breadcrumb\",\"itemListElement\":[{\"@type\":\"ListItem\",\"position\":1,\"name\":\"Accueil\",\"item\":\"https:\/\/www.nettali.com\/\"},{\"@type\":\"ListItem\",\"position\":2,\"name\":\"PRESIDENTIELLE 2024 \\u2013 \\u00ab Karim Wade sera l\\u00e0 pour conduire les troupes \\u00bb\"}]},{\"@type\":\"Person\",\"@id\":\"https:\/\/www.nettali.com\/#\/schema\/person\/8a06c6bd7b19304cf4bf985862900b5b\",\"name\":\"Thierno Diop\",\"image\":{\"@type\":\"ImageObject\",\"@id\":\"https:\/\/www.nettali.com\/#personlogo\",\"inLanguage\":\"fr-FR\",\"url\":\"https:\/\/secure.gravatar.com\/avatar\/c8ca58550c94fd2ac856d27391a6c866?s=96&d=mm&r=g\",\"contentUrl\":\"https:\/\/secure.gravatar.com\/avatar\/c8ca58550c94fd2ac856d27391a6c866?s=96&d=mm&r=g\",\"caption\":\"Thierno Diop\"},\"sameAs\":[\"https:\/\/nettali.com\"]}]}<\/script>\n<!-- \/ Yoast SEO Premium plugin. -->","yoast_head_json":{"title":"PRESIDENTIELLE 2024 \u2013 \u00ab Karim Wade sera l\u00e0 pour conduire les troupes \u00bb | Nettali.com","robots":{"index":"index","follow":"follow","max-snippet":"max-snippet:-1","max-image-preview":"max-image-preview:large","max-video-preview":"max-video-preview:-1"},"canonical":"https:\/\/www.nettali.com\/2021\/06\/19\/presidentielle-2024-karim-wade-sera-la-pour-conduire-les-troupes\/","og_locale":"fr_FR","og_type":"article","og_title":"PRESIDENTIELLE 2024 \u2013 \u00ab Karim Wade sera l\u00e0 pour conduire les troupes \u00bb","og_description":"NETTALI.COM \u2013 Karim Wade conduira les troupes du Parti d\u00e9mocratique s\u00e9n\u00e9galais \u00e0 la pr\u00e9sidentielle de 2024 et il a pris date pour un retour au bercail. C\u2019est la pr\u00e9cision faite par un de ses lieutenants, Dr Cheikh Dieng en l\u2019occurrence. &nbsp; Karim Wade sera\u00a0 \u00e0 Dakar en direction de la pr\u00e9sidentielle de \u00a02024. L\u2019assurance est [&hellip;]","og_url":"https:\/\/www.nettali.com\/2021\/06\/19\/presidentielle-2024-karim-wade-sera-la-pour-conduire-les-troupes\/","og_site_name":"Nettali.com","article_publisher":"https:\/\/www.facebook.com\/nettalicom","article_published_time":"2021-06-19T10:27:59+00:00","article_modified_time":"2021-06-19T13:33:27+00:00","og_image":[{"width":699,"height":465,"url":"https:\/\/www.nettali.com\/wp-content\/uploads\/2019\/05\/karim-wade-re.jpg","type":"image\/jpeg"}],"twitter_card":"summary_large_image","twitter_misc":{"\u00c9crit par":"Thierno Diop","Dur\u00e9e de lecture estim\u00e9e":"2 minutes"},"schema":{"@context":"https:\/\/schema.org","@graph":[{"@type":"WebSite","@id":"https:\/\/www.nettali.com\/#website","url":"https:\/\/www.nettali.com\/","name":"Nettali.com","description":"Le rendez-vous critique du Net","potentialAction":[{"@type":"SearchAction","target":{"@type":"EntryPoint","urlTemplate":"https:\/\/www.nettali.com\/?s={search_term_string}"},"query-input":"required name=search_term_string"}],"inLanguage":"fr-FR"},{"@type":"ImageObject","@id":"https:\/\/www.nettali.com\/2021\/06\/19\/presidentielle-2024-karim-wade-sera-la-pour-conduire-les-troupes\/#primaryimage","inLanguage":"fr-FR","url":"https:\/\/www.nettali.com\/wp-content\/uploads\/2019\/05\/karim-wade-re.jpg","contentUrl":"https:\/\/www.nettali.com\/wp-content\/uploads\/2019\/05\/karim-wade-re.jpg","width":699,"height":465},{"@type":"WebPage","@id":"https:\/\/www.nettali.com\/2021\/06\/19\/presidentielle-2024-karim-wade-sera-la-pour-conduire-les-troupes\/#webpage","url":"https:\/\/www.nettali.com\/2021\/06\/19\/presidentielle-2024-karim-wade-sera-la-pour-conduire-les-troupes\/","name":"PRESIDENTIELLE 2024 \u2013 \u00ab Karim Wade sera l\u00e0 pour conduire les troupes \u00bb | Nettali.com","isPartOf":{"@id":"https:\/\/www.nettali.com\/#website"},"primaryImageOfPage":{"@id":"https:\/\/www.nettali.com\/2021\/06\/19\/presidentielle-2024-karim-wade-sera-la-pour-conduire-les-troupes\/#primaryimage"},"datePublished":"2021-06-19T10:27:59+00:00","dateModified":"2021-06-19T13:33:27+00:00","author":{"@id":"https:\/\/www.nettali.com\/#\/schema\/person\/8a06c6bd7b19304cf4bf985862900b5b"},"breadcrumb":{"@id":"https:\/\/www.nettali.com\/2021\/06\/19\/presidentielle-2024-karim-wade-sera-la-pour-conduire-les-troupes\/#breadcrumb"},"inLanguage":"fr-FR","potentialAction":[{"@type":"ReadAction","target":["https:\/\/www.nettali.com\/2021\/06\/19\/presidentielle-2024-karim-wade-sera-la-pour-conduire-les-troupes\/"]}]},{"@type":"BreadcrumbList","@id":"https:\/\/www.nettali.com\/2021\/06\/19\/presidentielle-2024-karim-wade-sera-la-pour-conduire-les-troupes\/#breadcrumb","itemListElement":[{"@type":"ListItem","position":1,"name":"Accueil","item":"https:\/\/www.nettali.com\/"},{"@type":"ListItem","position":2,"name":"PRESIDENTIELLE 2024 \u2013 \u00ab Karim Wade sera l\u00e0 pour conduire les troupes \u00bb"}]},{"@type":"Person","@id":"https:\/\/www.nettali.com\/#\/schema\/person\/8a06c6bd7b19304cf4bf985862900b5b","name":"Thierno Diop","image":{"@type":"ImageObject","@id":"https:\/\/www.nettali.com\/#personlogo","inLanguage":"fr-FR","url":"https:\/\/secure.gravatar.com\/avatar\/c8ca58550c94fd2ac856d27391a6c866?s=96&d=mm&r=g","contentUrl":"https:\/\/secure.gravatar.com\/avatar\/c8ca58550c94fd2ac856d27391a6c866?s=96&d=mm&r=g","caption":"Thierno Diop"},"sameAs":["https:\/\/nettali.com"]}]}},"_links":{"self":[{"href":"https:\/\/www.nettali.com\/rest\/wp\/v2\/posts\/66263"}],"collection":[{"href":"https:\/\/www.nettali.com\/rest\/wp\/v2\/posts"}],"about":[{"href":"https:\/\/www.nettali.com\/rest\/wp\/v2\/types\/post"}],"author":[{"embeddable":true,"href":"https:\/\/www.nettali.com\/rest\/wp\/v2\/users\/11"}],"replies":[{"embeddable":true,"href":"https:\/\/www.nettali.com\/rest\/wp\/v2\/comments?post=66263"}],"version-history":[{"count":1,"href":"https:\/\/www.nettali.com\/rest\/wp\/v2\/posts\/66263\/revisions"}],"predecessor-version":[{"id":66264,"href":"https:\/\/www.nettali.com\/rest\/wp\/v2\/posts\/66263\/revisions\/66264"}],"wp:featuredmedia":[{"embeddable":true,"href":"https:\/\/www.nettali.com\/rest\/wp\/v2\/media\/10491"}],"wp:attachment":[{"href":"https:\/\/www.nettali.com\/rest\/wp\/v2\/media?parent=66263"}],"wp:term":[{"taxonomy":"category","embeddable":true,"href":"https:\/\/www.nettali.com\/rest\/wp\/v2\/categories?post=66263"},{"taxonomy":"post_tag","embeddable":true,"href":"https:\/\/www.nettali.com\/rest\/wp\/v2\/tags?post=66263"}],"curies":[{"name":"wp","href":"https:\/\/api.w.org\/{rel}","templated":true}]}}