{"id":66241,"date":"2021-06-18T20:30:50","date_gmt":"2021-06-18T20:30:50","guid":{"rendered":"https:\/\/www.nettali.com\/?p=66241"},"modified":"2021-06-18T20:30:50","modified_gmt":"2021-06-18T20:30:50","slug":"danemark-eriksen-quitte-lhopital","status":"publish","type":"post","link":"https:\/\/www.nettali.com\/2021\/06\/18\/danemark-eriksen-quitte-lhopital\/","title":{"rendered":"DANEMARK - Eriksen quitte l'h\u00f4pital"},"content":{"rendered":"<p><strong>NETTALI.COM - Une bonne nouvelle. Six jours apr\u00e8s son arr\u00eat cardiaque face \u00e0 la Finlande, Christian Eriksen est sorti de l'h\u00f4pital ce vendredi.<\/strong><\/p>\n<p>Des nouvelles positives de Christian Eriksen. Le milieu danois est sorti de l'h\u00f4pital de Copenhague ce vendredi apr\u00e8s s'\u00eatre fait implanter avec succ\u00e8s un d\u00e9fibrillateur sous-cutan\u00e9. La f\u00e9d\u00e9ration danoise a d\u00e9voil\u00e9 la bonne nouvelle sur ses r\u00e9seaux sociaux et pr\u00e9cis\u00e9 que son milieu de terrain avait rendu visite \u00e0 ses co\u00e9quipiers de la s\u00e9lection aujourd'hui avant de rejoindre sa famille.<\/p>\n<p>\" <em>Merci pour vos nombreux messages. \u00c7a a \u00e9t\u00e9 incroyable \u00e0 voir et \u00e0 sentir. L'op\u00e9ration s'est bien pass\u00e9e et je vais bien compte tenu des circonstances. C'\u00e9tait vraiment super de voir les gars apr\u00e8s leur match fantastique d'hier soir (perdu 2-1 face \u00e0 la Belgique). Pas besoin de vous dire que je vais les encourager lundi face \u00e0 la Russie<\/em>\", a r\u00e9agi le champion d'Italie avec l'Inter Milan..<\/p>\n<div class='share-to-whatsapp-wrapper'><div class='share-on-whsp'>PARTAGER SUR : <\/div><a data-text='DANEMARK - Eriksen quitte l'h\u00f4pital' data-link='https:\/\/www.nettali.com\/2021\/06\/18\/danemark-eriksen-quitte-lhopital\/' class='whatsapp-button whatsapp-share'>WhatsApp<\/a><div class='clear '><\/div><\/div>","protected":false},"excerpt":{"rendered":"<p>NETTALI.COM - Une bonne nouvelle. Six jours apr\u00e8s son arr\u00eat cardiaque face \u00e0 la Finlande, Christian Eriksen est sorti de l'h\u00f4pital ce vendredi. Des nouvelles positives de Christian Eriksen. Le milieu danois est sorti de l'h\u00f4pital de Copenhague ce vendredi apr\u00e8s s'\u00eatre fait implanter avec succ\u00e8s un d\u00e9fibrillateur sous-cutan\u00e9. La f\u00e9d\u00e9ration danoise a d\u00e9voil\u00e9 la [&hellip;]<\/p>\n","protected":false},"author":5,"featured_media":66164,"comment_status":"open","ping_status":"open","sticky":false,"template":"","format":"standard","meta":{"_et_pb_use_builder":"","_et_pb_old_content":""},"categories":[6],"tags":[],"yoast_head":"<!-- This site is optimized with the Yoast SEO Premium plugin v17.8 (Yoast SEO v17.8) - https:\/\/yoast.com\/wordpress\/plugins\/seo\/ -->\n<title>DANEMARK - Eriksen quitte l&#039;h\u00f4pital | Nettali.com<\/title>\n<meta name=\"robots\" content=\"index, follow, max-snippet:-1, max-image-preview:large, max-video-preview:-1\" \/>\n<link rel=\"canonical\" href=\"https:\/\/www.nettali.com\/2021\/06\/18\/danemark-eriksen-quitte-lhopital\/\" \/>\n<meta property=\"og:locale\" content=\"fr_FR\" \/>\n<meta property=\"og:type\" content=\"article\" \/>\n<meta property=\"og:title\" content=\"DANEMARK - Eriksen quitte l&#039;h\u00f4pital\" \/>\n<meta property=\"og:description\" content=\"NETTALI.COM - Une bonne nouvelle. Six jours apr\u00e8s son arr\u00eat cardiaque face \u00e0 la Finlande, Christian Eriksen est sorti de l&#039;h\u00f4pital ce vendredi. Des nouvelles positives de Christian Eriksen. Le milieu danois est sorti de l&#039;h\u00f4pital de Copenhague ce vendredi apr\u00e8s s&#039;\u00eatre fait implanter avec succ\u00e8s un d\u00e9fibrillateur sous-cutan\u00e9. La f\u00e9d\u00e9ration danoise a d\u00e9voil\u00e9 la [&hellip;]\" \/>\n<meta property=\"og:url\" content=\"https:\/\/www.nettali.com\/2021\/06\/18\/danemark-eriksen-quitte-lhopital\/\" \/>\n<meta property=\"og:site_name\" content=\"Nettali.com\" \/>\n<meta property=\"article:publisher\" content=\"https:\/\/www.facebook.com\/nettalicom\" \/>\n<meta property=\"article:published_time\" content=\"2021-06-18T20:30:50+00:00\" \/>\n<meta property=\"og:image\" content=\"https:\/\/www.nettali.com\/wp-content\/uploads\/2021\/06\/Christian-Eriksen-Danemark-1024x425-1-670x370-1.jpg\" \/>\n\t<meta property=\"og:image:width\" content=\"670\" \/>\n\t<meta property=\"og:image:height\" content=\"370\" \/>\n<meta name=\"twitter:card\" content=\"summary_large_image\" \/>\n<meta name=\"twitter:label1\" content=\"\u00c9crit par\" \/>\n\t<meta name=\"twitter:data1\" content=\"Ibrahima\" \/>\n\t<meta name=\"twitter:label2\" content=\"Dur\u00e9e de lecture estim\u00e9e\" \/>\n\t<meta name=\"twitter:data2\" content=\"1 minute\" \/>\n<script type=\"application\/ld+json\" class=\"yoast-schema-graph\">{\"@context\":\"https:\/\/schema.org\",\"@graph\":[{\"@type\":\"WebSite\",\"@id\":\"https:\/\/www.nettali.com\/#website\",\"url\":\"https:\/\/www.nettali.com\/\",\"name\":\"Nettali.com\",\"description\":\"Le rendez-vous critique du Net\",\"potentialAction\":[{\"@type\":\"SearchAction\",\"target\":{\"@type\":\"EntryPoint\",\"urlTemplate\":\"https:\/\/www.nettali.com\/?s={search_term_string}\"},\"query-input\":\"required name=search_term_string\"}],\"inLanguage\":\"fr-FR\"},{\"@type\":\"ImageObject\",\"@id\":\"https:\/\/www.nettali.com\/2021\/06\/18\/danemark-eriksen-quitte-lhopital\/#primaryimage\",\"inLanguage\":\"fr-FR\",\"url\":\"https:\/\/www.nettali.com\/wp-content\/uploads\/2021\/06\/Christian-Eriksen-Danemark-1024x425-1-670x370-1.jpg\",\"contentUrl\":\"https:\/\/www.nettali.com\/wp-content\/uploads\/2021\/06\/Christian-Eriksen-Danemark-1024x425-1-670x370-1.jpg\",\"width\":670,\"height\":370},{\"@type\":\"WebPage\",\"@id\":\"https:\/\/www.nettali.com\/2021\/06\/18\/danemark-eriksen-quitte-lhopital\/#webpage\",\"url\":\"https:\/\/www.nettali.com\/2021\/06\/18\/danemark-eriksen-quitte-lhopital\/\",\"name\":\"DANEMARK - Eriksen quitte l'h\\u00f4pital | Nettali.com\",\"isPartOf\":{\"@id\":\"https:\/\/www.nettali.com\/#website\"},\"primaryImageOfPage\":{\"@id\":\"https:\/\/www.nettali.com\/2021\/06\/18\/danemark-eriksen-quitte-lhopital\/#primaryimage\"},\"datePublished\":\"2021-06-18T20:30:50+00:00\",\"dateModified\":\"2021-06-18T20:30:50+00:00\",\"author\":{\"@id\":\"https:\/\/www.nettali.com\/#\/schema\/person\/bb147657c2986240405a608162b9bb23\"},\"breadcrumb\":{\"@id\":\"https:\/\/www.nettali.com\/2021\/06\/18\/danemark-eriksen-quitte-lhopital\/#breadcrumb\"},\"inLanguage\":\"fr-FR\",\"potentialAction\":[{\"@type\":\"ReadAction\",\"target\":[\"https:\/\/www.nettali.com\/2021\/06\/18\/danemark-eriksen-quitte-lhopital\/\"]}]},{\"@type\":\"BreadcrumbList\",\"@id\":\"https:\/\/www.nettali.com\/2021\/06\/18\/danemark-eriksen-quitte-lhopital\/#breadcrumb\",\"itemListElement\":[{\"@type\":\"ListItem\",\"position\":1,\"name\":\"Accueil\",\"item\":\"https:\/\/www.nettali.com\/\"},{\"@type\":\"ListItem\",\"position\":2,\"name\":\"DANEMARK &#8211; Eriksen quitte l&rsquo;h\\u00f4pital\"}]},{\"@type\":\"Person\",\"@id\":\"https:\/\/www.nettali.com\/#\/schema\/person\/bb147657c2986240405a608162b9bb23\",\"name\":\"Ibrahima\",\"image\":{\"@type\":\"ImageObject\",\"@id\":\"https:\/\/www.nettali.com\/#personlogo\",\"inLanguage\":\"fr-FR\",\"url\":\"https:\/\/secure.gravatar.com\/avatar\/26a8a81f09f0dd7624c9d5c36c9ba3a2?s=96&d=mm&r=g\",\"contentUrl\":\"https:\/\/secure.gravatar.com\/avatar\/26a8a81f09f0dd7624c9d5c36c9ba3a2?s=96&d=mm&r=g\",\"caption\":\"Ibrahima\"},\"sameAs\":[\"https:\/\/www.nettali.com\"]}]}<\/script>\n<!-- \/ Yoast SEO Premium plugin. -->","yoast_head_json":{"title":"DANEMARK - Eriksen quitte l'h\u00f4pital | Nettali.com","robots":{"index":"index","follow":"follow","max-snippet":"max-snippet:-1","max-image-preview":"max-image-preview:large","max-video-preview":"max-video-preview:-1"},"canonical":"https:\/\/www.nettali.com\/2021\/06\/18\/danemark-eriksen-quitte-lhopital\/","og_locale":"fr_FR","og_type":"article","og_title":"DANEMARK - Eriksen quitte l'h\u00f4pital","og_description":"NETTALI.COM - Une bonne nouvelle. Six jours apr\u00e8s son arr\u00eat cardiaque face \u00e0 la Finlande, Christian Eriksen est sorti de l'h\u00f4pital ce vendredi. Des nouvelles positives de Christian Eriksen. Le milieu danois est sorti de l'h\u00f4pital de Copenhague ce vendredi apr\u00e8s s'\u00eatre fait implanter avec succ\u00e8s un d\u00e9fibrillateur sous-cutan\u00e9. La f\u00e9d\u00e9ration danoise a d\u00e9voil\u00e9 la [&hellip;]","og_url":"https:\/\/www.nettali.com\/2021\/06\/18\/danemark-eriksen-quitte-lhopital\/","og_site_name":"Nettali.com","article_publisher":"https:\/\/www.facebook.com\/nettalicom","article_published_time":"2021-06-18T20:30:50+00:00","og_image":[{"width":670,"height":370,"url":"https:\/\/www.nettali.com\/wp-content\/uploads\/2021\/06\/Christian-Eriksen-Danemark-1024x425-1-670x370-1.jpg","type":"image\/jpeg"}],"twitter_card":"summary_large_image","twitter_misc":{"\u00c9crit par":"Ibrahima","Dur\u00e9e de lecture estim\u00e9e":"1 minute"},"schema":{"@context":"https:\/\/schema.org","@graph":[{"@type":"WebSite","@id":"https:\/\/www.nettali.com\/#website","url":"https:\/\/www.nettali.com\/","name":"Nettali.com","description":"Le rendez-vous critique du Net","potentialAction":[{"@type":"SearchAction","target":{"@type":"EntryPoint","urlTemplate":"https:\/\/www.nettali.com\/?s={search_term_string}"},"query-input":"required name=search_term_string"}],"inLanguage":"fr-FR"},{"@type":"ImageObject","@id":"https:\/\/www.nettali.com\/2021\/06\/18\/danemark-eriksen-quitte-lhopital\/#primaryimage","inLanguage":"fr-FR","url":"https:\/\/www.nettali.com\/wp-content\/uploads\/2021\/06\/Christian-Eriksen-Danemark-1024x425-1-670x370-1.jpg","contentUrl":"https:\/\/www.nettali.com\/wp-content\/uploads\/2021\/06\/Christian-Eriksen-Danemark-1024x425-1-670x370-1.jpg","width":670,"height":370},{"@type":"WebPage","@id":"https:\/\/www.nettali.com\/2021\/06\/18\/danemark-eriksen-quitte-lhopital\/#webpage","url":"https:\/\/www.nettali.com\/2021\/06\/18\/danemark-eriksen-quitte-lhopital\/","name":"DANEMARK - Eriksen quitte l'h\u00f4pital | Nettali.com","isPartOf":{"@id":"https:\/\/www.nettali.com\/#website"},"primaryImageOfPage":{"@id":"https:\/\/www.nettali.com\/2021\/06\/18\/danemark-eriksen-quitte-lhopital\/#primaryimage"},"datePublished":"2021-06-18T20:30:50+00:00","dateModified":"2021-06-18T20:30:50+00:00","author":{"@id":"https:\/\/www.nettali.com\/#\/schema\/person\/bb147657c2986240405a608162b9bb23"},"breadcrumb":{"@id":"https:\/\/www.nettali.com\/2021\/06\/18\/danemark-eriksen-quitte-lhopital\/#breadcrumb"},"inLanguage":"fr-FR","potentialAction":[{"@type":"ReadAction","target":["https:\/\/www.nettali.com\/2021\/06\/18\/danemark-eriksen-quitte-lhopital\/"]}]},{"@type":"BreadcrumbList","@id":"https:\/\/www.nettali.com\/2021\/06\/18\/danemark-eriksen-quitte-lhopital\/#breadcrumb","itemListElement":[{"@type":"ListItem","position":1,"name":"Accueil","item":"https:\/\/www.nettali.com\/"},{"@type":"ListItem","position":2,"name":"DANEMARK &#8211; Eriksen quitte l&rsquo;h\u00f4pital"}]},{"@type":"Person","@id":"https:\/\/www.nettali.com\/#\/schema\/person\/bb147657c2986240405a608162b9bb23","name":"Ibrahima","image":{"@type":"ImageObject","@id":"https:\/\/www.nettali.com\/#personlogo","inLanguage":"fr-FR","url":"https:\/\/secure.gravatar.com\/avatar\/26a8a81f09f0dd7624c9d5c36c9ba3a2?s=96&d=mm&r=g","contentUrl":"https:\/\/secure.gravatar.com\/avatar\/26a8a81f09f0dd7624c9d5c36c9ba3a2?s=96&d=mm&r=g","caption":"Ibrahima"},"sameAs":["https:\/\/www.nettali.com"]}]}},"_links":{"self":[{"href":"https:\/\/www.nettali.com\/rest\/wp\/v2\/posts\/66241"}],"collection":[{"href":"https:\/\/www.nettali.com\/rest\/wp\/v2\/posts"}],"about":[{"href":"https:\/\/www.nettali.com\/rest\/wp\/v2\/types\/post"}],"author":[{"embeddable":true,"href":"https:\/\/www.nettali.com\/rest\/wp\/v2\/users\/5"}],"replies":[{"embeddable":true,"href":"https:\/\/www.nettali.com\/rest\/wp\/v2\/comments?post=66241"}],"version-history":[{"count":1,"href":"https:\/\/www.nettali.com\/rest\/wp\/v2\/posts\/66241\/revisions"}],"predecessor-version":[{"id":66242,"href":"https:\/\/www.nettali.com\/rest\/wp\/v2\/posts\/66241\/revisions\/66242"}],"wp:featuredmedia":[{"embeddable":true,"href":"https:\/\/www.nettali.com\/rest\/wp\/v2\/media\/66164"}],"wp:attachment":[{"href":"https:\/\/www.nettali.com\/rest\/wp\/v2\/media?parent=66241"}],"wp:term":[{"taxonomy":"category","embeddable":true,"href":"https:\/\/www.nettali.com\/rest\/wp\/v2\/categories?post=66241"},{"taxonomy":"post_tag","embeddable":true,"href":"https:\/\/www.nettali.com\/rest\/wp\/v2\/tags?post=66241"}],"curies":[{"name":"wp","href":"https:\/\/api.w.org\/{rel}","templated":true}]}}