{"id":66151,"date":"2021-06-17T13:02:53","date_gmt":"2021-06-17T13:02:53","guid":{"rendered":"https:\/\/www.nettali.com\/?p=66151"},"modified":"2021-06-17T13:02:53","modified_gmt":"2021-06-17T13:02:53","slug":"cote-divoire-le-procureur-requiert-la-prison-a-vie-contre-guillaume-soro","status":"publish","type":"post","link":"https:\/\/www.nettali.com\/2021\/06\/17\/cote-divoire-le-procureur-requiert-la-prison-a-vie-contre-guillaume-soro\/","title":{"rendered":"COTE D\u2019IVOIRE - Le procureur requiert la prison \u00e0 vie contre Guillaume Soro"},"content":{"rendered":"<p>NETTALI.COM - Le procureur de la R\u00e9publique de C\u00f4te d'Ivoire, Richard Adou, a requis mercredi la prison \u00e0 vie contre Guillaume Soro, ancien pr\u00e9sident de l'Assembl\u00e9e nationale, dans l'affaire de complot contre l'autorit\u00e9 de l'Etat.<\/p>\n<p>\"Je requiers que le tribunal d\u00e9clare Guillaume Soro coupable des faits qui lui sont reproch\u00e9s et le condamne \u00e0 l'emprisonnement \u00e0 vie \u00bb, a dit le procureur de la R\u00e9publique, Richard Adou.<\/p>\n<p>M. Guillaume Soro \"a \u00e9t\u00e9 lui-m\u00eame \u00e0 la man\u0153uvre et ce n'est pas nouveau. Il a toujours la nostalgie de la r\u00e9bellion m\u00eame en \u00e9tant en dehors des fronti\u00e8res ivoiriennes\", a-t-il soutenu.<\/p>\n<p>Selon le procureur Richard Adou, repr\u00e9sentant le minist\u00e8re public, M. Guillaume Soro est \"coupable\" des faits de complot, d'atteinte contre l'autorit\u00e9 de l'Etat et de l'int\u00e9grit\u00e9 du territoire national.<\/p>\n<p>Le minist\u00e8re public contre Guillaume Soro et 19 autres, proches de l'ex-chef de l'Assembl\u00e9e nationale, a en outre requis 20 ans de prison contre Kon\u00e9 Kamarat\u00e9 Souleymane dit Soul To Soul, le chef du protocole, et les \u00e9l\u00e9ments de sa garde rapproch\u00e9e.<\/p>\n<p>Il a estim\u00e9 que l'ancien d\u00e9put\u00e9 Alain Lobognon ainsi que les fr\u00e8res de l'ex-chef de l'Assembl\u00e9e nationale, Simon Soro et Rigobert Soro, sont non-coupables de complot contre l'autorit\u00e9 de l'Etat, mais plut\u00f4t de troubles \u00e0 l'ordre public, requ\u00e9rant 17 mois de prison ferme.<\/p>\n<p>A l'endroit de M. F\u00e9licien S\u00e9kongo, qu'il juge non-coupable des faits de complot contre l'autorit\u00e9 de l'Etat, mais plut\u00f4t coupable de troubles de l'ordre public, il a aussi requis 17 mois d'emprisonnement ferme.<\/p>\n<p>Par ailleurs, le procureur de la R\u00e9publique a dans son r\u00e9quisitoire demand\u00e9 une \"dissolution\" de G\u00e9n\u00e9rations et peuples solidaires (GPS), un mouvement citoyen dont Guillaume Soro est le pr\u00e9sident-fondateur.<\/p>\n<p>Le Conseil de l'Etat de C\u00f4te d'Ivoire et de la partie civile, qui disent constater que les faits sont av\u00e9r\u00e9s, ont plaid\u00e9 aupr\u00e8s du tribunal pour qu'il soit pay\u00e9e une amende de 5 milliards de FCFA.<\/p>\n<p>A la suite du r\u00e9quisitoire, se sont d\u00e9roul\u00e9es les plaidoiries. Le tribunal ayant entendu les differentes parties donnera son verdict le 23 juin 2021.<\/p>\n<div class='share-to-whatsapp-wrapper'><div class='share-on-whsp'>PARTAGER SUR : <\/div><a data-text='COTE D\u2019IVOIRE - Le procureur requiert la prison \u00e0 vie contre Guillaume Soro' data-link='https:\/\/www.nettali.com\/2021\/06\/17\/cote-divoire-le-procureur-requiert-la-prison-a-vie-contre-guillaume-soro\/' class='whatsapp-button whatsapp-share'>WhatsApp<\/a><div class='clear '><\/div><\/div>","protected":false},"excerpt":{"rendered":"<p>NETTALI.COM - Le procureur de la R\u00e9publique de C\u00f4te d'Ivoire, Richard Adou, a requis mercredi la prison \u00e0 vie contre Guillaume Soro, ancien pr\u00e9sident de l'Assembl\u00e9e nationale, dans l'affaire de complot contre l'autorit\u00e9 de l'Etat. \"Je requiers que le tribunal d\u00e9clare Guillaume Soro coupable des faits qui lui sont reproch\u00e9s et le condamne \u00e0 l'emprisonnement [&hellip;]<\/p>\n","protected":false},"author":11,"featured_media":49817,"comment_status":"open","ping_status":"open","sticky":false,"template":"","format":"standard","meta":{"_et_pb_use_builder":"","_et_pb_old_content":""},"categories":[8],"tags":[],"yoast_head":"<!-- This site is optimized with the Yoast SEO Premium plugin v17.8 (Yoast SEO v17.8) - https:\/\/yoast.com\/wordpress\/plugins\/seo\/ -->\n<title>COTE D\u2019IVOIRE - Le procureur requiert la prison \u00e0 vie contre Guillaume Soro | Nettali.com<\/title>\n<meta name=\"robots\" content=\"index, follow, max-snippet:-1, max-image-preview:large, max-video-preview:-1\" \/>\n<link rel=\"canonical\" href=\"https:\/\/www.nettali.com\/2021\/06\/17\/cote-divoire-le-procureur-requiert-la-prison-a-vie-contre-guillaume-soro\/\" \/>\n<meta property=\"og:locale\" content=\"fr_FR\" \/>\n<meta property=\"og:type\" content=\"article\" \/>\n<meta property=\"og:title\" content=\"COTE D\u2019IVOIRE - Le procureur requiert la prison \u00e0 vie contre Guillaume Soro\" \/>\n<meta property=\"og:description\" content=\"NETTALI.COM - Le procureur de la R\u00e9publique de C\u00f4te d&#039;Ivoire, Richard Adou, a requis mercredi la prison \u00e0 vie contre Guillaume Soro, ancien pr\u00e9sident de l&#039;Assembl\u00e9e nationale, dans l&#039;affaire de complot contre l&#039;autorit\u00e9 de l&#039;Etat. &quot;Je requiers que le tribunal d\u00e9clare Guillaume Soro coupable des faits qui lui sont reproch\u00e9s et le condamne \u00e0 l&#039;emprisonnement [&hellip;]\" \/>\n<meta property=\"og:url\" content=\"https:\/\/www.nettali.com\/2021\/06\/17\/cote-divoire-le-procureur-requiert-la-prison-a-vie-contre-guillaume-soro\/\" \/>\n<meta property=\"og:site_name\" content=\"Nettali.com\" \/>\n<meta property=\"article:publisher\" content=\"https:\/\/www.facebook.com\/nettalicom\" \/>\n<meta property=\"article:published_time\" content=\"2021-06-17T13:02:53+00:00\" \/>\n<meta property=\"og:image\" content=\"https:\/\/www.nettali.com\/wp-content\/uploads\/2020\/11\/guillaume-soro-cote-ivoire_0-1.jpg\" \/>\n\t<meta property=\"og:image:width\" content=\"1244\" \/>\n\t<meta property=\"og:image:height\" content=\"720\" \/>\n<meta name=\"twitter:card\" content=\"summary_large_image\" \/>\n<meta name=\"twitter:label1\" content=\"\u00c9crit par\" \/>\n\t<meta name=\"twitter:data1\" content=\"Thierno Diop\" \/>\n\t<meta name=\"twitter:label2\" content=\"Dur\u00e9e de lecture estim\u00e9e\" \/>\n\t<meta name=\"twitter:data2\" content=\"2 minutes\" \/>\n<script type=\"application\/ld+json\" class=\"yoast-schema-graph\">{\"@context\":\"https:\/\/schema.org\",\"@graph\":[{\"@type\":\"WebSite\",\"@id\":\"https:\/\/www.nettali.com\/#website\",\"url\":\"https:\/\/www.nettali.com\/\",\"name\":\"Nettali.com\",\"description\":\"Le rendez-vous critique du Net\",\"potentialAction\":[{\"@type\":\"SearchAction\",\"target\":{\"@type\":\"EntryPoint\",\"urlTemplate\":\"https:\/\/www.nettali.com\/?s={search_term_string}\"},\"query-input\":\"required name=search_term_string\"}],\"inLanguage\":\"fr-FR\"},{\"@type\":\"ImageObject\",\"@id\":\"https:\/\/www.nettali.com\/2021\/06\/17\/cote-divoire-le-procureur-requiert-la-prison-a-vie-contre-guillaume-soro\/#primaryimage\",\"inLanguage\":\"fr-FR\",\"url\":\"https:\/\/www.nettali.com\/wp-content\/uploads\/2020\/11\/guillaume-soro-cote-ivoire_0-1.jpg\",\"contentUrl\":\"https:\/\/www.nettali.com\/wp-content\/uploads\/2020\/11\/guillaume-soro-cote-ivoire_0-1.jpg\",\"width\":1244,\"height\":720},{\"@type\":\"WebPage\",\"@id\":\"https:\/\/www.nettali.com\/2021\/06\/17\/cote-divoire-le-procureur-requiert-la-prison-a-vie-contre-guillaume-soro\/#webpage\",\"url\":\"https:\/\/www.nettali.com\/2021\/06\/17\/cote-divoire-le-procureur-requiert-la-prison-a-vie-contre-guillaume-soro\/\",\"name\":\"COTE D\\u2019IVOIRE - Le procureur requiert la prison \\u00e0 vie contre Guillaume Soro | Nettali.com\",\"isPartOf\":{\"@id\":\"https:\/\/www.nettali.com\/#website\"},\"primaryImageOfPage\":{\"@id\":\"https:\/\/www.nettali.com\/2021\/06\/17\/cote-divoire-le-procureur-requiert-la-prison-a-vie-contre-guillaume-soro\/#primaryimage\"},\"datePublished\":\"2021-06-17T13:02:53+00:00\",\"dateModified\":\"2021-06-17T13:02:53+00:00\",\"author\":{\"@id\":\"https:\/\/www.nettali.com\/#\/schema\/person\/8a06c6bd7b19304cf4bf985862900b5b\"},\"breadcrumb\":{\"@id\":\"https:\/\/www.nettali.com\/2021\/06\/17\/cote-divoire-le-procureur-requiert-la-prison-a-vie-contre-guillaume-soro\/#breadcrumb\"},\"inLanguage\":\"fr-FR\",\"potentialAction\":[{\"@type\":\"ReadAction\",\"target\":[\"https:\/\/www.nettali.com\/2021\/06\/17\/cote-divoire-le-procureur-requiert-la-prison-a-vie-contre-guillaume-soro\/\"]}]},{\"@type\":\"BreadcrumbList\",\"@id\":\"https:\/\/www.nettali.com\/2021\/06\/17\/cote-divoire-le-procureur-requiert-la-prison-a-vie-contre-guillaume-soro\/#breadcrumb\",\"itemListElement\":[{\"@type\":\"ListItem\",\"position\":1,\"name\":\"Accueil\",\"item\":\"https:\/\/www.nettali.com\/\"},{\"@type\":\"ListItem\",\"position\":2,\"name\":\"COTE D\\u2019IVOIRE &#8211; Le procureur requiert la prison \\u00e0 vie contre Guillaume Soro\"}]},{\"@type\":\"Person\",\"@id\":\"https:\/\/www.nettali.com\/#\/schema\/person\/8a06c6bd7b19304cf4bf985862900b5b\",\"name\":\"Thierno Diop\",\"image\":{\"@type\":\"ImageObject\",\"@id\":\"https:\/\/www.nettali.com\/#personlogo\",\"inLanguage\":\"fr-FR\",\"url\":\"https:\/\/secure.gravatar.com\/avatar\/c8ca58550c94fd2ac856d27391a6c866?s=96&d=mm&r=g\",\"contentUrl\":\"https:\/\/secure.gravatar.com\/avatar\/c8ca58550c94fd2ac856d27391a6c866?s=96&d=mm&r=g\",\"caption\":\"Thierno Diop\"},\"sameAs\":[\"https:\/\/nettali.com\"]}]}<\/script>\n<!-- \/ Yoast SEO Premium plugin. -->","yoast_head_json":{"title":"COTE D\u2019IVOIRE - Le procureur requiert la prison \u00e0 vie contre Guillaume Soro | Nettali.com","robots":{"index":"index","follow":"follow","max-snippet":"max-snippet:-1","max-image-preview":"max-image-preview:large","max-video-preview":"max-video-preview:-1"},"canonical":"https:\/\/www.nettali.com\/2021\/06\/17\/cote-divoire-le-procureur-requiert-la-prison-a-vie-contre-guillaume-soro\/","og_locale":"fr_FR","og_type":"article","og_title":"COTE D\u2019IVOIRE - Le procureur requiert la prison \u00e0 vie contre Guillaume Soro","og_description":"NETTALI.COM - Le procureur de la R\u00e9publique de C\u00f4te d'Ivoire, Richard Adou, a requis mercredi la prison \u00e0 vie contre Guillaume Soro, ancien pr\u00e9sident de l'Assembl\u00e9e nationale, dans l'affaire de complot contre l'autorit\u00e9 de l'Etat. \"Je requiers que le tribunal d\u00e9clare Guillaume Soro coupable des faits qui lui sont reproch\u00e9s et le condamne \u00e0 l'emprisonnement [&hellip;]","og_url":"https:\/\/www.nettali.com\/2021\/06\/17\/cote-divoire-le-procureur-requiert-la-prison-a-vie-contre-guillaume-soro\/","og_site_name":"Nettali.com","article_publisher":"https:\/\/www.facebook.com\/nettalicom","article_published_time":"2021-06-17T13:02:53+00:00","og_image":[{"width":1244,"height":720,"url":"https:\/\/www.nettali.com\/wp-content\/uploads\/2020\/11\/guillaume-soro-cote-ivoire_0-1.jpg","type":"image\/jpeg"}],"twitter_card":"summary_large_image","twitter_misc":{"\u00c9crit par":"Thierno Diop","Dur\u00e9e de lecture estim\u00e9e":"2 minutes"},"schema":{"@context":"https:\/\/schema.org","@graph":[{"@type":"WebSite","@id":"https:\/\/www.nettali.com\/#website","url":"https:\/\/www.nettali.com\/","name":"Nettali.com","description":"Le rendez-vous critique du Net","potentialAction":[{"@type":"SearchAction","target":{"@type":"EntryPoint","urlTemplate":"https:\/\/www.nettali.com\/?s={search_term_string}"},"query-input":"required name=search_term_string"}],"inLanguage":"fr-FR"},{"@type":"ImageObject","@id":"https:\/\/www.nettali.com\/2021\/06\/17\/cote-divoire-le-procureur-requiert-la-prison-a-vie-contre-guillaume-soro\/#primaryimage","inLanguage":"fr-FR","url":"https:\/\/www.nettali.com\/wp-content\/uploads\/2020\/11\/guillaume-soro-cote-ivoire_0-1.jpg","contentUrl":"https:\/\/www.nettali.com\/wp-content\/uploads\/2020\/11\/guillaume-soro-cote-ivoire_0-1.jpg","width":1244,"height":720},{"@type":"WebPage","@id":"https:\/\/www.nettali.com\/2021\/06\/17\/cote-divoire-le-procureur-requiert-la-prison-a-vie-contre-guillaume-soro\/#webpage","url":"https:\/\/www.nettali.com\/2021\/06\/17\/cote-divoire-le-procureur-requiert-la-prison-a-vie-contre-guillaume-soro\/","name":"COTE D\u2019IVOIRE - Le procureur requiert la prison \u00e0 vie contre Guillaume Soro | Nettali.com","isPartOf":{"@id":"https:\/\/www.nettali.com\/#website"},"primaryImageOfPage":{"@id":"https:\/\/www.nettali.com\/2021\/06\/17\/cote-divoire-le-procureur-requiert-la-prison-a-vie-contre-guillaume-soro\/#primaryimage"},"datePublished":"2021-06-17T13:02:53+00:00","dateModified":"2021-06-17T13:02:53+00:00","author":{"@id":"https:\/\/www.nettali.com\/#\/schema\/person\/8a06c6bd7b19304cf4bf985862900b5b"},"breadcrumb":{"@id":"https:\/\/www.nettali.com\/2021\/06\/17\/cote-divoire-le-procureur-requiert-la-prison-a-vie-contre-guillaume-soro\/#breadcrumb"},"inLanguage":"fr-FR","potentialAction":[{"@type":"ReadAction","target":["https:\/\/www.nettali.com\/2021\/06\/17\/cote-divoire-le-procureur-requiert-la-prison-a-vie-contre-guillaume-soro\/"]}]},{"@type":"BreadcrumbList","@id":"https:\/\/www.nettali.com\/2021\/06\/17\/cote-divoire-le-procureur-requiert-la-prison-a-vie-contre-guillaume-soro\/#breadcrumb","itemListElement":[{"@type":"ListItem","position":1,"name":"Accueil","item":"https:\/\/www.nettali.com\/"},{"@type":"ListItem","position":2,"name":"COTE D\u2019IVOIRE &#8211; Le procureur requiert la prison \u00e0 vie contre Guillaume Soro"}]},{"@type":"Person","@id":"https:\/\/www.nettali.com\/#\/schema\/person\/8a06c6bd7b19304cf4bf985862900b5b","name":"Thierno Diop","image":{"@type":"ImageObject","@id":"https:\/\/www.nettali.com\/#personlogo","inLanguage":"fr-FR","url":"https:\/\/secure.gravatar.com\/avatar\/c8ca58550c94fd2ac856d27391a6c866?s=96&d=mm&r=g","contentUrl":"https:\/\/secure.gravatar.com\/avatar\/c8ca58550c94fd2ac856d27391a6c866?s=96&d=mm&r=g","caption":"Thierno Diop"},"sameAs":["https:\/\/nettali.com"]}]}},"_links":{"self":[{"href":"https:\/\/www.nettali.com\/rest\/wp\/v2\/posts\/66151"}],"collection":[{"href":"https:\/\/www.nettali.com\/rest\/wp\/v2\/posts"}],"about":[{"href":"https:\/\/www.nettali.com\/rest\/wp\/v2\/types\/post"}],"author":[{"embeddable":true,"href":"https:\/\/www.nettali.com\/rest\/wp\/v2\/users\/11"}],"replies":[{"embeddable":true,"href":"https:\/\/www.nettali.com\/rest\/wp\/v2\/comments?post=66151"}],"version-history":[{"count":1,"href":"https:\/\/www.nettali.com\/rest\/wp\/v2\/posts\/66151\/revisions"}],"predecessor-version":[{"id":66152,"href":"https:\/\/www.nettali.com\/rest\/wp\/v2\/posts\/66151\/revisions\/66152"}],"wp:featuredmedia":[{"embeddable":true,"href":"https:\/\/www.nettali.com\/rest\/wp\/v2\/media\/49817"}],"wp:attachment":[{"href":"https:\/\/www.nettali.com\/rest\/wp\/v2\/media?parent=66151"}],"wp:term":[{"taxonomy":"category","embeddable":true,"href":"https:\/\/www.nettali.com\/rest\/wp\/v2\/categories?post=66151"},{"taxonomy":"post_tag","embeddable":true,"href":"https:\/\/www.nettali.com\/rest\/wp\/v2\/tags?post=66151"}],"curies":[{"name":"wp","href":"https:\/\/api.w.org\/{rel}","templated":true}]}}