{"id":66143,"date":"2021-06-17T12:05:06","date_gmt":"2021-06-17T12:05:06","guid":{"rendered":"https:\/\/www.nettali.com\/?p=66143"},"modified":"2021-06-17T12:06:49","modified_gmt":"2021-06-17T12:06:49","slug":"condamne-a-3-mois-ferme-madiambal-conteste","status":"publish","type":"post","link":"https:\/\/www.nettali.com\/2021\/06\/17\/condamne-a-3-mois-ferme-madiambal-conteste\/","title":{"rendered":"CONDAMNE A 3 MOIS FERME \u2013 Madiambal conteste"},"content":{"rendered":"<p><strong>NETTALI.COM \u2013 Condamn\u00e9 \u00e0 3 mois ferme \u00e0 l\u2019issue du proc\u00e8s qui l\u2019a oppos\u00e9 au patron de l\u2019Union des magistrats s\u00e9n\u00e9galais, Souleymane T\u00e9liko, Madiambal Diagne conteste et parle de d\u00e9cision injuste. Il va interjeter appel.<\/strong><\/p>\n<p>Madiambal\u00a0 Diagne rejette sa condamnation, \u00e0 l\u2019issue du proc\u00e8s qui l\u2019a oppos\u00e9 \u00e0 Souleymane T\u00e9liko et compte interjeter appel.<\/p>\n<p>\"C'est une d\u00e9cision prise en fonction de consid\u00e9rations extrajudiciaires. J'ai apport\u00e9 toutes les preuves de mes affirmations devant le tribunal. Cette d\u00e9cision est injuste et nous allons faire appel. Par ailleurs, j'ai demand\u00e9 moi-m\u00eame l'autorisation de poursuivre Souleymane T\u00e9liko et j'esp\u00e8re qu'elle me sera donn\u00e9e\", d\u00e9clare Madiambal joint par Lib\u00e9ration Online.<\/p>\n<p>Pour rappel, la premi\u00e8re chambre correctionnelle du Tribunal de grande instance de Dakar a inflig\u00e9 une peine de 3 mois ferme \u00e0 Madiambal Diagne reconnu coupable de diffamation au pr\u00e9judice de Souleymane T\u00e9liko. Le patron du groupe Avenir communication a aussi \u00e9cop\u00e9 d'une amende de 500.000 F Cfa. Il doit aussi allouer 5 millions de Cfa au pr\u00e9sident de l'Union des magistrats s\u00e9n\u00e9galais ( Ums). Le tribunal a ordonn\u00e9 la publication de la d\u00e9cision dans les journaux \u00e0 ses frais sous astreinte de 100.000 F Cfa par jour de retard.<\/p>\n<p>Le juge n'a toutefois pas d\u00e9cern\u00e9 de mandat de d\u00e9p\u00f4t ou d'arr\u00eat \u00e0 son encontre. Il reviendra donc au procureur de la R\u00e9publique de faire les diligences qui s'imposent pour faire ex\u00e9cuter la d\u00e9cision.<\/p>\n<p>Souleymane T\u00e9liko a initi\u00e9 cette proc\u00e9dure car Madiambal Diagne l'a accus\u00e9 d'avoir d\u00e9tourn\u00e9 de l'argent des Chambres africaines extraordinaires. Le journaliste soutenait que le magistrat a \u00e9t\u00e9 \u00e9pingl\u00e9 par un rapport de l'Union europ\u00e9enne.<\/p>\n<p>&nbsp;<\/p>\n<div class='share-to-whatsapp-wrapper'><div class='share-on-whsp'>PARTAGER SUR : <\/div><a data-text='CONDAMNE A 3 MOIS FERME \u2013 Madiambal conteste' data-link='https:\/\/www.nettali.com\/2021\/06\/17\/condamne-a-3-mois-ferme-madiambal-conteste\/' class='whatsapp-button whatsapp-share'>WhatsApp<\/a><div class='clear '><\/div><\/div>","protected":false},"excerpt":{"rendered":"<p>NETTALI.COM \u2013 Condamn\u00e9 \u00e0 3 mois ferme \u00e0 l\u2019issue du proc\u00e8s qui l\u2019a oppos\u00e9 au patron de l\u2019Union des magistrats s\u00e9n\u00e9galais, Souleymane T\u00e9liko, Madiambal Diagne conteste et parle de d\u00e9cision injuste. Il va interjeter appel. Madiambal\u00a0 Diagne rejette sa condamnation, \u00e0 l\u2019issue du proc\u00e8s qui l\u2019a oppos\u00e9 \u00e0 Souleymane T\u00e9liko et compte interjeter appel. \"C'est [&hellip;]<\/p>\n","protected":false},"author":11,"featured_media":66144,"comment_status":"open","ping_status":"open","sticky":false,"template":"","format":"standard","meta":{"_et_pb_use_builder":"","_et_pb_old_content":""},"categories":[3],"tags":[],"yoast_head":"<!-- This site is optimized with the Yoast SEO Premium plugin v17.8 (Yoast SEO v17.8) - https:\/\/yoast.com\/wordpress\/plugins\/seo\/ -->\n<title>CONDAMNE A 3 MOIS FERME \u2013 Madiambal conteste | Nettali.com<\/title>\n<meta name=\"robots\" content=\"index, follow, max-snippet:-1, max-image-preview:large, max-video-preview:-1\" \/>\n<link rel=\"canonical\" href=\"https:\/\/www.nettali.com\/2021\/06\/17\/condamne-a-3-mois-ferme-madiambal-conteste\/\" \/>\n<meta property=\"og:locale\" content=\"fr_FR\" \/>\n<meta property=\"og:type\" content=\"article\" \/>\n<meta property=\"og:title\" content=\"CONDAMNE A 3 MOIS FERME \u2013 Madiambal conteste\" \/>\n<meta property=\"og:description\" content=\"NETTALI.COM \u2013 Condamn\u00e9 \u00e0 3 mois ferme \u00e0 l\u2019issue du proc\u00e8s qui l\u2019a oppos\u00e9 au patron de l\u2019Union des magistrats s\u00e9n\u00e9galais, Souleymane T\u00e9liko, Madiambal Diagne conteste et parle de d\u00e9cision injuste. Il va interjeter appel. Madiambal\u00a0 Diagne rejette sa condamnation, \u00e0 l\u2019issue du proc\u00e8s qui l\u2019a oppos\u00e9 \u00e0 Souleymane T\u00e9liko et compte interjeter appel. &quot;C&#039;est [&hellip;]\" \/>\n<meta property=\"og:url\" content=\"https:\/\/www.nettali.com\/2021\/06\/17\/condamne-a-3-mois-ferme-madiambal-conteste\/\" \/>\n<meta property=\"og:site_name\" content=\"Nettali.com\" \/>\n<meta property=\"article:publisher\" content=\"https:\/\/www.facebook.com\/nettalicom\" \/>\n<meta property=\"article:published_time\" content=\"2021-06-17T12:05:06+00:00\" \/>\n<meta property=\"article:modified_time\" content=\"2021-06-17T12:06:49+00:00\" \/>\n<meta property=\"og:image\" content=\"https:\/\/www.nettali.com\/wp-content\/uploads\/2021\/06\/madiambal-teliko.jpg\" \/>\n\t<meta property=\"og:image:width\" content=\"705\" \/>\n\t<meta property=\"og:image:height\" content=\"385\" \/>\n<meta name=\"twitter:card\" content=\"summary_large_image\" \/>\n<meta name=\"twitter:label1\" content=\"\u00c9crit par\" \/>\n\t<meta name=\"twitter:data1\" content=\"Thierno Diop\" \/>\n\t<meta name=\"twitter:label2\" content=\"Dur\u00e9e de lecture estim\u00e9e\" \/>\n\t<meta name=\"twitter:data2\" content=\"2 minutes\" \/>\n<script type=\"application\/ld+json\" class=\"yoast-schema-graph\">{\"@context\":\"https:\/\/schema.org\",\"@graph\":[{\"@type\":\"WebSite\",\"@id\":\"https:\/\/www.nettali.com\/#website\",\"url\":\"https:\/\/www.nettali.com\/\",\"name\":\"Nettali.com\",\"description\":\"Le rendez-vous critique du Net\",\"potentialAction\":[{\"@type\":\"SearchAction\",\"target\":{\"@type\":\"EntryPoint\",\"urlTemplate\":\"https:\/\/www.nettali.com\/?s={search_term_string}\"},\"query-input\":\"required name=search_term_string\"}],\"inLanguage\":\"fr-FR\"},{\"@type\":\"ImageObject\",\"@id\":\"https:\/\/www.nettali.com\/2021\/06\/17\/condamne-a-3-mois-ferme-madiambal-conteste\/#primaryimage\",\"inLanguage\":\"fr-FR\",\"url\":\"https:\/\/www.nettali.com\/wp-content\/uploads\/2021\/06\/madiambal-teliko.jpg\",\"contentUrl\":\"https:\/\/www.nettali.com\/wp-content\/uploads\/2021\/06\/madiambal-teliko.jpg\",\"width\":705,\"height\":385},{\"@type\":\"WebPage\",\"@id\":\"https:\/\/www.nettali.com\/2021\/06\/17\/condamne-a-3-mois-ferme-madiambal-conteste\/#webpage\",\"url\":\"https:\/\/www.nettali.com\/2021\/06\/17\/condamne-a-3-mois-ferme-madiambal-conteste\/\",\"name\":\"CONDAMNE A 3 MOIS FERME \\u2013 Madiambal conteste | Nettali.com\",\"isPartOf\":{\"@id\":\"https:\/\/www.nettali.com\/#website\"},\"primaryImageOfPage\":{\"@id\":\"https:\/\/www.nettali.com\/2021\/06\/17\/condamne-a-3-mois-ferme-madiambal-conteste\/#primaryimage\"},\"datePublished\":\"2021-06-17T12:05:06+00:00\",\"dateModified\":\"2021-06-17T12:06:49+00:00\",\"author\":{\"@id\":\"https:\/\/www.nettali.com\/#\/schema\/person\/8a06c6bd7b19304cf4bf985862900b5b\"},\"breadcrumb\":{\"@id\":\"https:\/\/www.nettali.com\/2021\/06\/17\/condamne-a-3-mois-ferme-madiambal-conteste\/#breadcrumb\"},\"inLanguage\":\"fr-FR\",\"potentialAction\":[{\"@type\":\"ReadAction\",\"target\":[\"https:\/\/www.nettali.com\/2021\/06\/17\/condamne-a-3-mois-ferme-madiambal-conteste\/\"]}]},{\"@type\":\"BreadcrumbList\",\"@id\":\"https:\/\/www.nettali.com\/2021\/06\/17\/condamne-a-3-mois-ferme-madiambal-conteste\/#breadcrumb\",\"itemListElement\":[{\"@type\":\"ListItem\",\"position\":1,\"name\":\"Accueil\",\"item\":\"https:\/\/www.nettali.com\/\"},{\"@type\":\"ListItem\",\"position\":2,\"name\":\"CONDAMNE A 3 MOIS FERME \\u2013 Madiambal conteste\"}]},{\"@type\":\"Person\",\"@id\":\"https:\/\/www.nettali.com\/#\/schema\/person\/8a06c6bd7b19304cf4bf985862900b5b\",\"name\":\"Thierno Diop\",\"image\":{\"@type\":\"ImageObject\",\"@id\":\"https:\/\/www.nettali.com\/#personlogo\",\"inLanguage\":\"fr-FR\",\"url\":\"https:\/\/secure.gravatar.com\/avatar\/c8ca58550c94fd2ac856d27391a6c866?s=96&d=mm&r=g\",\"contentUrl\":\"https:\/\/secure.gravatar.com\/avatar\/c8ca58550c94fd2ac856d27391a6c866?s=96&d=mm&r=g\",\"caption\":\"Thierno Diop\"},\"sameAs\":[\"https:\/\/nettali.com\"]}]}<\/script>\n<!-- \/ Yoast SEO Premium plugin. -->","yoast_head_json":{"title":"CONDAMNE A 3 MOIS FERME \u2013 Madiambal conteste | Nettali.com","robots":{"index":"index","follow":"follow","max-snippet":"max-snippet:-1","max-image-preview":"max-image-preview:large","max-video-preview":"max-video-preview:-1"},"canonical":"https:\/\/www.nettali.com\/2021\/06\/17\/condamne-a-3-mois-ferme-madiambal-conteste\/","og_locale":"fr_FR","og_type":"article","og_title":"CONDAMNE A 3 MOIS FERME \u2013 Madiambal conteste","og_description":"NETTALI.COM \u2013 Condamn\u00e9 \u00e0 3 mois ferme \u00e0 l\u2019issue du proc\u00e8s qui l\u2019a oppos\u00e9 au patron de l\u2019Union des magistrats s\u00e9n\u00e9galais, Souleymane T\u00e9liko, Madiambal Diagne conteste et parle de d\u00e9cision injuste. Il va interjeter appel. Madiambal\u00a0 Diagne rejette sa condamnation, \u00e0 l\u2019issue du proc\u00e8s qui l\u2019a oppos\u00e9 \u00e0 Souleymane T\u00e9liko et compte interjeter appel. \"C'est [&hellip;]","og_url":"https:\/\/www.nettali.com\/2021\/06\/17\/condamne-a-3-mois-ferme-madiambal-conteste\/","og_site_name":"Nettali.com","article_publisher":"https:\/\/www.facebook.com\/nettalicom","article_published_time":"2021-06-17T12:05:06+00:00","article_modified_time":"2021-06-17T12:06:49+00:00","og_image":[{"width":705,"height":385,"url":"https:\/\/www.nettali.com\/wp-content\/uploads\/2021\/06\/madiambal-teliko.jpg","type":"image\/jpeg"}],"twitter_card":"summary_large_image","twitter_misc":{"\u00c9crit par":"Thierno Diop","Dur\u00e9e de lecture estim\u00e9e":"2 minutes"},"schema":{"@context":"https:\/\/schema.org","@graph":[{"@type":"WebSite","@id":"https:\/\/www.nettali.com\/#website","url":"https:\/\/www.nettali.com\/","name":"Nettali.com","description":"Le rendez-vous critique du Net","potentialAction":[{"@type":"SearchAction","target":{"@type":"EntryPoint","urlTemplate":"https:\/\/www.nettali.com\/?s={search_term_string}"},"query-input":"required name=search_term_string"}],"inLanguage":"fr-FR"},{"@type":"ImageObject","@id":"https:\/\/www.nettali.com\/2021\/06\/17\/condamne-a-3-mois-ferme-madiambal-conteste\/#primaryimage","inLanguage":"fr-FR","url":"https:\/\/www.nettali.com\/wp-content\/uploads\/2021\/06\/madiambal-teliko.jpg","contentUrl":"https:\/\/www.nettali.com\/wp-content\/uploads\/2021\/06\/madiambal-teliko.jpg","width":705,"height":385},{"@type":"WebPage","@id":"https:\/\/www.nettali.com\/2021\/06\/17\/condamne-a-3-mois-ferme-madiambal-conteste\/#webpage","url":"https:\/\/www.nettali.com\/2021\/06\/17\/condamne-a-3-mois-ferme-madiambal-conteste\/","name":"CONDAMNE A 3 MOIS FERME \u2013 Madiambal conteste | Nettali.com","isPartOf":{"@id":"https:\/\/www.nettali.com\/#website"},"primaryImageOfPage":{"@id":"https:\/\/www.nettali.com\/2021\/06\/17\/condamne-a-3-mois-ferme-madiambal-conteste\/#primaryimage"},"datePublished":"2021-06-17T12:05:06+00:00","dateModified":"2021-06-17T12:06:49+00:00","author":{"@id":"https:\/\/www.nettali.com\/#\/schema\/person\/8a06c6bd7b19304cf4bf985862900b5b"},"breadcrumb":{"@id":"https:\/\/www.nettali.com\/2021\/06\/17\/condamne-a-3-mois-ferme-madiambal-conteste\/#breadcrumb"},"inLanguage":"fr-FR","potentialAction":[{"@type":"ReadAction","target":["https:\/\/www.nettali.com\/2021\/06\/17\/condamne-a-3-mois-ferme-madiambal-conteste\/"]}]},{"@type":"BreadcrumbList","@id":"https:\/\/www.nettali.com\/2021\/06\/17\/condamne-a-3-mois-ferme-madiambal-conteste\/#breadcrumb","itemListElement":[{"@type":"ListItem","position":1,"name":"Accueil","item":"https:\/\/www.nettali.com\/"},{"@type":"ListItem","position":2,"name":"CONDAMNE A 3 MOIS FERME \u2013 Madiambal conteste"}]},{"@type":"Person","@id":"https:\/\/www.nettali.com\/#\/schema\/person\/8a06c6bd7b19304cf4bf985862900b5b","name":"Thierno Diop","image":{"@type":"ImageObject","@id":"https:\/\/www.nettali.com\/#personlogo","inLanguage":"fr-FR","url":"https:\/\/secure.gravatar.com\/avatar\/c8ca58550c94fd2ac856d27391a6c866?s=96&d=mm&r=g","contentUrl":"https:\/\/secure.gravatar.com\/avatar\/c8ca58550c94fd2ac856d27391a6c866?s=96&d=mm&r=g","caption":"Thierno Diop"},"sameAs":["https:\/\/nettali.com"]}]}},"_links":{"self":[{"href":"https:\/\/www.nettali.com\/rest\/wp\/v2\/posts\/66143"}],"collection":[{"href":"https:\/\/www.nettali.com\/rest\/wp\/v2\/posts"}],"about":[{"href":"https:\/\/www.nettali.com\/rest\/wp\/v2\/types\/post"}],"author":[{"embeddable":true,"href":"https:\/\/www.nettali.com\/rest\/wp\/v2\/users\/11"}],"replies":[{"embeddable":true,"href":"https:\/\/www.nettali.com\/rest\/wp\/v2\/comments?post=66143"}],"version-history":[{"count":3,"href":"https:\/\/www.nettali.com\/rest\/wp\/v2\/posts\/66143\/revisions"}],"predecessor-version":[{"id":66147,"href":"https:\/\/www.nettali.com\/rest\/wp\/v2\/posts\/66143\/revisions\/66147"}],"wp:featuredmedia":[{"embeddable":true,"href":"https:\/\/www.nettali.com\/rest\/wp\/v2\/media\/66144"}],"wp:attachment":[{"href":"https:\/\/www.nettali.com\/rest\/wp\/v2\/media?parent=66143"}],"wp:term":[{"taxonomy":"category","embeddable":true,"href":"https:\/\/www.nettali.com\/rest\/wp\/v2\/categories?post=66143"},{"taxonomy":"post_tag","embeddable":true,"href":"https:\/\/www.nettali.com\/rest\/wp\/v2\/tags?post=66143"}],"curies":[{"name":"wp","href":"https:\/\/api.w.org\/{rel}","templated":true}]}}