{"id":66117,"date":"2021-06-17T11:14:11","date_gmt":"2021-06-17T11:14:11","guid":{"rendered":"https:\/\/www.nettali.com\/?p=66117"},"modified":"2021-06-17T21:08:23","modified_gmt":"2021-06-17T21:08:23","slug":"diffamation-au-prejudice-de-teliko-madiambal-diagne-condamne-a-3-mois-ferme","status":"publish","type":"post","link":"https:\/\/www.nettali.com\/2021\/06\/17\/diffamation-au-prejudice-de-teliko-madiambal-diagne-condamne-a-3-mois-ferme\/","title":{"rendered":"DIFFAMATION AU PR\u00c9JUDICE DE T\u00c9LIKO - Madiambal Diagne condamn\u00e9 \u00e0  3 mois ferme"},"content":{"rendered":"<p><strong>NETTALI.COM- Souleymane T\u00e9liko a gagn\u00e9 son proc\u00e8s contre Madiambal Diagne. Le journaliste a en effet \u00e9t\u00e9 reconnu coupable de diffamation et condamn\u00e9 \u00e0 une peine ferme et \u00e0 une amende.<\/strong><\/p>\n<p>3 mois ferme. C'est la peine que la premi\u00e8re chambre correctionnelle du Tribunal de grande instance de Dakar vient d'infliger \u00e0 Madiambal Diagne reconnu coupable de diffamation au pr\u00e9judice de Souleymane T\u00e9liko. Le patron du groupe Avenir communication a aussi \u00e9cop\u00e9 d'une amende de 500.000 F Cfa. Il doit aussi allouer 5 millions de Cfa au pr\u00e9sident de l'Union des magistrats s\u00e9n\u00e9galais ( Ums). Le tribunal a ordonn\u00e9 la publication de la d\u00e9cision dans les journaux \u00e0 ses frais sous astreinte de 100.000 F Cfa par jour de retard.<\/p>\n<p>Le juge n'a toutefois pas d\u00e9cern\u00e9 de mandat de d\u00e9p\u00f4t ou d'arr\u00eat \u00e0 son encontre. Il reviendra donc au procureur de la R\u00e9publique de faire les diligences qui s'imposent pour faire ex\u00e9cuter la d\u00e9cision.<\/p>\n<p>Souleymane T\u00e9liko a initi\u00e9 cette proc\u00e9dure car Madiambal Diagne l'a accus\u00e9 d'avoir d\u00e9tourn\u00e9 de l'argent des Chambres africaines extraordinaires. Le journaliste soutenait que le magistrat a \u00e9t\u00e9 \u00e9pingl\u00e9 par un rapport de l'Union europ\u00e9enne.<\/p>\n<p>Lors du proc\u00e8s le journaliste disait avoir fait un lapsus dans ses \u00e9crits car il s'agissait plut\u00f4t d'un rapport de l'Union africaine.<\/p>\n<p>Souleymane T\u00e9liko, qui a toujours r\u00e9fut\u00e9 les all\u00e9gations r\u00e9clamait, 500 millions de F Cfa de dommages et int\u00e9r\u00eats.<\/p>\n<div class='share-to-whatsapp-wrapper'><div class='share-on-whsp'>PARTAGER SUR : <\/div><a data-text='DIFFAMATION AU PR\u00c9JUDICE DE T\u00c9LIKO - Madiambal Diagne condamn\u00e9 \u00e0  3 mois ferme' data-link='https:\/\/www.nettali.com\/2021\/06\/17\/diffamation-au-prejudice-de-teliko-madiambal-diagne-condamne-a-3-mois-ferme\/' class='whatsapp-button whatsapp-share'>WhatsApp<\/a><div class='clear '><\/div><\/div>","protected":false},"excerpt":{"rendered":"<p>NETTALI.COM- Souleymane T\u00e9liko a gagn\u00e9 son proc\u00e8s contre Madiambal Diagne. Le journaliste a en effet \u00e9t\u00e9 reconnu coupable de diffamation et condamn\u00e9 \u00e0 une peine ferme et \u00e0 une amende. 3 mois ferme. C'est la peine que la premi\u00e8re chambre correctionnelle du Tribunal de grande instance de Dakar vient d'infliger \u00e0 Madiambal Diagne reconnu coupable [&hellip;]<\/p>\n","protected":false},"author":6,"featured_media":61422,"comment_status":"open","ping_status":"open","sticky":false,"template":"","format":"standard","meta":{"_et_pb_use_builder":"","_et_pb_old_content":""},"categories":[3878,3],"tags":[],"yoast_head":"<!-- This site is optimized with the Yoast SEO Premium plugin v17.8 (Yoast SEO v17.8) - https:\/\/yoast.com\/wordpress\/plugins\/seo\/ -->\n<title>DIFFAMATION AU PR\u00c9JUDICE DE T\u00c9LIKO - Madiambal Diagne condamn\u00e9 \u00e0 3 mois ferme | Nettali.com<\/title>\n<meta name=\"robots\" content=\"index, follow, max-snippet:-1, max-image-preview:large, max-video-preview:-1\" \/>\n<link rel=\"canonical\" href=\"https:\/\/www.nettali.com\/2021\/06\/17\/diffamation-au-prejudice-de-teliko-madiambal-diagne-condamne-a-3-mois-ferme\/\" \/>\n<meta property=\"og:locale\" content=\"fr_FR\" \/>\n<meta property=\"og:type\" content=\"article\" \/>\n<meta property=\"og:title\" content=\"DIFFAMATION AU PR\u00c9JUDICE DE T\u00c9LIKO - Madiambal Diagne condamn\u00e9 \u00e0 3 mois ferme\" \/>\n<meta property=\"og:description\" content=\"NETTALI.COM- Souleymane T\u00e9liko a gagn\u00e9 son proc\u00e8s contre Madiambal Diagne. Le journaliste a en effet \u00e9t\u00e9 reconnu coupable de diffamation et condamn\u00e9 \u00e0 une peine ferme et \u00e0 une amende. 3 mois ferme. C&#039;est la peine que la premi\u00e8re chambre correctionnelle du Tribunal de grande instance de Dakar vient d&#039;infliger \u00e0 Madiambal Diagne reconnu coupable [&hellip;]\" \/>\n<meta property=\"og:url\" content=\"https:\/\/www.nettali.com\/2021\/06\/17\/diffamation-au-prejudice-de-teliko-madiambal-diagne-condamne-a-3-mois-ferme\/\" \/>\n<meta property=\"og:site_name\" content=\"Nettali.com\" \/>\n<meta property=\"article:publisher\" content=\"https:\/\/www.facebook.com\/nettalicom\" \/>\n<meta property=\"article:published_time\" content=\"2021-06-17T11:14:11+00:00\" \/>\n<meta property=\"article:modified_time\" content=\"2021-06-17T21:08:23+00:00\" \/>\n<meta property=\"og:image\" content=\"https:\/\/www.nettali.com\/wp-content\/uploads\/2021\/04\/teliko-madiambal.jpg\" \/>\n\t<meta property=\"og:image:width\" content=\"1280\" \/>\n\t<meta property=\"og:image:height\" content=\"600\" \/>\n<meta name=\"twitter:card\" content=\"summary_large_image\" \/>\n<meta name=\"twitter:label1\" content=\"\u00c9crit par\" \/>\n\t<meta name=\"twitter:data1\" content=\"Fatou\" \/>\n\t<meta name=\"twitter:label2\" content=\"Dur\u00e9e de lecture estim\u00e9e\" \/>\n\t<meta name=\"twitter:data2\" content=\"1 minute\" \/>\n<script type=\"application\/ld+json\" class=\"yoast-schema-graph\">{\"@context\":\"https:\/\/schema.org\",\"@graph\":[{\"@type\":\"WebSite\",\"@id\":\"https:\/\/www.nettali.com\/#website\",\"url\":\"https:\/\/www.nettali.com\/\",\"name\":\"Nettali.com\",\"description\":\"Le rendez-vous critique du Net\",\"potentialAction\":[{\"@type\":\"SearchAction\",\"target\":{\"@type\":\"EntryPoint\",\"urlTemplate\":\"https:\/\/www.nettali.com\/?s={search_term_string}\"},\"query-input\":\"required name=search_term_string\"}],\"inLanguage\":\"fr-FR\"},{\"@type\":\"ImageObject\",\"@id\":\"https:\/\/www.nettali.com\/2021\/06\/17\/diffamation-au-prejudice-de-teliko-madiambal-diagne-condamne-a-3-mois-ferme\/#primaryimage\",\"inLanguage\":\"fr-FR\",\"url\":\"https:\/\/www.nettali.com\/wp-content\/uploads\/2021\/04\/teliko-madiambal.jpg\",\"contentUrl\":\"https:\/\/www.nettali.com\/wp-content\/uploads\/2021\/04\/teliko-madiambal.jpg\",\"width\":1280,\"height\":600},{\"@type\":\"WebPage\",\"@id\":\"https:\/\/www.nettali.com\/2021\/06\/17\/diffamation-au-prejudice-de-teliko-madiambal-diagne-condamne-a-3-mois-ferme\/#webpage\",\"url\":\"https:\/\/www.nettali.com\/2021\/06\/17\/diffamation-au-prejudice-de-teliko-madiambal-diagne-condamne-a-3-mois-ferme\/\",\"name\":\"DIFFAMATION AU PR\\u00c9JUDICE DE T\\u00c9LIKO - Madiambal Diagne condamn\\u00e9 \\u00e0 3 mois ferme | Nettali.com\",\"isPartOf\":{\"@id\":\"https:\/\/www.nettali.com\/#website\"},\"primaryImageOfPage\":{\"@id\":\"https:\/\/www.nettali.com\/2021\/06\/17\/diffamation-au-prejudice-de-teliko-madiambal-diagne-condamne-a-3-mois-ferme\/#primaryimage\"},\"datePublished\":\"2021-06-17T11:14:11+00:00\",\"dateModified\":\"2021-06-17T21:08:23+00:00\",\"author\":{\"@id\":\"https:\/\/www.nettali.com\/#\/schema\/person\/418274a86bdf87caff7a3ef476bd0bbf\"},\"breadcrumb\":{\"@id\":\"https:\/\/www.nettali.com\/2021\/06\/17\/diffamation-au-prejudice-de-teliko-madiambal-diagne-condamne-a-3-mois-ferme\/#breadcrumb\"},\"inLanguage\":\"fr-FR\",\"potentialAction\":[{\"@type\":\"ReadAction\",\"target\":[\"https:\/\/www.nettali.com\/2021\/06\/17\/diffamation-au-prejudice-de-teliko-madiambal-diagne-condamne-a-3-mois-ferme\/\"]}]},{\"@type\":\"BreadcrumbList\",\"@id\":\"https:\/\/www.nettali.com\/2021\/06\/17\/diffamation-au-prejudice-de-teliko-madiambal-diagne-condamne-a-3-mois-ferme\/#breadcrumb\",\"itemListElement\":[{\"@type\":\"ListItem\",\"position\":1,\"name\":\"Accueil\",\"item\":\"https:\/\/www.nettali.com\/\"},{\"@type\":\"ListItem\",\"position\":2,\"name\":\"DIFFAMATION AU PR\\u00c9JUDICE DE T\\u00c9LIKO &#8211; Madiambal Diagne condamn\\u00e9 \\u00e0 3 mois ferme\"}]},{\"@type\":\"Person\",\"@id\":\"https:\/\/www.nettali.com\/#\/schema\/person\/418274a86bdf87caff7a3ef476bd0bbf\",\"name\":\"Fatou\",\"image\":{\"@type\":\"ImageObject\",\"@id\":\"https:\/\/www.nettali.com\/#personlogo\",\"inLanguage\":\"fr-FR\",\"url\":\"https:\/\/secure.gravatar.com\/avatar\/5a9442a2bee7b4dcf167cab035858e9a?s=96&d=mm&r=g\",\"contentUrl\":\"https:\/\/secure.gravatar.com\/avatar\/5a9442a2bee7b4dcf167cab035858e9a?s=96&d=mm&r=g\",\"caption\":\"Fatou\"},\"sameAs\":[\"https:\/\/www.nettali.com\"]}]}<\/script>\n<!-- \/ Yoast SEO Premium plugin. -->","yoast_head_json":{"title":"DIFFAMATION AU PR\u00c9JUDICE DE T\u00c9LIKO - Madiambal Diagne condamn\u00e9 \u00e0 3 mois ferme | Nettali.com","robots":{"index":"index","follow":"follow","max-snippet":"max-snippet:-1","max-image-preview":"max-image-preview:large","max-video-preview":"max-video-preview:-1"},"canonical":"https:\/\/www.nettali.com\/2021\/06\/17\/diffamation-au-prejudice-de-teliko-madiambal-diagne-condamne-a-3-mois-ferme\/","og_locale":"fr_FR","og_type":"article","og_title":"DIFFAMATION AU PR\u00c9JUDICE DE T\u00c9LIKO - Madiambal Diagne condamn\u00e9 \u00e0 3 mois ferme","og_description":"NETTALI.COM- Souleymane T\u00e9liko a gagn\u00e9 son proc\u00e8s contre Madiambal Diagne. Le journaliste a en effet \u00e9t\u00e9 reconnu coupable de diffamation et condamn\u00e9 \u00e0 une peine ferme et \u00e0 une amende. 3 mois ferme. C'est la peine que la premi\u00e8re chambre correctionnelle du Tribunal de grande instance de Dakar vient d'infliger \u00e0 Madiambal Diagne reconnu coupable [&hellip;]","og_url":"https:\/\/www.nettali.com\/2021\/06\/17\/diffamation-au-prejudice-de-teliko-madiambal-diagne-condamne-a-3-mois-ferme\/","og_site_name":"Nettali.com","article_publisher":"https:\/\/www.facebook.com\/nettalicom","article_published_time":"2021-06-17T11:14:11+00:00","article_modified_time":"2021-06-17T21:08:23+00:00","og_image":[{"width":1280,"height":600,"url":"https:\/\/www.nettali.com\/wp-content\/uploads\/2021\/04\/teliko-madiambal.jpg","type":"image\/jpeg"}],"twitter_card":"summary_large_image","twitter_misc":{"\u00c9crit par":"Fatou","Dur\u00e9e de lecture estim\u00e9e":"1 minute"},"schema":{"@context":"https:\/\/schema.org","@graph":[{"@type":"WebSite","@id":"https:\/\/www.nettali.com\/#website","url":"https:\/\/www.nettali.com\/","name":"Nettali.com","description":"Le rendez-vous critique du Net","potentialAction":[{"@type":"SearchAction","target":{"@type":"EntryPoint","urlTemplate":"https:\/\/www.nettali.com\/?s={search_term_string}"},"query-input":"required name=search_term_string"}],"inLanguage":"fr-FR"},{"@type":"ImageObject","@id":"https:\/\/www.nettali.com\/2021\/06\/17\/diffamation-au-prejudice-de-teliko-madiambal-diagne-condamne-a-3-mois-ferme\/#primaryimage","inLanguage":"fr-FR","url":"https:\/\/www.nettali.com\/wp-content\/uploads\/2021\/04\/teliko-madiambal.jpg","contentUrl":"https:\/\/www.nettali.com\/wp-content\/uploads\/2021\/04\/teliko-madiambal.jpg","width":1280,"height":600},{"@type":"WebPage","@id":"https:\/\/www.nettali.com\/2021\/06\/17\/diffamation-au-prejudice-de-teliko-madiambal-diagne-condamne-a-3-mois-ferme\/#webpage","url":"https:\/\/www.nettali.com\/2021\/06\/17\/diffamation-au-prejudice-de-teliko-madiambal-diagne-condamne-a-3-mois-ferme\/","name":"DIFFAMATION AU PR\u00c9JUDICE DE T\u00c9LIKO - Madiambal Diagne condamn\u00e9 \u00e0 3 mois ferme | Nettali.com","isPartOf":{"@id":"https:\/\/www.nettali.com\/#website"},"primaryImageOfPage":{"@id":"https:\/\/www.nettali.com\/2021\/06\/17\/diffamation-au-prejudice-de-teliko-madiambal-diagne-condamne-a-3-mois-ferme\/#primaryimage"},"datePublished":"2021-06-17T11:14:11+00:00","dateModified":"2021-06-17T21:08:23+00:00","author":{"@id":"https:\/\/www.nettali.com\/#\/schema\/person\/418274a86bdf87caff7a3ef476bd0bbf"},"breadcrumb":{"@id":"https:\/\/www.nettali.com\/2021\/06\/17\/diffamation-au-prejudice-de-teliko-madiambal-diagne-condamne-a-3-mois-ferme\/#breadcrumb"},"inLanguage":"fr-FR","potentialAction":[{"@type":"ReadAction","target":["https:\/\/www.nettali.com\/2021\/06\/17\/diffamation-au-prejudice-de-teliko-madiambal-diagne-condamne-a-3-mois-ferme\/"]}]},{"@type":"BreadcrumbList","@id":"https:\/\/www.nettali.com\/2021\/06\/17\/diffamation-au-prejudice-de-teliko-madiambal-diagne-condamne-a-3-mois-ferme\/#breadcrumb","itemListElement":[{"@type":"ListItem","position":1,"name":"Accueil","item":"https:\/\/www.nettali.com\/"},{"@type":"ListItem","position":2,"name":"DIFFAMATION AU PR\u00c9JUDICE DE T\u00c9LIKO &#8211; Madiambal Diagne condamn\u00e9 \u00e0 3 mois ferme"}]},{"@type":"Person","@id":"https:\/\/www.nettali.com\/#\/schema\/person\/418274a86bdf87caff7a3ef476bd0bbf","name":"Fatou","image":{"@type":"ImageObject","@id":"https:\/\/www.nettali.com\/#personlogo","inLanguage":"fr-FR","url":"https:\/\/secure.gravatar.com\/avatar\/5a9442a2bee7b4dcf167cab035858e9a?s=96&d=mm&r=g","contentUrl":"https:\/\/secure.gravatar.com\/avatar\/5a9442a2bee7b4dcf167cab035858e9a?s=96&d=mm&r=g","caption":"Fatou"},"sameAs":["https:\/\/www.nettali.com"]}]}},"_links":{"self":[{"href":"https:\/\/www.nettali.com\/rest\/wp\/v2\/posts\/66117"}],"collection":[{"href":"https:\/\/www.nettali.com\/rest\/wp\/v2\/posts"}],"about":[{"href":"https:\/\/www.nettali.com\/rest\/wp\/v2\/types\/post"}],"author":[{"embeddable":true,"href":"https:\/\/www.nettali.com\/rest\/wp\/v2\/users\/6"}],"replies":[{"embeddable":true,"href":"https:\/\/www.nettali.com\/rest\/wp\/v2\/comments?post=66117"}],"version-history":[{"count":7,"href":"https:\/\/www.nettali.com\/rest\/wp\/v2\/posts\/66117\/revisions"}],"predecessor-version":[{"id":66142,"href":"https:\/\/www.nettali.com\/rest\/wp\/v2\/posts\/66117\/revisions\/66142"}],"wp:featuredmedia":[{"embeddable":true,"href":"https:\/\/www.nettali.com\/rest\/wp\/v2\/media\/61422"}],"wp:attachment":[{"href":"https:\/\/www.nettali.com\/rest\/wp\/v2\/media?parent=66117"}],"wp:term":[{"taxonomy":"category","embeddable":true,"href":"https:\/\/www.nettali.com\/rest\/wp\/v2\/categories?post=66117"},{"taxonomy":"post_tag","embeddable":true,"href":"https:\/\/www.nettali.com\/rest\/wp\/v2\/tags?post=66117"}],"curies":[{"name":"wp","href":"https:\/\/api.w.org\/{rel}","templated":true}]}}