{"id":66110,"date":"2021-06-17T08:46:18","date_gmt":"2021-06-17T08:46:18","guid":{"rendered":"https:\/\/www.nettali.com\/?p=66110"},"modified":"2021-06-17T11:18:46","modified_gmt":"2021-06-17T11:18:46","slug":"commission-politique-du-dialogue-national-lechec","status":"publish","type":"post","link":"https:\/\/www.nettali.com\/2021\/06\/17\/commission-politique-du-dialogue-national-lechec\/","title":{"rendered":"COMMISSION POLITIQUE DU DIALOGUE NATIONAL - L\u2019\u00e9chec ?"},"content":{"rendered":"<p>NETTALI.COM - Ainsi, \u00e0 presque six mois des \u00e9lections, rien n\u2019est encore jou\u00e9. Pour l\u2019expert en d\u00e9centralisation, Amadou S\u00e8ne Niang, cela t\u00e9moigne de l\u2019\u00e9chec de la Commission politique du dialogue national. \u201cVoil\u00e0 des gens qui, depuis trois ans, sont en train de discutailler \u00e0 gauche et \u00e0 droite et qui, jusqu\u2019\u00e0 pr\u00e9sent, peinent \u00e0 nous finaliser le travail. Cette commission a battu tous les records en mati\u00e8re de concertations et je pense que le pr\u00e9sident de la R\u00e9publique devrait prendre ses responsabilit\u00e9s. On n\u2019a jamais vu des n\u00e9gociations aussi longues. Ce qu\u2019ils n\u2019ont pu faire en trois ans, ils ne pourront le faire en un mois\u2019\u2019, peste le sp\u00e9cialiste.<\/p>\n<p>Pour lui, la question de la suppl\u00e9ance est fondamentale et jusqu\u2019\u00e0 pr\u00e9sent, personne ne sait ce qu\u2019il va advenir. \u201cTout \u00e7a, c\u2019est parce que, sur des pr\u00e9textes fallacieux, on a chang\u00e9 le mode d\u2019\u00e9lection des maires. Et maintenant, on ne sait pas comment faire pour le remplacer, en cas de vacance, comme cela a \u00e9t\u00e9 le cas pour Khalifa Sall, par exemple. Pour moi, il \u00e9tait beaucoup plus pertinent de maintenir l\u2019ancienne formule. On n\u2019en serait pas l\u00e0. Mais, on a dit que les conseillers peuvent \u00eatre achet\u00e9s. Ce qui est faux. Il faut regarder les statistiques. Sur les plus de 500 communes, il n\u2019y a pas 30 o\u00f9 celui qui dirigeait la liste n\u2019est pas pass\u00e9 maire. On ne l\u00e9gif\u00e8re pas sur la base de faux postulats\u2019\u2019.<\/p>\n<p>Pour l\u2019expert en d\u00e9centralisation, l\u2019Etat gagnerait, s\u2019il veut respecter les \u00e9ch\u00e9ances, \u00e0 mettre un terme au travail de la commission. \u201cOn n\u2019\u00e9crit pas des textes de loi avec une commission qui fait 20 membres de l\u2019opposition, 20 de la majorit\u00e9, 20 des non-align\u00e9s. Ce n\u2019est pas possible. Il nous faut une commission cellulaire d\u2019experts plus restreinte, si on veut avancer\u2019\u2019, a-t-il fulmin\u00e9.<\/p>\n<p>(Avec Enqu\u00eate)<\/p>\n<div class='share-to-whatsapp-wrapper'><div class='share-on-whsp'>PARTAGER SUR : <\/div><a data-text='COMMISSION POLITIQUE DU DIALOGUE NATIONAL - L\u2019\u00e9chec ?' data-link='https:\/\/www.nettali.com\/2021\/06\/17\/commission-politique-du-dialogue-national-lechec\/' class='whatsapp-button whatsapp-share'>WhatsApp<\/a><div class='clear '><\/div><\/div>","protected":false},"excerpt":{"rendered":"<p>NETTALI.COM - Ainsi, \u00e0 presque six mois des \u00e9lections, rien n\u2019est encore jou\u00e9. Pour l\u2019expert en d\u00e9centralisation, Amadou S\u00e8ne Niang, cela t\u00e9moigne de l\u2019\u00e9chec de la Commission politique du dialogue national. \u201cVoil\u00e0 des gens qui, depuis trois ans, sont en train de discutailler \u00e0 gauche et \u00e0 droite et qui, jusqu\u2019\u00e0 pr\u00e9sent, peinent \u00e0 nous [&hellip;]<\/p>\n","protected":false},"author":11,"featured_media":27632,"comment_status":"open","ping_status":"open","sticky":false,"template":"","format":"standard","meta":{"_et_pb_use_builder":"","_et_pb_old_content":""},"categories":[2],"tags":[],"yoast_head":"<!-- This site is optimized with the Yoast SEO Premium plugin v17.8 (Yoast SEO v17.8) - https:\/\/yoast.com\/wordpress\/plugins\/seo\/ -->\n<title>COMMISSION POLITIQUE DU DIALOGUE NATIONAL - L\u2019\u00e9chec ? | Nettali.com<\/title>\n<meta name=\"robots\" content=\"index, follow, max-snippet:-1, max-image-preview:large, max-video-preview:-1\" \/>\n<link rel=\"canonical\" href=\"https:\/\/www.nettali.com\/2021\/06\/17\/commission-politique-du-dialogue-national-lechec\/\" \/>\n<meta property=\"og:locale\" content=\"fr_FR\" \/>\n<meta property=\"og:type\" content=\"article\" \/>\n<meta property=\"og:title\" content=\"COMMISSION POLITIQUE DU DIALOGUE NATIONAL - L\u2019\u00e9chec ?\" \/>\n<meta property=\"og:description\" content=\"NETTALI.COM - Ainsi, \u00e0 presque six mois des \u00e9lections, rien n\u2019est encore jou\u00e9. Pour l\u2019expert en d\u00e9centralisation, Amadou S\u00e8ne Niang, cela t\u00e9moigne de l\u2019\u00e9chec de la Commission politique du dialogue national. \u201cVoil\u00e0 des gens qui, depuis trois ans, sont en train de discutailler \u00e0 gauche et \u00e0 droite et qui, jusqu\u2019\u00e0 pr\u00e9sent, peinent \u00e0 nous [&hellip;]\" \/>\n<meta property=\"og:url\" content=\"https:\/\/www.nettali.com\/2021\/06\/17\/commission-politique-du-dialogue-national-lechec\/\" \/>\n<meta property=\"og:site_name\" content=\"Nettali.com\" \/>\n<meta property=\"article:publisher\" content=\"https:\/\/www.facebook.com\/nettalicom\" \/>\n<meta property=\"article:published_time\" content=\"2021-06-17T08:46:18+00:00\" \/>\n<meta property=\"article:modified_time\" content=\"2021-06-17T11:18:46+00:00\" \/>\n<meta property=\"og:image\" content=\"https:\/\/www.nettali.com\/wp-content\/uploads\/2020\/01\/dialogue.jpg\" \/>\n\t<meta property=\"og:image:width\" content=\"699\" \/>\n\t<meta property=\"og:image:height\" content=\"453\" \/>\n<meta name=\"twitter:card\" content=\"summary_large_image\" \/>\n<meta name=\"twitter:label1\" content=\"\u00c9crit par\" \/>\n\t<meta name=\"twitter:data1\" content=\"Thierno Diop\" \/>\n\t<meta name=\"twitter:label2\" content=\"Dur\u00e9e de lecture estim\u00e9e\" \/>\n\t<meta name=\"twitter:data2\" content=\"2 minutes\" \/>\n<script type=\"application\/ld+json\" class=\"yoast-schema-graph\">{\"@context\":\"https:\/\/schema.org\",\"@graph\":[{\"@type\":\"WebSite\",\"@id\":\"https:\/\/www.nettali.com\/#website\",\"url\":\"https:\/\/www.nettali.com\/\",\"name\":\"Nettali.com\",\"description\":\"Le rendez-vous critique du Net\",\"potentialAction\":[{\"@type\":\"SearchAction\",\"target\":{\"@type\":\"EntryPoint\",\"urlTemplate\":\"https:\/\/www.nettali.com\/?s={search_term_string}\"},\"query-input\":\"required name=search_term_string\"}],\"inLanguage\":\"fr-FR\"},{\"@type\":\"ImageObject\",\"@id\":\"https:\/\/www.nettali.com\/2021\/06\/17\/commission-politique-du-dialogue-national-lechec\/#primaryimage\",\"inLanguage\":\"fr-FR\",\"url\":\"https:\/\/www.nettali.com\/wp-content\/uploads\/2020\/01\/dialogue.jpg\",\"contentUrl\":\"https:\/\/www.nettali.com\/wp-content\/uploads\/2020\/01\/dialogue.jpg\",\"width\":699,\"height\":453},{\"@type\":\"WebPage\",\"@id\":\"https:\/\/www.nettali.com\/2021\/06\/17\/commission-politique-du-dialogue-national-lechec\/#webpage\",\"url\":\"https:\/\/www.nettali.com\/2021\/06\/17\/commission-politique-du-dialogue-national-lechec\/\",\"name\":\"COMMISSION POLITIQUE DU DIALOGUE NATIONAL - L\\u2019\\u00e9chec ? | Nettali.com\",\"isPartOf\":{\"@id\":\"https:\/\/www.nettali.com\/#website\"},\"primaryImageOfPage\":{\"@id\":\"https:\/\/www.nettali.com\/2021\/06\/17\/commission-politique-du-dialogue-national-lechec\/#primaryimage\"},\"datePublished\":\"2021-06-17T08:46:18+00:00\",\"dateModified\":\"2021-06-17T11:18:46+00:00\",\"author\":{\"@id\":\"https:\/\/www.nettali.com\/#\/schema\/person\/8a06c6bd7b19304cf4bf985862900b5b\"},\"breadcrumb\":{\"@id\":\"https:\/\/www.nettali.com\/2021\/06\/17\/commission-politique-du-dialogue-national-lechec\/#breadcrumb\"},\"inLanguage\":\"fr-FR\",\"potentialAction\":[{\"@type\":\"ReadAction\",\"target\":[\"https:\/\/www.nettali.com\/2021\/06\/17\/commission-politique-du-dialogue-national-lechec\/\"]}]},{\"@type\":\"BreadcrumbList\",\"@id\":\"https:\/\/www.nettali.com\/2021\/06\/17\/commission-politique-du-dialogue-national-lechec\/#breadcrumb\",\"itemListElement\":[{\"@type\":\"ListItem\",\"position\":1,\"name\":\"Accueil\",\"item\":\"https:\/\/www.nettali.com\/\"},{\"@type\":\"ListItem\",\"position\":2,\"name\":\"COMMISSION POLITIQUE DU DIALOGUE NATIONAL &#8211; L\\u2019\\u00e9chec ?\"}]},{\"@type\":\"Person\",\"@id\":\"https:\/\/www.nettali.com\/#\/schema\/person\/8a06c6bd7b19304cf4bf985862900b5b\",\"name\":\"Thierno Diop\",\"image\":{\"@type\":\"ImageObject\",\"@id\":\"https:\/\/www.nettali.com\/#personlogo\",\"inLanguage\":\"fr-FR\",\"url\":\"https:\/\/secure.gravatar.com\/avatar\/c8ca58550c94fd2ac856d27391a6c866?s=96&d=mm&r=g\",\"contentUrl\":\"https:\/\/secure.gravatar.com\/avatar\/c8ca58550c94fd2ac856d27391a6c866?s=96&d=mm&r=g\",\"caption\":\"Thierno Diop\"},\"sameAs\":[\"https:\/\/nettali.com\"]}]}<\/script>\n<!-- \/ Yoast SEO Premium plugin. -->","yoast_head_json":{"title":"COMMISSION POLITIQUE DU DIALOGUE NATIONAL - L\u2019\u00e9chec ? | Nettali.com","robots":{"index":"index","follow":"follow","max-snippet":"max-snippet:-1","max-image-preview":"max-image-preview:large","max-video-preview":"max-video-preview:-1"},"canonical":"https:\/\/www.nettali.com\/2021\/06\/17\/commission-politique-du-dialogue-national-lechec\/","og_locale":"fr_FR","og_type":"article","og_title":"COMMISSION POLITIQUE DU DIALOGUE NATIONAL - L\u2019\u00e9chec ?","og_description":"NETTALI.COM - Ainsi, \u00e0 presque six mois des \u00e9lections, rien n\u2019est encore jou\u00e9. Pour l\u2019expert en d\u00e9centralisation, Amadou S\u00e8ne Niang, cela t\u00e9moigne de l\u2019\u00e9chec de la Commission politique du dialogue national. \u201cVoil\u00e0 des gens qui, depuis trois ans, sont en train de discutailler \u00e0 gauche et \u00e0 droite et qui, jusqu\u2019\u00e0 pr\u00e9sent, peinent \u00e0 nous [&hellip;]","og_url":"https:\/\/www.nettali.com\/2021\/06\/17\/commission-politique-du-dialogue-national-lechec\/","og_site_name":"Nettali.com","article_publisher":"https:\/\/www.facebook.com\/nettalicom","article_published_time":"2021-06-17T08:46:18+00:00","article_modified_time":"2021-06-17T11:18:46+00:00","og_image":[{"width":699,"height":453,"url":"https:\/\/www.nettali.com\/wp-content\/uploads\/2020\/01\/dialogue.jpg","type":"image\/jpeg"}],"twitter_card":"summary_large_image","twitter_misc":{"\u00c9crit par":"Thierno Diop","Dur\u00e9e de lecture estim\u00e9e":"2 minutes"},"schema":{"@context":"https:\/\/schema.org","@graph":[{"@type":"WebSite","@id":"https:\/\/www.nettali.com\/#website","url":"https:\/\/www.nettali.com\/","name":"Nettali.com","description":"Le rendez-vous critique du Net","potentialAction":[{"@type":"SearchAction","target":{"@type":"EntryPoint","urlTemplate":"https:\/\/www.nettali.com\/?s={search_term_string}"},"query-input":"required name=search_term_string"}],"inLanguage":"fr-FR"},{"@type":"ImageObject","@id":"https:\/\/www.nettali.com\/2021\/06\/17\/commission-politique-du-dialogue-national-lechec\/#primaryimage","inLanguage":"fr-FR","url":"https:\/\/www.nettali.com\/wp-content\/uploads\/2020\/01\/dialogue.jpg","contentUrl":"https:\/\/www.nettali.com\/wp-content\/uploads\/2020\/01\/dialogue.jpg","width":699,"height":453},{"@type":"WebPage","@id":"https:\/\/www.nettali.com\/2021\/06\/17\/commission-politique-du-dialogue-national-lechec\/#webpage","url":"https:\/\/www.nettali.com\/2021\/06\/17\/commission-politique-du-dialogue-national-lechec\/","name":"COMMISSION POLITIQUE DU DIALOGUE NATIONAL - L\u2019\u00e9chec ? | Nettali.com","isPartOf":{"@id":"https:\/\/www.nettali.com\/#website"},"primaryImageOfPage":{"@id":"https:\/\/www.nettali.com\/2021\/06\/17\/commission-politique-du-dialogue-national-lechec\/#primaryimage"},"datePublished":"2021-06-17T08:46:18+00:00","dateModified":"2021-06-17T11:18:46+00:00","author":{"@id":"https:\/\/www.nettali.com\/#\/schema\/person\/8a06c6bd7b19304cf4bf985862900b5b"},"breadcrumb":{"@id":"https:\/\/www.nettali.com\/2021\/06\/17\/commission-politique-du-dialogue-national-lechec\/#breadcrumb"},"inLanguage":"fr-FR","potentialAction":[{"@type":"ReadAction","target":["https:\/\/www.nettali.com\/2021\/06\/17\/commission-politique-du-dialogue-national-lechec\/"]}]},{"@type":"BreadcrumbList","@id":"https:\/\/www.nettali.com\/2021\/06\/17\/commission-politique-du-dialogue-national-lechec\/#breadcrumb","itemListElement":[{"@type":"ListItem","position":1,"name":"Accueil","item":"https:\/\/www.nettali.com\/"},{"@type":"ListItem","position":2,"name":"COMMISSION POLITIQUE DU DIALOGUE NATIONAL &#8211; L\u2019\u00e9chec ?"}]},{"@type":"Person","@id":"https:\/\/www.nettali.com\/#\/schema\/person\/8a06c6bd7b19304cf4bf985862900b5b","name":"Thierno Diop","image":{"@type":"ImageObject","@id":"https:\/\/www.nettali.com\/#personlogo","inLanguage":"fr-FR","url":"https:\/\/secure.gravatar.com\/avatar\/c8ca58550c94fd2ac856d27391a6c866?s=96&d=mm&r=g","contentUrl":"https:\/\/secure.gravatar.com\/avatar\/c8ca58550c94fd2ac856d27391a6c866?s=96&d=mm&r=g","caption":"Thierno Diop"},"sameAs":["https:\/\/nettali.com"]}]}},"_links":{"self":[{"href":"https:\/\/www.nettali.com\/rest\/wp\/v2\/posts\/66110"}],"collection":[{"href":"https:\/\/www.nettali.com\/rest\/wp\/v2\/posts"}],"about":[{"href":"https:\/\/www.nettali.com\/rest\/wp\/v2\/types\/post"}],"author":[{"embeddable":true,"href":"https:\/\/www.nettali.com\/rest\/wp\/v2\/users\/11"}],"replies":[{"embeddable":true,"href":"https:\/\/www.nettali.com\/rest\/wp\/v2\/comments?post=66110"}],"version-history":[{"count":1,"href":"https:\/\/www.nettali.com\/rest\/wp\/v2\/posts\/66110\/revisions"}],"predecessor-version":[{"id":66111,"href":"https:\/\/www.nettali.com\/rest\/wp\/v2\/posts\/66110\/revisions\/66111"}],"wp:featuredmedia":[{"embeddable":true,"href":"https:\/\/www.nettali.com\/rest\/wp\/v2\/media\/27632"}],"wp:attachment":[{"href":"https:\/\/www.nettali.com\/rest\/wp\/v2\/media?parent=66110"}],"wp:term":[{"taxonomy":"category","embeddable":true,"href":"https:\/\/www.nettali.com\/rest\/wp\/v2\/categories?post=66110"},{"taxonomy":"post_tag","embeddable":true,"href":"https:\/\/www.nettali.com\/rest\/wp\/v2\/tags?post=66110"}],"curies":[{"name":"wp","href":"https:\/\/api.w.org\/{rel}","templated":true}]}}