{"id":66105,"date":"2021-06-17T08:36:04","date_gmt":"2021-06-17T08:36:04","guid":{"rendered":"https:\/\/www.nettali.com\/?p=66105"},"modified":"2021-06-17T10:55:26","modified_gmt":"2021-06-17T10:55:26","slug":"affaire-aida-mbacke-la-dame-qui-avait-brule-vif-son-mari-juge-le-7-juillet-prochain","status":"publish","type":"post","link":"https:\/\/www.nettali.com\/2021\/06\/17\/affaire-aida-mbacke-la-dame-qui-avait-brule-vif-son-mari-juge-le-7-juillet-prochain\/","title":{"rendered":"ELLE AVAIT BRULE VIF SON MARI - A\u00efda Mback\u00e9 jug\u00e9e le 7 juillet prochain"},"content":{"rendered":"<p><strong>NETTALI.COM - Du nouveau dans le dossier A\u00efda Mback\u00e9<\/strong>. <strong>Cette dame, qui avait br\u00fbl\u00e9 vif son mari par jalousie, sera jug\u00e9e le 7 juillet prochain par la chambre criminelle de Dakar.\u00a0<\/strong><\/p>\n<p>&nbsp;<\/p>\n<p>Inculp\u00e9e le 6 d\u00e9cembre 2018 par le juge du huiti\u00e8me cabinet d\u2019instruction pour le crime d\u2019assassinat , A\u00efda Mback\u00e9 a comparu hier, de la chambre criminelle de Dakar. Toutefois, cette dame qui a br\u00fbl\u00e9 vif son mari n'a pu \u00eatre jug\u00e9e car son proc\u00e8s est renvoy\u00e9 au 7 juillet 2021 sur demande de ses avocats.<\/p>\n<p>A\u00efda Mback\u00e9, fille d\u2019un marabout mouride, Serigne Babacar Mback\u00e9 dit \u00ab Moukabaro \u00bb, a \u00e9t\u00e9 plac\u00e9e sous mandat de d\u00e9p\u00f4t le 6 d\u00e9cembre 2018 pour assassinat. Elle avait asperg\u00e9 d\u2019un liquide inflammable son \u00e9poux Cheikh Ndiaye avec qui elle vivait aux Maristes et qui fut disciple de son p\u00e8re.<\/p>\n<p>Sur les circonstances de ce drame conjugal, une de ses copines venait de lui raconter que son d\u00e9funt mari avait pris une seconde femme. Tenaill\u00e9e par la jalousie, la dame, qui \u00e9tait enceinte, a profit\u00e9 du sommeil de sa victime pour le br\u00fbler vif. Br\u00fbl\u00e9e aux doigts, elle a pu \u00eatre sauv\u00e9e, tandis que son conjoint a succomb\u00e9 \u00e0 ses blessures, au lendemain de la naissance de leur fils qu\u2019A\u00efda Mback\u00e9 portait.<\/p>\n<div class='share-to-whatsapp-wrapper'><div class='share-on-whsp'>PARTAGER SUR : <\/div><a data-text='ELLE AVAIT BRULE VIF SON MARI - A\u00efda Mback\u00e9 jug\u00e9e le 7 juillet prochain' data-link='https:\/\/www.nettali.com\/2021\/06\/17\/affaire-aida-mbacke-la-dame-qui-avait-brule-vif-son-mari-juge-le-7-juillet-prochain\/' class='whatsapp-button whatsapp-share'>WhatsApp<\/a><div class='clear '><\/div><\/div>","protected":false},"excerpt":{"rendered":"<p>NETTALI.COM - Du nouveau dans le dossier A\u00efda Mback\u00e9. Cette dame, qui avait br\u00fbl\u00e9 vif son mari par jalousie, sera jug\u00e9e le 7 juillet prochain par la chambre criminelle de Dakar.\u00a0 &nbsp; Inculp\u00e9e le 6 d\u00e9cembre 2018 par le juge du huiti\u00e8me cabinet d\u2019instruction pour le crime d\u2019assassinat , A\u00efda Mback\u00e9 a comparu hier, de [&hellip;]<\/p>\n","protected":false},"author":6,"featured_media":23858,"comment_status":"open","ping_status":"open","sticky":false,"template":"","format":"standard","meta":{"_et_pb_use_builder":"","_et_pb_old_content":""},"categories":[3],"tags":[],"yoast_head":"<!-- This site is optimized with the Yoast SEO Premium plugin v17.8 (Yoast SEO v17.8) - https:\/\/yoast.com\/wordpress\/plugins\/seo\/ -->\n<title>ELLE AVAIT BRULE VIF SON MARI - A\u00efda Mback\u00e9 jug\u00e9e le 7 juillet prochain | Nettali.com<\/title>\n<meta name=\"robots\" content=\"index, follow, max-snippet:-1, max-image-preview:large, max-video-preview:-1\" \/>\n<link rel=\"canonical\" href=\"https:\/\/www.nettali.com\/2021\/06\/17\/affaire-aida-mbacke-la-dame-qui-avait-brule-vif-son-mari-juge-le-7-juillet-prochain\/\" \/>\n<meta property=\"og:locale\" content=\"fr_FR\" \/>\n<meta property=\"og:type\" content=\"article\" \/>\n<meta property=\"og:title\" content=\"ELLE AVAIT BRULE VIF SON MARI - A\u00efda Mback\u00e9 jug\u00e9e le 7 juillet prochain\" \/>\n<meta property=\"og:description\" content=\"NETTALI.COM - Du nouveau dans le dossier A\u00efda Mback\u00e9. Cette dame, qui avait br\u00fbl\u00e9 vif son mari par jalousie, sera jug\u00e9e le 7 juillet prochain par la chambre criminelle de Dakar.\u00a0 &nbsp; Inculp\u00e9e le 6 d\u00e9cembre 2018 par le juge du huiti\u00e8me cabinet d\u2019instruction pour le crime d\u2019assassinat , A\u00efda Mback\u00e9 a comparu hier, de [&hellip;]\" \/>\n<meta property=\"og:url\" content=\"https:\/\/www.nettali.com\/2021\/06\/17\/affaire-aida-mbacke-la-dame-qui-avait-brule-vif-son-mari-juge-le-7-juillet-prochain\/\" \/>\n<meta property=\"og:site_name\" content=\"Nettali.com\" \/>\n<meta property=\"article:publisher\" content=\"https:\/\/www.facebook.com\/nettalicom\" \/>\n<meta property=\"article:published_time\" content=\"2021-06-17T08:36:04+00:00\" \/>\n<meta property=\"article:modified_time\" content=\"2021-06-17T10:55:26+00:00\" \/>\n<meta property=\"og:image\" content=\"https:\/\/www.nettali.com\/wp-content\/uploads\/2019\/12\/Aida-Mbacke.jpg\" \/>\n\t<meta property=\"og:image:width\" content=\"600\" \/>\n\t<meta property=\"og:image:height\" content=\"600\" \/>\n<meta name=\"twitter:card\" content=\"summary_large_image\" \/>\n<meta name=\"twitter:label1\" content=\"\u00c9crit par\" \/>\n\t<meta name=\"twitter:data1\" content=\"Fatou\" \/>\n\t<meta name=\"twitter:label2\" content=\"Dur\u00e9e de lecture estim\u00e9e\" \/>\n\t<meta name=\"twitter:data2\" content=\"1 minute\" \/>\n<script type=\"application\/ld+json\" class=\"yoast-schema-graph\">{\"@context\":\"https:\/\/schema.org\",\"@graph\":[{\"@type\":\"WebSite\",\"@id\":\"https:\/\/www.nettali.com\/#website\",\"url\":\"https:\/\/www.nettali.com\/\",\"name\":\"Nettali.com\",\"description\":\"Le rendez-vous critique du Net\",\"potentialAction\":[{\"@type\":\"SearchAction\",\"target\":{\"@type\":\"EntryPoint\",\"urlTemplate\":\"https:\/\/www.nettali.com\/?s={search_term_string}\"},\"query-input\":\"required name=search_term_string\"}],\"inLanguage\":\"fr-FR\"},{\"@type\":\"ImageObject\",\"@id\":\"https:\/\/www.nettali.com\/2021\/06\/17\/affaire-aida-mbacke-la-dame-qui-avait-brule-vif-son-mari-juge-le-7-juillet-prochain\/#primaryimage\",\"inLanguage\":\"fr-FR\",\"url\":\"https:\/\/www.nettali.com\/wp-content\/uploads\/2019\/12\/Aida-Mbacke.jpg\",\"contentUrl\":\"https:\/\/www.nettali.com\/wp-content\/uploads\/2019\/12\/Aida-Mbacke.jpg\",\"width\":600,\"height\":600},{\"@type\":\"WebPage\",\"@id\":\"https:\/\/www.nettali.com\/2021\/06\/17\/affaire-aida-mbacke-la-dame-qui-avait-brule-vif-son-mari-juge-le-7-juillet-prochain\/#webpage\",\"url\":\"https:\/\/www.nettali.com\/2021\/06\/17\/affaire-aida-mbacke-la-dame-qui-avait-brule-vif-son-mari-juge-le-7-juillet-prochain\/\",\"name\":\"ELLE AVAIT BRULE VIF SON MARI - A\\u00efda Mback\\u00e9 jug\\u00e9e le 7 juillet prochain | Nettali.com\",\"isPartOf\":{\"@id\":\"https:\/\/www.nettali.com\/#website\"},\"primaryImageOfPage\":{\"@id\":\"https:\/\/www.nettali.com\/2021\/06\/17\/affaire-aida-mbacke-la-dame-qui-avait-brule-vif-son-mari-juge-le-7-juillet-prochain\/#primaryimage\"},\"datePublished\":\"2021-06-17T08:36:04+00:00\",\"dateModified\":\"2021-06-17T10:55:26+00:00\",\"author\":{\"@id\":\"https:\/\/www.nettali.com\/#\/schema\/person\/418274a86bdf87caff7a3ef476bd0bbf\"},\"breadcrumb\":{\"@id\":\"https:\/\/www.nettali.com\/2021\/06\/17\/affaire-aida-mbacke-la-dame-qui-avait-brule-vif-son-mari-juge-le-7-juillet-prochain\/#breadcrumb\"},\"inLanguage\":\"fr-FR\",\"potentialAction\":[{\"@type\":\"ReadAction\",\"target\":[\"https:\/\/www.nettali.com\/2021\/06\/17\/affaire-aida-mbacke-la-dame-qui-avait-brule-vif-son-mari-juge-le-7-juillet-prochain\/\"]}]},{\"@type\":\"BreadcrumbList\",\"@id\":\"https:\/\/www.nettali.com\/2021\/06\/17\/affaire-aida-mbacke-la-dame-qui-avait-brule-vif-son-mari-juge-le-7-juillet-prochain\/#breadcrumb\",\"itemListElement\":[{\"@type\":\"ListItem\",\"position\":1,\"name\":\"Accueil\",\"item\":\"https:\/\/www.nettali.com\/\"},{\"@type\":\"ListItem\",\"position\":2,\"name\":\"ELLE AVAIT BRULE VIF SON MARI &#8211; A\\u00efda Mback\\u00e9 jug\\u00e9e le 7 juillet prochain\"}]},{\"@type\":\"Person\",\"@id\":\"https:\/\/www.nettali.com\/#\/schema\/person\/418274a86bdf87caff7a3ef476bd0bbf\",\"name\":\"Fatou\",\"image\":{\"@type\":\"ImageObject\",\"@id\":\"https:\/\/www.nettali.com\/#personlogo\",\"inLanguage\":\"fr-FR\",\"url\":\"https:\/\/secure.gravatar.com\/avatar\/5a9442a2bee7b4dcf167cab035858e9a?s=96&d=mm&r=g\",\"contentUrl\":\"https:\/\/secure.gravatar.com\/avatar\/5a9442a2bee7b4dcf167cab035858e9a?s=96&d=mm&r=g\",\"caption\":\"Fatou\"},\"sameAs\":[\"https:\/\/www.nettali.com\"]}]}<\/script>\n<!-- \/ Yoast SEO Premium plugin. -->","yoast_head_json":{"title":"ELLE AVAIT BRULE VIF SON MARI - A\u00efda Mback\u00e9 jug\u00e9e le 7 juillet prochain | Nettali.com","robots":{"index":"index","follow":"follow","max-snippet":"max-snippet:-1","max-image-preview":"max-image-preview:large","max-video-preview":"max-video-preview:-1"},"canonical":"https:\/\/www.nettali.com\/2021\/06\/17\/affaire-aida-mbacke-la-dame-qui-avait-brule-vif-son-mari-juge-le-7-juillet-prochain\/","og_locale":"fr_FR","og_type":"article","og_title":"ELLE AVAIT BRULE VIF SON MARI - A\u00efda Mback\u00e9 jug\u00e9e le 7 juillet prochain","og_description":"NETTALI.COM - Du nouveau dans le dossier A\u00efda Mback\u00e9. Cette dame, qui avait br\u00fbl\u00e9 vif son mari par jalousie, sera jug\u00e9e le 7 juillet prochain par la chambre criminelle de Dakar.\u00a0 &nbsp; Inculp\u00e9e le 6 d\u00e9cembre 2018 par le juge du huiti\u00e8me cabinet d\u2019instruction pour le crime d\u2019assassinat , A\u00efda Mback\u00e9 a comparu hier, de [&hellip;]","og_url":"https:\/\/www.nettali.com\/2021\/06\/17\/affaire-aida-mbacke-la-dame-qui-avait-brule-vif-son-mari-juge-le-7-juillet-prochain\/","og_site_name":"Nettali.com","article_publisher":"https:\/\/www.facebook.com\/nettalicom","article_published_time":"2021-06-17T08:36:04+00:00","article_modified_time":"2021-06-17T10:55:26+00:00","og_image":[{"width":600,"height":600,"url":"https:\/\/www.nettali.com\/wp-content\/uploads\/2019\/12\/Aida-Mbacke.jpg","type":"image\/jpeg"}],"twitter_card":"summary_large_image","twitter_misc":{"\u00c9crit par":"Fatou","Dur\u00e9e de lecture estim\u00e9e":"1 minute"},"schema":{"@context":"https:\/\/schema.org","@graph":[{"@type":"WebSite","@id":"https:\/\/www.nettali.com\/#website","url":"https:\/\/www.nettali.com\/","name":"Nettali.com","description":"Le rendez-vous critique du Net","potentialAction":[{"@type":"SearchAction","target":{"@type":"EntryPoint","urlTemplate":"https:\/\/www.nettali.com\/?s={search_term_string}"},"query-input":"required name=search_term_string"}],"inLanguage":"fr-FR"},{"@type":"ImageObject","@id":"https:\/\/www.nettali.com\/2021\/06\/17\/affaire-aida-mbacke-la-dame-qui-avait-brule-vif-son-mari-juge-le-7-juillet-prochain\/#primaryimage","inLanguage":"fr-FR","url":"https:\/\/www.nettali.com\/wp-content\/uploads\/2019\/12\/Aida-Mbacke.jpg","contentUrl":"https:\/\/www.nettali.com\/wp-content\/uploads\/2019\/12\/Aida-Mbacke.jpg","width":600,"height":600},{"@type":"WebPage","@id":"https:\/\/www.nettali.com\/2021\/06\/17\/affaire-aida-mbacke-la-dame-qui-avait-brule-vif-son-mari-juge-le-7-juillet-prochain\/#webpage","url":"https:\/\/www.nettali.com\/2021\/06\/17\/affaire-aida-mbacke-la-dame-qui-avait-brule-vif-son-mari-juge-le-7-juillet-prochain\/","name":"ELLE AVAIT BRULE VIF SON MARI - A\u00efda Mback\u00e9 jug\u00e9e le 7 juillet prochain | Nettali.com","isPartOf":{"@id":"https:\/\/www.nettali.com\/#website"},"primaryImageOfPage":{"@id":"https:\/\/www.nettali.com\/2021\/06\/17\/affaire-aida-mbacke-la-dame-qui-avait-brule-vif-son-mari-juge-le-7-juillet-prochain\/#primaryimage"},"datePublished":"2021-06-17T08:36:04+00:00","dateModified":"2021-06-17T10:55:26+00:00","author":{"@id":"https:\/\/www.nettali.com\/#\/schema\/person\/418274a86bdf87caff7a3ef476bd0bbf"},"breadcrumb":{"@id":"https:\/\/www.nettali.com\/2021\/06\/17\/affaire-aida-mbacke-la-dame-qui-avait-brule-vif-son-mari-juge-le-7-juillet-prochain\/#breadcrumb"},"inLanguage":"fr-FR","potentialAction":[{"@type":"ReadAction","target":["https:\/\/www.nettali.com\/2021\/06\/17\/affaire-aida-mbacke-la-dame-qui-avait-brule-vif-son-mari-juge-le-7-juillet-prochain\/"]}]},{"@type":"BreadcrumbList","@id":"https:\/\/www.nettali.com\/2021\/06\/17\/affaire-aida-mbacke-la-dame-qui-avait-brule-vif-son-mari-juge-le-7-juillet-prochain\/#breadcrumb","itemListElement":[{"@type":"ListItem","position":1,"name":"Accueil","item":"https:\/\/www.nettali.com\/"},{"@type":"ListItem","position":2,"name":"ELLE AVAIT BRULE VIF SON MARI &#8211; A\u00efda Mback\u00e9 jug\u00e9e le 7 juillet prochain"}]},{"@type":"Person","@id":"https:\/\/www.nettali.com\/#\/schema\/person\/418274a86bdf87caff7a3ef476bd0bbf","name":"Fatou","image":{"@type":"ImageObject","@id":"https:\/\/www.nettali.com\/#personlogo","inLanguage":"fr-FR","url":"https:\/\/secure.gravatar.com\/avatar\/5a9442a2bee7b4dcf167cab035858e9a?s=96&d=mm&r=g","contentUrl":"https:\/\/secure.gravatar.com\/avatar\/5a9442a2bee7b4dcf167cab035858e9a?s=96&d=mm&r=g","caption":"Fatou"},"sameAs":["https:\/\/www.nettali.com"]}]}},"_links":{"self":[{"href":"https:\/\/www.nettali.com\/rest\/wp\/v2\/posts\/66105"}],"collection":[{"href":"https:\/\/www.nettali.com\/rest\/wp\/v2\/posts"}],"about":[{"href":"https:\/\/www.nettali.com\/rest\/wp\/v2\/types\/post"}],"author":[{"embeddable":true,"href":"https:\/\/www.nettali.com\/rest\/wp\/v2\/users\/6"}],"replies":[{"embeddable":true,"href":"https:\/\/www.nettali.com\/rest\/wp\/v2\/comments?post=66105"}],"version-history":[{"count":5,"href":"https:\/\/www.nettali.com\/rest\/wp\/v2\/posts\/66105\/revisions"}],"predecessor-version":[{"id":66119,"href":"https:\/\/www.nettali.com\/rest\/wp\/v2\/posts\/66105\/revisions\/66119"}],"wp:featuredmedia":[{"embeddable":true,"href":"https:\/\/www.nettali.com\/rest\/wp\/v2\/media\/23858"}],"wp:attachment":[{"href":"https:\/\/www.nettali.com\/rest\/wp\/v2\/media?parent=66105"}],"wp:term":[{"taxonomy":"category","embeddable":true,"href":"https:\/\/www.nettali.com\/rest\/wp\/v2\/categories?post=66105"},{"taxonomy":"post_tag","embeddable":true,"href":"https:\/\/www.nettali.com\/rest\/wp\/v2\/tags?post=66105"}],"curies":[{"name":"wp","href":"https:\/\/api.w.org\/{rel}","templated":true}]}}