{"id":66073,"date":"2021-06-16T22:18:01","date_gmt":"2021-06-16T22:18:01","guid":{"rendered":"https:\/\/www.nettali.com\/?p=66073"},"modified":"2021-06-17T08:47:53","modified_gmt":"2021-06-17T08:47:53","slug":"afp-moustapha-niasse-cede-les-commandes-aux-jeunes","status":"publish","type":"post","link":"https:\/\/www.nettali.com\/2021\/06\/16\/afp-moustapha-niasse-cede-les-commandes-aux-jeunes\/","title":{"rendered":"AFP - Moustapha Niasse c\u00e8de les commandes aux jeunes"},"content":{"rendered":"<p><strong>NETTALI.COM - Le secr\u00e9taire g\u00e9n\u00e9ral de l'Alliance des Forces de \u00a0Progr\u00e8s (AFP), Moustapha Niasse, va c\u00e9der les r\u00eanes du parti \u00e0 la jeunesse. Il l'a fait savoir ce mercredi \u00e0 l\u2019occasion de la c\u00e9l\u00e9bration du 22\u00e8me anniversaire de la formation politique.<\/strong><\/p>\n<p>C'est fait. Le pr\u00e9sident de l\u2019Assembl\u00e9e nationale a annonc\u00e9 son retrait de la direction de son parti.<\/p>\n<p>\" <em>Vous jeunes de notre pays, jeunes de notre parti, jeunes des autres partis, jeunes de l\u2019opposition, jeunes de la soci\u00e9t\u00e9 civile, jeunes des villes et des zones rurales, c\u2019est vous l\u2019avenir de notre pays<\/em>\", a confi\u00e9 Moustapha Niasse aux jeunes de son parti.<\/p>\n<p>\" <em>J\u2019ai dit et je redis aujourd\u2019hui encore une fois que les personnes de mon \u00e2ge sont pr\u00eates \u00e0 passer le flambeau \u00e0 la jeune g\u00e9n\u00e9ration et aux jeunes cadres de notre parti : femmes, jeunes filles y comprises, hommes et jeunes. L\u2019Alliance des forces de progr\u00e8s (AFP) a enregistr\u00e9 plus de 600 cadres nationaux dans l\u2019alliance nationale des cadres pour le progr\u00e8s. Parmi eux, on peut trouver 60 \u00e0 70 hommes et femmes qui peuvent, chacune et chacun \u00e0 son niveau, diriger (l\u2019AFP) \u00e0 ma place. Chacun de ces cadres, bien form\u00e9s depuis 22 ans, est en mesure de prendre au milieu d\u2019une \u00e9quipe et \u00e0 la t\u00eate d\u2019une \u00e9quipe le pr\u00e9sent et l\u2019avenir de l\u2019AFP. Ce qui ne signifie pas que les vieux que nous sommes vont partir, non. On sera l\u00e0 avec vous mais c\u2019est vous qui allez diriger d\u00e8s le prochain Congr\u00e8s (pour qu\u2019on) ait une nouvelle direction, une direction jeune, une direction engag\u00e9e, elle l\u2019est d\u00e9j\u00e0, une direction organis\u00e9e, elle l\u2019est d\u00e9j\u00e0. Une direction qui s\u2019ouvre \u00e0 la coop\u00e9ration avec toute bonne volont\u00e9 susceptible ou capable ou volontaire pour venir poursuivre le travail que nous faisons<\/em>\", a-t-il mentionn\u00e9.<\/p>\n<p>Non sans rappeler : \" <em>La vie de l\u2019AFP n\u2019est pas li\u00e9e \u00e0 son Secr\u00e9taire g\u00e9n\u00e9ral encore moins \u00e0 la vie de son Secr\u00e9taire g\u00e9n\u00e9ral. C\u2019est un mortel comme tout le monde. Nous b\u00e2tissons le parti de l\u2019avenir. Nous b\u00e2tissons un parti qui va durer autant que Dieu le voudra<\/em>\".<\/p>\n<p>A noter que le prochain Congr\u00e8s de l\u2019AFP aura lieu en 2022.<\/p>\n<div class='share-to-whatsapp-wrapper'><div class='share-on-whsp'>PARTAGER SUR : <\/div><a data-text='AFP - Moustapha Niasse c\u00e8de les commandes aux jeunes' data-link='https:\/\/www.nettali.com\/2021\/06\/16\/afp-moustapha-niasse-cede-les-commandes-aux-jeunes\/' class='whatsapp-button whatsapp-share'>WhatsApp<\/a><div class='clear '><\/div><\/div>","protected":false},"excerpt":{"rendered":"<p>NETTALI.COM - Le secr\u00e9taire g\u00e9n\u00e9ral de l'Alliance des Forces de \u00a0Progr\u00e8s (AFP), Moustapha Niasse, va c\u00e9der les r\u00eanes du parti \u00e0 la jeunesse. Il l'a fait savoir ce mercredi \u00e0 l\u2019occasion de la c\u00e9l\u00e9bration du 22\u00e8me anniversaire de la formation politique. C'est fait. Le pr\u00e9sident de l\u2019Assembl\u00e9e nationale a annonc\u00e9 son retrait de la direction [&hellip;]<\/p>\n","protected":false},"author":5,"featured_media":66072,"comment_status":"open","ping_status":"open","sticky":false,"template":"","format":"standard","meta":{"_et_pb_use_builder":"","_et_pb_old_content":""},"categories":[2],"tags":[],"yoast_head":"<!-- This site is optimized with the Yoast SEO Premium plugin v17.8 (Yoast SEO v17.8) - https:\/\/yoast.com\/wordpress\/plugins\/seo\/ -->\n<title>AFP - Moustapha Niasse c\u00e8de les commandes aux jeunes | Nettali.com<\/title>\n<meta name=\"robots\" content=\"index, follow, max-snippet:-1, max-image-preview:large, max-video-preview:-1\" \/>\n<link rel=\"canonical\" href=\"https:\/\/www.nettali.com\/2021\/06\/16\/afp-moustapha-niasse-cede-les-commandes-aux-jeunes\/\" \/>\n<meta property=\"og:locale\" content=\"fr_FR\" \/>\n<meta property=\"og:type\" content=\"article\" \/>\n<meta property=\"og:title\" content=\"AFP - Moustapha Niasse c\u00e8de les commandes aux jeunes\" \/>\n<meta property=\"og:description\" content=\"NETTALI.COM - Le secr\u00e9taire g\u00e9n\u00e9ral de l&#039;Alliance des Forces de \u00a0Progr\u00e8s (AFP), Moustapha Niasse, va c\u00e9der les r\u00eanes du parti \u00e0 la jeunesse. Il l&#039;a fait savoir ce mercredi \u00e0 l\u2019occasion de la c\u00e9l\u00e9bration du 22\u00e8me anniversaire de la formation politique. C&#039;est fait. Le pr\u00e9sident de l\u2019Assembl\u00e9e nationale a annonc\u00e9 son retrait de la direction [&hellip;]\" \/>\n<meta property=\"og:url\" content=\"https:\/\/www.nettali.com\/2021\/06\/16\/afp-moustapha-niasse-cede-les-commandes-aux-jeunes\/\" \/>\n<meta property=\"og:site_name\" content=\"Nettali.com\" \/>\n<meta property=\"article:publisher\" content=\"https:\/\/www.facebook.com\/nettalicom\" \/>\n<meta property=\"article:published_time\" content=\"2021-06-16T22:18:01+00:00\" \/>\n<meta property=\"article:modified_time\" content=\"2021-06-17T08:47:53+00:00\" \/>\n<meta property=\"og:image\" content=\"https:\/\/www.nettali.com\/wp-content\/uploads\/2021\/06\/68FBBE07-44EE-4EB1-8BB6-19B40FDC50DF.jpeg\" \/>\n\t<meta property=\"og:image:width\" content=\"512\" \/>\n\t<meta property=\"og:image:height\" content=\"341\" \/>\n<meta name=\"twitter:card\" content=\"summary_large_image\" \/>\n<meta name=\"twitter:label1\" content=\"\u00c9crit par\" \/>\n\t<meta name=\"twitter:data1\" content=\"Ibrahima\" \/>\n\t<meta name=\"twitter:label2\" content=\"Dur\u00e9e de lecture estim\u00e9e\" \/>\n\t<meta name=\"twitter:data2\" content=\"2 minutes\" \/>\n<script type=\"application\/ld+json\" class=\"yoast-schema-graph\">{\"@context\":\"https:\/\/schema.org\",\"@graph\":[{\"@type\":\"WebSite\",\"@id\":\"https:\/\/www.nettali.com\/#website\",\"url\":\"https:\/\/www.nettali.com\/\",\"name\":\"Nettali.com\",\"description\":\"Le rendez-vous critique du Net\",\"potentialAction\":[{\"@type\":\"SearchAction\",\"target\":{\"@type\":\"EntryPoint\",\"urlTemplate\":\"https:\/\/www.nettali.com\/?s={search_term_string}\"},\"query-input\":\"required name=search_term_string\"}],\"inLanguage\":\"fr-FR\"},{\"@type\":\"ImageObject\",\"@id\":\"https:\/\/www.nettali.com\/2021\/06\/16\/afp-moustapha-niasse-cede-les-commandes-aux-jeunes\/#primaryimage\",\"inLanguage\":\"fr-FR\",\"url\":\"https:\/\/www.nettali.com\/wp-content\/uploads\/2021\/06\/68FBBE07-44EE-4EB1-8BB6-19B40FDC50DF.jpeg\",\"contentUrl\":\"https:\/\/www.nettali.com\/wp-content\/uploads\/2021\/06\/68FBBE07-44EE-4EB1-8BB6-19B40FDC50DF.jpeg\",\"width\":512,\"height\":341},{\"@type\":\"WebPage\",\"@id\":\"https:\/\/www.nettali.com\/2021\/06\/16\/afp-moustapha-niasse-cede-les-commandes-aux-jeunes\/#webpage\",\"url\":\"https:\/\/www.nettali.com\/2021\/06\/16\/afp-moustapha-niasse-cede-les-commandes-aux-jeunes\/\",\"name\":\"AFP - Moustapha Niasse c\\u00e8de les commandes aux jeunes | Nettali.com\",\"isPartOf\":{\"@id\":\"https:\/\/www.nettali.com\/#website\"},\"primaryImageOfPage\":{\"@id\":\"https:\/\/www.nettali.com\/2021\/06\/16\/afp-moustapha-niasse-cede-les-commandes-aux-jeunes\/#primaryimage\"},\"datePublished\":\"2021-06-16T22:18:01+00:00\",\"dateModified\":\"2021-06-17T08:47:53+00:00\",\"author\":{\"@id\":\"https:\/\/www.nettali.com\/#\/schema\/person\/bb147657c2986240405a608162b9bb23\"},\"breadcrumb\":{\"@id\":\"https:\/\/www.nettali.com\/2021\/06\/16\/afp-moustapha-niasse-cede-les-commandes-aux-jeunes\/#breadcrumb\"},\"inLanguage\":\"fr-FR\",\"potentialAction\":[{\"@type\":\"ReadAction\",\"target\":[\"https:\/\/www.nettali.com\/2021\/06\/16\/afp-moustapha-niasse-cede-les-commandes-aux-jeunes\/\"]}]},{\"@type\":\"BreadcrumbList\",\"@id\":\"https:\/\/www.nettali.com\/2021\/06\/16\/afp-moustapha-niasse-cede-les-commandes-aux-jeunes\/#breadcrumb\",\"itemListElement\":[{\"@type\":\"ListItem\",\"position\":1,\"name\":\"Accueil\",\"item\":\"https:\/\/www.nettali.com\/\"},{\"@type\":\"ListItem\",\"position\":2,\"name\":\"AFP &#8211; Moustapha Niasse c\\u00e8de les commandes aux jeunes\"}]},{\"@type\":\"Person\",\"@id\":\"https:\/\/www.nettali.com\/#\/schema\/person\/bb147657c2986240405a608162b9bb23\",\"name\":\"Ibrahima\",\"image\":{\"@type\":\"ImageObject\",\"@id\":\"https:\/\/www.nettali.com\/#personlogo\",\"inLanguage\":\"fr-FR\",\"url\":\"https:\/\/secure.gravatar.com\/avatar\/26a8a81f09f0dd7624c9d5c36c9ba3a2?s=96&d=mm&r=g\",\"contentUrl\":\"https:\/\/secure.gravatar.com\/avatar\/26a8a81f09f0dd7624c9d5c36c9ba3a2?s=96&d=mm&r=g\",\"caption\":\"Ibrahima\"},\"sameAs\":[\"https:\/\/www.nettali.com\"]}]}<\/script>\n<!-- \/ Yoast SEO Premium plugin. -->","yoast_head_json":{"title":"AFP - Moustapha Niasse c\u00e8de les commandes aux jeunes | Nettali.com","robots":{"index":"index","follow":"follow","max-snippet":"max-snippet:-1","max-image-preview":"max-image-preview:large","max-video-preview":"max-video-preview:-1"},"canonical":"https:\/\/www.nettali.com\/2021\/06\/16\/afp-moustapha-niasse-cede-les-commandes-aux-jeunes\/","og_locale":"fr_FR","og_type":"article","og_title":"AFP - Moustapha Niasse c\u00e8de les commandes aux jeunes","og_description":"NETTALI.COM - Le secr\u00e9taire g\u00e9n\u00e9ral de l'Alliance des Forces de \u00a0Progr\u00e8s (AFP), Moustapha Niasse, va c\u00e9der les r\u00eanes du parti \u00e0 la jeunesse. Il l'a fait savoir ce mercredi \u00e0 l\u2019occasion de la c\u00e9l\u00e9bration du 22\u00e8me anniversaire de la formation politique. C'est fait. Le pr\u00e9sident de l\u2019Assembl\u00e9e nationale a annonc\u00e9 son retrait de la direction [&hellip;]","og_url":"https:\/\/www.nettali.com\/2021\/06\/16\/afp-moustapha-niasse-cede-les-commandes-aux-jeunes\/","og_site_name":"Nettali.com","article_publisher":"https:\/\/www.facebook.com\/nettalicom","article_published_time":"2021-06-16T22:18:01+00:00","article_modified_time":"2021-06-17T08:47:53+00:00","og_image":[{"width":512,"height":341,"url":"https:\/\/www.nettali.com\/wp-content\/uploads\/2021\/06\/68FBBE07-44EE-4EB1-8BB6-19B40FDC50DF.jpeg","type":"image\/jpeg"}],"twitter_card":"summary_large_image","twitter_misc":{"\u00c9crit par":"Ibrahima","Dur\u00e9e de lecture estim\u00e9e":"2 minutes"},"schema":{"@context":"https:\/\/schema.org","@graph":[{"@type":"WebSite","@id":"https:\/\/www.nettali.com\/#website","url":"https:\/\/www.nettali.com\/","name":"Nettali.com","description":"Le rendez-vous critique du Net","potentialAction":[{"@type":"SearchAction","target":{"@type":"EntryPoint","urlTemplate":"https:\/\/www.nettali.com\/?s={search_term_string}"},"query-input":"required name=search_term_string"}],"inLanguage":"fr-FR"},{"@type":"ImageObject","@id":"https:\/\/www.nettali.com\/2021\/06\/16\/afp-moustapha-niasse-cede-les-commandes-aux-jeunes\/#primaryimage","inLanguage":"fr-FR","url":"https:\/\/www.nettali.com\/wp-content\/uploads\/2021\/06\/68FBBE07-44EE-4EB1-8BB6-19B40FDC50DF.jpeg","contentUrl":"https:\/\/www.nettali.com\/wp-content\/uploads\/2021\/06\/68FBBE07-44EE-4EB1-8BB6-19B40FDC50DF.jpeg","width":512,"height":341},{"@type":"WebPage","@id":"https:\/\/www.nettali.com\/2021\/06\/16\/afp-moustapha-niasse-cede-les-commandes-aux-jeunes\/#webpage","url":"https:\/\/www.nettali.com\/2021\/06\/16\/afp-moustapha-niasse-cede-les-commandes-aux-jeunes\/","name":"AFP - Moustapha Niasse c\u00e8de les commandes aux jeunes | Nettali.com","isPartOf":{"@id":"https:\/\/www.nettali.com\/#website"},"primaryImageOfPage":{"@id":"https:\/\/www.nettali.com\/2021\/06\/16\/afp-moustapha-niasse-cede-les-commandes-aux-jeunes\/#primaryimage"},"datePublished":"2021-06-16T22:18:01+00:00","dateModified":"2021-06-17T08:47:53+00:00","author":{"@id":"https:\/\/www.nettali.com\/#\/schema\/person\/bb147657c2986240405a608162b9bb23"},"breadcrumb":{"@id":"https:\/\/www.nettali.com\/2021\/06\/16\/afp-moustapha-niasse-cede-les-commandes-aux-jeunes\/#breadcrumb"},"inLanguage":"fr-FR","potentialAction":[{"@type":"ReadAction","target":["https:\/\/www.nettali.com\/2021\/06\/16\/afp-moustapha-niasse-cede-les-commandes-aux-jeunes\/"]}]},{"@type":"BreadcrumbList","@id":"https:\/\/www.nettali.com\/2021\/06\/16\/afp-moustapha-niasse-cede-les-commandes-aux-jeunes\/#breadcrumb","itemListElement":[{"@type":"ListItem","position":1,"name":"Accueil","item":"https:\/\/www.nettali.com\/"},{"@type":"ListItem","position":2,"name":"AFP &#8211; Moustapha Niasse c\u00e8de les commandes aux jeunes"}]},{"@type":"Person","@id":"https:\/\/www.nettali.com\/#\/schema\/person\/bb147657c2986240405a608162b9bb23","name":"Ibrahima","image":{"@type":"ImageObject","@id":"https:\/\/www.nettali.com\/#personlogo","inLanguage":"fr-FR","url":"https:\/\/secure.gravatar.com\/avatar\/26a8a81f09f0dd7624c9d5c36c9ba3a2?s=96&d=mm&r=g","contentUrl":"https:\/\/secure.gravatar.com\/avatar\/26a8a81f09f0dd7624c9d5c36c9ba3a2?s=96&d=mm&r=g","caption":"Ibrahima"},"sameAs":["https:\/\/www.nettali.com"]}]}},"_links":{"self":[{"href":"https:\/\/www.nettali.com\/rest\/wp\/v2\/posts\/66073"}],"collection":[{"href":"https:\/\/www.nettali.com\/rest\/wp\/v2\/posts"}],"about":[{"href":"https:\/\/www.nettali.com\/rest\/wp\/v2\/types\/post"}],"author":[{"embeddable":true,"href":"https:\/\/www.nettali.com\/rest\/wp\/v2\/users\/5"}],"replies":[{"embeddable":true,"href":"https:\/\/www.nettali.com\/rest\/wp\/v2\/comments?post=66073"}],"version-history":[{"count":4,"href":"https:\/\/www.nettali.com\/rest\/wp\/v2\/posts\/66073\/revisions"}],"predecessor-version":[{"id":66077,"href":"https:\/\/www.nettali.com\/rest\/wp\/v2\/posts\/66073\/revisions\/66077"}],"wp:featuredmedia":[{"embeddable":true,"href":"https:\/\/www.nettali.com\/rest\/wp\/v2\/media\/66072"}],"wp:attachment":[{"href":"https:\/\/www.nettali.com\/rest\/wp\/v2\/media?parent=66073"}],"wp:term":[{"taxonomy":"category","embeddable":true,"href":"https:\/\/www.nettali.com\/rest\/wp\/v2\/categories?post=66073"},{"taxonomy":"post_tag","embeddable":true,"href":"https:\/\/www.nettali.com\/rest\/wp\/v2\/tags?post=66073"}],"curies":[{"name":"wp","href":"https:\/\/api.w.org\/{rel}","templated":true}]}}