{"id":65875,"date":"2021-06-13T13:14:38","date_gmt":"2021-06-13T13:14:38","guid":{"rendered":"https:\/\/www.nettali.com\/?p=65875"},"modified":"2021-06-14T18:13:59","modified_gmt":"2021-06-14T18:13:59","slug":"coup-de-pilon-courses-poursuites-infinies","status":"publish","type":"post","link":"https:\/\/www.nettali.com\/2021\/06\/13\/coup-de-pilon-courses-poursuites-infinies\/","title":{"rendered":"COUP DE PILON - Courses poursuites sans fin\u00a0!"},"content":{"rendered":"<p><strong>NETTALI.COM - Un sacr\u00e9 gros emmerdeur que ce Baye Modou Fall, alias \u00ab Boy Djin\u00e9 \u00bb ! Il en a en fait voir de toutes les couleurs \u00e0 l\u2019Administration p\u00e9nitentiaire et aux autres forces de d\u00e9fense et de s\u00e9curit\u00e9. Alors qu\u2019on avait fini de lui attribuer des pouvoirs mystiques, l\u2019on s\u2019est finalement rendu compte qu\u2019il n\u2019en est rien. Se serait-il fait prendre sinon ? <\/strong><\/p>\n<p>Il s\u2019\u00e9tait m\u00eame permis d\u2019accorder une interview, se plaignant dans la foul\u00e9e de sa longue d\u00e9tention pr\u00e9ventive tout en r\u00e9clamant son jugement. Il ne se rendait certainement pas compte qu\u2019il compliquait sa situation. Quoi qu\u2019il en soit, sa cabale s\u2019est finalement achev\u00e9e \u00e0 Tambacounda. Et le pire, c\u2019est qu\u2019il a emport\u00e9 avec lui, dans sa chute, trois gardes p\u00e9nitentiaires, un directeur de prison et d\u2019autres personnes.<\/p>\n<p>Jeudi 10 juin, le magistrat instructeur, Mamadou Seck, les a inculp\u00e9s et plac\u00e9s sous mandat de d\u00e9p\u00f4t. Chacun en tout cas, selon les charges retenues contre lui. L\u2019association de malfaiteurs\u00a0 a \u00e9t\u00e9 ainsi retenue pour tous\u00a0; le juge a ajout\u00e9 l\u2019\u00e9vasion pour Baye Modou Fall, la complicit\u00e9 d\u2019\u00e9vasion pour les trois gardes I. Diop, A. Ndong et D. Ciss, l\u2019entrave \u00e0 l\u2019administration de la justice pour la demoiselle G. Diaw, D. Sy et Cheikh. Quant au directeur de la prison, Kont\u00e9, il a \u00e9t\u00e9 mis \u00e0 la disposition de la direction g\u00e9n\u00e9rale apr\u00e8s avoir \u00e9t\u00e9 relev\u00e9 de ses fonctions.<\/p>\n<p>Toujours est-il qu\u2019\u00e0 voir Baye Modou Falla alias \u00ab\u00a0Boy Djin\u00e9\u00bb avec son physique fr\u00eale, difficile d\u2019imaginer qu\u2019il en est \u00e0 sa 12<sup>\u00e8me<\/sup> \u00e9vasion. Il a en tout cas cette fois-ci su s\u2019assurer de complicit\u00e9s internes et externes, ainsi que le confirment les faits.<\/p>\n<p>Une \u00e9vasion finalement devenue une affaire d\u2019Etat puisque le procureur de la r\u00e9publique a confi\u00e9 le dossier au juge du 8<sup>\u00e8me<\/sup> cabinet pour l\u2019ouverture d\u2019une instruction. L\u2019ancien fugitif aggrave du coup son cas et verra sa d\u00e9tention prolong\u00e9e.<\/p>\n<p>Mais ce qui rend l\u2019affaire davantage compliqu\u00e9e, c\u2019est la mort d\u2019Abdou Faye, un de ses pr\u00e9sum\u00e9s complices. Il a \u00e9t\u00e9 retrouv\u00e9 mort dans sa cellule, pendu \u00e0 un filet de bain (ndiamp\u00e9) alors qu\u2019il \u00e9tait sous le coup d\u2019un retour de parquet.<\/p>\n<p>Alors que l\u2019autopsie confirme la th\u00e8se du suicide, la famille de ce dernier et des acteurs de la soci\u00e9t\u00e9 civile la r\u00e9futent. La Rencontre africaine pour la d\u00e9fense des Droits de l\u2019homme (Raddho) souhaite que toute la lumi\u00e8re soit faite sur cette mort \u00a0qui a eu lieu dans les locaux du commissariat central de Dakar, dans la nuit du mardi 8 au mercredi 9 juin. Elle estime en effet que \u00ab<em>si le suicide n\u2019est pas confirm\u00e9, ce d\u00e9c\u00e8s vient allonger la liste des personnes qui ont perdu la vie dans les m\u00eames conditions et surtout, mettrait en cause la responsabilit\u00e9 directe des autorit\u00e9s polici\u00e8res. Qui, dans de telles circonstances, non seulement ont l\u2019obligation de surveiller de mani\u00e8re appropri\u00e9e la personne arr\u00eat\u00e9e, mais aussi et surtout le devoir de lui permettre d\u2019acc\u00e9der directement et r\u00e9guli\u00e8rement \u00e0 un personnel m\u00e9dical et \u00e0 un avocat de son choix, sans oublier le contact r\u00e9gulier avec les membres de sa famille\u00a0\u00bb<\/em>.<\/p>\n<p>L\u2019organisation ajoute, en effet, que c\u2019est \u00a0\u00ab\u00a0une mort plus que suspecte\u00a0\u00bb qui requiert l\u2019ouverture d\u2019une enqu\u00eate \u00ab\u00a0imm\u00e9diate\u00a0\u00bb pour \u00e9lucider les circonstances du d\u00e9c\u00e8s et en tirer les cons\u00e9quences de droit. Elle esp\u00e8re, par ailleurs, que les r\u00e9sultats de l\u2019enqu\u00eate coupl\u00e9s avec ceux de l\u2019autopsie permettront de \u00ab\u00a0situer les responsabilit\u00e9s\u00a0\u00bb et, au besoin, \u00ab\u00a0d\u2019identifier et punir conform\u00e9ment \u00e0 la loi d\u2019\u00e9ventuelles personnes impliqu\u00e9es dans cette mort\u00a0\u00bb.<\/p>\n<p>L\u2019autopsie r\u00e9alis\u00e9e sur la d\u00e9pouille d\u2019Abdoulaye Faye, retrouv\u00e9 mort dans les locaux du commissariat central de Dakar, elle, r\u00e9v\u00e8le \u00ab\u00a0<em>une mort par pendaison<\/em>\u00a0\u00bb. Le certificat de genre de mort d\u00e9livr\u00e9 par le Pr Ch\u00e9rif Dial, chef du service d'anatomie et de cytologie pathologique de l'h\u00f4pital g\u00e9n\u00e9ral Idrissa Pouye, pr\u00e9cise ainsi que \u00ab\u00a0<em>le d\u00e9c\u00e8s d\u2019Abdoulaye Faye est d\u00fb \u00e0 une anoxie c\u00e9r\u00e9brale et une asphyxie m\u00e9canique par pendaison\u00a0<\/em>\u00bb. Le m\u00e9decin l\u00e9giste ne rel\u00e8ve en tout cas aucun signe de traumatisme sur le reste du corps. Une mani\u00e8re de laver la police de tous s\u00e9vices dont on pourrait l\u2019accuser.<\/p>\n<p>La famille d\u2019Abdoulaye Faye, le chauffeur de Baye Modou Fall alias \u201cBoy Djinn\u00e9\u2019\u2019, et le leader du mouvement Frapp, Guy Marius Sagna, eux, contestent la version initiale de l\u2019enqu\u00eate qui a conclu au suicide du jeune marchand ambulant, dans les toilettes des locaux du commissariat central de Dakar. Jeudi 10 juin, \u00e0 l\u2019occasion d\u2019une rencontre avec la presse, ils ont r\u00e9clam\u00e9 une autopsie impartiale et transparente afin de faire toute la lumi\u00e8re sur les circonstances du d\u00e9c\u00e8s du marchand ambulant.<\/p>\n<p>De quoi alimenter les commentaires en tous genres pour les jours \u00e0 venir, en attendant que l\u2019instruction r\u00e9v\u00e8le ses conclusions.<\/p>\n<p>Ce que beaucoup ont d\u00e9plor\u00e9 dans cette affaire, \u00a0c\u2019est le manque de collaboration entre la police, la gendarmerie et l\u2019administration p\u00e9nitentiaires. \u00a0En effet, au cours de sa garde \u00e0 vue \u00e0 la Section de recherches de la gendarmerie et au niveau de la cave apr\u00e8s son d\u00e9ferrement, le d\u00e9funt s\u2019est cogn\u00e9 la t\u00eate \u00e0 2 reprises. Mais cette information n\u2019a pas \u00e9t\u00e9 communiqu\u00e9e aux agents de la police centrale lorsque Abdou Faye y a \u00e9t\u00e9 gard\u00e9 dans le cadre d\u2019un retour de parquet.<\/p>\n<p><em>\u00abSi des gens sont malades ou ont des tendances suicidaires, ils sont signal\u00e9s quand ils viennent en retour de parquet afin de les mettre dans des cellules sp\u00e9cialement r\u00e9serv\u00e9es aux malades ou \u00e0 ceux qui ont tent\u00e9 d\u2019\u00e9courter leur vie. S\u2019il y a un retour de parquet, les agents ne peuvent pas \u00eatre au courant de ces anomalies, car on ne leur communique qu\u2019une liste avec des noms. Il y a des cam\u00e9ras dans les cellules, mais pas dans les toilettes. Le Chef de poste qui voit un d\u00e9tenu entrer dans les toilettes ne peut rien soup\u00e7onner. Malheureusement, il ne peut voir ce qui se passe \u00e0 l\u2019int\u00e9rieur des toilettes\u00bb<\/em>, note une source polici\u00e8re. A noter que les toilettes sont internes. Elles se trouvent \u00e0 l\u2019int\u00e9rieur de la cellule.<\/p>\n<p>Une autre question qui secoue la r\u00e9publique, c\u2019est celle de l\u2019homosexualit\u00e9. Le gouvernement du S\u00e9n\u00e9gal a adopt\u00e9, en Conseil des ministres du mercredi 10 juin, le projet de loi modifiant la loi n\u00b065-60 du 21 juillet 1965 portant Code p\u00e9nal, de m\u00eame que le projet de loi modifiant la loi n\u00b065-61 du 21 juillet 1965 portant Code de proc\u00e9dure p\u00e9nale. Adopt\u00e9es par l\u2019Assembl\u00e9e nationale, le 28 octobre 2016, ces modifications offrent aux autorit\u00e9s judiciaires, une marge de man\u0153uvre beaucoup plus large pour combattre les menaces terroristes \u00e0 la porte du S\u00e9n\u00e9gal. Elles offrent \u00e9galement un \u00e9ventail de possibilit\u00e9s pouvant mener \u00e0 la restriction des libert\u00e9s. C\u2019est en substance ce que d\u00e9non\u00e7ait d\u00e9j\u00e0, en 2016, Amnesty International. L\u2019adoption de ces deux textes de loi permet de revenir sur les \u201cdangers\u2019\u2019 qui guettent la libert\u00e9 d\u2019expression ou encore l\u2019Etat de droit au S\u00e9n\u00e9gal. Elle constitue \u00e9galement un premier pas vers ce qui pourrait aboutir \u00e0 une criminalisation de l\u2019homosexualit\u00e9.<\/p>\n<p>En effet, cette question, au c\u0153ur de l\u2019actualit\u00e9 soul\u00e8ve les passions, surtout depuis le rassemblement du 23 mai dernier organis\u00e9 par le collectif \u00ab\u00a0<em>And D\u00e9far Jikko Yi<\/em>\u00a0\u00bb. Ayant re\u00e7u l\u2019approbation des chefs religieux et de la majorit\u00e9 des franges de la soci\u00e9t\u00e9, elle a servi de pr\u00e9texte pour demander la criminalisation de l\u2019homosexualit\u00e9. Avec l\u2019adoption des projets de loi modifiant le Code p\u00e9nal et le Code de proc\u00e9dure p\u00e9nale, le gouvernement semble aller dans le sens des populations, malgr\u00e9 les pressions des organismes internationaux.<\/p>\n<p>Dans son \u00ab\u00a0Analyse des lois modifiant le Code p\u00e9nal et le Code de proc\u00e9dure p\u00e9nale\u2019\u00a0\u00bb produit en 2016, Amnesty International retenait que \u00ab\u00a0la loi portant r\u00e9vision du Code p\u00e9nal contient des dispositions visant \u00e0 restreindre la libert\u00e9 d\u2019expression, notamment en ligne qui pourraient \u00eatre utilis\u00e9es pour cibler les personnes lesbiennes, gays, bisexuelles, transgenres et intersexu\u00e9es (LGBTI), les journalistes, les lanceurs d\u2019alerte et les d\u00e9fenseurs des droits humains\u00a0\u00bb.<\/p>\n<p>L\u2019organisation de la soci\u00e9t\u00e9 civile d\u00e9nonce l\u2019article 431.43 du projet de loi n\u00b022\/2016 modifiant la loi n\u00b065-60 du 21 juillet 1965 portant Code p\u00e9nal. En ce sens qu\u2019elle criminalise, selon elle, \u00ab\u00a0la fabrication, l\u2019affichage, l\u2019exposition ou la distribution, par un moyen de communication \u00e9lectronique, de tous imprim\u00e9s, tous \u00e9crits, dessins, affiches, gravures, peintures, photographies, films ou clich\u00e9s, matrices ou reproductions photographiques, embl\u00e8mes, tous objets ou images contraires aux bonnes m\u0153urs\u00a0\u00bb. Elle continue en faisant remarquer que la notion de \u00ab\u00a0bonnes m\u0153urs\u00a0\u00bb n\u2019est pas d\u00e9finie dans le Code p\u00e9nal et a \u00e9t\u00e9 utilis\u00e9e au S\u00e9n\u00e9gal pour restreindre la libert\u00e9 d\u2019expression et r\u00e9primer les personnes en fonction de leur orientation sexuelle ou de leur choix vestimentaire.<\/p>\n<p>Amnesty International estimait \u00e9galement que l\u2019article 431.61 du nouveau Code p\u00e9nal, \u00e0 travers la notion d\u2019\u00a0\u00ab\u00a0<em>acte contre-nature<\/em>\u00a0\u00bb, <em>\u00ab\u00a0criminalise les relations sexuelles entre individus du m\u00eame sexe consentants\u00a0<\/em>\u00bb, car les consid\u00e9rant comme une forme d\u2019\u00a0\u00ab\u00a0<em>attentats aux m\u0153urs\u00a0<\/em>\u00bb. Des crimes punis d\u2019un \u00e0 cinq ans d\u2019emprisonnement et d\u2019une amende de 100 000 \u00e0 1 500 000 F CFA.<\/p>\n<p>Des modifications du code p\u00e9nal et du code de proc\u00e9dure consid\u00e9r\u00e9es comme un pied de nez aux associations de d\u00e9fense des homosexuelles.<\/p>\n<p>Une question qui revient sans cesse au devant de la sc\u00e8ne avec des pressions tous azimuts. Barack Obama avait pos\u00e9 la question au cours d\u2019une de ses visites et Macky s\u2019\u00e9tait montr\u00e9 intransigeant sur la question. R\u00e9cemment, il a encore \u00e9t\u00e9 oblig\u00e9 de se prononcer sur le sujet se montrant intraitable l\u00e0-dessus.<\/p>\n<p>La politique politicienne elle, a repris ses droits depuis que les d\u00e9s ont \u00e9t\u00e9 jet\u00e9s et le d\u00e9part des \u00e9lections locales donn\u00e9. Macky Sall, comme il avait fait \u00e0 la veille de la pr\u00e9sidentielle qui fera de lui, un pr\u00e9sident, a pris ses adversaires de court et repris avant l\u2019heure, ses tourn\u00e9es \u00e9conomiques. Pardon politiques. Apr\u00e8s les \u00e9tapes de Kaffrine et K\u00e9dougou, le patron de l\u2019Apr et de la coalition Benno Book Yaakaar a enfourch\u00e9 son cheval pour aller \u00e0 l\u2019assaut de la partie nord du S\u00e9n\u00e9gal. Un bastion pulaar qui semble acquis \u00e0 sa cause. Mais, admettons que pour des \u00e9lections pour lesquelles, il n\u2019est pas directement concern\u00e9, difficile de comprendre l\u2019ardeur avec laquelle, il se d\u00e9ploie sur le terrain. Il semble en tout cas jouer son va-tout dans des locales o\u00f9 il aura donn\u00e9 des conseils dans le sens d\u2019attendre son go avant de \u00a0d\u00e9clarer les candidatures.<\/p>\n<p>Une consigne qui ne semble toutefois pas suivie dans certaines zones, notamment \u00e0 Grand Yoff o\u00f9 son beau-fr\u00e8re Adama Faye s\u2019agite\u00a0; \u00e0 Saint-Louis o\u00f9 Mary Teuw Niane a d\u00e9clar\u00e9 sa \u00ab\u00a0<em>candidature irr\u00e9versible\u00a0<\/em>\u00bb\u00a0; idem aux Parcelles Assainies o\u00f9 des partisans d\u2019Amadou Ba disqualifient la candidature de Moussa Sy et menacent. Mais au-del\u00e0 de ces localit\u00e9s, et pas dans les moindres, \u00e0 Kaffrine, Kaolack, dans le nord, \u00e0 Podor, Dakar, la rivalit\u00e9 est \u00e0 plein r\u00e9gime. Dans la capitale par exemple, Diouf Sarr et Amadou Ba sont aux aguets, etc. De quoi pr\u00e9figurer d\u2019\u00e2pres combats voire des oppositions \u00e0 ce mot d\u2019ordre, si d\u2019aventure le choix n\u2019\u00e9tait pas port\u00e9 sur certains candidats d\u2019envergure.<\/p>\n<p>M\u00eames rivalit\u00e9s dans les rangs de l\u2019opposition o\u00f9 Soham Wardini, actuelle maire, a d\u00e9clar\u00e9 sa candidature \u00ab\u00a0au f\u00e9minin\u00a0\u00bb face \u00e0 un Barth\u00e9l\u00e9my Dias, bagarreur et ambitieux. Ce dernier n\u2019a pas d\u2019ailleurs au passage manqu\u00e9 de d\u00e9voiler les plans du camp du pouvoir qui sont \u00ab\u00a0<em>d\u2019organiser une farce \u00e9lectorale en janvier 2022<\/em>\u00a0\u00bb et alerte. Malick Gackou appelle ni plus, ni moins l\u2019opposition et la soci\u00e9t\u00e9 civile \u00e0 l\u2019unit\u00e9, pour un changement de r\u00e9gime. Lui et Bougane vont talonner le pr\u00e9sident Sall dans ses tourn\u00e9es \u00e9conomiques. Une tourn\u00e9e pour Gackou d\u00e9j\u00e0 d\u00e9marr\u00e9e jeudi, dans le bassin arachidier.<\/p>\n<p>Quoi qu\u2019il en soit, Macky Sall a lui d\u00e9marr\u00e9 sa campagne en trombe, question de reprendre la main sur une situation qui lui avait un moment \u00e9chapp\u00e9, suite aux \u00e9v\u00e8nements violents cons\u00e9cutifs \u00e0 l\u2019arrestation d\u2019Ousmane. Ses partisans qui avaient organis\u00e9 des meetings de remobilisation tous azimuts, n\u2019arriveront pas \u00e0 inverser la tendance.<\/p>\n<p>L\u2019opposition elle, n\u2019a pas dit son dernier mot. Le Mouvement pour la d\u00e9fense de la d\u00e9mocratie (M2D) a r\u00e9uni une foule immense ce vendredi 11 juin et r\u00e9ussi\u00a0 le pari de la mobilisation. Des centaines de jeunes ont ainsi r\u00e9pondu \u00e0 son appel pour le grand rassemblement de ce vendredi 11 juin \u00e0 la place de la nation. De nombreux leaders de partis ou responsables de mouvements citoyens pr\u00e9sents. Parmi eux, Ousmane Sonko de Pastef, Barth\u00e9lemy Dias, Guy Marius Sagna, le rappeur Simon de \u201cY\u2019en a marre\u201d<strong>\u2026<\/strong>Ils y \u00e9taient pour r\u00e9clamer la lib\u00e9ration des huit jeunes d\u00e9tenus dans les prisons de Ziguinchor et de Diourbel depuis les violences de f\u00e9vrier-mars 2021.<\/p>\n<p>Et m\u00eame si Sonko a tent\u00e9 de faire comprendre \u00e0 Bougane que cette plateforme n\u2019est pas politique, l\u2019ambiance \u00e9tait au duel \u00e0 distance avec Macky Sall qui fait ses tourn\u00e9es \u00e9conomiques dans le nord avec des inaugurations et r\u00e9glages politiques sur le terrain. Une sorte de pr\u00e9lude \u00e0 ce que certains journaux comme \u00ab\u00a0<em>L\u2019Info\u00a0<\/em>\u00bb ont appel\u00e9 \u00ab\u00a0<em>un cycle de manifestations\u00a0<\/em>\u00bb avec comme titre \u00ab\u00a0<em>Sonko lance la 2<sup>\u00e8me<\/sup> vague<\/em>\u00a0\u00bb, citant le leader de Pastef qui d\u00e9clare que <em>\u00ab\u00a0le combat ne fait que commencer\u00a0<\/em>\u00bb ajoutant que \u00ab\u00a0<em>Macky Sall ne respecte personne\u2026 il ne conna\u00eet que le rapport de forces\u00a0<\/em>\u00bb. Dias lui a demand\u00e9 de se \u00ab\u00a0<em>mobiliser pour le 23 juin<\/em>\u00a0\u00bb, ajoutant que Sonko sera arr\u00eat\u00e9 en septembre. Cheikh Tidiane Di\u00e8ye d\u00e9clare que \u00ab\u00a0<em>le peuple n\u2019est plus dans la r\u00e9sistance mais dans l\u2019offensive<\/em>\u00a0\u00bb, l\u00e0 o\u00f9 Guy Marius Sagna voit un \u00ab\u00a0<em>r\u00e9f\u00e9rendum pour stopper le projet du 3<sup>\u00e8me<\/sup> mandat de Macky Sall<\/em>\u00a0\u00bb en demandant aux jeunes de se \u00ab\u00a0<em>mobiliser fortement<\/em>\u00a0\u00bb<\/p>\n<p>En des termes bien chocs, le leader de Pastef a menac\u00e9. Personne ne l\u2019emp\u00eachera d\u2019\u00eatre candidat, a dit celui-ci, estimant que \u00ab\u00a0<em>le seul qui ne le sera pas, c\u2019est Macky Sall<\/em>\u00a0\u00bb. Il n\u2019a pas dit que cela. Il a m\u00eame ajout\u00e9 \u00ab\u00a0<em>2024 avec pr\u00e9sidentiel tu pars, pas de pr\u00e9sidentielle tu pars<\/em>\u00a0\u00bb<\/p>\n<p>Des manifestations qui semblent finalement \u00eatre de la foule contre de la foule. Une sorte de course-poursuite infernale qui ne fait que commencer, en attendant que Samedi, Macky Sall fasse sa d\u00e9monstration de force au nord, m\u00eame si d\u2019aucuns ont fini de crier au convoyage du b\u00e9tail \u00e9lectoral.<\/p>\n<p>&nbsp;<\/p>\n<p>&nbsp;<\/p>\n<p>&nbsp;<\/p>\n<div class='share-to-whatsapp-wrapper'><div class='share-on-whsp'>PARTAGER SUR : <\/div><a data-text='COUP DE PILON - Courses poursuites sans fin\u00a0!' data-link='https:\/\/www.nettali.com\/2021\/06\/13\/coup-de-pilon-courses-poursuites-infinies\/' class='whatsapp-button whatsapp-share'>WhatsApp<\/a><div class='clear '><\/div><\/div>","protected":false},"excerpt":{"rendered":"<p>NETTALI.COM - Un sacr\u00e9 gros emmerdeur que ce Baye Modou Fall, alias \u00ab Boy Djin\u00e9 \u00bb ! Il en a en fait voir de toutes les couleurs \u00e0 l\u2019Administration p\u00e9nitentiaire et aux autres forces de d\u00e9fense et de s\u00e9curit\u00e9. Alors qu\u2019on avait fini de lui attribuer des pouvoirs mystiques, l\u2019on s\u2019est finalement rendu compte qu\u2019il [&hellip;]<\/p>\n","protected":false},"author":2,"featured_media":65869,"comment_status":"open","ping_status":"open","sticky":false,"template":"","format":"standard","meta":{"_et_pb_use_builder":"","_et_pb_old_content":""},"categories":[34932],"tags":[],"yoast_head":"<!-- This site is optimized with the Yoast SEO Premium plugin v17.8 (Yoast SEO v17.8) - https:\/\/yoast.com\/wordpress\/plugins\/seo\/ -->\n<title>COUP DE PILON - Courses poursuites sans fin\u00a0! | Nettali.com<\/title>\n<meta name=\"robots\" content=\"index, follow, max-snippet:-1, max-image-preview:large, max-video-preview:-1\" \/>\n<link rel=\"canonical\" href=\"https:\/\/www.nettali.com\/2021\/06\/13\/coup-de-pilon-courses-poursuites-infinies\/\" \/>\n<meta property=\"og:locale\" content=\"fr_FR\" \/>\n<meta property=\"og:type\" content=\"article\" \/>\n<meta property=\"og:title\" content=\"COUP DE PILON - Courses poursuites sans fin\u00a0!\" \/>\n<meta property=\"og:description\" content=\"NETTALI.COM - Un sacr\u00e9 gros emmerdeur que ce Baye Modou Fall, alias \u00ab Boy Djin\u00e9 \u00bb ! Il en a en fait voir de toutes les couleurs \u00e0 l\u2019Administration p\u00e9nitentiaire et aux autres forces de d\u00e9fense et de s\u00e9curit\u00e9. Alors qu\u2019on avait fini de lui attribuer des pouvoirs mystiques, l\u2019on s\u2019est finalement rendu compte qu\u2019il [&hellip;]\" \/>\n<meta property=\"og:url\" content=\"https:\/\/www.nettali.com\/2021\/06\/13\/coup-de-pilon-courses-poursuites-infinies\/\" \/>\n<meta property=\"og:site_name\" content=\"Nettali.com\" \/>\n<meta property=\"article:publisher\" content=\"https:\/\/www.facebook.com\/nettalicom\" \/>\n<meta property=\"article:published_time\" content=\"2021-06-13T13:14:38+00:00\" \/>\n<meta property=\"article:modified_time\" content=\"2021-06-14T18:13:59+00:00\" \/>\n<meta property=\"og:image\" content=\"https:\/\/www.nettali.com\/wp-content\/uploads\/2021\/06\/dias-sonko-sall-sagna-djine.jpg\" \/>\n\t<meta property=\"og:image:width\" content=\"1280\" \/>\n\t<meta property=\"og:image:height\" content=\"600\" \/>\n<meta name=\"twitter:card\" content=\"summary_large_image\" \/>\n<meta name=\"twitter:label1\" content=\"\u00c9crit par\" \/>\n\t<meta name=\"twitter:data1\" content=\"CK\" \/>\n\t<meta name=\"twitter:label2\" content=\"Dur\u00e9e de lecture estim\u00e9e\" \/>\n\t<meta name=\"twitter:data2\" content=\"11 minutes\" \/>\n<script type=\"application\/ld+json\" class=\"yoast-schema-graph\">{\"@context\":\"https:\/\/schema.org\",\"@graph\":[{\"@type\":\"WebSite\",\"@id\":\"https:\/\/www.nettali.com\/#website\",\"url\":\"https:\/\/www.nettali.com\/\",\"name\":\"Nettali.com\",\"description\":\"Le rendez-vous critique du Net\",\"potentialAction\":[{\"@type\":\"SearchAction\",\"target\":{\"@type\":\"EntryPoint\",\"urlTemplate\":\"https:\/\/www.nettali.com\/?s={search_term_string}\"},\"query-input\":\"required name=search_term_string\"}],\"inLanguage\":\"fr-FR\"},{\"@type\":\"ImageObject\",\"@id\":\"https:\/\/www.nettali.com\/2021\/06\/13\/coup-de-pilon-courses-poursuites-infinies\/#primaryimage\",\"inLanguage\":\"fr-FR\",\"url\":\"https:\/\/www.nettali.com\/wp-content\/uploads\/2021\/06\/dias-sonko-sall-sagna-djine.jpg\",\"contentUrl\":\"https:\/\/www.nettali.com\/wp-content\/uploads\/2021\/06\/dias-sonko-sall-sagna-djine.jpg\",\"width\":1280,\"height\":600},{\"@type\":\"WebPage\",\"@id\":\"https:\/\/www.nettali.com\/2021\/06\/13\/coup-de-pilon-courses-poursuites-infinies\/#webpage\",\"url\":\"https:\/\/www.nettali.com\/2021\/06\/13\/coup-de-pilon-courses-poursuites-infinies\/\",\"name\":\"COUP DE PILON - Courses poursuites sans fin\\u00a0! | Nettali.com\",\"isPartOf\":{\"@id\":\"https:\/\/www.nettali.com\/#website\"},\"primaryImageOfPage\":{\"@id\":\"https:\/\/www.nettali.com\/2021\/06\/13\/coup-de-pilon-courses-poursuites-infinies\/#primaryimage\"},\"datePublished\":\"2021-06-13T13:14:38+00:00\",\"dateModified\":\"2021-06-14T18:13:59+00:00\",\"author\":{\"@id\":\"https:\/\/www.nettali.com\/#\/schema\/person\/d8ac7b7e27ddad43f1c0d2ef090d7f71\"},\"breadcrumb\":{\"@id\":\"https:\/\/www.nettali.com\/2021\/06\/13\/coup-de-pilon-courses-poursuites-infinies\/#breadcrumb\"},\"inLanguage\":\"fr-FR\",\"potentialAction\":[{\"@type\":\"ReadAction\",\"target\":[\"https:\/\/www.nettali.com\/2021\/06\/13\/coup-de-pilon-courses-poursuites-infinies\/\"]}]},{\"@type\":\"BreadcrumbList\",\"@id\":\"https:\/\/www.nettali.com\/2021\/06\/13\/coup-de-pilon-courses-poursuites-infinies\/#breadcrumb\",\"itemListElement\":[{\"@type\":\"ListItem\",\"position\":1,\"name\":\"Accueil\",\"item\":\"https:\/\/www.nettali.com\/\"},{\"@type\":\"ListItem\",\"position\":2,\"name\":\"COUP DE PILON &#8211; Courses poursuites sans fin\\u00a0!\"}]},{\"@type\":\"Person\",\"@id\":\"https:\/\/www.nettali.com\/#\/schema\/person\/d8ac7b7e27ddad43f1c0d2ef090d7f71\",\"name\":\"CK\",\"image\":{\"@type\":\"ImageObject\",\"@id\":\"https:\/\/www.nettali.com\/#personlogo\",\"inLanguage\":\"fr-FR\",\"url\":\"https:\/\/secure.gravatar.com\/avatar\/1d8d5118b9327d94da7cd4ce7f17fec2?s=96&d=mm&r=g\",\"contentUrl\":\"https:\/\/secure.gravatar.com\/avatar\/1d8d5118b9327d94da7cd4ce7f17fec2?s=96&d=mm&r=g\",\"caption\":\"CK\"},\"sameAs\":[\"https:\/\/www.nettali.com\"]}]}<\/script>\n<!-- \/ Yoast SEO Premium plugin. -->","yoast_head_json":{"title":"COUP DE PILON - Courses poursuites sans fin\u00a0! | Nettali.com","robots":{"index":"index","follow":"follow","max-snippet":"max-snippet:-1","max-image-preview":"max-image-preview:large","max-video-preview":"max-video-preview:-1"},"canonical":"https:\/\/www.nettali.com\/2021\/06\/13\/coup-de-pilon-courses-poursuites-infinies\/","og_locale":"fr_FR","og_type":"article","og_title":"COUP DE PILON - Courses poursuites sans fin\u00a0!","og_description":"NETTALI.COM - Un sacr\u00e9 gros emmerdeur que ce Baye Modou Fall, alias \u00ab Boy Djin\u00e9 \u00bb ! Il en a en fait voir de toutes les couleurs \u00e0 l\u2019Administration p\u00e9nitentiaire et aux autres forces de d\u00e9fense et de s\u00e9curit\u00e9. Alors qu\u2019on avait fini de lui attribuer des pouvoirs mystiques, l\u2019on s\u2019est finalement rendu compte qu\u2019il [&hellip;]","og_url":"https:\/\/www.nettali.com\/2021\/06\/13\/coup-de-pilon-courses-poursuites-infinies\/","og_site_name":"Nettali.com","article_publisher":"https:\/\/www.facebook.com\/nettalicom","article_published_time":"2021-06-13T13:14:38+00:00","article_modified_time":"2021-06-14T18:13:59+00:00","og_image":[{"width":1280,"height":600,"url":"https:\/\/www.nettali.com\/wp-content\/uploads\/2021\/06\/dias-sonko-sall-sagna-djine.jpg","type":"image\/jpeg"}],"twitter_card":"summary_large_image","twitter_misc":{"\u00c9crit par":"CK","Dur\u00e9e de lecture estim\u00e9e":"11 minutes"},"schema":{"@context":"https:\/\/schema.org","@graph":[{"@type":"WebSite","@id":"https:\/\/www.nettali.com\/#website","url":"https:\/\/www.nettali.com\/","name":"Nettali.com","description":"Le rendez-vous critique du Net","potentialAction":[{"@type":"SearchAction","target":{"@type":"EntryPoint","urlTemplate":"https:\/\/www.nettali.com\/?s={search_term_string}"},"query-input":"required name=search_term_string"}],"inLanguage":"fr-FR"},{"@type":"ImageObject","@id":"https:\/\/www.nettali.com\/2021\/06\/13\/coup-de-pilon-courses-poursuites-infinies\/#primaryimage","inLanguage":"fr-FR","url":"https:\/\/www.nettali.com\/wp-content\/uploads\/2021\/06\/dias-sonko-sall-sagna-djine.jpg","contentUrl":"https:\/\/www.nettali.com\/wp-content\/uploads\/2021\/06\/dias-sonko-sall-sagna-djine.jpg","width":1280,"height":600},{"@type":"WebPage","@id":"https:\/\/www.nettali.com\/2021\/06\/13\/coup-de-pilon-courses-poursuites-infinies\/#webpage","url":"https:\/\/www.nettali.com\/2021\/06\/13\/coup-de-pilon-courses-poursuites-infinies\/","name":"COUP DE PILON - Courses poursuites sans fin\u00a0! | Nettali.com","isPartOf":{"@id":"https:\/\/www.nettali.com\/#website"},"primaryImageOfPage":{"@id":"https:\/\/www.nettali.com\/2021\/06\/13\/coup-de-pilon-courses-poursuites-infinies\/#primaryimage"},"datePublished":"2021-06-13T13:14:38+00:00","dateModified":"2021-06-14T18:13:59+00:00","author":{"@id":"https:\/\/www.nettali.com\/#\/schema\/person\/d8ac7b7e27ddad43f1c0d2ef090d7f71"},"breadcrumb":{"@id":"https:\/\/www.nettali.com\/2021\/06\/13\/coup-de-pilon-courses-poursuites-infinies\/#breadcrumb"},"inLanguage":"fr-FR","potentialAction":[{"@type":"ReadAction","target":["https:\/\/www.nettali.com\/2021\/06\/13\/coup-de-pilon-courses-poursuites-infinies\/"]}]},{"@type":"BreadcrumbList","@id":"https:\/\/www.nettali.com\/2021\/06\/13\/coup-de-pilon-courses-poursuites-infinies\/#breadcrumb","itemListElement":[{"@type":"ListItem","position":1,"name":"Accueil","item":"https:\/\/www.nettali.com\/"},{"@type":"ListItem","position":2,"name":"COUP DE PILON &#8211; Courses poursuites sans fin\u00a0!"}]},{"@type":"Person","@id":"https:\/\/www.nettali.com\/#\/schema\/person\/d8ac7b7e27ddad43f1c0d2ef090d7f71","name":"CK","image":{"@type":"ImageObject","@id":"https:\/\/www.nettali.com\/#personlogo","inLanguage":"fr-FR","url":"https:\/\/secure.gravatar.com\/avatar\/1d8d5118b9327d94da7cd4ce7f17fec2?s=96&d=mm&r=g","contentUrl":"https:\/\/secure.gravatar.com\/avatar\/1d8d5118b9327d94da7cd4ce7f17fec2?s=96&d=mm&r=g","caption":"CK"},"sameAs":["https:\/\/www.nettali.com"]}]}},"_links":{"self":[{"href":"https:\/\/www.nettali.com\/rest\/wp\/v2\/posts\/65875"}],"collection":[{"href":"https:\/\/www.nettali.com\/rest\/wp\/v2\/posts"}],"about":[{"href":"https:\/\/www.nettali.com\/rest\/wp\/v2\/types\/post"}],"author":[{"embeddable":true,"href":"https:\/\/www.nettali.com\/rest\/wp\/v2\/users\/2"}],"replies":[{"embeddable":true,"href":"https:\/\/www.nettali.com\/rest\/wp\/v2\/comments?post=65875"}],"version-history":[{"count":2,"href":"https:\/\/www.nettali.com\/rest\/wp\/v2\/posts\/65875\/revisions"}],"predecessor-version":[{"id":65883,"href":"https:\/\/www.nettali.com\/rest\/wp\/v2\/posts\/65875\/revisions\/65883"}],"wp:featuredmedia":[{"embeddable":true,"href":"https:\/\/www.nettali.com\/rest\/wp\/v2\/media\/65869"}],"wp:attachment":[{"href":"https:\/\/www.nettali.com\/rest\/wp\/v2\/media?parent=65875"}],"wp:term":[{"taxonomy":"category","embeddable":true,"href":"https:\/\/www.nettali.com\/rest\/wp\/v2\/categories?post=65875"},{"taxonomy":"post_tag","embeddable":true,"href":"https:\/\/www.nettali.com\/rest\/wp\/v2\/tags?post=65875"}],"curies":[{"name":"wp","href":"https:\/\/api.w.org\/{rel}","templated":true}]}}