{"id":65820,"date":"2021-06-12T10:15:59","date_gmt":"2021-06-12T10:15:59","guid":{"rendered":"https:\/\/www.nettali.com\/?p=65820"},"modified":"2021-06-12T15:41:52","modified_gmt":"2021-06-12T15:41:52","slug":"pds-deces-de-abdoulaye-faye","status":"publish","type":"post","link":"https:\/\/www.nettali.com\/2021\/06\/12\/pds-deces-de-abdoulaye-faye\/","title":{"rendered":"PDS - D\u00e9c\u00e8s de Abdoulaye Faye"},"content":{"rendered":"<p>NETTALI.COM -\u00a0 Compagnon de longue date du pape du Sopi, Abdoulaye Faye n'est plus. Cet inspecteur de l'2ducation, qui a tir\u00e9 sa r\u00e9v\u00e9rence ce samedi, \u00e9tait l'administrateur g\u00e9n\u00e9ral du Parti d\u00e9mocratique s\u00e9n\u00e9galais. Il a aussi dirig\u00e9 pendant longtemps la commission de discipline du parti.<\/p>\n<p>Rong\u00e9 par la maladie et le poids de l\u2019\u00e2ge,\u00a0 c'est en 2019 qu\u2019il a c\u00e9d\u00e9 la pr\u00e9sidence de la commission de discipline \u00e0 Daouda Niang.<\/p>\n<p>Abdoulaye Faye a connu plusieurs arrestations, durant les ann\u00e9es de braise de la \"Longue marche du Sopi\". D'ailleurs, il faisait partie des dirigeants du parti lib\u00e9ral emprisonn\u00e9s, apr\u00e8s la pr\u00e9sidentielle de 1988.<\/p>\n<div class='share-to-whatsapp-wrapper'><div class='share-on-whsp'>PARTAGER SUR : <\/div><a data-text='PDS - D\u00e9c\u00e8s de Abdoulaye Faye' data-link='https:\/\/www.nettali.com\/2021\/06\/12\/pds-deces-de-abdoulaye-faye\/' class='whatsapp-button whatsapp-share'>WhatsApp<\/a><div class='clear '><\/div><\/div>","protected":false},"excerpt":{"rendered":"<p>NETTALI.COM -\u00a0 Compagnon de longue date du pape du Sopi, Abdoulaye Faye n'est plus. Cet inspecteur de l'2ducation, qui a tir\u00e9 sa r\u00e9v\u00e9rence ce samedi, \u00e9tait l'administrateur g\u00e9n\u00e9ral du Parti d\u00e9mocratique s\u00e9n\u00e9galais. Il a aussi dirig\u00e9 pendant longtemps la commission de discipline du parti. Rong\u00e9 par la maladie et le poids de l\u2019\u00e2ge,\u00a0 c'est en [&hellip;]<\/p>\n","protected":false},"author":11,"featured_media":65821,"comment_status":"open","ping_status":"open","sticky":false,"template":"","format":"standard","meta":{"_et_pb_use_builder":"","_et_pb_old_content":""},"categories":[3],"tags":[],"yoast_head":"<!-- This site is optimized with the Yoast SEO Premium plugin v17.8 (Yoast SEO v17.8) - https:\/\/yoast.com\/wordpress\/plugins\/seo\/ -->\n<title>PDS - D\u00e9c\u00e8s de Abdoulaye Faye | Nettali.com<\/title>\n<meta name=\"robots\" content=\"index, follow, max-snippet:-1, max-image-preview:large, max-video-preview:-1\" \/>\n<link rel=\"canonical\" href=\"https:\/\/www.nettali.com\/2021\/06\/12\/pds-deces-de-abdoulaye-faye\/\" \/>\n<meta property=\"og:locale\" content=\"fr_FR\" \/>\n<meta property=\"og:type\" content=\"article\" \/>\n<meta property=\"og:title\" content=\"PDS - D\u00e9c\u00e8s de Abdoulaye Faye\" \/>\n<meta property=\"og:description\" content=\"NETTALI.COM -\u00a0 Compagnon de longue date du pape du Sopi, Abdoulaye Faye n&#039;est plus. Cet inspecteur de l&#039;2ducation, qui a tir\u00e9 sa r\u00e9v\u00e9rence ce samedi, \u00e9tait l&#039;administrateur g\u00e9n\u00e9ral du Parti d\u00e9mocratique s\u00e9n\u00e9galais. Il a aussi dirig\u00e9 pendant longtemps la commission de discipline du parti. Rong\u00e9 par la maladie et le poids de l\u2019\u00e2ge,\u00a0 c&#039;est en [&hellip;]\" \/>\n<meta property=\"og:url\" content=\"https:\/\/www.nettali.com\/2021\/06\/12\/pds-deces-de-abdoulaye-faye\/\" \/>\n<meta property=\"og:site_name\" content=\"Nettali.com\" \/>\n<meta property=\"article:publisher\" content=\"https:\/\/www.facebook.com\/nettalicom\" \/>\n<meta property=\"article:published_time\" content=\"2021-06-12T10:15:59+00:00\" \/>\n<meta property=\"article:modified_time\" content=\"2021-06-12T15:41:52+00:00\" \/>\n<meta property=\"og:image\" content=\"https:\/\/www.nettali.com\/wp-content\/uploads\/2021\/06\/abdoulaye-faye.jpg\" \/>\n\t<meta property=\"og:image:width\" content=\"512\" \/>\n\t<meta property=\"og:image:height\" content=\"268\" \/>\n<meta name=\"twitter:card\" content=\"summary_large_image\" \/>\n<meta name=\"twitter:label1\" content=\"\u00c9crit par\" \/>\n\t<meta name=\"twitter:data1\" content=\"Thierno Diop\" \/>\n\t<meta name=\"twitter:label2\" content=\"Dur\u00e9e de lecture estim\u00e9e\" \/>\n\t<meta name=\"twitter:data2\" content=\"1 minute\" \/>\n<script type=\"application\/ld+json\" class=\"yoast-schema-graph\">{\"@context\":\"https:\/\/schema.org\",\"@graph\":[{\"@type\":\"WebSite\",\"@id\":\"https:\/\/www.nettali.com\/#website\",\"url\":\"https:\/\/www.nettali.com\/\",\"name\":\"Nettali.com\",\"description\":\"Le rendez-vous critique du Net\",\"potentialAction\":[{\"@type\":\"SearchAction\",\"target\":{\"@type\":\"EntryPoint\",\"urlTemplate\":\"https:\/\/www.nettali.com\/?s={search_term_string}\"},\"query-input\":\"required name=search_term_string\"}],\"inLanguage\":\"fr-FR\"},{\"@type\":\"ImageObject\",\"@id\":\"https:\/\/www.nettali.com\/2021\/06\/12\/pds-deces-de-abdoulaye-faye\/#primaryimage\",\"inLanguage\":\"fr-FR\",\"url\":\"https:\/\/www.nettali.com\/wp-content\/uploads\/2021\/06\/abdoulaye-faye.jpg\",\"contentUrl\":\"https:\/\/www.nettali.com\/wp-content\/uploads\/2021\/06\/abdoulaye-faye.jpg\",\"width\":512,\"height\":268},{\"@type\":\"WebPage\",\"@id\":\"https:\/\/www.nettali.com\/2021\/06\/12\/pds-deces-de-abdoulaye-faye\/#webpage\",\"url\":\"https:\/\/www.nettali.com\/2021\/06\/12\/pds-deces-de-abdoulaye-faye\/\",\"name\":\"PDS - D\\u00e9c\\u00e8s de Abdoulaye Faye | Nettali.com\",\"isPartOf\":{\"@id\":\"https:\/\/www.nettali.com\/#website\"},\"primaryImageOfPage\":{\"@id\":\"https:\/\/www.nettali.com\/2021\/06\/12\/pds-deces-de-abdoulaye-faye\/#primaryimage\"},\"datePublished\":\"2021-06-12T10:15:59+00:00\",\"dateModified\":\"2021-06-12T15:41:52+00:00\",\"author\":{\"@id\":\"https:\/\/www.nettali.com\/#\/schema\/person\/8a06c6bd7b19304cf4bf985862900b5b\"},\"breadcrumb\":{\"@id\":\"https:\/\/www.nettali.com\/2021\/06\/12\/pds-deces-de-abdoulaye-faye\/#breadcrumb\"},\"inLanguage\":\"fr-FR\",\"potentialAction\":[{\"@type\":\"ReadAction\",\"target\":[\"https:\/\/www.nettali.com\/2021\/06\/12\/pds-deces-de-abdoulaye-faye\/\"]}]},{\"@type\":\"BreadcrumbList\",\"@id\":\"https:\/\/www.nettali.com\/2021\/06\/12\/pds-deces-de-abdoulaye-faye\/#breadcrumb\",\"itemListElement\":[{\"@type\":\"ListItem\",\"position\":1,\"name\":\"Accueil\",\"item\":\"https:\/\/www.nettali.com\/\"},{\"@type\":\"ListItem\",\"position\":2,\"name\":\"PDS &#8211; D\\u00e9c\\u00e8s de Abdoulaye Faye\"}]},{\"@type\":\"Person\",\"@id\":\"https:\/\/www.nettali.com\/#\/schema\/person\/8a06c6bd7b19304cf4bf985862900b5b\",\"name\":\"Thierno Diop\",\"image\":{\"@type\":\"ImageObject\",\"@id\":\"https:\/\/www.nettali.com\/#personlogo\",\"inLanguage\":\"fr-FR\",\"url\":\"https:\/\/secure.gravatar.com\/avatar\/c8ca58550c94fd2ac856d27391a6c866?s=96&d=mm&r=g\",\"contentUrl\":\"https:\/\/secure.gravatar.com\/avatar\/c8ca58550c94fd2ac856d27391a6c866?s=96&d=mm&r=g\",\"caption\":\"Thierno Diop\"},\"sameAs\":[\"https:\/\/nettali.com\"]}]}<\/script>\n<!-- \/ Yoast SEO Premium plugin. -->","yoast_head_json":{"title":"PDS - D\u00e9c\u00e8s de Abdoulaye Faye | Nettali.com","robots":{"index":"index","follow":"follow","max-snippet":"max-snippet:-1","max-image-preview":"max-image-preview:large","max-video-preview":"max-video-preview:-1"},"canonical":"https:\/\/www.nettali.com\/2021\/06\/12\/pds-deces-de-abdoulaye-faye\/","og_locale":"fr_FR","og_type":"article","og_title":"PDS - D\u00e9c\u00e8s de Abdoulaye Faye","og_description":"NETTALI.COM -\u00a0 Compagnon de longue date du pape du Sopi, Abdoulaye Faye n'est plus. Cet inspecteur de l'2ducation, qui a tir\u00e9 sa r\u00e9v\u00e9rence ce samedi, \u00e9tait l'administrateur g\u00e9n\u00e9ral du Parti d\u00e9mocratique s\u00e9n\u00e9galais. Il a aussi dirig\u00e9 pendant longtemps la commission de discipline du parti. Rong\u00e9 par la maladie et le poids de l\u2019\u00e2ge,\u00a0 c'est en [&hellip;]","og_url":"https:\/\/www.nettali.com\/2021\/06\/12\/pds-deces-de-abdoulaye-faye\/","og_site_name":"Nettali.com","article_publisher":"https:\/\/www.facebook.com\/nettalicom","article_published_time":"2021-06-12T10:15:59+00:00","article_modified_time":"2021-06-12T15:41:52+00:00","og_image":[{"width":512,"height":268,"url":"https:\/\/www.nettali.com\/wp-content\/uploads\/2021\/06\/abdoulaye-faye.jpg","type":"image\/jpeg"}],"twitter_card":"summary_large_image","twitter_misc":{"\u00c9crit par":"Thierno Diop","Dur\u00e9e de lecture estim\u00e9e":"1 minute"},"schema":{"@context":"https:\/\/schema.org","@graph":[{"@type":"WebSite","@id":"https:\/\/www.nettali.com\/#website","url":"https:\/\/www.nettali.com\/","name":"Nettali.com","description":"Le rendez-vous critique du Net","potentialAction":[{"@type":"SearchAction","target":{"@type":"EntryPoint","urlTemplate":"https:\/\/www.nettali.com\/?s={search_term_string}"},"query-input":"required name=search_term_string"}],"inLanguage":"fr-FR"},{"@type":"ImageObject","@id":"https:\/\/www.nettali.com\/2021\/06\/12\/pds-deces-de-abdoulaye-faye\/#primaryimage","inLanguage":"fr-FR","url":"https:\/\/www.nettali.com\/wp-content\/uploads\/2021\/06\/abdoulaye-faye.jpg","contentUrl":"https:\/\/www.nettali.com\/wp-content\/uploads\/2021\/06\/abdoulaye-faye.jpg","width":512,"height":268},{"@type":"WebPage","@id":"https:\/\/www.nettali.com\/2021\/06\/12\/pds-deces-de-abdoulaye-faye\/#webpage","url":"https:\/\/www.nettali.com\/2021\/06\/12\/pds-deces-de-abdoulaye-faye\/","name":"PDS - D\u00e9c\u00e8s de Abdoulaye Faye | Nettali.com","isPartOf":{"@id":"https:\/\/www.nettali.com\/#website"},"primaryImageOfPage":{"@id":"https:\/\/www.nettali.com\/2021\/06\/12\/pds-deces-de-abdoulaye-faye\/#primaryimage"},"datePublished":"2021-06-12T10:15:59+00:00","dateModified":"2021-06-12T15:41:52+00:00","author":{"@id":"https:\/\/www.nettali.com\/#\/schema\/person\/8a06c6bd7b19304cf4bf985862900b5b"},"breadcrumb":{"@id":"https:\/\/www.nettali.com\/2021\/06\/12\/pds-deces-de-abdoulaye-faye\/#breadcrumb"},"inLanguage":"fr-FR","potentialAction":[{"@type":"ReadAction","target":["https:\/\/www.nettali.com\/2021\/06\/12\/pds-deces-de-abdoulaye-faye\/"]}]},{"@type":"BreadcrumbList","@id":"https:\/\/www.nettali.com\/2021\/06\/12\/pds-deces-de-abdoulaye-faye\/#breadcrumb","itemListElement":[{"@type":"ListItem","position":1,"name":"Accueil","item":"https:\/\/www.nettali.com\/"},{"@type":"ListItem","position":2,"name":"PDS &#8211; D\u00e9c\u00e8s de Abdoulaye Faye"}]},{"@type":"Person","@id":"https:\/\/www.nettali.com\/#\/schema\/person\/8a06c6bd7b19304cf4bf985862900b5b","name":"Thierno Diop","image":{"@type":"ImageObject","@id":"https:\/\/www.nettali.com\/#personlogo","inLanguage":"fr-FR","url":"https:\/\/secure.gravatar.com\/avatar\/c8ca58550c94fd2ac856d27391a6c866?s=96&d=mm&r=g","contentUrl":"https:\/\/secure.gravatar.com\/avatar\/c8ca58550c94fd2ac856d27391a6c866?s=96&d=mm&r=g","caption":"Thierno Diop"},"sameAs":["https:\/\/nettali.com"]}]}},"_links":{"self":[{"href":"https:\/\/www.nettali.com\/rest\/wp\/v2\/posts\/65820"}],"collection":[{"href":"https:\/\/www.nettali.com\/rest\/wp\/v2\/posts"}],"about":[{"href":"https:\/\/www.nettali.com\/rest\/wp\/v2\/types\/post"}],"author":[{"embeddable":true,"href":"https:\/\/www.nettali.com\/rest\/wp\/v2\/users\/11"}],"replies":[{"embeddable":true,"href":"https:\/\/www.nettali.com\/rest\/wp\/v2\/comments?post=65820"}],"version-history":[{"count":3,"href":"https:\/\/www.nettali.com\/rest\/wp\/v2\/posts\/65820\/revisions"}],"predecessor-version":[{"id":65824,"href":"https:\/\/www.nettali.com\/rest\/wp\/v2\/posts\/65820\/revisions\/65824"}],"wp:featuredmedia":[{"embeddable":true,"href":"https:\/\/www.nettali.com\/rest\/wp\/v2\/media\/65821"}],"wp:attachment":[{"href":"https:\/\/www.nettali.com\/rest\/wp\/v2\/media?parent=65820"}],"wp:term":[{"taxonomy":"category","embeddable":true,"href":"https:\/\/www.nettali.com\/rest\/wp\/v2\/categories?post=65820"},{"taxonomy":"post_tag","embeddable":true,"href":"https:\/\/www.nettali.com\/rest\/wp\/v2\/tags?post=65820"}],"curies":[{"name":"wp","href":"https:\/\/api.w.org\/{rel}","templated":true}]}}