{"id":65746,"date":"2021-06-11T10:03:59","date_gmt":"2021-06-11T10:03:59","guid":{"rendered":"https:\/\/www.nettali.com\/?p=65746"},"modified":"2021-06-11T10:03:59","modified_gmt":"2021-06-11T10:03:59","slug":"collecte-et-detention-de-donnees-a-caractere-pornographique-saliou-diouf-encourt-2-ans-dont-1-an-ferme","status":"publish","type":"post","link":"https:\/\/www.nettali.com\/2021\/06\/11\/collecte-et-detention-de-donnees-a-caractere-pornographique-saliou-diouf-encourt-2-ans-dont-1-an-ferme\/","title":{"rendered":"COLLECTE ET D\u00c9TENTION DE DONN\u00c9ES \u00c0 CARACT\u00c8RE PORNOGRAPHIQUE- Saliou Diouf encourt 2 ans dont 1 an ferme"},"content":{"rendered":"<p><strong>NETTALI.COM- 2 ans don 1 ferme, c\u2019est la peine qu\u2019encourt Saliou Diouf, poursuivi pour collecte et d\u00e9tention de donn\u00e9es \u00e0 caract\u00e8re pornographique. Il sera \u00e9difi\u00e9 sur son sort le 24 juin prochain.<\/strong><\/p>\n<p>Attrait \u00e0 la barre du tribunal correctionnel de Dakar pour collecte et d\u00e9tention de donn\u00e9es \u00e0 caract\u00e8re pornographique en vue de la distribution, Saliou Diouf encourt 2 ans dont 1 an de prison ferme. Il sera fix\u00e9 sur son sort le 24 juin prochain.<\/p>\n<p>Devant le pr\u00e9toire, la victime est revenue sur les raisons pour lesquelles elle a d\u00e9pos\u00e9 plainte. M. T., pour bien camper le d\u00e9cor, a d\u2019abord expliqu\u00e9 comment elle a fait la connaissance du sieur Diouf. Ce dernier, se rappelle-t-elle, lui avait, en 2019, hasardeusement, envoy\u00e9 un message WhatsApp alors qu\u2019elle n\u2019avait pas son num\u00e9ro. Alors qu\u2019il ne lui a jamais dit o\u00f9 est ce qu\u2019il avait eu son num\u00e9ro, ils ont commenc\u00e9 \u00e0 discuter et \u00e0 \u00e9changer. Le courant passait naturellement. C\u2019est sur ces entrefaites que Saliou Diouf a d\u00e9cid\u00e9 de passer \u00e0 la vitesse sup\u00e9rieure. Il ne se contente plus des messages, il \u00e9met un appel vid\u00e9o. Lequel intervient au moment o\u00f9, M. T., serviette autour de la taille, s\u2019appr\u00eatait \u00e0 prendre sa douche. A moiti\u00e9 nue, la dame prend l\u2019appel. Elle a, au cours de la discussion, montr\u00e9 ses parties intimes \u00e0 Saliou Diouf tout en ignorant qu\u2019il enregistrait leur conversation. Et c\u2019est ainsi qu\u2019a commenc\u00e9 le calvaire de la dame puisque le pr\u00e9venu avait commenc\u00e9 \u00e0 la faire chanter. Il lui demandait de coucher avec elle faute de quoi, il va diffuser les images sur les r\u00e9seaux sociaux.<\/p>\n<p>Apeur\u00e9e, d\u00e9sempar\u00e9e, M. T. c\u00e8de aux menaces du pr\u00e9venu afin de ne pas voir ses parties intimes sur les r\u00e9seaux sociaux. \u00ab <em>J'ai couch\u00e9 avec lui et il m'avait promis de supprimer la vid\u00e9o. Et il ne l'a pas fait parce que des mois plus tard, il me l'a encore balanc\u00e9e. J'ai accept\u00e9 de coucher avec lui sous la pression de ces menaces<\/em> \u00bb, a expliqu\u00e9 la plaignante qui a \u00e9t\u00e9 bien savonn\u00e9e par le pr\u00e9sident du tribunal, Maguette Diop. Il lui a demand\u00e9 d\u2019arr\u00eater les appels vid\u00e9o. Il lui a signifi\u00e9 qu\u2019elle a pr\u00eat\u00e9 le flanc d\u2019autant qu\u2019elle ne pouvait \u00eatre presque \u00e0 poil et r\u00e9pondre \u00e0 un appel vid\u00e9o.<\/p>\n<p>Donnant sa version des faits, Saliou Diouf a reconnu partiellement les faits qu\u2019il avait pourtant, devant le magistrat instructeur, reconnus en int\u00e9gralit\u00e9. A l\u2019en croire, c\u2019est par consentement qu\u2019ils ont entretenu des rapports sexuels.<\/p>\n<p>Relativement aux menaces de diffuser les vid\u00e9os sur les r\u00e9seaux, il souligne qu\u2019il plaisantait juste mais n\u2019avait jamais en t\u00eate l\u2019id\u00e9e de les mettre en ex\u00e9cution. Il consid\u00e8re ses actes comme une erreur de jeunesse qu\u2019il dit ne va plus r\u00e9p\u00e9ter. Ainsi, il a sollicit\u00e9 la cl\u00e9mence du juge pour m\u00e9riter une seconde chance.<\/p>\n<p>Le d\u00e9sistement de la partie civile n\u2019a pas apais\u00e9 le temp\u00e9rament du maitre des poursuites qui, estimant que de tels faits sont devenus monnaie courante maintenant, requiert une application s\u00e9v\u00e8re de la peine. Car, \u00e0 son avis, ce sont des faits qu'il faut d\u00e9courager avec des peines fermes. \u00ab <em>C'est un drame social parce que la vie de ses femmes-l\u00e0 sont \u00e0 jamais d\u00e9truites<\/em> \u00bb, a regrett\u00e9 la parqueti\u00e8re.<\/p>\n<div class='share-to-whatsapp-wrapper'><div class='share-on-whsp'>PARTAGER SUR : <\/div><a data-text='COLLECTE ET D\u00c9TENTION DE DONN\u00c9ES \u00c0 CARACT\u00c8RE PORNOGRAPHIQUE- Saliou Diouf encourt 2 ans dont 1 an ferme' data-link='https:\/\/www.nettali.com\/2021\/06\/11\/collecte-et-detention-de-donnees-a-caractere-pornographique-saliou-diouf-encourt-2-ans-dont-1-an-ferme\/' class='whatsapp-button whatsapp-share'>WhatsApp<\/a><div class='clear '><\/div><\/div>","protected":false},"excerpt":{"rendered":"<p>NETTALI.COM- 2 ans don 1 ferme, c\u2019est la peine qu\u2019encourt Saliou Diouf, poursuivi pour collecte et d\u00e9tention de donn\u00e9es \u00e0 caract\u00e8re pornographique. Il sera \u00e9difi\u00e9 sur son sort le 24 juin prochain. Attrait \u00e0 la barre du tribunal correctionnel de Dakar pour collecte et d\u00e9tention de donn\u00e9es \u00e0 caract\u00e8re pornographique en vue de la distribution, [&hellip;]<\/p>\n","protected":false},"author":6,"featured_media":24158,"comment_status":"open","ping_status":"open","sticky":false,"template":"","format":"standard","meta":{"_et_pb_use_builder":"","_et_pb_old_content":""},"categories":[3],"tags":[],"yoast_head":"<!-- This site is optimized with the Yoast SEO Premium plugin v17.8 (Yoast SEO v17.8) - https:\/\/yoast.com\/wordpress\/plugins\/seo\/ -->\n<title>COLLECTE ET D\u00c9TENTION DE DONN\u00c9ES \u00c0 CARACT\u00c8RE PORNOGRAPHIQUE- Saliou Diouf encourt 2 ans dont 1 an ferme | Nettali.com<\/title>\n<meta name=\"robots\" content=\"index, follow, max-snippet:-1, max-image-preview:large, max-video-preview:-1\" \/>\n<link rel=\"canonical\" href=\"https:\/\/www.nettali.com\/2021\/06\/11\/collecte-et-detention-de-donnees-a-caractere-pornographique-saliou-diouf-encourt-2-ans-dont-1-an-ferme\/\" \/>\n<meta property=\"og:locale\" content=\"fr_FR\" \/>\n<meta property=\"og:type\" content=\"article\" \/>\n<meta property=\"og:title\" content=\"COLLECTE ET D\u00c9TENTION DE DONN\u00c9ES \u00c0 CARACT\u00c8RE PORNOGRAPHIQUE- Saliou Diouf encourt 2 ans dont 1 an ferme\" \/>\n<meta property=\"og:description\" content=\"NETTALI.COM- 2 ans don 1 ferme, c\u2019est la peine qu\u2019encourt Saliou Diouf, poursuivi pour collecte et d\u00e9tention de donn\u00e9es \u00e0 caract\u00e8re pornographique. Il sera \u00e9difi\u00e9 sur son sort le 24 juin prochain. Attrait \u00e0 la barre du tribunal correctionnel de Dakar pour collecte et d\u00e9tention de donn\u00e9es \u00e0 caract\u00e8re pornographique en vue de la distribution, [&hellip;]\" \/>\n<meta property=\"og:url\" content=\"https:\/\/www.nettali.com\/2021\/06\/11\/collecte-et-detention-de-donnees-a-caractere-pornographique-saliou-diouf-encourt-2-ans-dont-1-an-ferme\/\" \/>\n<meta property=\"og:site_name\" content=\"Nettali.com\" \/>\n<meta property=\"article:publisher\" content=\"https:\/\/www.facebook.com\/nettalicom\" \/>\n<meta property=\"article:published_time\" content=\"2021-06-11T10:03:59+00:00\" \/>\n<meta property=\"og:image\" content=\"https:\/\/www.nettali.com\/wp-content\/uploads\/2019\/12\/Justice.jpg\" \/>\n\t<meta property=\"og:image:width\" content=\"698\" \/>\n\t<meta property=\"og:image:height\" content=\"463\" \/>\n<meta name=\"twitter:card\" content=\"summary_large_image\" \/>\n<meta name=\"twitter:label1\" content=\"\u00c9crit par\" \/>\n\t<meta name=\"twitter:data1\" content=\"Fatou\" \/>\n\t<meta name=\"twitter:label2\" content=\"Dur\u00e9e de lecture estim\u00e9e\" \/>\n\t<meta name=\"twitter:data2\" content=\"3 minutes\" \/>\n<script type=\"application\/ld+json\" class=\"yoast-schema-graph\">{\"@context\":\"https:\/\/schema.org\",\"@graph\":[{\"@type\":\"WebSite\",\"@id\":\"https:\/\/www.nettali.com\/#website\",\"url\":\"https:\/\/www.nettali.com\/\",\"name\":\"Nettali.com\",\"description\":\"Le rendez-vous critique du Net\",\"potentialAction\":[{\"@type\":\"SearchAction\",\"target\":{\"@type\":\"EntryPoint\",\"urlTemplate\":\"https:\/\/www.nettali.com\/?s={search_term_string}\"},\"query-input\":\"required name=search_term_string\"}],\"inLanguage\":\"fr-FR\"},{\"@type\":\"ImageObject\",\"@id\":\"https:\/\/www.nettali.com\/2021\/06\/11\/collecte-et-detention-de-donnees-a-caractere-pornographique-saliou-diouf-encourt-2-ans-dont-1-an-ferme\/#primaryimage\",\"inLanguage\":\"fr-FR\",\"url\":\"https:\/\/www.nettali.com\/wp-content\/uploads\/2019\/12\/Justice.jpg\",\"contentUrl\":\"https:\/\/www.nettali.com\/wp-content\/uploads\/2019\/12\/Justice.jpg\",\"width\":698,\"height\":463},{\"@type\":\"WebPage\",\"@id\":\"https:\/\/www.nettali.com\/2021\/06\/11\/collecte-et-detention-de-donnees-a-caractere-pornographique-saliou-diouf-encourt-2-ans-dont-1-an-ferme\/#webpage\",\"url\":\"https:\/\/www.nettali.com\/2021\/06\/11\/collecte-et-detention-de-donnees-a-caractere-pornographique-saliou-diouf-encourt-2-ans-dont-1-an-ferme\/\",\"name\":\"COLLECTE ET D\\u00c9TENTION DE DONN\\u00c9ES \\u00c0 CARACT\\u00c8RE PORNOGRAPHIQUE- Saliou Diouf encourt 2 ans dont 1 an ferme | Nettali.com\",\"isPartOf\":{\"@id\":\"https:\/\/www.nettali.com\/#website\"},\"primaryImageOfPage\":{\"@id\":\"https:\/\/www.nettali.com\/2021\/06\/11\/collecte-et-detention-de-donnees-a-caractere-pornographique-saliou-diouf-encourt-2-ans-dont-1-an-ferme\/#primaryimage\"},\"datePublished\":\"2021-06-11T10:03:59+00:00\",\"dateModified\":\"2021-06-11T10:03:59+00:00\",\"author\":{\"@id\":\"https:\/\/www.nettali.com\/#\/schema\/person\/418274a86bdf87caff7a3ef476bd0bbf\"},\"breadcrumb\":{\"@id\":\"https:\/\/www.nettali.com\/2021\/06\/11\/collecte-et-detention-de-donnees-a-caractere-pornographique-saliou-diouf-encourt-2-ans-dont-1-an-ferme\/#breadcrumb\"},\"inLanguage\":\"fr-FR\",\"potentialAction\":[{\"@type\":\"ReadAction\",\"target\":[\"https:\/\/www.nettali.com\/2021\/06\/11\/collecte-et-detention-de-donnees-a-caractere-pornographique-saliou-diouf-encourt-2-ans-dont-1-an-ferme\/\"]}]},{\"@type\":\"BreadcrumbList\",\"@id\":\"https:\/\/www.nettali.com\/2021\/06\/11\/collecte-et-detention-de-donnees-a-caractere-pornographique-saliou-diouf-encourt-2-ans-dont-1-an-ferme\/#breadcrumb\",\"itemListElement\":[{\"@type\":\"ListItem\",\"position\":1,\"name\":\"Accueil\",\"item\":\"https:\/\/www.nettali.com\/\"},{\"@type\":\"ListItem\",\"position\":2,\"name\":\"COLLECTE ET D\\u00c9TENTION DE DONN\\u00c9ES \\u00c0 CARACT\\u00c8RE PORNOGRAPHIQUE- Saliou Diouf encourt 2 ans dont 1 an ferme\"}]},{\"@type\":\"Person\",\"@id\":\"https:\/\/www.nettali.com\/#\/schema\/person\/418274a86bdf87caff7a3ef476bd0bbf\",\"name\":\"Fatou\",\"image\":{\"@type\":\"ImageObject\",\"@id\":\"https:\/\/www.nettali.com\/#personlogo\",\"inLanguage\":\"fr-FR\",\"url\":\"https:\/\/secure.gravatar.com\/avatar\/5a9442a2bee7b4dcf167cab035858e9a?s=96&d=mm&r=g\",\"contentUrl\":\"https:\/\/secure.gravatar.com\/avatar\/5a9442a2bee7b4dcf167cab035858e9a?s=96&d=mm&r=g\",\"caption\":\"Fatou\"},\"sameAs\":[\"https:\/\/www.nettali.com\"]}]}<\/script>\n<!-- \/ Yoast SEO Premium plugin. -->","yoast_head_json":{"title":"COLLECTE ET D\u00c9TENTION DE DONN\u00c9ES \u00c0 CARACT\u00c8RE PORNOGRAPHIQUE- Saliou Diouf encourt 2 ans dont 1 an ferme | Nettali.com","robots":{"index":"index","follow":"follow","max-snippet":"max-snippet:-1","max-image-preview":"max-image-preview:large","max-video-preview":"max-video-preview:-1"},"canonical":"https:\/\/www.nettali.com\/2021\/06\/11\/collecte-et-detention-de-donnees-a-caractere-pornographique-saliou-diouf-encourt-2-ans-dont-1-an-ferme\/","og_locale":"fr_FR","og_type":"article","og_title":"COLLECTE ET D\u00c9TENTION DE DONN\u00c9ES \u00c0 CARACT\u00c8RE PORNOGRAPHIQUE- Saliou Diouf encourt 2 ans dont 1 an ferme","og_description":"NETTALI.COM- 2 ans don 1 ferme, c\u2019est la peine qu\u2019encourt Saliou Diouf, poursuivi pour collecte et d\u00e9tention de donn\u00e9es \u00e0 caract\u00e8re pornographique. Il sera \u00e9difi\u00e9 sur son sort le 24 juin prochain. Attrait \u00e0 la barre du tribunal correctionnel de Dakar pour collecte et d\u00e9tention de donn\u00e9es \u00e0 caract\u00e8re pornographique en vue de la distribution, [&hellip;]","og_url":"https:\/\/www.nettali.com\/2021\/06\/11\/collecte-et-detention-de-donnees-a-caractere-pornographique-saliou-diouf-encourt-2-ans-dont-1-an-ferme\/","og_site_name":"Nettali.com","article_publisher":"https:\/\/www.facebook.com\/nettalicom","article_published_time":"2021-06-11T10:03:59+00:00","og_image":[{"width":698,"height":463,"url":"https:\/\/www.nettali.com\/wp-content\/uploads\/2019\/12\/Justice.jpg","type":"image\/jpeg"}],"twitter_card":"summary_large_image","twitter_misc":{"\u00c9crit par":"Fatou","Dur\u00e9e de lecture estim\u00e9e":"3 minutes"},"schema":{"@context":"https:\/\/schema.org","@graph":[{"@type":"WebSite","@id":"https:\/\/www.nettali.com\/#website","url":"https:\/\/www.nettali.com\/","name":"Nettali.com","description":"Le rendez-vous critique du Net","potentialAction":[{"@type":"SearchAction","target":{"@type":"EntryPoint","urlTemplate":"https:\/\/www.nettali.com\/?s={search_term_string}"},"query-input":"required name=search_term_string"}],"inLanguage":"fr-FR"},{"@type":"ImageObject","@id":"https:\/\/www.nettali.com\/2021\/06\/11\/collecte-et-detention-de-donnees-a-caractere-pornographique-saliou-diouf-encourt-2-ans-dont-1-an-ferme\/#primaryimage","inLanguage":"fr-FR","url":"https:\/\/www.nettali.com\/wp-content\/uploads\/2019\/12\/Justice.jpg","contentUrl":"https:\/\/www.nettali.com\/wp-content\/uploads\/2019\/12\/Justice.jpg","width":698,"height":463},{"@type":"WebPage","@id":"https:\/\/www.nettali.com\/2021\/06\/11\/collecte-et-detention-de-donnees-a-caractere-pornographique-saliou-diouf-encourt-2-ans-dont-1-an-ferme\/#webpage","url":"https:\/\/www.nettali.com\/2021\/06\/11\/collecte-et-detention-de-donnees-a-caractere-pornographique-saliou-diouf-encourt-2-ans-dont-1-an-ferme\/","name":"COLLECTE ET D\u00c9TENTION DE DONN\u00c9ES \u00c0 CARACT\u00c8RE PORNOGRAPHIQUE- Saliou Diouf encourt 2 ans dont 1 an ferme | Nettali.com","isPartOf":{"@id":"https:\/\/www.nettali.com\/#website"},"primaryImageOfPage":{"@id":"https:\/\/www.nettali.com\/2021\/06\/11\/collecte-et-detention-de-donnees-a-caractere-pornographique-saliou-diouf-encourt-2-ans-dont-1-an-ferme\/#primaryimage"},"datePublished":"2021-06-11T10:03:59+00:00","dateModified":"2021-06-11T10:03:59+00:00","author":{"@id":"https:\/\/www.nettali.com\/#\/schema\/person\/418274a86bdf87caff7a3ef476bd0bbf"},"breadcrumb":{"@id":"https:\/\/www.nettali.com\/2021\/06\/11\/collecte-et-detention-de-donnees-a-caractere-pornographique-saliou-diouf-encourt-2-ans-dont-1-an-ferme\/#breadcrumb"},"inLanguage":"fr-FR","potentialAction":[{"@type":"ReadAction","target":["https:\/\/www.nettali.com\/2021\/06\/11\/collecte-et-detention-de-donnees-a-caractere-pornographique-saliou-diouf-encourt-2-ans-dont-1-an-ferme\/"]}]},{"@type":"BreadcrumbList","@id":"https:\/\/www.nettali.com\/2021\/06\/11\/collecte-et-detention-de-donnees-a-caractere-pornographique-saliou-diouf-encourt-2-ans-dont-1-an-ferme\/#breadcrumb","itemListElement":[{"@type":"ListItem","position":1,"name":"Accueil","item":"https:\/\/www.nettali.com\/"},{"@type":"ListItem","position":2,"name":"COLLECTE ET D\u00c9TENTION DE DONN\u00c9ES \u00c0 CARACT\u00c8RE PORNOGRAPHIQUE- Saliou Diouf encourt 2 ans dont 1 an ferme"}]},{"@type":"Person","@id":"https:\/\/www.nettali.com\/#\/schema\/person\/418274a86bdf87caff7a3ef476bd0bbf","name":"Fatou","image":{"@type":"ImageObject","@id":"https:\/\/www.nettali.com\/#personlogo","inLanguage":"fr-FR","url":"https:\/\/secure.gravatar.com\/avatar\/5a9442a2bee7b4dcf167cab035858e9a?s=96&d=mm&r=g","contentUrl":"https:\/\/secure.gravatar.com\/avatar\/5a9442a2bee7b4dcf167cab035858e9a?s=96&d=mm&r=g","caption":"Fatou"},"sameAs":["https:\/\/www.nettali.com"]}]}},"_links":{"self":[{"href":"https:\/\/www.nettali.com\/rest\/wp\/v2\/posts\/65746"}],"collection":[{"href":"https:\/\/www.nettali.com\/rest\/wp\/v2\/posts"}],"about":[{"href":"https:\/\/www.nettali.com\/rest\/wp\/v2\/types\/post"}],"author":[{"embeddable":true,"href":"https:\/\/www.nettali.com\/rest\/wp\/v2\/users\/6"}],"replies":[{"embeddable":true,"href":"https:\/\/www.nettali.com\/rest\/wp\/v2\/comments?post=65746"}],"version-history":[{"count":3,"href":"https:\/\/www.nettali.com\/rest\/wp\/v2\/posts\/65746\/revisions"}],"predecessor-version":[{"id":65749,"href":"https:\/\/www.nettali.com\/rest\/wp\/v2\/posts\/65746\/revisions\/65749"}],"wp:featuredmedia":[{"embeddable":true,"href":"https:\/\/www.nettali.com\/rest\/wp\/v2\/media\/24158"}],"wp:attachment":[{"href":"https:\/\/www.nettali.com\/rest\/wp\/v2\/media?parent=65746"}],"wp:term":[{"taxonomy":"category","embeddable":true,"href":"https:\/\/www.nettali.com\/rest\/wp\/v2\/categories?post=65746"},{"taxonomy":"post_tag","embeddable":true,"href":"https:\/\/www.nettali.com\/rest\/wp\/v2\/tags?post=65746"}],"curies":[{"name":"wp","href":"https:\/\/api.w.org\/{rel}","templated":true}]}}