{"id":65741,"date":"2021-06-11T10:15:08","date_gmt":"2021-06-11T10:15:08","guid":{"rendered":"https:\/\/www.nettali.com\/?p=65741"},"modified":"2021-06-11T10:15:08","modified_gmt":"2021-06-11T10:15:08","slug":"assainir-la-presse-linvite-du-ministre-de-la-communication-aux-journalistes","status":"publish","type":"post","link":"https:\/\/www.nettali.com\/2021\/06\/11\/assainir-la-presse-linvite-du-ministre-de-la-communication-aux-journalistes\/","title":{"rendered":"ASSAINIR LA PRESSE- L\u2019invite du ministre de la Communication aux journalistes"},"content":{"rendered":"<p><strong>NETTALI.COM- Lors de la c\u00e9r\u00e9monie de remise de dipl\u00f4mes aux sortants de la 48\u00e8me promotion du Cesti, le ministre de la Communication a r\u00e9affirm\u00e9 la volont\u00e9 de l'Etat d'assainir la presse.<\/strong><\/p>\n<p>\" <em>L\u2019\u00c9tat va prendre toutes les dispositions pour aider \u00e0 assainir votre m\u00e9tier. Mais vous devez aider aussi l\u2019Etat.\u00a0 Le cr\u00e9dit de votre m\u00e9tier est de la responsabilit\u00e9 de tous<\/em>\", a d\u00e9clar\u00e9 le ministre Abdoulaye Diop, \u00e0\u00a0 l'endroit des 25 nouveaux journalistes sortis de la 48\u00e8me promotion du Cesti.<\/p>\n<p>Le professeur Amadou Gallo Diop repr\u00e9sentant du ministre de l'Enseignement sup\u00e9rieur d'embrayer : \" l<em>a profession est d\u00e9cri\u00e9e parce que certains pourraient en oublier les fondamentaux. C\u2019est le risque d\u2019infiltration par des non journaliste de votre noble profession. <\/em><em>Les premiers r\u00e9seaux et les premiers facteurs d\u2019assainissement de votre profession sont d\u2019abord entre vos propres mains par un travail d\u2019excellence, un travail de qualit\u00e9. Restez curieux de tout car c\u2019est la premi\u00e8re qualit\u00e9 du journaliste. Soyez exigeants vis-\u00e0-vis de vous-m\u00eame\"<\/em>.<\/p>\n<p>Par ailleurs, le ministre de la Culture et de la Communication a invit\u00e9 les imp\u00e9trants au respect de l'\u00e9thique et de la d\u00e9ontologie. \" <em>Dans un environnement fragilis\u00e9 aujourd\u2019hui, vous devez chaque fois poser la bonne question quand vous devez \u00e9crire ou prendre le micro : quel est l\u2019int\u00e9r\u00eat pour ma communaut\u00e9 ? Quel est l\u2019int\u00e9r\u00eat pour prot\u00e9ger encore nos pays ? Le vivre ensemble\", <\/em>conseille-t-il<em>.<\/em><\/p>\n<p style=\"font-weight: 400;\">Le Recteur\u00a0 Amadou Aly Mbaye a abond\u00e9 dans le m\u00eame sens. \" Dans votre pratique,\u00a0 vous \u00eates observ\u00e9s et jug\u00e9s par les populations. Vous \u00eates invit\u00e9s \u00e0 faire du viatique qui a \u00e9t\u00e9 exprim\u00e9 concernant ce qui vous attend, notamment le respect des piliers du journalisme\", exhorte-t-il.<\/p>\n<p>C'est pourquoi le journaliste formateur, Ibrahima Bakhoum a invit\u00e9 ses jeunes confr\u00e8res \u00e0 suivre la voie de leur parrain, Saliou Traor\u00e9, ancien journaliste \u00e0 l\u2019APS et chef du Bureau de l\u2019Agence espagnole de presse en Afrique de l\u2019Ouest, d\u00e9c\u00e9d\u00e9 en 2018. \"<em>Au velours, pr\u00e9f\u00e9rez la valeur. Rendez votre parrain\u00a0fier de vous pour que votre promotion m\u00e9rite de s\u2019appeler Saliou Traor\u00e9<\/em>\" dit-il.<\/p>\n<p>Cheikh Traor\u00e9 repr\u00e9sentant la famille du parrain, a rappel\u00e9 les valeurs incarn\u00e9es par leur parrain. \" <em>Il a su \u00e9chapper \u00e0 la flagornerie et \u00e0 la corruption. Peu importait, il faisait son travail sans rien attendre de qui que ce soit, hors mis la juste r\u00e9mun\u00e9ration. Un esprit libre de ses propos, de ses engagements mais fid\u00e8le. La recherche sans rel\u00e2che de la v\u00e9rit\u00e9. Il restait fid\u00e8le \u00e0 l\u2019authenticit\u00e9 des faits.\u00a0 L\u2019on ne saurait acheter Saliou ni le faire taire par un Baillot d\u2019argent. Un homme d\u2019une honn\u00eatet\u00e9 remarquable, d\u2019une loyaut\u00e9 \u00e0 toute \u00e9preuve<\/em>\", loue-t-il.<\/p>\n<p>En effet,\u00a0 selon le Pr Gallo Diop, l\u2019absence d\u2019\u00e9thique doit \u00eatre proscrite dans la pratique journalistique. \" <em>Les journalistes s\u2019il respectent les piliers qui r\u00e9gissent leur profession, l\u2019\u00e9thique et la d\u00e9ontologie, contribueront \u00e0 doter notre soci\u00e9t\u00e9 d\u2019une presse digne et cr\u00e9dible<\/em>\", dit-il.<\/p>\n<p>Et d'ajouter: \" <em>la vie professionnelle qui vous attend sera encore plus exigeante et d\u2019autant plus que le contexte sanitaire que nous vivons a boulevers\u00e9 le secteur des m\u00e9dias. Nous avons besoin de beaucoup de journalistes qui vont se sp\u00e9cialiser pour la probl\u00e9matique<\/em>\".<\/p>\n<p>Face \u00e0 ces menaces qui p\u00e8sent sur le secteur de la presse, Mamadou Ndiaye, Directeur du Cesti a invit\u00e9 \u00e0 la solidarit\u00e9 et au renforcement des moyens du Cesti.<\/p>\n<div class='share-to-whatsapp-wrapper'><div class='share-on-whsp'>PARTAGER SUR : <\/div><a data-text='ASSAINIR LA PRESSE- L\u2019invite du ministre de la Communication aux journalistes' data-link='https:\/\/www.nettali.com\/2021\/06\/11\/assainir-la-presse-linvite-du-ministre-de-la-communication-aux-journalistes\/' class='whatsapp-button whatsapp-share'>WhatsApp<\/a><div class='clear '><\/div><\/div>","protected":false},"excerpt":{"rendered":"<p>NETTALI.COM- Lors de la c\u00e9r\u00e9monie de remise de dipl\u00f4mes aux sortants de la 48\u00e8me promotion du Cesti, le ministre de la Communication a r\u00e9affirm\u00e9 la volont\u00e9 de l'Etat d'assainir la presse. \" L\u2019\u00c9tat va prendre toutes les dispositions pour aider \u00e0 assainir votre m\u00e9tier. Mais vous devez aider aussi l\u2019Etat.\u00a0 Le cr\u00e9dit de votre m\u00e9tier [&hellip;]<\/p>\n","protected":false},"author":6,"featured_media":65744,"comment_status":"open","ping_status":"open","sticky":false,"template":"","format":"standard","meta":{"_et_pb_use_builder":"","_et_pb_old_content":""},"categories":[3],"tags":[],"yoast_head":"<!-- This site is optimized with the Yoast SEO Premium plugin v17.8 (Yoast SEO v17.8) - https:\/\/yoast.com\/wordpress\/plugins\/seo\/ -->\n<title>ASSAINIR LA PRESSE- L\u2019invite du ministre de la Communication aux journalistes | Nettali.com<\/title>\n<meta name=\"robots\" content=\"index, follow, max-snippet:-1, max-image-preview:large, max-video-preview:-1\" \/>\n<link rel=\"canonical\" href=\"https:\/\/www.nettali.com\/2021\/06\/11\/assainir-la-presse-linvite-du-ministre-de-la-communication-aux-journalistes\/\" \/>\n<meta property=\"og:locale\" content=\"fr_FR\" \/>\n<meta property=\"og:type\" content=\"article\" \/>\n<meta property=\"og:title\" content=\"ASSAINIR LA PRESSE- L\u2019invite du ministre de la Communication aux journalistes\" \/>\n<meta property=\"og:description\" content=\"NETTALI.COM- Lors de la c\u00e9r\u00e9monie de remise de dipl\u00f4mes aux sortants de la 48\u00e8me promotion du Cesti, le ministre de la Communication a r\u00e9affirm\u00e9 la volont\u00e9 de l&#039;Etat d&#039;assainir la presse. &quot; L\u2019\u00c9tat va prendre toutes les dispositions pour aider \u00e0 assainir votre m\u00e9tier. Mais vous devez aider aussi l\u2019Etat.\u00a0 Le cr\u00e9dit de votre m\u00e9tier [&hellip;]\" \/>\n<meta property=\"og:url\" content=\"https:\/\/www.nettali.com\/2021\/06\/11\/assainir-la-presse-linvite-du-ministre-de-la-communication-aux-journalistes\/\" \/>\n<meta property=\"og:site_name\" content=\"Nettali.com\" \/>\n<meta property=\"article:publisher\" content=\"https:\/\/www.facebook.com\/nettalicom\" \/>\n<meta property=\"article:published_time\" content=\"2021-06-11T10:15:08+00:00\" \/>\n<meta property=\"og:image\" content=\"https:\/\/www.nettali.com\/wp-content\/uploads\/2021\/06\/FB_IMG_1623399733338.jpg\" \/>\n\t<meta property=\"og:image:width\" content=\"720\" \/>\n\t<meta property=\"og:image:height\" content=\"490\" \/>\n<meta name=\"twitter:card\" content=\"summary_large_image\" \/>\n<meta name=\"twitter:label1\" content=\"\u00c9crit par\" \/>\n\t<meta name=\"twitter:data1\" content=\"Fatou\" \/>\n\t<meta name=\"twitter:label2\" content=\"Dur\u00e9e de lecture estim\u00e9e\" \/>\n\t<meta name=\"twitter:data2\" content=\"3 minutes\" \/>\n<script type=\"application\/ld+json\" class=\"yoast-schema-graph\">{\"@context\":\"https:\/\/schema.org\",\"@graph\":[{\"@type\":\"WebSite\",\"@id\":\"https:\/\/www.nettali.com\/#website\",\"url\":\"https:\/\/www.nettali.com\/\",\"name\":\"Nettali.com\",\"description\":\"Le rendez-vous critique du Net\",\"potentialAction\":[{\"@type\":\"SearchAction\",\"target\":{\"@type\":\"EntryPoint\",\"urlTemplate\":\"https:\/\/www.nettali.com\/?s={search_term_string}\"},\"query-input\":\"required name=search_term_string\"}],\"inLanguage\":\"fr-FR\"},{\"@type\":\"ImageObject\",\"@id\":\"https:\/\/www.nettali.com\/2021\/06\/11\/assainir-la-presse-linvite-du-ministre-de-la-communication-aux-journalistes\/#primaryimage\",\"inLanguage\":\"fr-FR\",\"url\":\"https:\/\/www.nettali.com\/wp-content\/uploads\/2021\/06\/FB_IMG_1623399733338.jpg\",\"contentUrl\":\"https:\/\/www.nettali.com\/wp-content\/uploads\/2021\/06\/FB_IMG_1623399733338.jpg\",\"width\":720,\"height\":490},{\"@type\":\"WebPage\",\"@id\":\"https:\/\/www.nettali.com\/2021\/06\/11\/assainir-la-presse-linvite-du-ministre-de-la-communication-aux-journalistes\/#webpage\",\"url\":\"https:\/\/www.nettali.com\/2021\/06\/11\/assainir-la-presse-linvite-du-ministre-de-la-communication-aux-journalistes\/\",\"name\":\"ASSAINIR LA PRESSE- L\\u2019invite du ministre de la Communication aux journalistes | Nettali.com\",\"isPartOf\":{\"@id\":\"https:\/\/www.nettali.com\/#website\"},\"primaryImageOfPage\":{\"@id\":\"https:\/\/www.nettali.com\/2021\/06\/11\/assainir-la-presse-linvite-du-ministre-de-la-communication-aux-journalistes\/#primaryimage\"},\"datePublished\":\"2021-06-11T10:15:08+00:00\",\"dateModified\":\"2021-06-11T10:15:08+00:00\",\"author\":{\"@id\":\"https:\/\/www.nettali.com\/#\/schema\/person\/418274a86bdf87caff7a3ef476bd0bbf\"},\"breadcrumb\":{\"@id\":\"https:\/\/www.nettali.com\/2021\/06\/11\/assainir-la-presse-linvite-du-ministre-de-la-communication-aux-journalistes\/#breadcrumb\"},\"inLanguage\":\"fr-FR\",\"potentialAction\":[{\"@type\":\"ReadAction\",\"target\":[\"https:\/\/www.nettali.com\/2021\/06\/11\/assainir-la-presse-linvite-du-ministre-de-la-communication-aux-journalistes\/\"]}]},{\"@type\":\"BreadcrumbList\",\"@id\":\"https:\/\/www.nettali.com\/2021\/06\/11\/assainir-la-presse-linvite-du-ministre-de-la-communication-aux-journalistes\/#breadcrumb\",\"itemListElement\":[{\"@type\":\"ListItem\",\"position\":1,\"name\":\"Accueil\",\"item\":\"https:\/\/www.nettali.com\/\"},{\"@type\":\"ListItem\",\"position\":2,\"name\":\"ASSAINIR LA PRESSE- L\\u2019invite du ministre de la Communication aux journalistes\"}]},{\"@type\":\"Person\",\"@id\":\"https:\/\/www.nettali.com\/#\/schema\/person\/418274a86bdf87caff7a3ef476bd0bbf\",\"name\":\"Fatou\",\"image\":{\"@type\":\"ImageObject\",\"@id\":\"https:\/\/www.nettali.com\/#personlogo\",\"inLanguage\":\"fr-FR\",\"url\":\"https:\/\/secure.gravatar.com\/avatar\/5a9442a2bee7b4dcf167cab035858e9a?s=96&d=mm&r=g\",\"contentUrl\":\"https:\/\/secure.gravatar.com\/avatar\/5a9442a2bee7b4dcf167cab035858e9a?s=96&d=mm&r=g\",\"caption\":\"Fatou\"},\"sameAs\":[\"https:\/\/www.nettali.com\"]}]}<\/script>\n<!-- \/ Yoast SEO Premium plugin. -->","yoast_head_json":{"title":"ASSAINIR LA PRESSE- L\u2019invite du ministre de la Communication aux journalistes | Nettali.com","robots":{"index":"index","follow":"follow","max-snippet":"max-snippet:-1","max-image-preview":"max-image-preview:large","max-video-preview":"max-video-preview:-1"},"canonical":"https:\/\/www.nettali.com\/2021\/06\/11\/assainir-la-presse-linvite-du-ministre-de-la-communication-aux-journalistes\/","og_locale":"fr_FR","og_type":"article","og_title":"ASSAINIR LA PRESSE- L\u2019invite du ministre de la Communication aux journalistes","og_description":"NETTALI.COM- Lors de la c\u00e9r\u00e9monie de remise de dipl\u00f4mes aux sortants de la 48\u00e8me promotion du Cesti, le ministre de la Communication a r\u00e9affirm\u00e9 la volont\u00e9 de l'Etat d'assainir la presse. \" L\u2019\u00c9tat va prendre toutes les dispositions pour aider \u00e0 assainir votre m\u00e9tier. Mais vous devez aider aussi l\u2019Etat.\u00a0 Le cr\u00e9dit de votre m\u00e9tier [&hellip;]","og_url":"https:\/\/www.nettali.com\/2021\/06\/11\/assainir-la-presse-linvite-du-ministre-de-la-communication-aux-journalistes\/","og_site_name":"Nettali.com","article_publisher":"https:\/\/www.facebook.com\/nettalicom","article_published_time":"2021-06-11T10:15:08+00:00","og_image":[{"width":720,"height":490,"url":"https:\/\/www.nettali.com\/wp-content\/uploads\/2021\/06\/FB_IMG_1623399733338.jpg","type":"image\/jpeg"}],"twitter_card":"summary_large_image","twitter_misc":{"\u00c9crit par":"Fatou","Dur\u00e9e de lecture estim\u00e9e":"3 minutes"},"schema":{"@context":"https:\/\/schema.org","@graph":[{"@type":"WebSite","@id":"https:\/\/www.nettali.com\/#website","url":"https:\/\/www.nettali.com\/","name":"Nettali.com","description":"Le rendez-vous critique du Net","potentialAction":[{"@type":"SearchAction","target":{"@type":"EntryPoint","urlTemplate":"https:\/\/www.nettali.com\/?s={search_term_string}"},"query-input":"required name=search_term_string"}],"inLanguage":"fr-FR"},{"@type":"ImageObject","@id":"https:\/\/www.nettali.com\/2021\/06\/11\/assainir-la-presse-linvite-du-ministre-de-la-communication-aux-journalistes\/#primaryimage","inLanguage":"fr-FR","url":"https:\/\/www.nettali.com\/wp-content\/uploads\/2021\/06\/FB_IMG_1623399733338.jpg","contentUrl":"https:\/\/www.nettali.com\/wp-content\/uploads\/2021\/06\/FB_IMG_1623399733338.jpg","width":720,"height":490},{"@type":"WebPage","@id":"https:\/\/www.nettali.com\/2021\/06\/11\/assainir-la-presse-linvite-du-ministre-de-la-communication-aux-journalistes\/#webpage","url":"https:\/\/www.nettali.com\/2021\/06\/11\/assainir-la-presse-linvite-du-ministre-de-la-communication-aux-journalistes\/","name":"ASSAINIR LA PRESSE- L\u2019invite du ministre de la Communication aux journalistes | Nettali.com","isPartOf":{"@id":"https:\/\/www.nettali.com\/#website"},"primaryImageOfPage":{"@id":"https:\/\/www.nettali.com\/2021\/06\/11\/assainir-la-presse-linvite-du-ministre-de-la-communication-aux-journalistes\/#primaryimage"},"datePublished":"2021-06-11T10:15:08+00:00","dateModified":"2021-06-11T10:15:08+00:00","author":{"@id":"https:\/\/www.nettali.com\/#\/schema\/person\/418274a86bdf87caff7a3ef476bd0bbf"},"breadcrumb":{"@id":"https:\/\/www.nettali.com\/2021\/06\/11\/assainir-la-presse-linvite-du-ministre-de-la-communication-aux-journalistes\/#breadcrumb"},"inLanguage":"fr-FR","potentialAction":[{"@type":"ReadAction","target":["https:\/\/www.nettali.com\/2021\/06\/11\/assainir-la-presse-linvite-du-ministre-de-la-communication-aux-journalistes\/"]}]},{"@type":"BreadcrumbList","@id":"https:\/\/www.nettali.com\/2021\/06\/11\/assainir-la-presse-linvite-du-ministre-de-la-communication-aux-journalistes\/#breadcrumb","itemListElement":[{"@type":"ListItem","position":1,"name":"Accueil","item":"https:\/\/www.nettali.com\/"},{"@type":"ListItem","position":2,"name":"ASSAINIR LA PRESSE- L\u2019invite du ministre de la Communication aux journalistes"}]},{"@type":"Person","@id":"https:\/\/www.nettali.com\/#\/schema\/person\/418274a86bdf87caff7a3ef476bd0bbf","name":"Fatou","image":{"@type":"ImageObject","@id":"https:\/\/www.nettali.com\/#personlogo","inLanguage":"fr-FR","url":"https:\/\/secure.gravatar.com\/avatar\/5a9442a2bee7b4dcf167cab035858e9a?s=96&d=mm&r=g","contentUrl":"https:\/\/secure.gravatar.com\/avatar\/5a9442a2bee7b4dcf167cab035858e9a?s=96&d=mm&r=g","caption":"Fatou"},"sameAs":["https:\/\/www.nettali.com"]}]}},"_links":{"self":[{"href":"https:\/\/www.nettali.com\/rest\/wp\/v2\/posts\/65741"}],"collection":[{"href":"https:\/\/www.nettali.com\/rest\/wp\/v2\/posts"}],"about":[{"href":"https:\/\/www.nettali.com\/rest\/wp\/v2\/types\/post"}],"author":[{"embeddable":true,"href":"https:\/\/www.nettali.com\/rest\/wp\/v2\/users\/6"}],"replies":[{"embeddable":true,"href":"https:\/\/www.nettali.com\/rest\/wp\/v2\/comments?post=65741"}],"version-history":[{"count":4,"href":"https:\/\/www.nettali.com\/rest\/wp\/v2\/posts\/65741\/revisions"}],"predecessor-version":[{"id":65752,"href":"https:\/\/www.nettali.com\/rest\/wp\/v2\/posts\/65741\/revisions\/65752"}],"wp:featuredmedia":[{"embeddable":true,"href":"https:\/\/www.nettali.com\/rest\/wp\/v2\/media\/65744"}],"wp:attachment":[{"href":"https:\/\/www.nettali.com\/rest\/wp\/v2\/media?parent=65741"}],"wp:term":[{"taxonomy":"category","embeddable":true,"href":"https:\/\/www.nettali.com\/rest\/wp\/v2\/categories?post=65741"},{"taxonomy":"post_tag","embeddable":true,"href":"https:\/\/www.nettali.com\/rest\/wp\/v2\/tags?post=65741"}],"curies":[{"name":"wp","href":"https:\/\/api.w.org\/{rel}","templated":true}]}}