{"id":65723,"date":"2021-06-10T19:11:40","date_gmt":"2021-06-10T19:11:40","guid":{"rendered":"https:\/\/www.nettali.com\/?p=65723"},"modified":"2021-06-11T01:22:12","modified_gmt":"2021-06-11T01:22:12","slug":"sahel-macron-annonce-la-fin-prochaine-de-loperation-barkhane","status":"publish","type":"post","link":"https:\/\/www.nettali.com\/2021\/06\/10\/sahel-macron-annonce-la-fin-prochaine-de-loperation-barkhane\/","title":{"rendered":"SAHEL - Macron annonce la fin prochaine de l'op\u00e9ration Barkhane"},"content":{"rendered":"<p><strong>NETTALI.COM - Emmanuel Macron a annonc\u00e9 jeudi la fin prochaine de l'op\u00e9ration militaire Barkhane au Sahel, o\u00f9 les troupes fran\u00e7aises engag\u00e9es depuis 2013 dans la lutte contre les groupes djihadistes vont laisser la place \u00e0 une \"force internationale\" dont la composition reste \u00e0 d\u00e9terminer.<\/strong><\/p>\n<p>Emmanuel Macron a annonc\u00e9 jeudi la fin prochaine de l'op\u00e9ration militaire Barkhane au Sahel, o\u00f9 les troupes fran\u00e7aises engag\u00e9es depuis 2013 dans la lutte contre les groupes djihadistes vont laisser la place \u00e0 une \"coalition internationale\" dont la composition reste \u00e0 d\u00e9terminer.<\/p>\n<p>Le \"temps est venu\" d'amorcer \"une transformation profonde de notre pr\u00e9sence militaire au Sahel\", a d\u00e9clar\u00e9 le chef de l'Etat pendant une conf\u00e9rence de presse.<\/p>\n<p>Soulignant que le r\u00f4le de la France n'avait jamais \u00e9t\u00e9 de se substituer aux Etats africains pour lutter contre le terrorisme et r\u00e9tablir leur souverainet\u00e9, Emmanuel Macron a indiqu\u00e9 que des discussions auraient lieu dans les prochaines semaines pour fixer le \"nouveau cadre\" de l'intervention au Sahel.<\/p>\n<p>\"La pr\u00e9sence durable dans le cadre d'op\u00e9rations ext\u00e9rieures de la France ne peut pas se substituer au retour de l'Etat et des services de l'Etat, \u00e0 la stabilit\u00e9 politique et au choix des Etats souverains\", a soulign\u00e9 le pr\u00e9sident fran\u00e7ais.<\/p>\n<p>\"La forme de notre pr\u00e9sence (...) n'est plus adapt\u00e9e \u00e0 la r\u00e9alit\u00e9 des combats.\"<\/p>\n<p>Alors que des sources avaient d\u00e9clar\u00e9 plus t\u00f4t dans la journ\u00e9e \u00e0 Reuters qu'Emmanuel Macron s'appr\u00eatait \u00e0 annoncer une r\u00e9duction des effectifs de l'op\u00e9ration Barkhane, qui s'\u00e9l\u00e8vent \u00e0 l'heure actuelle \u00e0 5.100 hommes, celui-ci est all\u00e9 plus loin en promettant un \"changement de mod\u00e8le\" qui sera mis en place de mani\u00e8re \"progressive et ordonn\u00e9e\".<\/p>\n<p>\"La poursuite de notre engagement au Sahel ne se fera pas dans un cadre constant\", a dit Emmanuel Macron en promettant le passage de t\u00e9moin \u00e0 \"une op\u00e9ration d'appui, de soutien et de coop\u00e9ration aux arm\u00e9es des pays de la r\u00e9gion qui le souhaitent\".<\/p>\n<p>Des consultations \u00e0 ce sujet vont \u00eatre men\u00e9es d'ici la fin du mois de juin avec les Etats-Unis et les partenaires europ\u00e9ens de la France, ainsi qu'avec les pays du G5 Sahel (Mali, Niger, Tchad, Burkina Faso et Mauritanie), a-t-il poursuivi.<\/p>\n<p>Le nouveau mod\u00e8le devrait notamment s'appuyer sur la \"task force\" Takuba, devenue op\u00e9rationnelle en d\u00e9but d'ann\u00e9e et constitu\u00e9e de forces sp\u00e9ciales europ\u00e9ennes qui accompagnent les arm\u00e9es malienne et nig\u00e9rienne au combat.<\/p>\n<p><strong>PLUSIEURS CENTAINES DE SOLDATS VONT RESTER<\/strong><\/p>\n<p>Emmanuel Macron a pr\u00e9cis\u00e9 que \"plusieurs centaines de soldats\" fran\u00e7ais resteraient d\u00e9ploy\u00e9s au Sahel dans ce cadre et il a invit\u00e9 les partenaires occidentaux de la France, dont les Etats-Unis, \u00e0 y contribuer.<\/p>\n<p>Les effectifs de Barkhane avaient \u00e9t\u00e9 port\u00e9s de 4.500 \u00e0 5.100 hommes \u00e0 la fin f\u00e9vrier 2020, apr\u00e8s un sommet r\u00e9unissant la France et ses alli\u00e9s du G5 Sahel \u00e0 Pau pour r\u00e9pondre \u00e0 la mort de 13 militaires fran\u00e7ais dans un crash d'h\u00e9licopt\u00e8res au Mali. En tout, 55 soldats fran\u00e7ais ont \u00e9t\u00e9 tu\u00e9s au Sahel depuis l'op\u00e9ration Serval en 2013.<\/p>\n<p>Emmanuel Macron avait d\u00e9j\u00e0 soulign\u00e9 \u00e0 cette occasion que la pr\u00e9sence fran\u00e7aise dans la r\u00e9gion n'\u00e9tait pas \u00e9ternelle. Il avait n\u00e9anmoins repouss\u00e9 sa d\u00e9cision sur une \u00e9ventuelle r\u00e9duction des effectifs de Barkhane lors d'un sommet virtuel qui avait r\u00e9uni en f\u00e9vrier dernier la France et ses alli\u00e9s du G5 Sahel.<\/p>\n<p>\"Il n'y a pas eu un r\u00e9engagement des d\u00e9cideurs pour faire revenir l'Etat dans les zones que nous lib\u00e9rons du terrorisme\", a d\u00e9plor\u00e9 le chef de l'Etat.<\/p>\n<p>\"Nous ne pouvons pas s\u00e9curiser des zones qui retombent dans l'anomie parce que des \u00c9tats d\u00e9cident de ne pas prendre leurs responsabilit\u00e9s\", a-t-il ajout\u00e9 pour expliquer sa d\u00e9cision, d\u00e9fendue de longue date par l'\u00e9tat-major des arm\u00e9es.<\/p>\n<p>Emmanuel Macron a assur\u00e9 que cette \u00e9volution n'\u00e9tait pas directement li\u00e9e au r\u00e9cent coup d'Etat au Mali mais il a jug\u00e9 que la Communaut\u00e9 \u00e9conomique des Etats d'Afrique de l'Ouest (C\u00e9d\u00e9ao) avait commis une \"erreur\" et \u00e9tabli une \"mauvaise jurisprudence\" en reconnaissant le chef de la junte, le colonel Assimi Go\u00efta, en tant que pr\u00e9sident par int\u00e9rim.<\/p>\n<p>La France avait annonc\u00e9 le 3 juin qu'elle suspendait \u00e0 titre conservatoire ses op\u00e9rations militaires conjointes avec les forces maliennes du fait de la situation dans ce pays.<\/p>\n<p>Emmanuel Macron a souhait\u00e9 jeudi que cette coop\u00e9ration puisse reprendre le plus rapidement possible si les autorit\u00e9s maliennes apportent des r\u00e9ponses satisfaisantes, en mati\u00e8re de transition d\u00e9mocratique mais aussi d'\u00e9ventuelles n\u00e9gociations avec les djihadistes.<\/p>\n<p>\"Je ne sais pas expliquer aux parents d'un soldat fran\u00e7ais que je renvoie ses fr\u00e8res d'armes, alors qu'il est tomb\u00e9 sur le champ d'honneur, aux c\u00f4t\u00e9s de l'arm\u00e9e qui d\u00e9cide de n\u00e9gocier avec leurs assaillants\", a expliqu\u00e9 le chef de l'Etat. \"On ne peut pas souffrir l'ambigu\u00eft\u00e9.\"<\/p>\n<p>(Avec Reuters)<\/p>\n<p>&nbsp;<\/p>\n<div class='share-to-whatsapp-wrapper'><div class='share-on-whsp'>PARTAGER SUR : <\/div><a data-text='SAHEL - Macron annonce la fin prochaine de l'op\u00e9ration Barkhane' data-link='https:\/\/www.nettali.com\/2021\/06\/10\/sahel-macron-annonce-la-fin-prochaine-de-loperation-barkhane\/' class='whatsapp-button whatsapp-share'>WhatsApp<\/a><div class='clear '><\/div><\/div>","protected":false},"excerpt":{"rendered":"<p>NETTALI.COM - Emmanuel Macron a annonc\u00e9 jeudi la fin prochaine de l'op\u00e9ration militaire Barkhane au Sahel, o\u00f9 les troupes fran\u00e7aises engag\u00e9es depuis 2013 dans la lutte contre les groupes djihadistes vont laisser la place \u00e0 une \"force internationale\" dont la composition reste \u00e0 d\u00e9terminer. Emmanuel Macron a annonc\u00e9 jeudi la fin prochaine de l'op\u00e9ration militaire [&hellip;]<\/p>\n","protected":false},"author":11,"featured_media":65724,"comment_status":"open","ping_status":"open","sticky":false,"template":"","format":"standard","meta":{"_et_pb_use_builder":"","_et_pb_old_content":""},"categories":[3878,8],"tags":[],"yoast_head":"<!-- This site is optimized with the Yoast SEO Premium plugin v17.8 (Yoast SEO v17.8) - https:\/\/yoast.com\/wordpress\/plugins\/seo\/ -->\n<title>SAHEL - Macron annonce la fin prochaine de l&#039;op\u00e9ration Barkhane | Nettali.com<\/title>\n<meta name=\"robots\" content=\"index, follow, max-snippet:-1, max-image-preview:large, max-video-preview:-1\" \/>\n<link rel=\"canonical\" href=\"https:\/\/www.nettali.com\/2021\/06\/10\/sahel-macron-annonce-la-fin-prochaine-de-loperation-barkhane\/\" \/>\n<meta property=\"og:locale\" content=\"fr_FR\" \/>\n<meta property=\"og:type\" content=\"article\" \/>\n<meta property=\"og:title\" content=\"SAHEL - Macron annonce la fin prochaine de l&#039;op\u00e9ration Barkhane\" \/>\n<meta property=\"og:description\" content=\"NETTALI.COM - Emmanuel Macron a annonc\u00e9 jeudi la fin prochaine de l&#039;op\u00e9ration militaire Barkhane au Sahel, o\u00f9 les troupes fran\u00e7aises engag\u00e9es depuis 2013 dans la lutte contre les groupes djihadistes vont laisser la place \u00e0 une &quot;force internationale&quot; dont la composition reste \u00e0 d\u00e9terminer. Emmanuel Macron a annonc\u00e9 jeudi la fin prochaine de l&#039;op\u00e9ration militaire [&hellip;]\" \/>\n<meta property=\"og:url\" content=\"https:\/\/www.nettali.com\/2021\/06\/10\/sahel-macron-annonce-la-fin-prochaine-de-loperation-barkhane\/\" \/>\n<meta property=\"og:site_name\" content=\"Nettali.com\" \/>\n<meta property=\"article:publisher\" content=\"https:\/\/www.facebook.com\/nettalicom\" \/>\n<meta property=\"article:published_time\" content=\"2021-06-10T19:11:40+00:00\" \/>\n<meta property=\"article:modified_time\" content=\"2021-06-11T01:22:12+00:00\" \/>\n<meta property=\"og:image\" content=\"https:\/\/www.nettali.com\/wp-content\/uploads\/2021\/06\/barkane.jpg\" \/>\n\t<meta property=\"og:image:width\" content=\"1000\" \/>\n\t<meta property=\"og:image:height\" content=\"750\" \/>\n<meta name=\"twitter:card\" content=\"summary_large_image\" \/>\n<meta name=\"twitter:label1\" content=\"\u00c9crit par\" \/>\n\t<meta name=\"twitter:data1\" content=\"Thierno Diop\" \/>\n\t<meta name=\"twitter:label2\" content=\"Dur\u00e9e de lecture estim\u00e9e\" \/>\n\t<meta name=\"twitter:data2\" content=\"4 minutes\" \/>\n<script type=\"application\/ld+json\" class=\"yoast-schema-graph\">{\"@context\":\"https:\/\/schema.org\",\"@graph\":[{\"@type\":\"WebSite\",\"@id\":\"https:\/\/www.nettali.com\/#website\",\"url\":\"https:\/\/www.nettali.com\/\",\"name\":\"Nettali.com\",\"description\":\"Le rendez-vous critique du Net\",\"potentialAction\":[{\"@type\":\"SearchAction\",\"target\":{\"@type\":\"EntryPoint\",\"urlTemplate\":\"https:\/\/www.nettali.com\/?s={search_term_string}\"},\"query-input\":\"required name=search_term_string\"}],\"inLanguage\":\"fr-FR\"},{\"@type\":\"ImageObject\",\"@id\":\"https:\/\/www.nettali.com\/2021\/06\/10\/sahel-macron-annonce-la-fin-prochaine-de-loperation-barkhane\/#primaryimage\",\"inLanguage\":\"fr-FR\",\"url\":\"https:\/\/www.nettali.com\/wp-content\/uploads\/2021\/06\/barkane.jpg\",\"contentUrl\":\"https:\/\/www.nettali.com\/wp-content\/uploads\/2021\/06\/barkane.jpg\",\"width\":1000,\"height\":750},{\"@type\":\"WebPage\",\"@id\":\"https:\/\/www.nettali.com\/2021\/06\/10\/sahel-macron-annonce-la-fin-prochaine-de-loperation-barkhane\/#webpage\",\"url\":\"https:\/\/www.nettali.com\/2021\/06\/10\/sahel-macron-annonce-la-fin-prochaine-de-loperation-barkhane\/\",\"name\":\"SAHEL - Macron annonce la fin prochaine de l'op\\u00e9ration Barkhane | Nettali.com\",\"isPartOf\":{\"@id\":\"https:\/\/www.nettali.com\/#website\"},\"primaryImageOfPage\":{\"@id\":\"https:\/\/www.nettali.com\/2021\/06\/10\/sahel-macron-annonce-la-fin-prochaine-de-loperation-barkhane\/#primaryimage\"},\"datePublished\":\"2021-06-10T19:11:40+00:00\",\"dateModified\":\"2021-06-11T01:22:12+00:00\",\"author\":{\"@id\":\"https:\/\/www.nettali.com\/#\/schema\/person\/8a06c6bd7b19304cf4bf985862900b5b\"},\"breadcrumb\":{\"@id\":\"https:\/\/www.nettali.com\/2021\/06\/10\/sahel-macron-annonce-la-fin-prochaine-de-loperation-barkhane\/#breadcrumb\"},\"inLanguage\":\"fr-FR\",\"potentialAction\":[{\"@type\":\"ReadAction\",\"target\":[\"https:\/\/www.nettali.com\/2021\/06\/10\/sahel-macron-annonce-la-fin-prochaine-de-loperation-barkhane\/\"]}]},{\"@type\":\"BreadcrumbList\",\"@id\":\"https:\/\/www.nettali.com\/2021\/06\/10\/sahel-macron-annonce-la-fin-prochaine-de-loperation-barkhane\/#breadcrumb\",\"itemListElement\":[{\"@type\":\"ListItem\",\"position\":1,\"name\":\"Accueil\",\"item\":\"https:\/\/www.nettali.com\/\"},{\"@type\":\"ListItem\",\"position\":2,\"name\":\"SAHEL &#8211; Macron annonce la fin prochaine de l&rsquo;op\\u00e9ration Barkhane\"}]},{\"@type\":\"Person\",\"@id\":\"https:\/\/www.nettali.com\/#\/schema\/person\/8a06c6bd7b19304cf4bf985862900b5b\",\"name\":\"Thierno Diop\",\"image\":{\"@type\":\"ImageObject\",\"@id\":\"https:\/\/www.nettali.com\/#personlogo\",\"inLanguage\":\"fr-FR\",\"url\":\"https:\/\/secure.gravatar.com\/avatar\/c8ca58550c94fd2ac856d27391a6c866?s=96&d=mm&r=g\",\"contentUrl\":\"https:\/\/secure.gravatar.com\/avatar\/c8ca58550c94fd2ac856d27391a6c866?s=96&d=mm&r=g\",\"caption\":\"Thierno Diop\"},\"sameAs\":[\"https:\/\/nettali.com\"]}]}<\/script>\n<!-- \/ Yoast SEO Premium plugin. -->","yoast_head_json":{"title":"SAHEL - Macron annonce la fin prochaine de l'op\u00e9ration Barkhane | Nettali.com","robots":{"index":"index","follow":"follow","max-snippet":"max-snippet:-1","max-image-preview":"max-image-preview:large","max-video-preview":"max-video-preview:-1"},"canonical":"https:\/\/www.nettali.com\/2021\/06\/10\/sahel-macron-annonce-la-fin-prochaine-de-loperation-barkhane\/","og_locale":"fr_FR","og_type":"article","og_title":"SAHEL - Macron annonce la fin prochaine de l'op\u00e9ration Barkhane","og_description":"NETTALI.COM - Emmanuel Macron a annonc\u00e9 jeudi la fin prochaine de l'op\u00e9ration militaire Barkhane au Sahel, o\u00f9 les troupes fran\u00e7aises engag\u00e9es depuis 2013 dans la lutte contre les groupes djihadistes vont laisser la place \u00e0 une \"force internationale\" dont la composition reste \u00e0 d\u00e9terminer. Emmanuel Macron a annonc\u00e9 jeudi la fin prochaine de l'op\u00e9ration militaire [&hellip;]","og_url":"https:\/\/www.nettali.com\/2021\/06\/10\/sahel-macron-annonce-la-fin-prochaine-de-loperation-barkhane\/","og_site_name":"Nettali.com","article_publisher":"https:\/\/www.facebook.com\/nettalicom","article_published_time":"2021-06-10T19:11:40+00:00","article_modified_time":"2021-06-11T01:22:12+00:00","og_image":[{"width":1000,"height":750,"url":"https:\/\/www.nettali.com\/wp-content\/uploads\/2021\/06\/barkane.jpg","type":"image\/jpeg"}],"twitter_card":"summary_large_image","twitter_misc":{"\u00c9crit par":"Thierno Diop","Dur\u00e9e de lecture estim\u00e9e":"4 minutes"},"schema":{"@context":"https:\/\/schema.org","@graph":[{"@type":"WebSite","@id":"https:\/\/www.nettali.com\/#website","url":"https:\/\/www.nettali.com\/","name":"Nettali.com","description":"Le rendez-vous critique du Net","potentialAction":[{"@type":"SearchAction","target":{"@type":"EntryPoint","urlTemplate":"https:\/\/www.nettali.com\/?s={search_term_string}"},"query-input":"required name=search_term_string"}],"inLanguage":"fr-FR"},{"@type":"ImageObject","@id":"https:\/\/www.nettali.com\/2021\/06\/10\/sahel-macron-annonce-la-fin-prochaine-de-loperation-barkhane\/#primaryimage","inLanguage":"fr-FR","url":"https:\/\/www.nettali.com\/wp-content\/uploads\/2021\/06\/barkane.jpg","contentUrl":"https:\/\/www.nettali.com\/wp-content\/uploads\/2021\/06\/barkane.jpg","width":1000,"height":750},{"@type":"WebPage","@id":"https:\/\/www.nettali.com\/2021\/06\/10\/sahel-macron-annonce-la-fin-prochaine-de-loperation-barkhane\/#webpage","url":"https:\/\/www.nettali.com\/2021\/06\/10\/sahel-macron-annonce-la-fin-prochaine-de-loperation-barkhane\/","name":"SAHEL - Macron annonce la fin prochaine de l'op\u00e9ration Barkhane | Nettali.com","isPartOf":{"@id":"https:\/\/www.nettali.com\/#website"},"primaryImageOfPage":{"@id":"https:\/\/www.nettali.com\/2021\/06\/10\/sahel-macron-annonce-la-fin-prochaine-de-loperation-barkhane\/#primaryimage"},"datePublished":"2021-06-10T19:11:40+00:00","dateModified":"2021-06-11T01:22:12+00:00","author":{"@id":"https:\/\/www.nettali.com\/#\/schema\/person\/8a06c6bd7b19304cf4bf985862900b5b"},"breadcrumb":{"@id":"https:\/\/www.nettali.com\/2021\/06\/10\/sahel-macron-annonce-la-fin-prochaine-de-loperation-barkhane\/#breadcrumb"},"inLanguage":"fr-FR","potentialAction":[{"@type":"ReadAction","target":["https:\/\/www.nettali.com\/2021\/06\/10\/sahel-macron-annonce-la-fin-prochaine-de-loperation-barkhane\/"]}]},{"@type":"BreadcrumbList","@id":"https:\/\/www.nettali.com\/2021\/06\/10\/sahel-macron-annonce-la-fin-prochaine-de-loperation-barkhane\/#breadcrumb","itemListElement":[{"@type":"ListItem","position":1,"name":"Accueil","item":"https:\/\/www.nettali.com\/"},{"@type":"ListItem","position":2,"name":"SAHEL &#8211; Macron annonce la fin prochaine de l&rsquo;op\u00e9ration Barkhane"}]},{"@type":"Person","@id":"https:\/\/www.nettali.com\/#\/schema\/person\/8a06c6bd7b19304cf4bf985862900b5b","name":"Thierno Diop","image":{"@type":"ImageObject","@id":"https:\/\/www.nettali.com\/#personlogo","inLanguage":"fr-FR","url":"https:\/\/secure.gravatar.com\/avatar\/c8ca58550c94fd2ac856d27391a6c866?s=96&d=mm&r=g","contentUrl":"https:\/\/secure.gravatar.com\/avatar\/c8ca58550c94fd2ac856d27391a6c866?s=96&d=mm&r=g","caption":"Thierno Diop"},"sameAs":["https:\/\/nettali.com"]}]}},"_links":{"self":[{"href":"https:\/\/www.nettali.com\/rest\/wp\/v2\/posts\/65723"}],"collection":[{"href":"https:\/\/www.nettali.com\/rest\/wp\/v2\/posts"}],"about":[{"href":"https:\/\/www.nettali.com\/rest\/wp\/v2\/types\/post"}],"author":[{"embeddable":true,"href":"https:\/\/www.nettali.com\/rest\/wp\/v2\/users\/11"}],"replies":[{"embeddable":true,"href":"https:\/\/www.nettali.com\/rest\/wp\/v2\/comments?post=65723"}],"version-history":[{"count":1,"href":"https:\/\/www.nettali.com\/rest\/wp\/v2\/posts\/65723\/revisions"}],"predecessor-version":[{"id":65725,"href":"https:\/\/www.nettali.com\/rest\/wp\/v2\/posts\/65723\/revisions\/65725"}],"wp:featuredmedia":[{"embeddable":true,"href":"https:\/\/www.nettali.com\/rest\/wp\/v2\/media\/65724"}],"wp:attachment":[{"href":"https:\/\/www.nettali.com\/rest\/wp\/v2\/media?parent=65723"}],"wp:term":[{"taxonomy":"category","embeddable":true,"href":"https:\/\/www.nettali.com\/rest\/wp\/v2\/categories?post=65723"},{"taxonomy":"post_tag","embeddable":true,"href":"https:\/\/www.nettali.com\/rest\/wp\/v2\/tags?post=65723"}],"curies":[{"name":"wp","href":"https:\/\/api.w.org\/{rel}","templated":true}]}}