{"id":65695,"date":"2021-06-10T11:03:47","date_gmt":"2021-06-10T11:03:47","guid":{"rendered":"https:\/\/www.nettali.com\/?p=65695"},"modified":"2021-06-10T11:03:47","modified_gmt":"2021-06-10T11:03:47","slug":"tensions-politiques-leglise-appelle-au-calme","status":"publish","type":"post","link":"https:\/\/www.nettali.com\/2021\/06\/10\/tensions-politiques-leglise-appelle-au-calme\/","title":{"rendered":"TENSIONS POLITIQUES \u2013 L\u2019Eglise appelle au calme"},"content":{"rendered":"<p><strong>NETTALI.COM \u2013 L\u2019Eglise est plus que justice au service de la justice pour la promotion de la paix au S\u00e9n\u00e9gal. C\u2019est le sens de l\u2019appel de l\u2019archev\u00eaque de Dakar, qui s\u2019exprimait depuis le dioc\u00e8se de Thi\u00e8s. <\/strong><\/p>\n<p>Les \u00e9v\u00eaques font la promotion de la paix et de la justice au S\u00e9n\u00e9gal, au lendemain des troubles qu\u2019a connus le pays combin\u00e9s \u00e0 certains d\u00e9rapages li\u00e9s \u00e0 la religion sur les r\u00e9seaux sociaux. \u201cLa Lettre pastorale des \u00e9v\u00eaques du S\u00e9n\u00e9gal est un tremplin pour mieux r\u00e9pondre aux r\u00e9alit\u00e9s actuelles du S\u00e9n\u00e9gal, notamment les \u00e9v\u00e9nements de mars 2021. A la suite de nos a\u00een\u00e9s \u00e9v\u00eaques d\u2019il y a plus de 25 ans, nous nous engageons pour une conscience citoyenne renforc\u00e9e dans le vivre ensemble et le respect du bien commun. Notre pays a besoin d\u2019un d\u00e9veloppement qui int\u00e8gre pleinement sa jeunesse en mati\u00e8re de formation, d\u2019emploi et d\u2019\u00e9panouissement humain\u2019\u2019, a d\u00e9clar\u00e9 l\u2019archev\u00eaque de Dakar.<\/p>\n<p>Ce dernier a fait cette d\u00e9claration dans le cadre du forum, tenu du 8 au 9 juin, au dioc\u00e8se de Thi\u00e8s pour comm\u00e9morer le 25e anniversaire de la Lettre pastorale des \u00e9v\u00eaques du S\u00e9n\u00e9gal publi\u00e9e en 1994 sur le th\u00e8me \u201cB\u00e2tir ensemble un S\u00e9n\u00e9gal de justice et de paix\u2019\u2019.<\/p>\n<p>Monseigneur Benjamin Ndiaye invite les S\u00e9n\u00e9galais \u00e0 la r\u00e9flexion autour de la question \u201cComment promouvoir une jeunesse qui croit en sa culture, ses capacit\u00e9s, ses valeurs, en son identit\u00e9 citoyenne ?\u2019\u2019 Tout ceci dans un pays respectueux des lois et r\u00e8glements sans arrangements factices, sans corruption. Les \u00e9v\u00eaques du S\u00e9n\u00e9gal ont lanc\u00e9 un programme avec pour th\u00e8me \u201cConstruisons ensemble un S\u00e9n\u00e9gal de justice et de paix, dans le respect de l\u2019environnement et la promotion du bien commun pour l\u2019\u00e9panouissement des personnes et des communaut\u00e9s\u2019\u2019.<\/p>\n<p>A en croire l\u2019autorit\u00e9 religieuse, ce document permettra une \u00e9ducation \u00e0 la justice et \u00e0 la paix afin de r\u00e9duire les injustices.\u00a0 En outre, l\u2019\u00e9v\u00eaque se d\u00e9sole de l\u2019aggravation de la pauvret\u00e9 pour la majorit\u00e9 de la population, du ch\u00f4mage grandissant, l\u2019exode rural de la d\u00e9gradation du tissu social et de la moralit\u00e9, de l\u2019intol\u00e9rance.<\/p>\n<p>Pour m\u00e9moire, la Lettre pastorale des \u00e9v\u00eaques du S\u00e9n\u00e9gal existe depuis le 20 novembre 1994. Sa pertinence r\u00e9side dans la crise \u00e9conomique d\u2019alors r\u00e9sultant de la d\u00e9valuation du franc CFA avec comme cons\u00e9quences la mont\u00e9e de la pauvret\u00e9 et un pouvoir d\u2019achat r\u00e9tr\u00e9ci. Les \u00e9v\u00eaques ont insist\u00e9 sur la n\u00e9cessit\u00e9 de renforcer le dialogue islamo-chr\u00e9tien par des actes de paix, de partage et de tol\u00e9rance.<\/p>\n<div class='share-to-whatsapp-wrapper'><div class='share-on-whsp'>PARTAGER SUR : <\/div><a data-text='TENSIONS POLITIQUES \u2013 L\u2019Eglise appelle au calme' data-link='https:\/\/www.nettali.com\/2021\/06\/10\/tensions-politiques-leglise-appelle-au-calme\/' class='whatsapp-button whatsapp-share'>WhatsApp<\/a><div class='clear '><\/div><\/div>","protected":false},"excerpt":{"rendered":"<p>NETTALI.COM \u2013 L\u2019Eglise est plus que justice au service de la justice pour la promotion de la paix au S\u00e9n\u00e9gal. C\u2019est le sens de l\u2019appel de l\u2019archev\u00eaque de Dakar, qui s\u2019exprimait depuis le dioc\u00e8se de Thi\u00e8s. Les \u00e9v\u00eaques font la promotion de la paix et de la justice au S\u00e9n\u00e9gal, au lendemain des troubles qu\u2019a [&hellip;]<\/p>\n","protected":false},"author":11,"featured_media":22391,"comment_status":"open","ping_status":"open","sticky":false,"template":"","format":"standard","meta":{"_et_pb_use_builder":"","_et_pb_old_content":""},"categories":[3],"tags":[],"yoast_head":"<!-- This site is optimized with the Yoast SEO Premium plugin v17.8 (Yoast SEO v17.8) - https:\/\/yoast.com\/wordpress\/plugins\/seo\/ -->\n<title>TENSIONS POLITIQUES \u2013 L\u2019Eglise appelle au calme | Nettali.com<\/title>\n<meta name=\"robots\" content=\"index, follow, max-snippet:-1, max-image-preview:large, max-video-preview:-1\" \/>\n<link rel=\"canonical\" href=\"https:\/\/www.nettali.com\/2021\/06\/10\/tensions-politiques-leglise-appelle-au-calme\/\" \/>\n<meta property=\"og:locale\" content=\"fr_FR\" \/>\n<meta property=\"og:type\" content=\"article\" \/>\n<meta property=\"og:title\" content=\"TENSIONS POLITIQUES \u2013 L\u2019Eglise appelle au calme\" \/>\n<meta property=\"og:description\" content=\"NETTALI.COM \u2013 L\u2019Eglise est plus que justice au service de la justice pour la promotion de la paix au S\u00e9n\u00e9gal. C\u2019est le sens de l\u2019appel de l\u2019archev\u00eaque de Dakar, qui s\u2019exprimait depuis le dioc\u00e8se de Thi\u00e8s. Les \u00e9v\u00eaques font la promotion de la paix et de la justice au S\u00e9n\u00e9gal, au lendemain des troubles qu\u2019a [&hellip;]\" \/>\n<meta property=\"og:url\" content=\"https:\/\/www.nettali.com\/2021\/06\/10\/tensions-politiques-leglise-appelle-au-calme\/\" \/>\n<meta property=\"og:site_name\" content=\"Nettali.com\" \/>\n<meta property=\"article:publisher\" content=\"https:\/\/www.facebook.com\/nettalicom\" \/>\n<meta property=\"article:published_time\" content=\"2021-06-10T11:03:47+00:00\" \/>\n<meta property=\"og:image\" content=\"https:\/\/www.nettali.com\/wp-content\/uploads\/2019\/11\/eglise.jpg\" \/>\n\t<meta property=\"og:image:width\" content=\"1200\" \/>\n\t<meta property=\"og:image:height\" content=\"400\" \/>\n<meta name=\"twitter:card\" content=\"summary_large_image\" \/>\n<meta name=\"twitter:label1\" content=\"\u00c9crit par\" \/>\n\t<meta name=\"twitter:data1\" content=\"Thierno Diop\" \/>\n\t<meta name=\"twitter:label2\" content=\"Dur\u00e9e de lecture estim\u00e9e\" \/>\n\t<meta name=\"twitter:data2\" content=\"2 minutes\" \/>\n<script type=\"application\/ld+json\" class=\"yoast-schema-graph\">{\"@context\":\"https:\/\/schema.org\",\"@graph\":[{\"@type\":\"WebSite\",\"@id\":\"https:\/\/www.nettali.com\/#website\",\"url\":\"https:\/\/www.nettali.com\/\",\"name\":\"Nettali.com\",\"description\":\"Le rendez-vous critique du Net\",\"potentialAction\":[{\"@type\":\"SearchAction\",\"target\":{\"@type\":\"EntryPoint\",\"urlTemplate\":\"https:\/\/www.nettali.com\/?s={search_term_string}\"},\"query-input\":\"required name=search_term_string\"}],\"inLanguage\":\"fr-FR\"},{\"@type\":\"ImageObject\",\"@id\":\"https:\/\/www.nettali.com\/2021\/06\/10\/tensions-politiques-leglise-appelle-au-calme\/#primaryimage\",\"inLanguage\":\"fr-FR\",\"url\":\"https:\/\/www.nettali.com\/wp-content\/uploads\/2019\/11\/eglise.jpg\",\"contentUrl\":\"https:\/\/www.nettali.com\/wp-content\/uploads\/2019\/11\/eglise.jpg\",\"width\":1200,\"height\":400},{\"@type\":\"WebPage\",\"@id\":\"https:\/\/www.nettali.com\/2021\/06\/10\/tensions-politiques-leglise-appelle-au-calme\/#webpage\",\"url\":\"https:\/\/www.nettali.com\/2021\/06\/10\/tensions-politiques-leglise-appelle-au-calme\/\",\"name\":\"TENSIONS POLITIQUES \\u2013 L\\u2019Eglise appelle au calme | Nettali.com\",\"isPartOf\":{\"@id\":\"https:\/\/www.nettali.com\/#website\"},\"primaryImageOfPage\":{\"@id\":\"https:\/\/www.nettali.com\/2021\/06\/10\/tensions-politiques-leglise-appelle-au-calme\/#primaryimage\"},\"datePublished\":\"2021-06-10T11:03:47+00:00\",\"dateModified\":\"2021-06-10T11:03:47+00:00\",\"author\":{\"@id\":\"https:\/\/www.nettali.com\/#\/schema\/person\/8a06c6bd7b19304cf4bf985862900b5b\"},\"breadcrumb\":{\"@id\":\"https:\/\/www.nettali.com\/2021\/06\/10\/tensions-politiques-leglise-appelle-au-calme\/#breadcrumb\"},\"inLanguage\":\"fr-FR\",\"potentialAction\":[{\"@type\":\"ReadAction\",\"target\":[\"https:\/\/www.nettali.com\/2021\/06\/10\/tensions-politiques-leglise-appelle-au-calme\/\"]}]},{\"@type\":\"BreadcrumbList\",\"@id\":\"https:\/\/www.nettali.com\/2021\/06\/10\/tensions-politiques-leglise-appelle-au-calme\/#breadcrumb\",\"itemListElement\":[{\"@type\":\"ListItem\",\"position\":1,\"name\":\"Accueil\",\"item\":\"https:\/\/www.nettali.com\/\"},{\"@type\":\"ListItem\",\"position\":2,\"name\":\"TENSIONS POLITIQUES \\u2013 L\\u2019Eglise appelle au calme\"}]},{\"@type\":\"Person\",\"@id\":\"https:\/\/www.nettali.com\/#\/schema\/person\/8a06c6bd7b19304cf4bf985862900b5b\",\"name\":\"Thierno Diop\",\"image\":{\"@type\":\"ImageObject\",\"@id\":\"https:\/\/www.nettali.com\/#personlogo\",\"inLanguage\":\"fr-FR\",\"url\":\"https:\/\/secure.gravatar.com\/avatar\/c8ca58550c94fd2ac856d27391a6c866?s=96&d=mm&r=g\",\"contentUrl\":\"https:\/\/secure.gravatar.com\/avatar\/c8ca58550c94fd2ac856d27391a6c866?s=96&d=mm&r=g\",\"caption\":\"Thierno Diop\"},\"sameAs\":[\"https:\/\/nettali.com\"]}]}<\/script>\n<!-- \/ Yoast SEO Premium plugin. -->","yoast_head_json":{"title":"TENSIONS POLITIQUES \u2013 L\u2019Eglise appelle au calme | Nettali.com","robots":{"index":"index","follow":"follow","max-snippet":"max-snippet:-1","max-image-preview":"max-image-preview:large","max-video-preview":"max-video-preview:-1"},"canonical":"https:\/\/www.nettali.com\/2021\/06\/10\/tensions-politiques-leglise-appelle-au-calme\/","og_locale":"fr_FR","og_type":"article","og_title":"TENSIONS POLITIQUES \u2013 L\u2019Eglise appelle au calme","og_description":"NETTALI.COM \u2013 L\u2019Eglise est plus que justice au service de la justice pour la promotion de la paix au S\u00e9n\u00e9gal. C\u2019est le sens de l\u2019appel de l\u2019archev\u00eaque de Dakar, qui s\u2019exprimait depuis le dioc\u00e8se de Thi\u00e8s. Les \u00e9v\u00eaques font la promotion de la paix et de la justice au S\u00e9n\u00e9gal, au lendemain des troubles qu\u2019a [&hellip;]","og_url":"https:\/\/www.nettali.com\/2021\/06\/10\/tensions-politiques-leglise-appelle-au-calme\/","og_site_name":"Nettali.com","article_publisher":"https:\/\/www.facebook.com\/nettalicom","article_published_time":"2021-06-10T11:03:47+00:00","og_image":[{"width":1200,"height":400,"url":"https:\/\/www.nettali.com\/wp-content\/uploads\/2019\/11\/eglise.jpg","type":"image\/jpeg"}],"twitter_card":"summary_large_image","twitter_misc":{"\u00c9crit par":"Thierno Diop","Dur\u00e9e de lecture estim\u00e9e":"2 minutes"},"schema":{"@context":"https:\/\/schema.org","@graph":[{"@type":"WebSite","@id":"https:\/\/www.nettali.com\/#website","url":"https:\/\/www.nettali.com\/","name":"Nettali.com","description":"Le rendez-vous critique du Net","potentialAction":[{"@type":"SearchAction","target":{"@type":"EntryPoint","urlTemplate":"https:\/\/www.nettali.com\/?s={search_term_string}"},"query-input":"required name=search_term_string"}],"inLanguage":"fr-FR"},{"@type":"ImageObject","@id":"https:\/\/www.nettali.com\/2021\/06\/10\/tensions-politiques-leglise-appelle-au-calme\/#primaryimage","inLanguage":"fr-FR","url":"https:\/\/www.nettali.com\/wp-content\/uploads\/2019\/11\/eglise.jpg","contentUrl":"https:\/\/www.nettali.com\/wp-content\/uploads\/2019\/11\/eglise.jpg","width":1200,"height":400},{"@type":"WebPage","@id":"https:\/\/www.nettali.com\/2021\/06\/10\/tensions-politiques-leglise-appelle-au-calme\/#webpage","url":"https:\/\/www.nettali.com\/2021\/06\/10\/tensions-politiques-leglise-appelle-au-calme\/","name":"TENSIONS POLITIQUES \u2013 L\u2019Eglise appelle au calme | Nettali.com","isPartOf":{"@id":"https:\/\/www.nettali.com\/#website"},"primaryImageOfPage":{"@id":"https:\/\/www.nettali.com\/2021\/06\/10\/tensions-politiques-leglise-appelle-au-calme\/#primaryimage"},"datePublished":"2021-06-10T11:03:47+00:00","dateModified":"2021-06-10T11:03:47+00:00","author":{"@id":"https:\/\/www.nettali.com\/#\/schema\/person\/8a06c6bd7b19304cf4bf985862900b5b"},"breadcrumb":{"@id":"https:\/\/www.nettali.com\/2021\/06\/10\/tensions-politiques-leglise-appelle-au-calme\/#breadcrumb"},"inLanguage":"fr-FR","potentialAction":[{"@type":"ReadAction","target":["https:\/\/www.nettali.com\/2021\/06\/10\/tensions-politiques-leglise-appelle-au-calme\/"]}]},{"@type":"BreadcrumbList","@id":"https:\/\/www.nettali.com\/2021\/06\/10\/tensions-politiques-leglise-appelle-au-calme\/#breadcrumb","itemListElement":[{"@type":"ListItem","position":1,"name":"Accueil","item":"https:\/\/www.nettali.com\/"},{"@type":"ListItem","position":2,"name":"TENSIONS POLITIQUES \u2013 L\u2019Eglise appelle au calme"}]},{"@type":"Person","@id":"https:\/\/www.nettali.com\/#\/schema\/person\/8a06c6bd7b19304cf4bf985862900b5b","name":"Thierno Diop","image":{"@type":"ImageObject","@id":"https:\/\/www.nettali.com\/#personlogo","inLanguage":"fr-FR","url":"https:\/\/secure.gravatar.com\/avatar\/c8ca58550c94fd2ac856d27391a6c866?s=96&d=mm&r=g","contentUrl":"https:\/\/secure.gravatar.com\/avatar\/c8ca58550c94fd2ac856d27391a6c866?s=96&d=mm&r=g","caption":"Thierno Diop"},"sameAs":["https:\/\/nettali.com"]}]}},"_links":{"self":[{"href":"https:\/\/www.nettali.com\/rest\/wp\/v2\/posts\/65695"}],"collection":[{"href":"https:\/\/www.nettali.com\/rest\/wp\/v2\/posts"}],"about":[{"href":"https:\/\/www.nettali.com\/rest\/wp\/v2\/types\/post"}],"author":[{"embeddable":true,"href":"https:\/\/www.nettali.com\/rest\/wp\/v2\/users\/11"}],"replies":[{"embeddable":true,"href":"https:\/\/www.nettali.com\/rest\/wp\/v2\/comments?post=65695"}],"version-history":[{"count":1,"href":"https:\/\/www.nettali.com\/rest\/wp\/v2\/posts\/65695\/revisions"}],"predecessor-version":[{"id":65696,"href":"https:\/\/www.nettali.com\/rest\/wp\/v2\/posts\/65695\/revisions\/65696"}],"wp:featuredmedia":[{"embeddable":true,"href":"https:\/\/www.nettali.com\/rest\/wp\/v2\/media\/22391"}],"wp:attachment":[{"href":"https:\/\/www.nettali.com\/rest\/wp\/v2\/media?parent=65695"}],"wp:term":[{"taxonomy":"category","embeddable":true,"href":"https:\/\/www.nettali.com\/rest\/wp\/v2\/categories?post=65695"},{"taxonomy":"post_tag","embeddable":true,"href":"https:\/\/www.nettali.com\/rest\/wp\/v2\/tags?post=65695"}],"curies":[{"name":"wp","href":"https:\/\/api.w.org\/{rel}","templated":true}]}}