{"id":65681,"date":"2021-06-10T09:33:05","date_gmt":"2021-06-10T09:33:05","guid":{"rendered":"https:\/\/www.nettali.com\/?p=65681"},"modified":"2021-06-15T11:02:12","modified_gmt":"2021-06-15T11:02:12","slug":"idivisuel-macky-sall-competiteur-locales","status":"publish","type":"post","link":"https:\/\/www.nettali.com\/2021\/06\/10\/idivisuel-macky-sall-competiteur-locales\/","title":{"rendered":"IDIOVISUEL - Macky Sall, comp\u00e9titeur\u2026 \u00ablocales\u00bb\u00a0!"},"content":{"rendered":"<p><strong>NETTALI.COM - Six mois nous s\u00e9parent des prochaines \u00e9ch\u00e9ances \u00e9lectorales. Mais force est de reconnaitre que nous sommes en plein dans la fi\u00e8vre des locales. Et ce n\u2019est pas Macky Sall qui dira le contraire, lui qui a d\u00e9j\u00e0 enfourch\u00e9 son cheval pour galoper avant que les autres \u00e9curies ne se r\u00e9veillent. Une atmosph\u00e8re qui n\u2019est pas d\u2019ailleurs pour d\u00e9plaire aux m\u00e9dias qui trouvent l\u00e0 une aubaine, une belle occasion de doper leurs canards et d\u2019animer des \u00e9missions sur le sujet.<\/strong><\/p>\n<p>Les tourn\u00e9es \u00e9conomiques de Macky Sall ont bien repris. Et les pr\u00e9sences r\u00e9centes de ce dernier \u00e0 Kaffrine avec l\u2019inauguration de l\u2019h\u00f4pital de la localit\u00e9 et \u00e0 K\u00e9dougou, sont vues comme une campagne \u00e9lectorale avant l\u2019heure. Une mani\u00e8re de battre le rappel des troupes en direction des locales. Janvier 2022 n\u2019est plus tr\u00e8s loin. Des \u00e9lections toutefois analys\u00e9es par des observateurs de la sc\u00e8ne politique comme des joutes qui vont pr\u00e9figurer les r\u00e9sultats de la pr\u00e9sidentielle de 2024. Si Macky Sall est bien s\u00fbr candidat. De quoi \u00a0cr\u00e9er chez lui une forte \u00e9muler et le doper. Il est \u00e0 fond sur cette \u00e9lection. Il ne l\u00e2che rien. Il s\u2019active sur le terrain, inaugure des \u00e9difices, s\u2019offre des bains de foule, t\u00e2te le pouls du S\u00e9n\u00e9gal profond et effectue quelques r\u00e9glages au passage. On ne change pas une recette qui fonctionne, diront certains. La preuve, le chef de Benno Bokk Yakaar agit m\u00e9thodiquement. Un d\u00e9ploiement sur le terrain qui s\u2019est d\u00e9roul\u00e9 en quelques \u00e9tapes bien planifi\u00e9es.<\/p>\n<p>D\u2019abord, il fixe par d\u00e9cret, la date du scrutin pour le renouvellement g\u00e9n\u00e9ral du mandat des conseillers d\u00e9partementaux et municipaux au dimanche 23 janvier 2022. Ensuite, dans un communiqu\u00e9, le ministre de l\u2019Int\u00e9rieur, Antoine F\u00e9lix Abdoulaye Diome, informe, \u00e0 son tour, que, conform\u00e9ment aux dispositions de l\u2019article 1er de la loi n\u00b0\u00a02021-24 du 12 avril 2021 portant report des \u00e9lections territoriales, le pr\u00e9sident de la R\u00e9publique, Macky Sall \u00ab<em>a, par d\u00e9cret n\u00b0\u00a02021 \u2013 562 du 10 mai 2021, fix\u00e9 la date du prochain scrutin pour le renouvellement g\u00e9n\u00e9ral du mandat des conseillers d\u00e9partementaux et municipaux au dimanche 23 janvier 2022<\/em>\u00bb.<\/p>\n<p>Aussit\u00f4t apr\u00e8s, le chef de l\u2019Etat qui n\u2019est pas, \u00e0 vrai dire concern\u00e9 par ces \u00e9lections, renoue avec les tourn\u00e9es \u00e9conomiques. Premi\u00e8re \u00e9tape, pendant la p\u00e9riode du 29 mai au 2 juin, il pose ses baluchons dans les r\u00e9gions de Kaffrine et K\u00e9dougou. Du 12 au 19 juin, il fera cap sur le Nord du S\u00e9n\u00e9gal (r\u00e9gions de Saint-Louis et de Matam) avant d\u2019y pr\u00e9sider un Conseil pr\u00e9sidentiel et un Conseil des ministres \u00e0 Matam.<\/p>\n<p>Mardi 5 juin, <em>Le Soleil<\/em> dans un \u00ab<em>Dossier Exclusif<\/em>\u00bb anticipe d\u00e9j\u00e0 sur la visite du Pr\u00e9sident Sall en faisant un \u00ab<em>point sur 10 ans d\u2019investissements \u00e9normes<\/em>\u00bb avec comme titre \u00ab<em>Comment Macky Sall a chang\u00e9 le Nord<\/em>\u00bb et annonce 400,2 milliards de F CFa investis dans 34 projets majeurs achev\u00e9s<em>\u00a0<\/em>pour \u00ab<em>doter les r\u00e9gions de Saint-Louis\u00a0 et de Matam, d\u2019infrastructures routi\u00e8res (routes, ponts, voiries, pistes), scolaires , sanitaires, d\u2019ouvrages d\u2019art\u00a0 et hydrauliques<\/em>\u00bb et \u00ab<em>336,7 milliards de F Cfa pr\u00e9vus entre 2021 et 2024 pour achever la modernisation du Fouta et du Walo<\/em>\u00bb. Signe que la machine \u00e9lectorale est bien lanc\u00e9e, et Macky Sall en est le directeur de campagne\u00a0!<\/p>\n<p>Si le chef de l\u2019Etat agit ainsi, c\u2019est bien parce qu\u2019il ne veut, en aucun cas abandonner sa strat\u00e9gie payante, celle qui l\u2019avait port\u00e9e au pouvoir en 2012. Mais surtout parce que les tentatives de mobilisation de ses militants, suite aux \u00e9v\u00e8nements violents, n\u2019avaient pas produit de bons r\u00e9sultats \u00e0 part soulever des critiques. Macky Sall sait bien aussi que le gain politique que peut lui apporter le contact permanent avec les populations de l\u2019int\u00e9rieur du pays. C\u2019est pourquoi, avant son accession \u00e0 la magistrature supr\u00eame, il avait sillonn\u00e9 \u00e0 plusieurs reprises le pays. Lors de la campagne \u00e9lectorale pr\u00e9sidentielle de 2012, il avait patiemment et sto\u00efquement visit\u00e9 toutes les r\u00e9gions du pays, de l\u2019Ouest \u00e0 l\u2019Est, du Nord au Sud pour terminer au centre et enfin revenir \u00e0 Dakar pour son meeting de cl\u00f4ture.<\/p>\n<p><strong>Une vieille recette remise au go\u00fbt du jour\u00a0: 115 localit\u00e9s visit\u00e9es, 62 meetings organis\u00e9s<\/strong><\/p>\n<p>Sur les 21 jours de la campagne, il n\u2019est en r\u00e9alit\u00e9 rest\u00e9 \u00e0 Dakar que trois matin\u00e9es et trois nuits. Il avait ainsi parcouru plus de 115 localit\u00e9s et tenu 62 meetings au total. Des meetings qui avaient eu lieu parfois jusqu\u2019\u00e0 4 heures du matin. Partout o\u00f9 il \u00e9tait pass\u00e9, il avait drain\u00e9 des foules. Il avait m\u00eame noy\u00e9, l\u2019on se le rappelle, Souleymane Nd\u00e9n\u00e9 Ndiaye, Directeur de cabinet d\u2019alors et Premier ministre d\u2019Abdoulaye Wade, dans son fief de Guinguin\u00e9o, le jour de la visite de l\u2019ex-pr\u00e9sident Wade dans cette localit\u00e9 pour les besoins de sa campagne. A Tambacounda chez Khoura\u00efchi Thiam, il avait aussi r\u00e9ussi une mobilisation exceptionnelle. Chez Abdoulaye Bald\u00e9 \u00e0 Ziguinchor, il avait \u00e9galement \u00e9t\u00e9 assailli par une horde de personnes, l\u2019obligeant \u00e0 y passer une nuit suppl\u00e9mentaire. A K\u00e9dougou, m\u00eame succ\u00e8s, le chef de l\u2019Apr avait ralli\u00e9 les populations \u00e0 sa cause, enr\u00f4lant au passage deux anciens ministres de Wade, Mamadou Sidib\u00e9 et Mamadou Makalou qui avaient d\u2019ailleurs fini par quitter la barque lib\u00e9rale et d\u00e9poser leurs baluchons \u00e0 l\u2019Alliance pour la R\u00e9publique (Apr).<\/p>\n<p>Et m\u00eame \u00e0 Thi\u00e8s, fief r\u00e9put\u00e9 ind\u00e9boulonnable, Macky Sall avait titill\u00e9 Idrissa Seck, et m\u00eame os\u00e9 aller \u00e0 l\u2019assaut de la promenade des Thiessois, endroit r\u00e9put\u00e9 difficile \u00e0 remplir. A Mback\u00e9, la forte affluence aurait pu virer au drame si sa s\u00e9curit\u00e9 n\u2019avait pas anticip\u00e9 pour l\u2019exfiltrer avant de le faire revenir au moment o\u00f9 certaines populations, croyant qu\u2019il est parti, \u00e9taient rentr\u00e9es. Au Fouta, il avait fait une razzia, poussant le chef de l\u2019Etat de l\u2019\u00e9poque, Abdoulaye Wade \u00e0 l\u2019accuser de jouer la carte ethniciste, avec \u00e0 la clef une victoire \u00e0 la pr\u00e9sidentielle de 2012. Macky Sall avait, en effet, durant sa campagne, visit\u00e9 la quasi-totalit\u00e9 des localit\u00e9s peulh, s\u2019exprimant dans la m\u00eame langue, expliquant au passage son programme\u00a0\u00abyoonou yokkute\u00bb (le chemin du d\u00e9veloppement), tout en exhibant \u00e0 chaque fois, son bulletin de vote reconnaissable par la t\u00eate de cheval et la couleur marron. A Fatick, localit\u00e9 dont il \u00e9tait le maire, il s\u2019\u00e9tait adress\u00e9 aux populations en wolof et en fran\u00e7ais et chant\u00e9 en s\u00e9r\u00e8re, d\u00e9clenchant une hyst\u00e9rie collective. \u00a0En Casamance, il \u00e9tait all\u00e9 jusqu\u2019aux bastions rebelles pour promettre le r\u00e8glement de la crise casaman\u00e7aise, si jamais il venait \u00e0 acc\u00e9der \u00e0 la magistrature supr\u00eame.<\/p>\n<p>Son marathon \u00e9lectoral, Macky Sall l\u2019avait coupl\u00e9 avec une s\u00e9rie de visites de courtoisie, surtout dans les foyers religieux et coutumiers. Partout o\u00f9 il \u00e9tait pass\u00e9, il avait sollicit\u00e9 et obtenu des pri\u00e8res. Du khalife g\u00e9n\u00e9ral des mourides au Khalife des lay\u00e8nes, en passant par le guide des khadres, de L\u00e9ona niass\u00e8ne, de Ta\u00eff, de Darou Mousty, l\u2019\u00e9v\u00eaque de Ziguinchor, le roi d\u2019Oussouye\u2026, il avait \u00e9t\u00e9 partout re\u00e7u avec les honneurs par ces diff\u00e9rents guides. \u00a0Une strat\u00e9gie qui s\u2019\u00e9tait av\u00e9r\u00e9e payante au regard des r\u00e9sultats obtenus.<\/p>\n<p><strong>Macky face \u00e0 ses obligations pour des \u00e9lections nickel <\/strong><\/p>\n<p>Sachant que seul le terrain paie, Macky Sall ne veut donc en aucun cas \u00eatre celui qui se laissera distancer par ses adversaires politiques. Il cherche \u00e0 garder les cartes en main et d\u00e9cidera en dernier ressort de ce qu\u2019il compte faire. Toutefois, en tant que leader d\u2019une coalition, personne ne peut lui reprocher sa strat\u00e9gie politique, mais en tant que chef de l\u2019Etat, il a l\u2019obligation de veiller \u00e0 ce que tous les moyens soient mis \u00e0 disposition pour les S\u00e9n\u00e9galais puissent sacrifier \u00e0 leur devoir citoyen. Il a pris un d\u00e9cret pour fixer la date des \u00e9lections, il devra aussi en faire autant pour fixer la p\u00e9riode de r\u00e9vision des listes afin de permettre aux primo-votants (qui viennent d\u2019avoir 18 ans, l\u2019\u00e2ge l\u00e9gal pour pouvoir voter) de figurer sur les listes\u00a0; mais aussi \u00e0 ceux qui veulent changer de lieux de vote, avec les nouveaux d\u00e9coupages administratifs qu\u2019il a initi\u00e9s, de le faire. Last but not least, il doit veiller \u00e0 ce que l\u2019information soit port\u00e9e \u00e0 la connaissance du public afin d\u2019\u00e9viter une rupture d\u2019\u00e9galit\u00e9 des citoyens devant la loi.<\/p>\n<p>On le sait, le pr\u00e9sident de la R\u00e9publique a r\u00e9cemment act\u00e9 un d\u00e9coupage de plusieurs localit\u00e9s avec notamment Keur Massar, devenu un d\u00e9partement. A partir de ce moment, une nouvelle carte \u00e9lectorale se dessine et le chef de l\u2019Etat devra prendre un nouveau d\u00e9cret portant carte \u00e9lectorale dans ce sens. A la suite de cela, il devra sortir un d\u00e9cret portant r\u00e9vision des listes \u00e9lectorales en application des dispositions du code \u00e9lectoral pour permettre justement aux populations de ces localit\u00e9s touch\u00e9es par le d\u00e9coupage, de changer de circonscriptions et de bureaux de vote. Cela permettra aussi aux primo-votants de s\u2019inscrire, mais aussi \u00e0 ceux qui sont d\u00e9tenteurs de la carte nationale d\u2019identit\u00e9 depuis belle lurette, mais qui ne figurent pas sur les listes \u00e9lectorales (ils sont nombreux) de pouvoir y figurer. De m\u00eame, le chef de l\u2019Etat a l\u2019obligation morale de concr\u00e9tiser, comme il s\u2019y \u00e9tait engag\u00e9, les propositions de la commission politique du dialogue national. Il a \u00e9t\u00e9 ainsi propos\u00e9 que les maires soient \u00e9lus au suffrage universel direct (comme c\u2019est le cas pour la pr\u00e9sidentielle et les l\u00e9gislatives) pour mieux prendre en compte la volont\u00e9 des votants. Macky Sall devra donc proposer un projet de r\u00e9vision du code \u00e9lectoral dans ce sens afin que cette volont\u00e9 affich\u00e9e soit traduite en acte.<\/p>\n<p>Bref, une somme de devoirs auxquels, il devra sacrifier au moment o\u00f9 des recommandations ont \u00e9t\u00e9 faites par la soci\u00e9t\u00e9 civile dans le but de corriger les failles du fichier. La mise \u00e0 l\u2019\u00e9cart du ministre de l\u2019Int\u00e9rieur comme arbitre des \u00e9lections, est aussi r\u00e9clam\u00e9e par la m\u00eame organisation. Lors d\u2019un r\u00e9cent atelier de partage du mardi 1<sup>er<\/sup> juin, Doudou Gningue, un porte-parole du collectif d\u2019organisations de la soci\u00e9t\u00e9 civile, a \u00e9voqu\u00e9 la n\u00e9cessit\u00e9 pour la Direction g\u00e9n\u00e9rale des \u00e9lections de \u00ab<em>s\u2019affranchir du joug politique de sa tutelle <\/em>(le minist\u00e8re de l\u2019Int\u00e9rieur) <em>et<\/em> (\u2026) <em>de se tenir \u00e0 \u00e9quidistance des parties prenantes des processus \u00e9lectoraux<\/em>\u00bb. Mais toujours est-il qu\u2019il y a eu dans les actes pos\u00e9s par Macky Sall comme un subterfuge pour prendre de vitesse l\u2019opposition avec pour objectif de le mettre devant le fait accompli, notamment sur la question du d\u00e9coupage \u00e9lectoral et du fichier.<\/p>\n<p><strong>Macky face aux frondes <\/strong><\/p>\n<p>Mais Macky Sall a un grand \u00e9cueil devant lui depuis qu\u2019il a demand\u00e9<em> \u00e0 ses partenaires politiques de la coalition et de son parti d\u2019attendre ses d\u00e9cisions dans les diff\u00e9rentes localit\u00e9s en vue d\u2019organiser le choix des candidats en vue des locales de janvier 2022. Des directives que beaucoup ne sont toutefois pas pr\u00eats \u00e0 entendre, estimant que la validation des candidatures doivent rester une \u00e9manation des populations qui connaissent mieux la r\u00e9alit\u00e9 de leurs localit\u00e9s. <\/em><\/p>\n<p>Et m\u00eame si beaucoup ont ressenti ces directives comme mal venues, \u00a0\u00e0 Kaffrine, le chef de file Macky Sall a us\u00e9 de la carte diplomatique pour tenter de faire passer la pilule du calme. On voit bien qu\u2019il fait allusion \u00e0 la rivalit\u00e9 Abdoulaye Sow et Abdoulaye Wilane e qui avait pouss\u00e9 ce dernier \u00e0 faire des sorties un peu muscl\u00e9es avant de mettre de l\u2019eau dans son vin \u00e0 D\u00e9clic sur la Tfm en se d\u00e9clarant se r\u00e9f\u00e9rer \u00e0 l\u2019autorit\u00e9. A ses militants du Ndoukoumane, Macky Sall a en tout cas ordonn\u00e9 : \u00ab<em>Il ne faut pas vous quereller pour des postes, si vous croyez en moi. Ce qui est important, ce n\u2019est pas qui sera maire ou pr\u00e9sident du Conseil d\u00e9partemental. Ce n\u2019est pas important pour le S\u00e9n\u00e9gal. L\u2019essentiel est de m\u2019\u00e9couter, le moment venu, pour que je vous indique le chemin \u00e0 prendre\u2026<\/em>\u00bb. Se faisant on ne peut plus clair, le pr\u00e9sident de la R\u00e9publique a lanc\u00e9 dans une allusion assez \u00e9difiante : \u00ab<em>Si nous sommes unis, je suis s\u00fbr que nous allons gagner \u00e0 100% les communes dans cette r\u00e9gion. N\u2019\u00e9coutez pas les visiteurs du soir qui vont essayer de vous monter contre votre parti ou votre coalition, en vous faisant croire qu\u2019on ne vous respecte pas. Ce sont des gens qui sont persuad\u00e9s qu\u2019ils ne peuvent rien gagner et qui veulent juste vous utiliser pour esp\u00e9rer compter. Il faut leur dire de garder leurs r\u00e9c\u00e9piss\u00e9s. Nous, on ira sous la banni\u00e8re de Benno Bokk Yaakaar. Aucun militant ne prendra une autre liste. Je tenais \u00e0 le dire\u2026<\/em>\u00bb Un discours qui semble tomber dans l\u2019oreille d\u2019un sourd car beaucoup ne l\u2019entendent pas ainsi.<\/p>\n<p>A l\u2019\u00e9mission \u00ab<em>Edition du Soir<\/em>\u00bb de Walf Tv, anim\u00e9e par Moustapha Diop, il a \u00e9t\u00e9 question du th\u00e8me \u00ab<em>Vent de r\u00e9volte \u00e0 Benno<\/em>\u00bb. Et c\u2019est le focus qui a \u00e9t\u00e9 fait sur certaines rivalit\u00e9s dans certaines localit\u00e9s. Pr\u00e9sent sur le plateau, Bocar Diongue de l\u2019Alliance pour la r\u00e9publique (Apr) a menac\u00e9 au cas o\u00f9 Macky Sall viendrait \u00e0 d\u00e9signer Moussa Sy aux Parcelles Assainies, ils ne le supporteraient pas. Une mani\u00e8re de dire qu\u2019il roule pour Amadou Ba qui est le bon candidat, selon lui, pour Parcelles et Dakar. Un avis que ne partage pas le journaliste Mame Birame Wathie, alors que son coll\u00e8gue sur le plateau semblait confirmer accr\u00e9diter cette th\u00e8se affirmant que Benno a gagn\u00e9 Dakar depuis qu\u2019Amadou Ba y milite. Pour Wathie, la victoire d\u2019Amadou Ba n\u2019a jamais \u00e9t\u00e9 clairement \u00e9tablie au regard de l\u2019heure tr\u00e8s tardive \u00e0 laquelle ont \u00e9t\u00e9 annonc\u00e9s les r\u00e9sultats. Ce qui augure, d\u2019apr\u00e8s lui, d\u2019\u00e2pres rivalit\u00e9s d\u2019autant plus que Georges Nesta Diop pense que Moussa Sy est candidat \u00e0 sa propre succession.<\/p>\n<p>Le quotidien \"Enqu\u00eate\", dans un large dossier de ce mardi 8 juin, sur le th\u00e8me, rappelle ! \u00ab<em>L\u2019exemple de Malick Gakou \u00e9tant encore frais dans les m\u00e9moires, le \u201ccoordonnateur\u2019\u2019 de Benno a int\u00e9r\u00eat \u00e0 s\u2019affirmer, lors des prochaines joutes \u00e9lectorales<\/em>\u00bb. \u00ab<em>En effet, en 2014, \u00a0<\/em>croit savoir notre source,<em>\u00a0Malick Gakou, pr\u00e9sent\u00e9 comme favori, avait accept\u00e9 de jouer les seconds r\u00f4les, au profit du fr\u00e8re du Pr\u00e9sident, Aliou Sall, dans son fief m\u00eame \u00e0 Gu\u00e9diawaye. Depuis lors, ce dernier a renforc\u00e9 sa notori\u00e9t\u00e9 politique et cumule les victoires dans cette localit\u00e9 de la banlieue. Pour \u00e9viter de subir le m\u00eame sort que l\u2019ancien num\u00e9ro 2 de l\u2019Afp, l\u2019ancien ministre des Finances va devoir se peser aux locales. C\u2019est en tout cas la conviction de ses partisans, pour qui, Amadou Ba est le prochain Pr\u00e9sident de la R\u00e9publique. Il suffit de faire un tour dans les diff\u00e9rentes plateformes de communication du ministre pour s\u2019en convaincre. Mais pour y parvenir, il faudra trancher le d\u00e9bat entre lui, Moussa Sy et Mbaye Ndiaye. Qui va d\u00e9fendre les couleurs de l\u2019Alliance pour la R\u00e9publique et de Benno aux Parcelles assainies\u00a0<\/em>?\u00bb.<\/p>\n<p><em>Ce sont en effet des dissensions similaires qui ont vu le jour dans plusieurs localit\u00e9s. A Saint-Louis, face \u00e0 Mansour Faye, Mary Teuw Niane d\u00e9clare sa \u00abcandidature irr\u00e9versible\u00bb dans \u00abL\u2019Observateur\u00bb de ce lundi 7 juin<\/em><em>, <\/em><em>arguant que ce sont les citoyens qui d\u00e9cident de leur maire et non une autre personne. Pendant ce temps, le quotidien \u00abDakar Times\u00bb de ce lundi 7 juin annonce des \u00e9lections \u00e0 risques pour Mansour Faye<\/em><em>,<\/em><em> apr\u00e8s avoir \u00e9voqu\u00e9 son \u00e9lection contest\u00e9e sans oublier \u00abses \u00e9checs dans sa gouvernance locale\u00bb. A Grand-Yoff, Adama Faye, l<\/em>e fr\u00e8re de la premi\u00e8re dame, responsable politique dans cette localit\u00e9, d\u00e9clare sa candidature aux \u00e9lections locales de 2022 et d\u00e9fie Macky Sall de diriger une liste parall\u00e8le, si jamais il choisit quelqu\u2019un d\u2019autre pour diriger la liste de l\u2019Alliance pour la r\u00e9publique (Apr) dans cette localit\u00e9. Et sans gants, dans une lettre aux allures de d\u00e9fis et d\u2019attaques, celui-ci r\u00e9v\u00e8le son \u00e9tat d\u2019\u00e2me et sa volont\u00e9 de se rebeller s\u2019il venait \u00e0 l\u2019id\u00e9e du pr\u00e9sident d\u2019imposer un candidat.<strong> \u00ab<\/strong><em>Monsieur le pr\u00e9sident, grande fut ma peine de vous entendre demander \u00e0 vos partenaires politiques de la coalition Benno Bokk Yaakaar et \u00e0 vos fr\u00e8res et s\u0153urs du parti Apr de vous \u00e9couter et d\u2019attendre vos d\u00e9cisions dans les diff\u00e9rentes localit\u00e9s pour les \u00e9lections locales de Janvier 2022. Attention ! (\u2026) \u00c0 la question nationale concernant vos mandats, vous avez eu la libert\u00e9 de r\u00e9pondre par un ni oui ni non. (\u2026) Monsieur le pr\u00e9sident, attendez-vous \u00e0 ce que l\u2019on ne soit pas toujours d\u2019accord avec vous et ce, en toute libert\u00e9. (\u2026) Tant que c\u2019est \u00e0 huis clos cela peut ne pas d\u00e9ranger, mais votre exc\u00e8s de pouvoir et votre comportement de dictateur ou de monarque inqui\u00e8tent plus d\u2019un.<\/em> <em>Ma libert\u00e9 de porter ma candidature et de la proposer non pas \u00e0 vous, mais \u00e0 mes concitoyens, ceux de ma commune qui auront l\u2019\u00e9clectisme et la libert\u00e9 de porter ou non leur espoir en moi<\/em> (\u2026) <em>Monsieur le pr\u00e9sident tout cela pour marteler hic et nunc que moi Adama Faye, membre fondateur du parti APR, je d\u00e9clare ma candidature aux prochaines locales de janvier 2022 dans ma commune, Grand-Yoff. Il va s\u2019en dire que si je ne b\u00e9n\u00e9ficie pas de l\u2019accord de mon parti ou plut\u00f4t je dirais de votre d\u00e9cision, je pr\u00e9senterai si Dieu le Veut, une liste parall\u00e8le et concurrente quel que soit le mode de scrutin choisi, in fine, ma libert\u00e9 aura \u00e9t\u00e9 affirm\u00e9e jusqu\u2019au bout. Advienne que pourra.\u00bb<\/em><\/p>\n<p>Une sortie que les m\u00e9dias ne pouvaient rater puisqu\u2019elle est reprise par quelques supports de la presse quotidienne qui pr\u00e9disent un \u00a0clash \u00e0 venir entre le beau-fr\u00e8re et le pr\u00e9sident, l\u00e0 o\u00f9 un journal comme \u00abLes Echos\u00a0\u00bb, barre \u00e0 sa une\u00a0: \u00ab<em>Adama Faye crache du feu sur Macky<\/em>\u00bb. Des salves qui lui ont valu des retours de flammes notamment de Lat Diop qui a qualifi\u00e9 d\u2019indigne la sortie de Faye. Ce qui a amen\u00e9 Mame Birame Wathie dans \u00abEdition du soir\u00bb de Walf TV \u00e0 se demander s\u2019il ne s\u2019agirait pas l\u00e0 d\u2019un cas de chantage car cela faisait longtemps qu\u2019Adama Faye n\u2019avait pas pris la parole. Une sortie qui n\u2019est toutefois pas une premi\u00e8re car r\u00e9cemment, le beau-fr\u00e8re s\u2019\u00e9tait distingu\u00e9 par d\u2019autres attaques. Ce qui repose la question de l\u2019invasion familiale au c\u0153ur du pouvoir. Un fait que relate le journal \u00ab Exclusif \u00bb qui a barr\u00e9 \u00e0 sa une de ce jeudi 10 juin : \u00ab <em>ces fr\u00e8res de Mari\u00e8me Faye qui \u00ab insultent \u00bb impun\u00e9ment Macky<\/em> \u00bb, citant Adama Faye et Ibrahima Faye, le pr\u00e9sident du mouvement \u00ab <em>Aar sa reew<\/em> \u00bb ; ce qui a aussi interpell\u00e9 \"<em>Direct news<\/em> \"qui se demande ce \u00ab <em>qu\u2019attend pour le sanctionner ?<\/em> \u00bb. Il parle bien s\u00fbr d\u2019Adama Faye.<\/p>\n<p>A sa une de ce jeudi 10 juin, Walf Quotidien est revenu sur la rivalit\u00e9 Amadou Ba et Abdoulaye Diouf Sarr et la question du choix du candidat de Bennoo de Dakar. Et c\u2019est pour titrer\u00a0: \u00ab les germes d\u2019une d\u00e9b\u00e2cle\u00a0\u00bb en \u00e9voquant les forces et les faiblesses de chacun des pr\u00e9tendants.<\/p>\n<p>A Gu\u00e9diawaye Bougazely invite \u00e0 des investitures de Benno Bokk Yaakaar \u00abdans les r\u00e8gles de l\u2019art\u00bb. Le responsable ap\u00e9riste entend ainsi d\u00e9fier Aliou Sall, m\u00eame s\u2019il dit n\u2019avoir \u00abaucun probl\u00e8me\u00bb avec ce dernier. L\u2019ancien d\u00e9put\u00e9, en libert\u00e9 provisoire, suite \u00e0 l\u2019affaire des faux billets, annonce sa candidature et son soutien \u00e0 Lat Diop pour la mairie de Golf Sud. De quoi augurer de lendemains incertains.<\/p>\n<p>Et m\u00eame si Me Wade a mis en place une task force pour ne pas se faire surprendre et \u00e9viter en m\u00eame temps de reproduire son erreur en appelant au boycott de l\u2019\u00e9lection pr\u00e9sidentielle de 2019, il reste aussi que l\u2019opposition n\u2019a pas dit son dernier mot sur la question du d\u00e9coupage, de l\u2019inscription sur les listes \u00e9lectorales pour les primo-votants, la r\u00e9vision des listes et l\u2019arbitrage des \u00e9lections par le ministre de l\u2019Int\u00e9rieur. Aura-t-elle finalement le temps de r\u00e9gler toutes ces questions\u00a0? En tout cas, le temps para\u00eet compt\u00e9 au regard m\u00eame des questions de candidature pas encore r\u00e9gl\u00e9es dans les diff\u00e9rents \u00e9tats-majors.<\/p>\n<p>De son c\u00f4t\u00e9, Macky Sall sait que les listes parall\u00e8les ne peuvent mener qu\u2019\u00e0 la d\u00e9b\u00e2cle. En 2017, il avait promis de ne pardonner aucune d\u00e9fiance, m\u00eame si la politique du b\u00e2ton n\u2019a jamais \u00e9t\u00e9 appliqu\u00e9e \u00e0 tout le monde. D\u2019autres ont pu b\u00e9n\u00e9ficier de plus de souplesse. Le patron de l\u2019Apr a d\u00fb r\u00e9concilier ses lieutenants dans certaines localit\u00e9s capitales pour la victoire. \u00a0Constituer une liste pour des \u00e9lections locales ou l\u00e9gislatives, n\u2019est pas chose ais\u00e9e pour la coalition au pouvoir. Ce sera d\u2019autant plus compliqu\u00e9 pour les \u00e9lections \u00e0 venir que la t\u00eate de liste va devenir directement maire si le code \u00e9lectoral est chang\u00e9 et que le suffrage universel direct consacr\u00e9. Il sera donc bien difficile pour des tractations de nuit entre concurrents sur fond de corruption. Ainsi, ceux qui croient v\u00e9ritablement en leurs \u00e9toiles, n\u2019auront d\u2019autres choix que de s\u2019\u00e9manciper de la liste pr\u00e9sidentielle, en cas de non investiture. Mais \u00e0 leurs risques et p\u00e9rils ! Et cela, Macky Sall le sait bien, le fin politicien qu\u2019il est.<\/p>\n<div class='share-to-whatsapp-wrapper'><div class='share-on-whsp'>PARTAGER SUR : <\/div><a data-text='IDIOVISUEL - Macky Sall, comp\u00e9titeur\u2026 \u00ablocales\u00bb\u00a0!' data-link='https:\/\/www.nettali.com\/2021\/06\/10\/idivisuel-macky-sall-competiteur-locales\/' class='whatsapp-button whatsapp-share'>WhatsApp<\/a><div class='clear '><\/div><\/div>","protected":false},"excerpt":{"rendered":"<p>NETTALI.COM - Six mois nous s\u00e9parent des prochaines \u00e9ch\u00e9ances \u00e9lectorales. Mais force est de reconnaitre que nous sommes en plein dans la fi\u00e8vre des locales. Et ce n\u2019est pas Macky Sall qui dira le contraire, lui qui a d\u00e9j\u00e0 enfourch\u00e9 son cheval pour galoper avant que les autres \u00e9curies ne se r\u00e9veillent. Une atmosph\u00e8re qui [&hellip;]<\/p>\n","protected":false},"author":2,"featured_media":65659,"comment_status":"open","ping_status":"open","sticky":false,"template":"","format":"standard","meta":{"_et_pb_use_builder":"","_et_pb_old_content":""},"categories":[9],"tags":[],"yoast_head":"<!-- This site is optimized with the Yoast SEO Premium plugin v17.8 (Yoast SEO v17.8) - https:\/\/yoast.com\/wordpress\/plugins\/seo\/ -->\n<title>IDIOVISUEL - Macky Sall, comp\u00e9titeur\u2026 \u00ablocales\u00bb\u00a0! | Nettali.com<\/title>\n<meta name=\"robots\" content=\"index, follow, max-snippet:-1, max-image-preview:large, max-video-preview:-1\" \/>\n<link rel=\"canonical\" href=\"https:\/\/www.nettali.com\/2021\/06\/10\/idivisuel-macky-sall-competiteur-locales\/\" \/>\n<meta property=\"og:locale\" content=\"fr_FR\" \/>\n<meta property=\"og:type\" content=\"article\" \/>\n<meta property=\"og:title\" content=\"IDIOVISUEL - Macky Sall, comp\u00e9titeur\u2026 \u00ablocales\u00bb\u00a0!\" \/>\n<meta property=\"og:description\" content=\"NETTALI.COM - Six mois nous s\u00e9parent des prochaines \u00e9ch\u00e9ances \u00e9lectorales. Mais force est de reconnaitre que nous sommes en plein dans la fi\u00e8vre des locales. Et ce n\u2019est pas Macky Sall qui dira le contraire, lui qui a d\u00e9j\u00e0 enfourch\u00e9 son cheval pour galoper avant que les autres \u00e9curies ne se r\u00e9veillent. Une atmosph\u00e8re qui [&hellip;]\" \/>\n<meta property=\"og:url\" content=\"https:\/\/www.nettali.com\/2021\/06\/10\/idivisuel-macky-sall-competiteur-locales\/\" \/>\n<meta property=\"og:site_name\" content=\"Nettali.com\" \/>\n<meta property=\"article:publisher\" content=\"https:\/\/www.facebook.com\/nettalicom\" \/>\n<meta property=\"article:published_time\" content=\"2021-06-10T09:33:05+00:00\" \/>\n<meta property=\"article:modified_time\" content=\"2021-06-15T11:02:12+00:00\" \/>\n<meta property=\"og:image\" content=\"https:\/\/www.nettali.com\/wp-content\/uploads\/2021\/06\/faye-niane-faye-sall-ba-sy.jpg\" \/>\n\t<meta property=\"og:image:width\" content=\"1280\" \/>\n\t<meta property=\"og:image:height\" content=\"600\" \/>\n<meta name=\"twitter:card\" content=\"summary_large_image\" \/>\n<meta name=\"twitter:label1\" content=\"\u00c9crit par\" \/>\n\t<meta name=\"twitter:data1\" content=\"CK\" \/>\n\t<meta name=\"twitter:label2\" content=\"Dur\u00e9e de lecture estim\u00e9e\" \/>\n\t<meta name=\"twitter:data2\" content=\"15 minutes\" \/>\n<script type=\"application\/ld+json\" class=\"yoast-schema-graph\">{\"@context\":\"https:\/\/schema.org\",\"@graph\":[{\"@type\":\"WebSite\",\"@id\":\"https:\/\/www.nettali.com\/#website\",\"url\":\"https:\/\/www.nettali.com\/\",\"name\":\"Nettali.com\",\"description\":\"Le rendez-vous critique du Net\",\"potentialAction\":[{\"@type\":\"SearchAction\",\"target\":{\"@type\":\"EntryPoint\",\"urlTemplate\":\"https:\/\/www.nettali.com\/?s={search_term_string}\"},\"query-input\":\"required name=search_term_string\"}],\"inLanguage\":\"fr-FR\"},{\"@type\":\"ImageObject\",\"@id\":\"https:\/\/www.nettali.com\/2021\/06\/10\/idivisuel-macky-sall-competiteur-locales\/#primaryimage\",\"inLanguage\":\"fr-FR\",\"url\":\"https:\/\/www.nettali.com\/wp-content\/uploads\/2021\/06\/faye-niane-faye-sall-ba-sy.jpg\",\"contentUrl\":\"https:\/\/www.nettali.com\/wp-content\/uploads\/2021\/06\/faye-niane-faye-sall-ba-sy.jpg\",\"width\":1280,\"height\":600},{\"@type\":\"WebPage\",\"@id\":\"https:\/\/www.nettali.com\/2021\/06\/10\/idivisuel-macky-sall-competiteur-locales\/#webpage\",\"url\":\"https:\/\/www.nettali.com\/2021\/06\/10\/idivisuel-macky-sall-competiteur-locales\/\",\"name\":\"IDIOVISUEL - Macky Sall, comp\\u00e9titeur\\u2026 \\u00ablocales\\u00bb\\u00a0! | Nettali.com\",\"isPartOf\":{\"@id\":\"https:\/\/www.nettali.com\/#website\"},\"primaryImageOfPage\":{\"@id\":\"https:\/\/www.nettali.com\/2021\/06\/10\/idivisuel-macky-sall-competiteur-locales\/#primaryimage\"},\"datePublished\":\"2021-06-10T09:33:05+00:00\",\"dateModified\":\"2021-06-15T11:02:12+00:00\",\"author\":{\"@id\":\"https:\/\/www.nettali.com\/#\/schema\/person\/d8ac7b7e27ddad43f1c0d2ef090d7f71\"},\"breadcrumb\":{\"@id\":\"https:\/\/www.nettali.com\/2021\/06\/10\/idivisuel-macky-sall-competiteur-locales\/#breadcrumb\"},\"inLanguage\":\"fr-FR\",\"potentialAction\":[{\"@type\":\"ReadAction\",\"target\":[\"https:\/\/www.nettali.com\/2021\/06\/10\/idivisuel-macky-sall-competiteur-locales\/\"]}]},{\"@type\":\"BreadcrumbList\",\"@id\":\"https:\/\/www.nettali.com\/2021\/06\/10\/idivisuel-macky-sall-competiteur-locales\/#breadcrumb\",\"itemListElement\":[{\"@type\":\"ListItem\",\"position\":1,\"name\":\"Accueil\",\"item\":\"https:\/\/www.nettali.com\/\"},{\"@type\":\"ListItem\",\"position\":2,\"name\":\"IDIOVISUEL &#8211; Macky Sall, comp\\u00e9titeur\\u2026 \\u00ablocales\\u00bb\\u00a0!\"}]},{\"@type\":\"Person\",\"@id\":\"https:\/\/www.nettali.com\/#\/schema\/person\/d8ac7b7e27ddad43f1c0d2ef090d7f71\",\"name\":\"CK\",\"image\":{\"@type\":\"ImageObject\",\"@id\":\"https:\/\/www.nettali.com\/#personlogo\",\"inLanguage\":\"fr-FR\",\"url\":\"https:\/\/secure.gravatar.com\/avatar\/1d8d5118b9327d94da7cd4ce7f17fec2?s=96&d=mm&r=g\",\"contentUrl\":\"https:\/\/secure.gravatar.com\/avatar\/1d8d5118b9327d94da7cd4ce7f17fec2?s=96&d=mm&r=g\",\"caption\":\"CK\"},\"sameAs\":[\"https:\/\/www.nettali.com\"]}]}<\/script>\n<!-- \/ Yoast SEO Premium plugin. -->","yoast_head_json":{"title":"IDIOVISUEL - Macky Sall, comp\u00e9titeur\u2026 \u00ablocales\u00bb\u00a0! | Nettali.com","robots":{"index":"index","follow":"follow","max-snippet":"max-snippet:-1","max-image-preview":"max-image-preview:large","max-video-preview":"max-video-preview:-1"},"canonical":"https:\/\/www.nettali.com\/2021\/06\/10\/idivisuel-macky-sall-competiteur-locales\/","og_locale":"fr_FR","og_type":"article","og_title":"IDIOVISUEL - Macky Sall, comp\u00e9titeur\u2026 \u00ablocales\u00bb\u00a0!","og_description":"NETTALI.COM - Six mois nous s\u00e9parent des prochaines \u00e9ch\u00e9ances \u00e9lectorales. Mais force est de reconnaitre que nous sommes en plein dans la fi\u00e8vre des locales. Et ce n\u2019est pas Macky Sall qui dira le contraire, lui qui a d\u00e9j\u00e0 enfourch\u00e9 son cheval pour galoper avant que les autres \u00e9curies ne se r\u00e9veillent. Une atmosph\u00e8re qui [&hellip;]","og_url":"https:\/\/www.nettali.com\/2021\/06\/10\/idivisuel-macky-sall-competiteur-locales\/","og_site_name":"Nettali.com","article_publisher":"https:\/\/www.facebook.com\/nettalicom","article_published_time":"2021-06-10T09:33:05+00:00","article_modified_time":"2021-06-15T11:02:12+00:00","og_image":[{"width":1280,"height":600,"url":"https:\/\/www.nettali.com\/wp-content\/uploads\/2021\/06\/faye-niane-faye-sall-ba-sy.jpg","type":"image\/jpeg"}],"twitter_card":"summary_large_image","twitter_misc":{"\u00c9crit par":"CK","Dur\u00e9e de lecture estim\u00e9e":"15 minutes"},"schema":{"@context":"https:\/\/schema.org","@graph":[{"@type":"WebSite","@id":"https:\/\/www.nettali.com\/#website","url":"https:\/\/www.nettali.com\/","name":"Nettali.com","description":"Le rendez-vous critique du Net","potentialAction":[{"@type":"SearchAction","target":{"@type":"EntryPoint","urlTemplate":"https:\/\/www.nettali.com\/?s={search_term_string}"},"query-input":"required name=search_term_string"}],"inLanguage":"fr-FR"},{"@type":"ImageObject","@id":"https:\/\/www.nettali.com\/2021\/06\/10\/idivisuel-macky-sall-competiteur-locales\/#primaryimage","inLanguage":"fr-FR","url":"https:\/\/www.nettali.com\/wp-content\/uploads\/2021\/06\/faye-niane-faye-sall-ba-sy.jpg","contentUrl":"https:\/\/www.nettali.com\/wp-content\/uploads\/2021\/06\/faye-niane-faye-sall-ba-sy.jpg","width":1280,"height":600},{"@type":"WebPage","@id":"https:\/\/www.nettali.com\/2021\/06\/10\/idivisuel-macky-sall-competiteur-locales\/#webpage","url":"https:\/\/www.nettali.com\/2021\/06\/10\/idivisuel-macky-sall-competiteur-locales\/","name":"IDIOVISUEL - Macky Sall, comp\u00e9titeur\u2026 \u00ablocales\u00bb\u00a0! | Nettali.com","isPartOf":{"@id":"https:\/\/www.nettali.com\/#website"},"primaryImageOfPage":{"@id":"https:\/\/www.nettali.com\/2021\/06\/10\/idivisuel-macky-sall-competiteur-locales\/#primaryimage"},"datePublished":"2021-06-10T09:33:05+00:00","dateModified":"2021-06-15T11:02:12+00:00","author":{"@id":"https:\/\/www.nettali.com\/#\/schema\/person\/d8ac7b7e27ddad43f1c0d2ef090d7f71"},"breadcrumb":{"@id":"https:\/\/www.nettali.com\/2021\/06\/10\/idivisuel-macky-sall-competiteur-locales\/#breadcrumb"},"inLanguage":"fr-FR","potentialAction":[{"@type":"ReadAction","target":["https:\/\/www.nettali.com\/2021\/06\/10\/idivisuel-macky-sall-competiteur-locales\/"]}]},{"@type":"BreadcrumbList","@id":"https:\/\/www.nettali.com\/2021\/06\/10\/idivisuel-macky-sall-competiteur-locales\/#breadcrumb","itemListElement":[{"@type":"ListItem","position":1,"name":"Accueil","item":"https:\/\/www.nettali.com\/"},{"@type":"ListItem","position":2,"name":"IDIOVISUEL &#8211; Macky Sall, comp\u00e9titeur\u2026 \u00ablocales\u00bb\u00a0!"}]},{"@type":"Person","@id":"https:\/\/www.nettali.com\/#\/schema\/person\/d8ac7b7e27ddad43f1c0d2ef090d7f71","name":"CK","image":{"@type":"ImageObject","@id":"https:\/\/www.nettali.com\/#personlogo","inLanguage":"fr-FR","url":"https:\/\/secure.gravatar.com\/avatar\/1d8d5118b9327d94da7cd4ce7f17fec2?s=96&d=mm&r=g","contentUrl":"https:\/\/secure.gravatar.com\/avatar\/1d8d5118b9327d94da7cd4ce7f17fec2?s=96&d=mm&r=g","caption":"CK"},"sameAs":["https:\/\/www.nettali.com"]}]}},"_links":{"self":[{"href":"https:\/\/www.nettali.com\/rest\/wp\/v2\/posts\/65681"}],"collection":[{"href":"https:\/\/www.nettali.com\/rest\/wp\/v2\/posts"}],"about":[{"href":"https:\/\/www.nettali.com\/rest\/wp\/v2\/types\/post"}],"author":[{"embeddable":true,"href":"https:\/\/www.nettali.com\/rest\/wp\/v2\/users\/2"}],"replies":[{"embeddable":true,"href":"https:\/\/www.nettali.com\/rest\/wp\/v2\/comments?post=65681"}],"version-history":[{"count":3,"href":"https:\/\/www.nettali.com\/rest\/wp\/v2\/posts\/65681\/revisions"}],"predecessor-version":[{"id":65685,"href":"https:\/\/www.nettali.com\/rest\/wp\/v2\/posts\/65681\/revisions\/65685"}],"wp:featuredmedia":[{"embeddable":true,"href":"https:\/\/www.nettali.com\/rest\/wp\/v2\/media\/65659"}],"wp:attachment":[{"href":"https:\/\/www.nettali.com\/rest\/wp\/v2\/media?parent=65681"}],"wp:term":[{"taxonomy":"category","embeddable":true,"href":"https:\/\/www.nettali.com\/rest\/wp\/v2\/categories?post=65681"},{"taxonomy":"post_tag","embeddable":true,"href":"https:\/\/www.nettali.com\/rest\/wp\/v2\/tags?post=65681"}],"curies":[{"name":"wp","href":"https:\/\/api.w.org\/{rel}","templated":true}]}}