{"id":65520,"date":"2021-06-07T22:57:16","date_gmt":"2021-06-07T22:57:16","guid":{"rendered":"https:\/\/www.nettali.com\/?p=65520"},"modified":"2021-06-07T23:07:27","modified_gmt":"2021-06-07T23:07:27","slug":"mercato-youssouph-sabaly-rejoint-le-betis-seville","status":"publish","type":"post","link":"https:\/\/www.nettali.com\/2021\/06\/07\/mercato-youssouph-sabaly-rejoint-le-betis-seville\/","title":{"rendered":"MERCATO - Youssouph Sabaly rejoint le Betis Seville"},"content":{"rendered":"<p><strong>NETTALI.COM - Youssouph Sabaly d\u00e9barque au Betis S\u00e9ville. En fin de contrat chez les Girondins de Bordeaux, le lat\u00e9ral droit de 28 ans s\u2019est officiellement engag\u00e9 avec le club espagnol jusqu\u2019en 2026.<\/strong><\/p>\n<p>Betis S\u00e9ville a annonc\u00e9 lundi apr\u00e8s-midi la signature du lat\u00e9ral droit s\u00e9n\u00e9galais Youssouf Sabaly en provenance des Girondins de Bordeaux. Le vice-champion d'Afrique a sign\u00e9 un contrat de cinq ans avec le B\u00e9tis S\u00e9ville, ce qui le lie donc au club jusqu\u2019en juin 2026.<\/p>\n<p>L\u2019international s\u00e9n\u00e9galais de 28 ans arrive pour compenser le d\u00e9part d'Emerson Royal au FC Barcelone.<br \/>\nA rappeler que Sabaly, form\u00e9 au centre de formation du PSG, a pass\u00e9 les trois derni\u00e8res ann\u00e9es \u00e0 Bordeaux, apr\u00e8s avoir auparavant jou\u00e9 \u00e0 \u00c9vian et \u00e0 Nantes.<\/p>\n<div class='share-to-whatsapp-wrapper'><div class='share-on-whsp'>PARTAGER SUR : <\/div><a data-text='MERCATO - Youssouph Sabaly rejoint le Betis Seville' data-link='https:\/\/www.nettali.com\/2021\/06\/07\/mercato-youssouph-sabaly-rejoint-le-betis-seville\/' class='whatsapp-button whatsapp-share'>WhatsApp<\/a><div class='clear '><\/div><\/div>","protected":false},"excerpt":{"rendered":"<p>NETTALI.COM - Youssouph Sabaly d\u00e9barque au Betis S\u00e9ville. En fin de contrat chez les Girondins de Bordeaux, le lat\u00e9ral droit de 28 ans s\u2019est officiellement engag\u00e9 avec le club espagnol jusqu\u2019en 2026. Betis S\u00e9ville a annonc\u00e9 lundi apr\u00e8s-midi la signature du lat\u00e9ral droit s\u00e9n\u00e9galais Youssouf Sabaly en provenance des Girondins de Bordeaux. Le vice-champion d'Afrique [&hellip;]<\/p>\n","protected":false},"author":5,"featured_media":65522,"comment_status":"open","ping_status":"open","sticky":false,"template":"","format":"standard","meta":{"_et_pb_use_builder":"","_et_pb_old_content":""},"categories":[6],"tags":[],"yoast_head":"<!-- This site is optimized with the Yoast SEO Premium plugin v17.8 (Yoast SEO v17.8) - https:\/\/yoast.com\/wordpress\/plugins\/seo\/ -->\n<title>MERCATO - Youssouph Sabaly rejoint le Betis Seville | Nettali.com<\/title>\n<meta name=\"robots\" content=\"index, follow, max-snippet:-1, max-image-preview:large, max-video-preview:-1\" \/>\n<link rel=\"canonical\" href=\"https:\/\/www.nettali.com\/2021\/06\/07\/mercato-youssouph-sabaly-rejoint-le-betis-seville\/\" \/>\n<meta property=\"og:locale\" content=\"fr_FR\" \/>\n<meta property=\"og:type\" content=\"article\" \/>\n<meta property=\"og:title\" content=\"MERCATO - Youssouph Sabaly rejoint le Betis Seville\" \/>\n<meta property=\"og:description\" content=\"NETTALI.COM - Youssouph Sabaly d\u00e9barque au Betis S\u00e9ville. En fin de contrat chez les Girondins de Bordeaux, le lat\u00e9ral droit de 28 ans s\u2019est officiellement engag\u00e9 avec le club espagnol jusqu\u2019en 2026. Betis S\u00e9ville a annonc\u00e9 lundi apr\u00e8s-midi la signature du lat\u00e9ral droit s\u00e9n\u00e9galais Youssouf Sabaly en provenance des Girondins de Bordeaux. Le vice-champion d&#039;Afrique [&hellip;]\" \/>\n<meta property=\"og:url\" content=\"https:\/\/www.nettali.com\/2021\/06\/07\/mercato-youssouph-sabaly-rejoint-le-betis-seville\/\" \/>\n<meta property=\"og:site_name\" content=\"Nettali.com\" \/>\n<meta property=\"article:publisher\" content=\"https:\/\/www.facebook.com\/nettalicom\" \/>\n<meta property=\"article:published_time\" content=\"2021-06-07T22:57:16+00:00\" \/>\n<meta property=\"article:modified_time\" content=\"2021-06-07T23:07:27+00:00\" \/>\n<meta property=\"og:image\" content=\"https:\/\/www.nettali.com\/wp-content\/uploads\/2021\/06\/Screenshot_20210607-214503-1.jpg\" \/>\n\t<meta property=\"og:image:width\" content=\"720\" \/>\n\t<meta property=\"og:image:height\" content=\"535\" \/>\n<meta name=\"twitter:card\" content=\"summary_large_image\" \/>\n<meta name=\"twitter:label1\" content=\"\u00c9crit par\" \/>\n\t<meta name=\"twitter:data1\" content=\"Ibrahima\" \/>\n\t<meta name=\"twitter:label2\" content=\"Dur\u00e9e de lecture estim\u00e9e\" \/>\n\t<meta name=\"twitter:data2\" content=\"1 minute\" \/>\n<script type=\"application\/ld+json\" class=\"yoast-schema-graph\">{\"@context\":\"https:\/\/schema.org\",\"@graph\":[{\"@type\":\"WebSite\",\"@id\":\"https:\/\/www.nettali.com\/#website\",\"url\":\"https:\/\/www.nettali.com\/\",\"name\":\"Nettali.com\",\"description\":\"Le rendez-vous critique du Net\",\"potentialAction\":[{\"@type\":\"SearchAction\",\"target\":{\"@type\":\"EntryPoint\",\"urlTemplate\":\"https:\/\/www.nettali.com\/?s={search_term_string}\"},\"query-input\":\"required name=search_term_string\"}],\"inLanguage\":\"fr-FR\"},{\"@type\":\"ImageObject\",\"@id\":\"https:\/\/www.nettali.com\/2021\/06\/07\/mercato-youssouph-sabaly-rejoint-le-betis-seville\/#primaryimage\",\"inLanguage\":\"fr-FR\",\"url\":\"https:\/\/www.nettali.com\/wp-content\/uploads\/2021\/06\/Screenshot_20210607-214503-1.jpg\",\"contentUrl\":\"https:\/\/www.nettali.com\/wp-content\/uploads\/2021\/06\/Screenshot_20210607-214503-1.jpg\",\"width\":720,\"height\":535},{\"@type\":\"WebPage\",\"@id\":\"https:\/\/www.nettali.com\/2021\/06\/07\/mercato-youssouph-sabaly-rejoint-le-betis-seville\/#webpage\",\"url\":\"https:\/\/www.nettali.com\/2021\/06\/07\/mercato-youssouph-sabaly-rejoint-le-betis-seville\/\",\"name\":\"MERCATO - Youssouph Sabaly rejoint le Betis Seville | Nettali.com\",\"isPartOf\":{\"@id\":\"https:\/\/www.nettali.com\/#website\"},\"primaryImageOfPage\":{\"@id\":\"https:\/\/www.nettali.com\/2021\/06\/07\/mercato-youssouph-sabaly-rejoint-le-betis-seville\/#primaryimage\"},\"datePublished\":\"2021-06-07T22:57:16+00:00\",\"dateModified\":\"2021-06-07T23:07:27+00:00\",\"author\":{\"@id\":\"https:\/\/www.nettali.com\/#\/schema\/person\/bb147657c2986240405a608162b9bb23\"},\"breadcrumb\":{\"@id\":\"https:\/\/www.nettali.com\/2021\/06\/07\/mercato-youssouph-sabaly-rejoint-le-betis-seville\/#breadcrumb\"},\"inLanguage\":\"fr-FR\",\"potentialAction\":[{\"@type\":\"ReadAction\",\"target\":[\"https:\/\/www.nettali.com\/2021\/06\/07\/mercato-youssouph-sabaly-rejoint-le-betis-seville\/\"]}]},{\"@type\":\"BreadcrumbList\",\"@id\":\"https:\/\/www.nettali.com\/2021\/06\/07\/mercato-youssouph-sabaly-rejoint-le-betis-seville\/#breadcrumb\",\"itemListElement\":[{\"@type\":\"ListItem\",\"position\":1,\"name\":\"Accueil\",\"item\":\"https:\/\/www.nettali.com\/\"},{\"@type\":\"ListItem\",\"position\":2,\"name\":\"MERCATO &#8211; Youssouph Sabaly rejoint le Betis Seville\"}]},{\"@type\":\"Person\",\"@id\":\"https:\/\/www.nettali.com\/#\/schema\/person\/bb147657c2986240405a608162b9bb23\",\"name\":\"Ibrahima\",\"image\":{\"@type\":\"ImageObject\",\"@id\":\"https:\/\/www.nettali.com\/#personlogo\",\"inLanguage\":\"fr-FR\",\"url\":\"https:\/\/secure.gravatar.com\/avatar\/26a8a81f09f0dd7624c9d5c36c9ba3a2?s=96&d=mm&r=g\",\"contentUrl\":\"https:\/\/secure.gravatar.com\/avatar\/26a8a81f09f0dd7624c9d5c36c9ba3a2?s=96&d=mm&r=g\",\"caption\":\"Ibrahima\"},\"sameAs\":[\"https:\/\/www.nettali.com\"]}]}<\/script>\n<!-- \/ Yoast SEO Premium plugin. -->","yoast_head_json":{"title":"MERCATO - Youssouph Sabaly rejoint le Betis Seville | Nettali.com","robots":{"index":"index","follow":"follow","max-snippet":"max-snippet:-1","max-image-preview":"max-image-preview:large","max-video-preview":"max-video-preview:-1"},"canonical":"https:\/\/www.nettali.com\/2021\/06\/07\/mercato-youssouph-sabaly-rejoint-le-betis-seville\/","og_locale":"fr_FR","og_type":"article","og_title":"MERCATO - Youssouph Sabaly rejoint le Betis Seville","og_description":"NETTALI.COM - Youssouph Sabaly d\u00e9barque au Betis S\u00e9ville. En fin de contrat chez les Girondins de Bordeaux, le lat\u00e9ral droit de 28 ans s\u2019est officiellement engag\u00e9 avec le club espagnol jusqu\u2019en 2026. Betis S\u00e9ville a annonc\u00e9 lundi apr\u00e8s-midi la signature du lat\u00e9ral droit s\u00e9n\u00e9galais Youssouf Sabaly en provenance des Girondins de Bordeaux. Le vice-champion d'Afrique [&hellip;]","og_url":"https:\/\/www.nettali.com\/2021\/06\/07\/mercato-youssouph-sabaly-rejoint-le-betis-seville\/","og_site_name":"Nettali.com","article_publisher":"https:\/\/www.facebook.com\/nettalicom","article_published_time":"2021-06-07T22:57:16+00:00","article_modified_time":"2021-06-07T23:07:27+00:00","og_image":[{"width":720,"height":535,"url":"https:\/\/www.nettali.com\/wp-content\/uploads\/2021\/06\/Screenshot_20210607-214503-1.jpg","type":"image\/jpeg"}],"twitter_card":"summary_large_image","twitter_misc":{"\u00c9crit par":"Ibrahima","Dur\u00e9e de lecture estim\u00e9e":"1 minute"},"schema":{"@context":"https:\/\/schema.org","@graph":[{"@type":"WebSite","@id":"https:\/\/www.nettali.com\/#website","url":"https:\/\/www.nettali.com\/","name":"Nettali.com","description":"Le rendez-vous critique du Net","potentialAction":[{"@type":"SearchAction","target":{"@type":"EntryPoint","urlTemplate":"https:\/\/www.nettali.com\/?s={search_term_string}"},"query-input":"required name=search_term_string"}],"inLanguage":"fr-FR"},{"@type":"ImageObject","@id":"https:\/\/www.nettali.com\/2021\/06\/07\/mercato-youssouph-sabaly-rejoint-le-betis-seville\/#primaryimage","inLanguage":"fr-FR","url":"https:\/\/www.nettali.com\/wp-content\/uploads\/2021\/06\/Screenshot_20210607-214503-1.jpg","contentUrl":"https:\/\/www.nettali.com\/wp-content\/uploads\/2021\/06\/Screenshot_20210607-214503-1.jpg","width":720,"height":535},{"@type":"WebPage","@id":"https:\/\/www.nettali.com\/2021\/06\/07\/mercato-youssouph-sabaly-rejoint-le-betis-seville\/#webpage","url":"https:\/\/www.nettali.com\/2021\/06\/07\/mercato-youssouph-sabaly-rejoint-le-betis-seville\/","name":"MERCATO - Youssouph Sabaly rejoint le Betis Seville | Nettali.com","isPartOf":{"@id":"https:\/\/www.nettali.com\/#website"},"primaryImageOfPage":{"@id":"https:\/\/www.nettali.com\/2021\/06\/07\/mercato-youssouph-sabaly-rejoint-le-betis-seville\/#primaryimage"},"datePublished":"2021-06-07T22:57:16+00:00","dateModified":"2021-06-07T23:07:27+00:00","author":{"@id":"https:\/\/www.nettali.com\/#\/schema\/person\/bb147657c2986240405a608162b9bb23"},"breadcrumb":{"@id":"https:\/\/www.nettali.com\/2021\/06\/07\/mercato-youssouph-sabaly-rejoint-le-betis-seville\/#breadcrumb"},"inLanguage":"fr-FR","potentialAction":[{"@type":"ReadAction","target":["https:\/\/www.nettali.com\/2021\/06\/07\/mercato-youssouph-sabaly-rejoint-le-betis-seville\/"]}]},{"@type":"BreadcrumbList","@id":"https:\/\/www.nettali.com\/2021\/06\/07\/mercato-youssouph-sabaly-rejoint-le-betis-seville\/#breadcrumb","itemListElement":[{"@type":"ListItem","position":1,"name":"Accueil","item":"https:\/\/www.nettali.com\/"},{"@type":"ListItem","position":2,"name":"MERCATO &#8211; Youssouph Sabaly rejoint le Betis Seville"}]},{"@type":"Person","@id":"https:\/\/www.nettali.com\/#\/schema\/person\/bb147657c2986240405a608162b9bb23","name":"Ibrahima","image":{"@type":"ImageObject","@id":"https:\/\/www.nettali.com\/#personlogo","inLanguage":"fr-FR","url":"https:\/\/secure.gravatar.com\/avatar\/26a8a81f09f0dd7624c9d5c36c9ba3a2?s=96&d=mm&r=g","contentUrl":"https:\/\/secure.gravatar.com\/avatar\/26a8a81f09f0dd7624c9d5c36c9ba3a2?s=96&d=mm&r=g","caption":"Ibrahima"},"sameAs":["https:\/\/www.nettali.com"]}]}},"_links":{"self":[{"href":"https:\/\/www.nettali.com\/rest\/wp\/v2\/posts\/65520"}],"collection":[{"href":"https:\/\/www.nettali.com\/rest\/wp\/v2\/posts"}],"about":[{"href":"https:\/\/www.nettali.com\/rest\/wp\/v2\/types\/post"}],"author":[{"embeddable":true,"href":"https:\/\/www.nettali.com\/rest\/wp\/v2\/users\/5"}],"replies":[{"embeddable":true,"href":"https:\/\/www.nettali.com\/rest\/wp\/v2\/comments?post=65520"}],"version-history":[{"count":1,"href":"https:\/\/www.nettali.com\/rest\/wp\/v2\/posts\/65520\/revisions"}],"predecessor-version":[{"id":65523,"href":"https:\/\/www.nettali.com\/rest\/wp\/v2\/posts\/65520\/revisions\/65523"}],"wp:featuredmedia":[{"embeddable":true,"href":"https:\/\/www.nettali.com\/rest\/wp\/v2\/media\/65522"}],"wp:attachment":[{"href":"https:\/\/www.nettali.com\/rest\/wp\/v2\/media?parent=65520"}],"wp:term":[{"taxonomy":"category","embeddable":true,"href":"https:\/\/www.nettali.com\/rest\/wp\/v2\/categories?post=65520"},{"taxonomy":"post_tag","embeddable":true,"href":"https:\/\/www.nettali.com\/rest\/wp\/v2\/tags?post=65520"}],"curies":[{"name":"wp","href":"https:\/\/api.w.org\/{rel}","templated":true}]}}