{"id":65466,"date":"2021-06-07T09:43:30","date_gmt":"2021-06-07T09:43:30","guid":{"rendered":"https:\/\/www.nettali.com\/?p=65466"},"modified":"2021-06-07T10:32:25","modified_gmt":"2021-06-07T10:32:25","slug":"canada-refus-de-rapatriement-apres-la-mort-dun-senegal","status":"publish","type":"post","link":"https:\/\/www.nettali.com\/2021\/06\/07\/canada-refus-de-rapatriement-apres-la-mort-dun-senegal\/","title":{"rendered":"CANADA - Refus de rapatriement, apr\u00e8s la mort d\u2019un S\u00e9n\u00e9galais\u00a0"},"content":{"rendered":"<p>NETTALI.COM - Un S\u00e9n\u00e9galais r\u00e9pondant au nom de Youssou Seck a perdu la vie \u00e0 Calgary au Canada. C\u2019\u00e9tait le 28 mai dernier, d\u2019apr\u00e8s Xalima.sn qui rapporte l\u2019information, en des termes reproduis par Enqu\u00eate, dans sa publication jour.<\/p>\n<p>Depuis lors, la famille du d\u00e9funt et le Rassemblement g\u00e9n\u00e9ral des S\u00e9n\u00e9galais du Canada tentent par tous les moyens de rapatrier le corps au S\u00e9n\u00e9gal. Seulement, ils se heurtent au refus de l\u2019ambassadrice du S\u00e9n\u00e9gal au Canada. La raison donn\u00e9e par Mme Viviane Bampassy est l\u2019absence de la carte d\u2019identit\u00e9 de Youssou Seck.<\/p>\n<p>En effet, les proches du d\u00e9funt ont pr\u00e9sent\u00e9, \u00e0 la place de ce dit document, son extrait de naissance et son livret de famille. Ce que l\u2019ambassadrice juge insuffisant.<\/p>\n<div class='share-to-whatsapp-wrapper'><div class='share-on-whsp'>PARTAGER SUR : <\/div><a data-text='CANADA - Refus de rapatriement, apr\u00e8s la mort d\u2019un S\u00e9n\u00e9galais\u00a0' data-link='https:\/\/www.nettali.com\/2021\/06\/07\/canada-refus-de-rapatriement-apres-la-mort-dun-senegal\/' class='whatsapp-button whatsapp-share'>WhatsApp<\/a><div class='clear '><\/div><\/div>","protected":false},"excerpt":{"rendered":"<p>NETTALI.COM - Un S\u00e9n\u00e9galais r\u00e9pondant au nom de Youssou Seck a perdu la vie \u00e0 Calgary au Canada. C\u2019\u00e9tait le 28 mai dernier, d\u2019apr\u00e8s Xalima.sn qui rapporte l\u2019information, en des termes reproduis par Enqu\u00eate, dans sa publication jour. Depuis lors, la famille du d\u00e9funt et le Rassemblement g\u00e9n\u00e9ral des S\u00e9n\u00e9galais du Canada tentent par tous [&hellip;]<\/p>\n","protected":false},"author":11,"featured_media":11560,"comment_status":"open","ping_status":"open","sticky":false,"template":"","format":"standard","meta":{"_et_pb_use_builder":"","_et_pb_old_content":""},"categories":[3],"tags":[],"yoast_head":"<!-- This site is optimized with the Yoast SEO Premium plugin v17.8 (Yoast SEO v17.8) - https:\/\/yoast.com\/wordpress\/plugins\/seo\/ -->\n<title>CANADA - Refus de rapatriement, apr\u00e8s la mort d\u2019un S\u00e9n\u00e9galais\u00a0 | Nettali.com<\/title>\n<meta name=\"robots\" content=\"index, follow, max-snippet:-1, max-image-preview:large, max-video-preview:-1\" \/>\n<link rel=\"canonical\" href=\"https:\/\/www.nettali.com\/2021\/06\/07\/canada-refus-de-rapatriement-apres-la-mort-dun-senegal\/\" \/>\n<meta property=\"og:locale\" content=\"fr_FR\" \/>\n<meta property=\"og:type\" content=\"article\" \/>\n<meta property=\"og:title\" content=\"CANADA - Refus de rapatriement, apr\u00e8s la mort d\u2019un S\u00e9n\u00e9galais\u00a0\" \/>\n<meta property=\"og:description\" content=\"NETTALI.COM - Un S\u00e9n\u00e9galais r\u00e9pondant au nom de Youssou Seck a perdu la vie \u00e0 Calgary au Canada. C\u2019\u00e9tait le 28 mai dernier, d\u2019apr\u00e8s Xalima.sn qui rapporte l\u2019information, en des termes reproduis par Enqu\u00eate, dans sa publication jour. Depuis lors, la famille du d\u00e9funt et le Rassemblement g\u00e9n\u00e9ral des S\u00e9n\u00e9galais du Canada tentent par tous [&hellip;]\" \/>\n<meta property=\"og:url\" content=\"https:\/\/www.nettali.com\/2021\/06\/07\/canada-refus-de-rapatriement-apres-la-mort-dun-senegal\/\" \/>\n<meta property=\"og:site_name\" content=\"Nettali.com\" \/>\n<meta property=\"article:publisher\" content=\"https:\/\/www.facebook.com\/nettalicom\" \/>\n<meta property=\"article:published_time\" content=\"2021-06-07T09:43:30+00:00\" \/>\n<meta property=\"article:modified_time\" content=\"2021-06-07T10:32:25+00:00\" \/>\n<meta property=\"og:image\" content=\"https:\/\/www.nettali.com\/wp-content\/uploads\/2019\/06\/dc3a9cc3a8s-un-indien-dc3a9clarc3a9-mort-se-rc3a9veille-c3a0-la-morgue-juste-avant-son-autopsie402082095.jpg\" \/>\n\t<meta property=\"og:image:width\" content=\"584\" \/>\n\t<meta property=\"og:image:height\" content=\"330\" \/>\n<meta name=\"twitter:card\" content=\"summary_large_image\" \/>\n<meta name=\"twitter:label1\" content=\"\u00c9crit par\" \/>\n\t<meta name=\"twitter:data1\" content=\"Thierno Diop\" \/>\n\t<meta name=\"twitter:label2\" content=\"Dur\u00e9e de lecture estim\u00e9e\" \/>\n\t<meta name=\"twitter:data2\" content=\"1 minute\" \/>\n<script type=\"application\/ld+json\" class=\"yoast-schema-graph\">{\"@context\":\"https:\/\/schema.org\",\"@graph\":[{\"@type\":\"WebSite\",\"@id\":\"https:\/\/www.nettali.com\/#website\",\"url\":\"https:\/\/www.nettali.com\/\",\"name\":\"Nettali.com\",\"description\":\"Le rendez-vous critique du Net\",\"potentialAction\":[{\"@type\":\"SearchAction\",\"target\":{\"@type\":\"EntryPoint\",\"urlTemplate\":\"https:\/\/www.nettali.com\/?s={search_term_string}\"},\"query-input\":\"required name=search_term_string\"}],\"inLanguage\":\"fr-FR\"},{\"@type\":\"ImageObject\",\"@id\":\"https:\/\/www.nettali.com\/2021\/06\/07\/canada-refus-de-rapatriement-apres-la-mort-dun-senegal\/#primaryimage\",\"inLanguage\":\"fr-FR\",\"url\":\"https:\/\/www.nettali.com\/wp-content\/uploads\/2019\/06\/dc3a9cc3a8s-un-indien-dc3a9clarc3a9-mort-se-rc3a9veille-c3a0-la-morgue-juste-avant-son-autopsie402082095.jpg\",\"contentUrl\":\"https:\/\/www.nettali.com\/wp-content\/uploads\/2019\/06\/dc3a9cc3a8s-un-indien-dc3a9clarc3a9-mort-se-rc3a9veille-c3a0-la-morgue-juste-avant-son-autopsie402082095.jpg\",\"width\":584,\"height\":330},{\"@type\":\"WebPage\",\"@id\":\"https:\/\/www.nettali.com\/2021\/06\/07\/canada-refus-de-rapatriement-apres-la-mort-dun-senegal\/#webpage\",\"url\":\"https:\/\/www.nettali.com\/2021\/06\/07\/canada-refus-de-rapatriement-apres-la-mort-dun-senegal\/\",\"name\":\"CANADA - Refus de rapatriement, apr\\u00e8s la mort d\\u2019un S\\u00e9n\\u00e9galais\\u00a0 | Nettali.com\",\"isPartOf\":{\"@id\":\"https:\/\/www.nettali.com\/#website\"},\"primaryImageOfPage\":{\"@id\":\"https:\/\/www.nettali.com\/2021\/06\/07\/canada-refus-de-rapatriement-apres-la-mort-dun-senegal\/#primaryimage\"},\"datePublished\":\"2021-06-07T09:43:30+00:00\",\"dateModified\":\"2021-06-07T10:32:25+00:00\",\"author\":{\"@id\":\"https:\/\/www.nettali.com\/#\/schema\/person\/8a06c6bd7b19304cf4bf985862900b5b\"},\"breadcrumb\":{\"@id\":\"https:\/\/www.nettali.com\/2021\/06\/07\/canada-refus-de-rapatriement-apres-la-mort-dun-senegal\/#breadcrumb\"},\"inLanguage\":\"fr-FR\",\"potentialAction\":[{\"@type\":\"ReadAction\",\"target\":[\"https:\/\/www.nettali.com\/2021\/06\/07\/canada-refus-de-rapatriement-apres-la-mort-dun-senegal\/\"]}]},{\"@type\":\"BreadcrumbList\",\"@id\":\"https:\/\/www.nettali.com\/2021\/06\/07\/canada-refus-de-rapatriement-apres-la-mort-dun-senegal\/#breadcrumb\",\"itemListElement\":[{\"@type\":\"ListItem\",\"position\":1,\"name\":\"Accueil\",\"item\":\"https:\/\/www.nettali.com\/\"},{\"@type\":\"ListItem\",\"position\":2,\"name\":\"CANADA &#8211; Refus de rapatriement, apr\\u00e8s la mort d\\u2019un S\\u00e9n\\u00e9galais\\u00a0\"}]},{\"@type\":\"Person\",\"@id\":\"https:\/\/www.nettali.com\/#\/schema\/person\/8a06c6bd7b19304cf4bf985862900b5b\",\"name\":\"Thierno Diop\",\"image\":{\"@type\":\"ImageObject\",\"@id\":\"https:\/\/www.nettali.com\/#personlogo\",\"inLanguage\":\"fr-FR\",\"url\":\"https:\/\/secure.gravatar.com\/avatar\/c8ca58550c94fd2ac856d27391a6c866?s=96&d=mm&r=g\",\"contentUrl\":\"https:\/\/secure.gravatar.com\/avatar\/c8ca58550c94fd2ac856d27391a6c866?s=96&d=mm&r=g\",\"caption\":\"Thierno Diop\"},\"sameAs\":[\"https:\/\/nettali.com\"]}]}<\/script>\n<!-- \/ Yoast SEO Premium plugin. -->","yoast_head_json":{"title":"CANADA - Refus de rapatriement, apr\u00e8s la mort d\u2019un S\u00e9n\u00e9galais\u00a0 | Nettali.com","robots":{"index":"index","follow":"follow","max-snippet":"max-snippet:-1","max-image-preview":"max-image-preview:large","max-video-preview":"max-video-preview:-1"},"canonical":"https:\/\/www.nettali.com\/2021\/06\/07\/canada-refus-de-rapatriement-apres-la-mort-dun-senegal\/","og_locale":"fr_FR","og_type":"article","og_title":"CANADA - Refus de rapatriement, apr\u00e8s la mort d\u2019un S\u00e9n\u00e9galais\u00a0","og_description":"NETTALI.COM - Un S\u00e9n\u00e9galais r\u00e9pondant au nom de Youssou Seck a perdu la vie \u00e0 Calgary au Canada. C\u2019\u00e9tait le 28 mai dernier, d\u2019apr\u00e8s Xalima.sn qui rapporte l\u2019information, en des termes reproduis par Enqu\u00eate, dans sa publication jour. Depuis lors, la famille du d\u00e9funt et le Rassemblement g\u00e9n\u00e9ral des S\u00e9n\u00e9galais du Canada tentent par tous [&hellip;]","og_url":"https:\/\/www.nettali.com\/2021\/06\/07\/canada-refus-de-rapatriement-apres-la-mort-dun-senegal\/","og_site_name":"Nettali.com","article_publisher":"https:\/\/www.facebook.com\/nettalicom","article_published_time":"2021-06-07T09:43:30+00:00","article_modified_time":"2021-06-07T10:32:25+00:00","og_image":[{"width":584,"height":330,"url":"https:\/\/www.nettali.com\/wp-content\/uploads\/2019\/06\/dc3a9cc3a8s-un-indien-dc3a9clarc3a9-mort-se-rc3a9veille-c3a0-la-morgue-juste-avant-son-autopsie402082095.jpg","type":"image\/jpeg"}],"twitter_card":"summary_large_image","twitter_misc":{"\u00c9crit par":"Thierno Diop","Dur\u00e9e de lecture estim\u00e9e":"1 minute"},"schema":{"@context":"https:\/\/schema.org","@graph":[{"@type":"WebSite","@id":"https:\/\/www.nettali.com\/#website","url":"https:\/\/www.nettali.com\/","name":"Nettali.com","description":"Le rendez-vous critique du Net","potentialAction":[{"@type":"SearchAction","target":{"@type":"EntryPoint","urlTemplate":"https:\/\/www.nettali.com\/?s={search_term_string}"},"query-input":"required name=search_term_string"}],"inLanguage":"fr-FR"},{"@type":"ImageObject","@id":"https:\/\/www.nettali.com\/2021\/06\/07\/canada-refus-de-rapatriement-apres-la-mort-dun-senegal\/#primaryimage","inLanguage":"fr-FR","url":"https:\/\/www.nettali.com\/wp-content\/uploads\/2019\/06\/dc3a9cc3a8s-un-indien-dc3a9clarc3a9-mort-se-rc3a9veille-c3a0-la-morgue-juste-avant-son-autopsie402082095.jpg","contentUrl":"https:\/\/www.nettali.com\/wp-content\/uploads\/2019\/06\/dc3a9cc3a8s-un-indien-dc3a9clarc3a9-mort-se-rc3a9veille-c3a0-la-morgue-juste-avant-son-autopsie402082095.jpg","width":584,"height":330},{"@type":"WebPage","@id":"https:\/\/www.nettali.com\/2021\/06\/07\/canada-refus-de-rapatriement-apres-la-mort-dun-senegal\/#webpage","url":"https:\/\/www.nettali.com\/2021\/06\/07\/canada-refus-de-rapatriement-apres-la-mort-dun-senegal\/","name":"CANADA - Refus de rapatriement, apr\u00e8s la mort d\u2019un S\u00e9n\u00e9galais\u00a0 | Nettali.com","isPartOf":{"@id":"https:\/\/www.nettali.com\/#website"},"primaryImageOfPage":{"@id":"https:\/\/www.nettali.com\/2021\/06\/07\/canada-refus-de-rapatriement-apres-la-mort-dun-senegal\/#primaryimage"},"datePublished":"2021-06-07T09:43:30+00:00","dateModified":"2021-06-07T10:32:25+00:00","author":{"@id":"https:\/\/www.nettali.com\/#\/schema\/person\/8a06c6bd7b19304cf4bf985862900b5b"},"breadcrumb":{"@id":"https:\/\/www.nettali.com\/2021\/06\/07\/canada-refus-de-rapatriement-apres-la-mort-dun-senegal\/#breadcrumb"},"inLanguage":"fr-FR","potentialAction":[{"@type":"ReadAction","target":["https:\/\/www.nettali.com\/2021\/06\/07\/canada-refus-de-rapatriement-apres-la-mort-dun-senegal\/"]}]},{"@type":"BreadcrumbList","@id":"https:\/\/www.nettali.com\/2021\/06\/07\/canada-refus-de-rapatriement-apres-la-mort-dun-senegal\/#breadcrumb","itemListElement":[{"@type":"ListItem","position":1,"name":"Accueil","item":"https:\/\/www.nettali.com\/"},{"@type":"ListItem","position":2,"name":"CANADA &#8211; Refus de rapatriement, apr\u00e8s la mort d\u2019un S\u00e9n\u00e9galais\u00a0"}]},{"@type":"Person","@id":"https:\/\/www.nettali.com\/#\/schema\/person\/8a06c6bd7b19304cf4bf985862900b5b","name":"Thierno Diop","image":{"@type":"ImageObject","@id":"https:\/\/www.nettali.com\/#personlogo","inLanguage":"fr-FR","url":"https:\/\/secure.gravatar.com\/avatar\/c8ca58550c94fd2ac856d27391a6c866?s=96&d=mm&r=g","contentUrl":"https:\/\/secure.gravatar.com\/avatar\/c8ca58550c94fd2ac856d27391a6c866?s=96&d=mm&r=g","caption":"Thierno Diop"},"sameAs":["https:\/\/nettali.com"]}]}},"_links":{"self":[{"href":"https:\/\/www.nettali.com\/rest\/wp\/v2\/posts\/65466"}],"collection":[{"href":"https:\/\/www.nettali.com\/rest\/wp\/v2\/posts"}],"about":[{"href":"https:\/\/www.nettali.com\/rest\/wp\/v2\/types\/post"}],"author":[{"embeddable":true,"href":"https:\/\/www.nettali.com\/rest\/wp\/v2\/users\/11"}],"replies":[{"embeddable":true,"href":"https:\/\/www.nettali.com\/rest\/wp\/v2\/comments?post=65466"}],"version-history":[{"count":2,"href":"https:\/\/www.nettali.com\/rest\/wp\/v2\/posts\/65466\/revisions"}],"predecessor-version":[{"id":65472,"href":"https:\/\/www.nettali.com\/rest\/wp\/v2\/posts\/65466\/revisions\/65472"}],"wp:featuredmedia":[{"embeddable":true,"href":"https:\/\/www.nettali.com\/rest\/wp\/v2\/media\/11560"}],"wp:attachment":[{"href":"https:\/\/www.nettali.com\/rest\/wp\/v2\/media?parent=65466"}],"wp:term":[{"taxonomy":"category","embeddable":true,"href":"https:\/\/www.nettali.com\/rest\/wp\/v2\/categories?post=65466"},{"taxonomy":"post_tag","embeddable":true,"href":"https:\/\/www.nettali.com\/rest\/wp\/v2\/tags?post=65466"}],"curies":[{"name":"wp","href":"https:\/\/api.w.org\/{rel}","templated":true}]}}