{"id":65308,"date":"2021-06-04T10:27:15","date_gmt":"2021-06-04T10:27:15","guid":{"rendered":"https:\/\/www.nettali.com\/?p=65308"},"modified":"2021-06-04T10:27:15","modified_gmt":"2021-06-04T10:27:15","slug":"evasion-boy-djinne-le-forum-du-justiciable-denonce-les-longues-detentions","status":"publish","type":"post","link":"https:\/\/www.nettali.com\/2021\/06\/04\/evasion-boy-djinne-le-forum-du-justiciable-denonce-les-longues-detentions\/","title":{"rendered":"\u00c9VASION BOY DJINN\u00c9 - Le Forum du Justiciable d\u00e9nonce les longues d\u00e9tentions"},"content":{"rendered":"<p><strong>NETTALI.COM \u2013 La nouvelle \u00e9vasion de Boy Djinn\u00e9, qui a \u00e9t\u00e9 finalement arr\u00eat\u00e9 hier, sert de pr\u00e9texte au Forum du Justiciable pour d\u00e9noncer les longues d\u00e9tentions. <\/strong><\/p>\n<p>Boy Djinn\u00e9 a \u00e9t\u00e9 arr\u00eat\u00e9 hier, dans la r\u00e9gion de Tambacounda, mais son \u00e9vasion spectaculaire est per\u00e7ue autrement par \u00a0le Forum du justiciable qui pointe les longues d\u00e9tentions. \u201cAu-del\u00e0 du caract\u00e8re rocambolesque et spectaculaire de l\u2019\u00e9vasion du d\u00e9tenu dont rien ne peut justifier, cette affaire pointe du doigt la question des longues d\u00e9tentions pr\u00e9ventives qui constituent aujourd\u2019hui les principaux maux du syst\u00e8me judiciaire s\u00e9n\u00e9galais. Cette lenteur de la justice en g\u00e9n\u00e9ral et du proc\u00e8s p\u00e9nal en particulier est en contradiction avec les conventions r\u00e9gionales et internationales\u2019\u2019, d\u00e9noncent Boubacar Ba et Cie, dans un communiqu\u00e9.<\/p>\n<p>En clair, l'article 6 paragraphe 1 de la Convention europ\u00e9enne des droits de l\u2019homme dispose que \u201ctoute personne a droit \u00e0 ce que sa cause soit entendue ...dans un d\u00e9lai raisonnable\u201d\u2019\u2019.<\/p>\n<p>En outre, il y a \u201cl'article 9 paragraphe 3 du Pacte international relatif aux droits civils et politiques qui dispose que : \u201ctout individu arr\u00eat\u00e9 ou d\u00e9tenu du chef d'une infraction p\u00e9nale sera traduit dans le plus court d\u00e9lai devant le juge ou une autorit\u00e9 habilit\u00e9e par la loi \u00e0 exercer des fonctions judiciaires et devra \u00eatre jug\u00e9 dans un d\u00e9lai raisonnable ou lib\u00e9r\u00e9\u201d\u2019\u2019. Figure \u00e9galement dans le lot \u201cl\u2019article 7 de la Charte africaine des droits l\u2019Homme et des peuples qui dispose que : \u00abToute personne a droit \u00e0 ce que sa cause soit entendue. Ce droit comprend :...le droit d'\u00eatre jug\u00e9 dans un d\u00e9lai raisonnable par une juridiction impartiale.\u201d<\/p>\n<p>\u2019\u2019 Eu \u00e9gard \u00e0 tout cela, \u201cle Forum du Justiciable invite les autorit\u00e9s judiciaires \u00e0 plus de diligence dans le traitement des dossiers judiciaires. L\u2019int\u00e9r\u00eat de tout justiciable n\u2019est pas seulement d\u2019obtenir une d\u00e9cision d\u00e9finitive de justice, mais surtout de l\u2019obtenir dans un d\u00e9lai raisonnable pouvant lui permettre de jouir pleinement des droits que celle-ci consacre\u2019\u2019, conclut le Forum du justiciable.<\/p>\n<div class='share-to-whatsapp-wrapper'><div class='share-on-whsp'>PARTAGER SUR : <\/div><a data-text='\u00c9VASION BOY DJINN\u00c9 - Le Forum du Justiciable d\u00e9nonce les longues d\u00e9tentions' data-link='https:\/\/www.nettali.com\/2021\/06\/04\/evasion-boy-djinne-le-forum-du-justiciable-denonce-les-longues-detentions\/' class='whatsapp-button whatsapp-share'>WhatsApp<\/a><div class='clear '><\/div><\/div>","protected":false},"excerpt":{"rendered":"<p>NETTALI.COM \u2013 La nouvelle \u00e9vasion de Boy Djinn\u00e9, qui a \u00e9t\u00e9 finalement arr\u00eat\u00e9 hier, sert de pr\u00e9texte au Forum du Justiciable pour d\u00e9noncer les longues d\u00e9tentions. Boy Djinn\u00e9 a \u00e9t\u00e9 arr\u00eat\u00e9 hier, dans la r\u00e9gion de Tambacounda, mais son \u00e9vasion spectaculaire est per\u00e7ue autrement par \u00a0le Forum du justiciable qui pointe les longues d\u00e9tentions. \u201cAu-del\u00e0 [&hellip;]<\/p>\n","protected":false},"author":11,"featured_media":59084,"comment_status":"open","ping_status":"open","sticky":false,"template":"","format":"standard","meta":{"_et_pb_use_builder":"","_et_pb_old_content":""},"categories":[3],"tags":[],"yoast_head":"<!-- This site is optimized with the Yoast SEO Premium plugin v17.8 (Yoast SEO v17.8) - https:\/\/yoast.com\/wordpress\/plugins\/seo\/ -->\n<title>\u00c9VASION BOY DJINN\u00c9 - Le Forum du Justiciable d\u00e9nonce les longues d\u00e9tentions | Nettali.com<\/title>\n<meta name=\"robots\" content=\"index, follow, max-snippet:-1, max-image-preview:large, max-video-preview:-1\" \/>\n<link rel=\"canonical\" href=\"https:\/\/www.nettali.com\/2021\/06\/04\/evasion-boy-djinne-le-forum-du-justiciable-denonce-les-longues-detentions\/\" \/>\n<meta property=\"og:locale\" content=\"fr_FR\" \/>\n<meta property=\"og:type\" content=\"article\" \/>\n<meta property=\"og:title\" content=\"\u00c9VASION BOY DJINN\u00c9 - Le Forum du Justiciable d\u00e9nonce les longues d\u00e9tentions\" \/>\n<meta property=\"og:description\" content=\"NETTALI.COM \u2013 La nouvelle \u00e9vasion de Boy Djinn\u00e9, qui a \u00e9t\u00e9 finalement arr\u00eat\u00e9 hier, sert de pr\u00e9texte au Forum du Justiciable pour d\u00e9noncer les longues d\u00e9tentions. Boy Djinn\u00e9 a \u00e9t\u00e9 arr\u00eat\u00e9 hier, dans la r\u00e9gion de Tambacounda, mais son \u00e9vasion spectaculaire est per\u00e7ue autrement par \u00a0le Forum du justiciable qui pointe les longues d\u00e9tentions. \u201cAu-del\u00e0 [&hellip;]\" \/>\n<meta property=\"og:url\" content=\"https:\/\/www.nettali.com\/2021\/06\/04\/evasion-boy-djinne-le-forum-du-justiciable-denonce-les-longues-detentions\/\" \/>\n<meta property=\"og:site_name\" content=\"Nettali.com\" \/>\n<meta property=\"article:publisher\" content=\"https:\/\/www.facebook.com\/nettalicom\" \/>\n<meta property=\"article:published_time\" content=\"2021-06-04T10:27:15+00:00\" \/>\n<meta property=\"og:image\" content=\"https:\/\/www.nettali.com\/wp-content\/uploads\/2021\/03\/prison.jpg\" \/>\n\t<meta property=\"og:image:width\" content=\"620\" \/>\n\t<meta property=\"og:image:height\" content=\"330\" \/>\n<meta name=\"twitter:card\" content=\"summary_large_image\" \/>\n<meta name=\"twitter:label1\" content=\"\u00c9crit par\" \/>\n\t<meta name=\"twitter:data1\" content=\"Thierno Diop\" \/>\n\t<meta name=\"twitter:label2\" content=\"Dur\u00e9e de lecture estim\u00e9e\" \/>\n\t<meta name=\"twitter:data2\" content=\"2 minutes\" \/>\n<script type=\"application\/ld+json\" class=\"yoast-schema-graph\">{\"@context\":\"https:\/\/schema.org\",\"@graph\":[{\"@type\":\"WebSite\",\"@id\":\"https:\/\/www.nettali.com\/#website\",\"url\":\"https:\/\/www.nettali.com\/\",\"name\":\"Nettali.com\",\"description\":\"Le rendez-vous critique du Net\",\"potentialAction\":[{\"@type\":\"SearchAction\",\"target\":{\"@type\":\"EntryPoint\",\"urlTemplate\":\"https:\/\/www.nettali.com\/?s={search_term_string}\"},\"query-input\":\"required name=search_term_string\"}],\"inLanguage\":\"fr-FR\"},{\"@type\":\"ImageObject\",\"@id\":\"https:\/\/www.nettali.com\/2021\/06\/04\/evasion-boy-djinne-le-forum-du-justiciable-denonce-les-longues-detentions\/#primaryimage\",\"inLanguage\":\"fr-FR\",\"url\":\"https:\/\/www.nettali.com\/wp-content\/uploads\/2021\/03\/prison.jpg\",\"contentUrl\":\"https:\/\/www.nettali.com\/wp-content\/uploads\/2021\/03\/prison.jpg\",\"width\":620,\"height\":330},{\"@type\":\"WebPage\",\"@id\":\"https:\/\/www.nettali.com\/2021\/06\/04\/evasion-boy-djinne-le-forum-du-justiciable-denonce-les-longues-detentions\/#webpage\",\"url\":\"https:\/\/www.nettali.com\/2021\/06\/04\/evasion-boy-djinne-le-forum-du-justiciable-denonce-les-longues-detentions\/\",\"name\":\"\\u00c9VASION BOY DJINN\\u00c9 - Le Forum du Justiciable d\\u00e9nonce les longues d\\u00e9tentions | Nettali.com\",\"isPartOf\":{\"@id\":\"https:\/\/www.nettali.com\/#website\"},\"primaryImageOfPage\":{\"@id\":\"https:\/\/www.nettali.com\/2021\/06\/04\/evasion-boy-djinne-le-forum-du-justiciable-denonce-les-longues-detentions\/#primaryimage\"},\"datePublished\":\"2021-06-04T10:27:15+00:00\",\"dateModified\":\"2021-06-04T10:27:15+00:00\",\"author\":{\"@id\":\"https:\/\/www.nettali.com\/#\/schema\/person\/8a06c6bd7b19304cf4bf985862900b5b\"},\"breadcrumb\":{\"@id\":\"https:\/\/www.nettali.com\/2021\/06\/04\/evasion-boy-djinne-le-forum-du-justiciable-denonce-les-longues-detentions\/#breadcrumb\"},\"inLanguage\":\"fr-FR\",\"potentialAction\":[{\"@type\":\"ReadAction\",\"target\":[\"https:\/\/www.nettali.com\/2021\/06\/04\/evasion-boy-djinne-le-forum-du-justiciable-denonce-les-longues-detentions\/\"]}]},{\"@type\":\"BreadcrumbList\",\"@id\":\"https:\/\/www.nettali.com\/2021\/06\/04\/evasion-boy-djinne-le-forum-du-justiciable-denonce-les-longues-detentions\/#breadcrumb\",\"itemListElement\":[{\"@type\":\"ListItem\",\"position\":1,\"name\":\"Accueil\",\"item\":\"https:\/\/www.nettali.com\/\"},{\"@type\":\"ListItem\",\"position\":2,\"name\":\"\\u00c9VASION BOY DJINN\\u00c9 &#8211; Le Forum du Justiciable d\\u00e9nonce les longues d\\u00e9tentions\"}]},{\"@type\":\"Person\",\"@id\":\"https:\/\/www.nettali.com\/#\/schema\/person\/8a06c6bd7b19304cf4bf985862900b5b\",\"name\":\"Thierno Diop\",\"image\":{\"@type\":\"ImageObject\",\"@id\":\"https:\/\/www.nettali.com\/#personlogo\",\"inLanguage\":\"fr-FR\",\"url\":\"https:\/\/secure.gravatar.com\/avatar\/c8ca58550c94fd2ac856d27391a6c866?s=96&d=mm&r=g\",\"contentUrl\":\"https:\/\/secure.gravatar.com\/avatar\/c8ca58550c94fd2ac856d27391a6c866?s=96&d=mm&r=g\",\"caption\":\"Thierno Diop\"},\"sameAs\":[\"https:\/\/nettali.com\"]}]}<\/script>\n<!-- \/ Yoast SEO Premium plugin. -->","yoast_head_json":{"title":"\u00c9VASION BOY DJINN\u00c9 - Le Forum du Justiciable d\u00e9nonce les longues d\u00e9tentions | Nettali.com","robots":{"index":"index","follow":"follow","max-snippet":"max-snippet:-1","max-image-preview":"max-image-preview:large","max-video-preview":"max-video-preview:-1"},"canonical":"https:\/\/www.nettali.com\/2021\/06\/04\/evasion-boy-djinne-le-forum-du-justiciable-denonce-les-longues-detentions\/","og_locale":"fr_FR","og_type":"article","og_title":"\u00c9VASION BOY DJINN\u00c9 - Le Forum du Justiciable d\u00e9nonce les longues d\u00e9tentions","og_description":"NETTALI.COM \u2013 La nouvelle \u00e9vasion de Boy Djinn\u00e9, qui a \u00e9t\u00e9 finalement arr\u00eat\u00e9 hier, sert de pr\u00e9texte au Forum du Justiciable pour d\u00e9noncer les longues d\u00e9tentions. Boy Djinn\u00e9 a \u00e9t\u00e9 arr\u00eat\u00e9 hier, dans la r\u00e9gion de Tambacounda, mais son \u00e9vasion spectaculaire est per\u00e7ue autrement par \u00a0le Forum du justiciable qui pointe les longues d\u00e9tentions. \u201cAu-del\u00e0 [&hellip;]","og_url":"https:\/\/www.nettali.com\/2021\/06\/04\/evasion-boy-djinne-le-forum-du-justiciable-denonce-les-longues-detentions\/","og_site_name":"Nettali.com","article_publisher":"https:\/\/www.facebook.com\/nettalicom","article_published_time":"2021-06-04T10:27:15+00:00","og_image":[{"width":620,"height":330,"url":"https:\/\/www.nettali.com\/wp-content\/uploads\/2021\/03\/prison.jpg","type":"image\/jpeg"}],"twitter_card":"summary_large_image","twitter_misc":{"\u00c9crit par":"Thierno Diop","Dur\u00e9e de lecture estim\u00e9e":"2 minutes"},"schema":{"@context":"https:\/\/schema.org","@graph":[{"@type":"WebSite","@id":"https:\/\/www.nettali.com\/#website","url":"https:\/\/www.nettali.com\/","name":"Nettali.com","description":"Le rendez-vous critique du Net","potentialAction":[{"@type":"SearchAction","target":{"@type":"EntryPoint","urlTemplate":"https:\/\/www.nettali.com\/?s={search_term_string}"},"query-input":"required name=search_term_string"}],"inLanguage":"fr-FR"},{"@type":"ImageObject","@id":"https:\/\/www.nettali.com\/2021\/06\/04\/evasion-boy-djinne-le-forum-du-justiciable-denonce-les-longues-detentions\/#primaryimage","inLanguage":"fr-FR","url":"https:\/\/www.nettali.com\/wp-content\/uploads\/2021\/03\/prison.jpg","contentUrl":"https:\/\/www.nettali.com\/wp-content\/uploads\/2021\/03\/prison.jpg","width":620,"height":330},{"@type":"WebPage","@id":"https:\/\/www.nettali.com\/2021\/06\/04\/evasion-boy-djinne-le-forum-du-justiciable-denonce-les-longues-detentions\/#webpage","url":"https:\/\/www.nettali.com\/2021\/06\/04\/evasion-boy-djinne-le-forum-du-justiciable-denonce-les-longues-detentions\/","name":"\u00c9VASION BOY DJINN\u00c9 - Le Forum du Justiciable d\u00e9nonce les longues d\u00e9tentions | Nettali.com","isPartOf":{"@id":"https:\/\/www.nettali.com\/#website"},"primaryImageOfPage":{"@id":"https:\/\/www.nettali.com\/2021\/06\/04\/evasion-boy-djinne-le-forum-du-justiciable-denonce-les-longues-detentions\/#primaryimage"},"datePublished":"2021-06-04T10:27:15+00:00","dateModified":"2021-06-04T10:27:15+00:00","author":{"@id":"https:\/\/www.nettali.com\/#\/schema\/person\/8a06c6bd7b19304cf4bf985862900b5b"},"breadcrumb":{"@id":"https:\/\/www.nettali.com\/2021\/06\/04\/evasion-boy-djinne-le-forum-du-justiciable-denonce-les-longues-detentions\/#breadcrumb"},"inLanguage":"fr-FR","potentialAction":[{"@type":"ReadAction","target":["https:\/\/www.nettali.com\/2021\/06\/04\/evasion-boy-djinne-le-forum-du-justiciable-denonce-les-longues-detentions\/"]}]},{"@type":"BreadcrumbList","@id":"https:\/\/www.nettali.com\/2021\/06\/04\/evasion-boy-djinne-le-forum-du-justiciable-denonce-les-longues-detentions\/#breadcrumb","itemListElement":[{"@type":"ListItem","position":1,"name":"Accueil","item":"https:\/\/www.nettali.com\/"},{"@type":"ListItem","position":2,"name":"\u00c9VASION BOY DJINN\u00c9 &#8211; Le Forum du Justiciable d\u00e9nonce les longues d\u00e9tentions"}]},{"@type":"Person","@id":"https:\/\/www.nettali.com\/#\/schema\/person\/8a06c6bd7b19304cf4bf985862900b5b","name":"Thierno Diop","image":{"@type":"ImageObject","@id":"https:\/\/www.nettali.com\/#personlogo","inLanguage":"fr-FR","url":"https:\/\/secure.gravatar.com\/avatar\/c8ca58550c94fd2ac856d27391a6c866?s=96&d=mm&r=g","contentUrl":"https:\/\/secure.gravatar.com\/avatar\/c8ca58550c94fd2ac856d27391a6c866?s=96&d=mm&r=g","caption":"Thierno Diop"},"sameAs":["https:\/\/nettali.com"]}]}},"_links":{"self":[{"href":"https:\/\/www.nettali.com\/rest\/wp\/v2\/posts\/65308"}],"collection":[{"href":"https:\/\/www.nettali.com\/rest\/wp\/v2\/posts"}],"about":[{"href":"https:\/\/www.nettali.com\/rest\/wp\/v2\/types\/post"}],"author":[{"embeddable":true,"href":"https:\/\/www.nettali.com\/rest\/wp\/v2\/users\/11"}],"replies":[{"embeddable":true,"href":"https:\/\/www.nettali.com\/rest\/wp\/v2\/comments?post=65308"}],"version-history":[{"count":1,"href":"https:\/\/www.nettali.com\/rest\/wp\/v2\/posts\/65308\/revisions"}],"predecessor-version":[{"id":65309,"href":"https:\/\/www.nettali.com\/rest\/wp\/v2\/posts\/65308\/revisions\/65309"}],"wp:featuredmedia":[{"embeddable":true,"href":"https:\/\/www.nettali.com\/rest\/wp\/v2\/media\/59084"}],"wp:attachment":[{"href":"https:\/\/www.nettali.com\/rest\/wp\/v2\/media?parent=65308"}],"wp:term":[{"taxonomy":"category","embeddable":true,"href":"https:\/\/www.nettali.com\/rest\/wp\/v2\/categories?post=65308"},{"taxonomy":"post_tag","embeddable":true,"href":"https:\/\/www.nettali.com\/rest\/wp\/v2\/tags?post=65308"}],"curies":[{"name":"wp","href":"https:\/\/api.w.org\/{rel}","templated":true}]}}