{"id":65305,"date":"2021-06-04T01:14:43","date_gmt":"2021-06-04T01:14:43","guid":{"rendered":"https:\/\/www.nettali.com\/?p=65305"},"modified":"2021-06-04T01:14:43","modified_gmt":"2021-06-04T01:14:43","slug":"mali-la-france-suspend-les-operations-militaires-conjointes","status":"publish","type":"post","link":"https:\/\/www.nettali.com\/2021\/06\/04\/mali-la-france-suspend-les-operations-militaires-conjointes\/","title":{"rendered":"MALI - La France suspend les op\u00e9rations militaires conjointes"},"content":{"rendered":"<p><strong>NETTALI.COM - La France \"a d\u00e9cid\u00e9 de suspendre les op\u00e9rations militaires conjointes avec les forces maliennes\", a annonc\u00e9 jeudi le minist\u00e8re des Arm\u00e9es, apr\u00e8s le r\u00e9cent coup d'\u00c9tat du 24 mai. Et cela \"dans l'attente de garanties\" sur un retour des civils au pouvoir \u00e0 l'issue d'\u00e9lections pr\u00e9vues en f\u00e9vrier.<\/strong><\/p>\n<p>La France a suspendu \u00e0 titre conservatoire \"les op\u00e9rations militaires conjointes avec les forces maliennes\", a annonc\u00e9 jeudi 3 juin le minist\u00e8re fran\u00e7ais des Arm\u00e9es dans un communiqu\u00e9. Une d\u00e9cision li\u00e9e \u00e0 crise politique en cours au Mali\u00a0et qui sera r\u00e9\u00e9valu\u00e9e dans les prochains jours. La force fran\u00e7aise Barkhane, forte de 5 100 militaires au Sahel, continuera d'op\u00e9rer mais pour l'heure en solo, pr\u00e9cise-t-on.<\/p>\n<p>Cette annonce intervient apr\u00e8s que le pr\u00e9sident fran\u00e7ais Emmanuel Macron a d\u00e9clar\u00e9 dans un entretien au Journal du Dimanche que la question d'un retrait de l'arme fran\u00e7aise au Mali se posait apr\u00e8s le nouveau putsch militaire survenu \u00e0 Bamako en mai.<\/p>\n<p>Le chef de l'\u00c9tat a soulign\u00e9 par ailleurs en d\u00e9but de semaine que l'arm\u00e9e fran\u00e7aise ne pouvait combattre \u00e0 elle seule le terrorisme au Sahel et que sa pr\u00e9sence sur le terrain n\u00e9cessitait le renforcement d'institutions stables et l\u00e9gitimes.<\/p>\n<p>&nbsp;<\/p>\n<div class='share-to-whatsapp-wrapper'><div class='share-on-whsp'>PARTAGER SUR : <\/div><a data-text='MALI - La France suspend les op\u00e9rations militaires conjointes' data-link='https:\/\/www.nettali.com\/2021\/06\/04\/mali-la-france-suspend-les-operations-militaires-conjointes\/' class='whatsapp-button whatsapp-share'>WhatsApp<\/a><div class='clear '><\/div><\/div>","protected":false},"excerpt":{"rendered":"<p>NETTALI.COM - La France \"a d\u00e9cid\u00e9 de suspendre les op\u00e9rations militaires conjointes avec les forces maliennes\", a annonc\u00e9 jeudi le minist\u00e8re des Arm\u00e9es, apr\u00e8s le r\u00e9cent coup d'\u00c9tat du 24 mai. Et cela \"dans l'attente de garanties\" sur un retour des civils au pouvoir \u00e0 l'issue d'\u00e9lections pr\u00e9vues en f\u00e9vrier. La France a suspendu \u00e0 [&hellip;]<\/p>\n","protected":false},"author":11,"featured_media":27754,"comment_status":"open","ping_status":"open","sticky":false,"template":"","format":"standard","meta":{"_et_pb_use_builder":"","_et_pb_old_content":""},"categories":[8],"tags":[],"yoast_head":"<!-- This site is optimized with the Yoast SEO Premium plugin v17.8 (Yoast SEO v17.8) - https:\/\/yoast.com\/wordpress\/plugins\/seo\/ -->\n<title>MALI - La France suspend les op\u00e9rations militaires conjointes | Nettali.com<\/title>\n<meta name=\"robots\" content=\"index, follow, max-snippet:-1, max-image-preview:large, max-video-preview:-1\" \/>\n<link rel=\"canonical\" href=\"https:\/\/www.nettali.com\/2021\/06\/04\/mali-la-france-suspend-les-operations-militaires-conjointes\/\" \/>\n<meta property=\"og:locale\" content=\"fr_FR\" \/>\n<meta property=\"og:type\" content=\"article\" \/>\n<meta property=\"og:title\" content=\"MALI - La France suspend les op\u00e9rations militaires conjointes\" \/>\n<meta property=\"og:description\" content=\"NETTALI.COM - La France &quot;a d\u00e9cid\u00e9 de suspendre les op\u00e9rations militaires conjointes avec les forces maliennes&quot;, a annonc\u00e9 jeudi le minist\u00e8re des Arm\u00e9es, apr\u00e8s le r\u00e9cent coup d&#039;\u00c9tat du 24 mai. Et cela &quot;dans l&#039;attente de garanties&quot; sur un retour des civils au pouvoir \u00e0 l&#039;issue d&#039;\u00e9lections pr\u00e9vues en f\u00e9vrier. La France a suspendu \u00e0 [&hellip;]\" \/>\n<meta property=\"og:url\" content=\"https:\/\/www.nettali.com\/2021\/06\/04\/mali-la-france-suspend-les-operations-militaires-conjointes\/\" \/>\n<meta property=\"og:site_name\" content=\"Nettali.com\" \/>\n<meta property=\"article:publisher\" content=\"https:\/\/www.facebook.com\/nettalicom\" \/>\n<meta property=\"article:published_time\" content=\"2021-06-04T01:14:43+00:00\" \/>\n<meta property=\"og:image\" content=\"https:\/\/www.nettali.com\/wp-content\/uploads\/2020\/01\/Mali-trois-soldats-morts-et-sept-bless\u00e9s-dans-une-attaque.jpg\" \/>\n\t<meta property=\"og:image:width\" content=\"800\" \/>\n\t<meta property=\"og:image:height\" content=\"436\" \/>\n<meta name=\"twitter:card\" content=\"summary_large_image\" \/>\n<meta name=\"twitter:label1\" content=\"\u00c9crit par\" \/>\n\t<meta name=\"twitter:data1\" content=\"Thierno Diop\" \/>\n\t<meta name=\"twitter:label2\" content=\"Dur\u00e9e de lecture estim\u00e9e\" \/>\n\t<meta name=\"twitter:data2\" content=\"1 minute\" \/>\n<script type=\"application\/ld+json\" class=\"yoast-schema-graph\">{\"@context\":\"https:\/\/schema.org\",\"@graph\":[{\"@type\":\"WebSite\",\"@id\":\"https:\/\/www.nettali.com\/#website\",\"url\":\"https:\/\/www.nettali.com\/\",\"name\":\"Nettali.com\",\"description\":\"Le rendez-vous critique du Net\",\"potentialAction\":[{\"@type\":\"SearchAction\",\"target\":{\"@type\":\"EntryPoint\",\"urlTemplate\":\"https:\/\/www.nettali.com\/?s={search_term_string}\"},\"query-input\":\"required name=search_term_string\"}],\"inLanguage\":\"fr-FR\"},{\"@type\":\"ImageObject\",\"@id\":\"https:\/\/www.nettali.com\/2021\/06\/04\/mali-la-france-suspend-les-operations-militaires-conjointes\/#primaryimage\",\"inLanguage\":\"fr-FR\",\"url\":\"https:\/\/www.nettali.com\/wp-content\/uploads\/2020\/01\/Mali-trois-soldats-morts-et-sept-bless\\u00e9s-dans-une-attaque.jpg\",\"contentUrl\":\"https:\/\/www.nettali.com\/wp-content\/uploads\/2020\/01\/Mali-trois-soldats-morts-et-sept-bless\\u00e9s-dans-une-attaque.jpg\",\"width\":800,\"height\":436},{\"@type\":\"WebPage\",\"@id\":\"https:\/\/www.nettali.com\/2021\/06\/04\/mali-la-france-suspend-les-operations-militaires-conjointes\/#webpage\",\"url\":\"https:\/\/www.nettali.com\/2021\/06\/04\/mali-la-france-suspend-les-operations-militaires-conjointes\/\",\"name\":\"MALI - La France suspend les op\\u00e9rations militaires conjointes | Nettali.com\",\"isPartOf\":{\"@id\":\"https:\/\/www.nettali.com\/#website\"},\"primaryImageOfPage\":{\"@id\":\"https:\/\/www.nettali.com\/2021\/06\/04\/mali-la-france-suspend-les-operations-militaires-conjointes\/#primaryimage\"},\"datePublished\":\"2021-06-04T01:14:43+00:00\",\"dateModified\":\"2021-06-04T01:14:43+00:00\",\"author\":{\"@id\":\"https:\/\/www.nettali.com\/#\/schema\/person\/8a06c6bd7b19304cf4bf985862900b5b\"},\"breadcrumb\":{\"@id\":\"https:\/\/www.nettali.com\/2021\/06\/04\/mali-la-france-suspend-les-operations-militaires-conjointes\/#breadcrumb\"},\"inLanguage\":\"fr-FR\",\"potentialAction\":[{\"@type\":\"ReadAction\",\"target\":[\"https:\/\/www.nettali.com\/2021\/06\/04\/mali-la-france-suspend-les-operations-militaires-conjointes\/\"]}]},{\"@type\":\"BreadcrumbList\",\"@id\":\"https:\/\/www.nettali.com\/2021\/06\/04\/mali-la-france-suspend-les-operations-militaires-conjointes\/#breadcrumb\",\"itemListElement\":[{\"@type\":\"ListItem\",\"position\":1,\"name\":\"Accueil\",\"item\":\"https:\/\/www.nettali.com\/\"},{\"@type\":\"ListItem\",\"position\":2,\"name\":\"MALI &#8211; La France suspend les op\\u00e9rations militaires conjointes\"}]},{\"@type\":\"Person\",\"@id\":\"https:\/\/www.nettali.com\/#\/schema\/person\/8a06c6bd7b19304cf4bf985862900b5b\",\"name\":\"Thierno Diop\",\"image\":{\"@type\":\"ImageObject\",\"@id\":\"https:\/\/www.nettali.com\/#personlogo\",\"inLanguage\":\"fr-FR\",\"url\":\"https:\/\/secure.gravatar.com\/avatar\/c8ca58550c94fd2ac856d27391a6c866?s=96&d=mm&r=g\",\"contentUrl\":\"https:\/\/secure.gravatar.com\/avatar\/c8ca58550c94fd2ac856d27391a6c866?s=96&d=mm&r=g\",\"caption\":\"Thierno Diop\"},\"sameAs\":[\"https:\/\/nettali.com\"]}]}<\/script>\n<!-- \/ Yoast SEO Premium plugin. -->","yoast_head_json":{"title":"MALI - La France suspend les op\u00e9rations militaires conjointes | Nettali.com","robots":{"index":"index","follow":"follow","max-snippet":"max-snippet:-1","max-image-preview":"max-image-preview:large","max-video-preview":"max-video-preview:-1"},"canonical":"https:\/\/www.nettali.com\/2021\/06\/04\/mali-la-france-suspend-les-operations-militaires-conjointes\/","og_locale":"fr_FR","og_type":"article","og_title":"MALI - La France suspend les op\u00e9rations militaires conjointes","og_description":"NETTALI.COM - La France \"a d\u00e9cid\u00e9 de suspendre les op\u00e9rations militaires conjointes avec les forces maliennes\", a annonc\u00e9 jeudi le minist\u00e8re des Arm\u00e9es, apr\u00e8s le r\u00e9cent coup d'\u00c9tat du 24 mai. Et cela \"dans l'attente de garanties\" sur un retour des civils au pouvoir \u00e0 l'issue d'\u00e9lections pr\u00e9vues en f\u00e9vrier. La France a suspendu \u00e0 [&hellip;]","og_url":"https:\/\/www.nettali.com\/2021\/06\/04\/mali-la-france-suspend-les-operations-militaires-conjointes\/","og_site_name":"Nettali.com","article_publisher":"https:\/\/www.facebook.com\/nettalicom","article_published_time":"2021-06-04T01:14:43+00:00","og_image":[{"width":800,"height":436,"url":"https:\/\/www.nettali.com\/wp-content\/uploads\/2020\/01\/Mali-trois-soldats-morts-et-sept-bless\u00e9s-dans-une-attaque.jpg","type":"image\/jpeg"}],"twitter_card":"summary_large_image","twitter_misc":{"\u00c9crit par":"Thierno Diop","Dur\u00e9e de lecture estim\u00e9e":"1 minute"},"schema":{"@context":"https:\/\/schema.org","@graph":[{"@type":"WebSite","@id":"https:\/\/www.nettali.com\/#website","url":"https:\/\/www.nettali.com\/","name":"Nettali.com","description":"Le rendez-vous critique du Net","potentialAction":[{"@type":"SearchAction","target":{"@type":"EntryPoint","urlTemplate":"https:\/\/www.nettali.com\/?s={search_term_string}"},"query-input":"required name=search_term_string"}],"inLanguage":"fr-FR"},{"@type":"ImageObject","@id":"https:\/\/www.nettali.com\/2021\/06\/04\/mali-la-france-suspend-les-operations-militaires-conjointes\/#primaryimage","inLanguage":"fr-FR","url":"https:\/\/www.nettali.com\/wp-content\/uploads\/2020\/01\/Mali-trois-soldats-morts-et-sept-bless\u00e9s-dans-une-attaque.jpg","contentUrl":"https:\/\/www.nettali.com\/wp-content\/uploads\/2020\/01\/Mali-trois-soldats-morts-et-sept-bless\u00e9s-dans-une-attaque.jpg","width":800,"height":436},{"@type":"WebPage","@id":"https:\/\/www.nettali.com\/2021\/06\/04\/mali-la-france-suspend-les-operations-militaires-conjointes\/#webpage","url":"https:\/\/www.nettali.com\/2021\/06\/04\/mali-la-france-suspend-les-operations-militaires-conjointes\/","name":"MALI - La France suspend les op\u00e9rations militaires conjointes | Nettali.com","isPartOf":{"@id":"https:\/\/www.nettali.com\/#website"},"primaryImageOfPage":{"@id":"https:\/\/www.nettali.com\/2021\/06\/04\/mali-la-france-suspend-les-operations-militaires-conjointes\/#primaryimage"},"datePublished":"2021-06-04T01:14:43+00:00","dateModified":"2021-06-04T01:14:43+00:00","author":{"@id":"https:\/\/www.nettali.com\/#\/schema\/person\/8a06c6bd7b19304cf4bf985862900b5b"},"breadcrumb":{"@id":"https:\/\/www.nettali.com\/2021\/06\/04\/mali-la-france-suspend-les-operations-militaires-conjointes\/#breadcrumb"},"inLanguage":"fr-FR","potentialAction":[{"@type":"ReadAction","target":["https:\/\/www.nettali.com\/2021\/06\/04\/mali-la-france-suspend-les-operations-militaires-conjointes\/"]}]},{"@type":"BreadcrumbList","@id":"https:\/\/www.nettali.com\/2021\/06\/04\/mali-la-france-suspend-les-operations-militaires-conjointes\/#breadcrumb","itemListElement":[{"@type":"ListItem","position":1,"name":"Accueil","item":"https:\/\/www.nettali.com\/"},{"@type":"ListItem","position":2,"name":"MALI &#8211; La France suspend les op\u00e9rations militaires conjointes"}]},{"@type":"Person","@id":"https:\/\/www.nettali.com\/#\/schema\/person\/8a06c6bd7b19304cf4bf985862900b5b","name":"Thierno Diop","image":{"@type":"ImageObject","@id":"https:\/\/www.nettali.com\/#personlogo","inLanguage":"fr-FR","url":"https:\/\/secure.gravatar.com\/avatar\/c8ca58550c94fd2ac856d27391a6c866?s=96&d=mm&r=g","contentUrl":"https:\/\/secure.gravatar.com\/avatar\/c8ca58550c94fd2ac856d27391a6c866?s=96&d=mm&r=g","caption":"Thierno Diop"},"sameAs":["https:\/\/nettali.com"]}]}},"_links":{"self":[{"href":"https:\/\/www.nettali.com\/rest\/wp\/v2\/posts\/65305"}],"collection":[{"href":"https:\/\/www.nettali.com\/rest\/wp\/v2\/posts"}],"about":[{"href":"https:\/\/www.nettali.com\/rest\/wp\/v2\/types\/post"}],"author":[{"embeddable":true,"href":"https:\/\/www.nettali.com\/rest\/wp\/v2\/users\/11"}],"replies":[{"embeddable":true,"href":"https:\/\/www.nettali.com\/rest\/wp\/v2\/comments?post=65305"}],"version-history":[{"count":1,"href":"https:\/\/www.nettali.com\/rest\/wp\/v2\/posts\/65305\/revisions"}],"predecessor-version":[{"id":65306,"href":"https:\/\/www.nettali.com\/rest\/wp\/v2\/posts\/65305\/revisions\/65306"}],"wp:featuredmedia":[{"embeddable":true,"href":"https:\/\/www.nettali.com\/rest\/wp\/v2\/media\/27754"}],"wp:attachment":[{"href":"https:\/\/www.nettali.com\/rest\/wp\/v2\/media?parent=65305"}],"wp:term":[{"taxonomy":"category","embeddable":true,"href":"https:\/\/www.nettali.com\/rest\/wp\/v2\/categories?post=65305"},{"taxonomy":"post_tag","embeddable":true,"href":"https:\/\/www.nettali.com\/rest\/wp\/v2\/tags?post=65305"}],"curies":[{"name":"wp","href":"https:\/\/api.w.org\/{rel}","templated":true}]}}