{"id":65289,"date":"2021-06-03T20:00:31","date_gmt":"2021-06-03T20:00:31","guid":{"rendered":"https:\/\/www.nettali.com\/?p=65289"},"modified":"2021-06-04T12:08:24","modified_gmt":"2021-06-04T12:08:24","slug":"diffamation-500-millions-fcfa-reclames-a-madiambal-fortement-critique-par-les-avocats-de-teliko","status":"publish","type":"post","link":"https:\/\/www.nettali.com\/2021\/06\/03\/diffamation-500-millions-fcfa-reclames-a-madiambal-fortement-critique-par-les-avocats-de-teliko\/","title":{"rendered":"DIFFAMATION- 500 millions FCfa r\u00e9clam\u00e9s \u00e0 Madiambal, fortement critiqu\u00e9 par les avocats de T\u00e9liko"},"content":{"rendered":"<p><strong>NETTALI.COM- 500 millions de francs Cfa. C\u2019est le montant des dommages et int\u00e9r\u00eats que r\u00e9clame Souleymane T\u00e9liko \u00e0 Madiambal Diagne. Les avocats du pr\u00e9sident de l\u2019Union des magistrats s\u00e9n\u00e9galais (UMS), qui ont plaid\u00e9 la condamnation du journaliste, demandent que la d\u00e9cision \u00e0 intervenir soit publi\u00e9e dans diff\u00e9rents journaux avec le paiement d\u2019une astreinte de 20 millions de FCFA par jour de retard. Avant de formuler ces demandes, la quinzaine de conseils constitu\u00e9e par Souleymane T\u00e9liko qui se sent diffam\u00e9 par le patron du Groupe Avenir Communication ont lanc\u00e9 des vertes et des pas m\u00fbres \u00e0 ce dernier, tax\u00e9 de tous les noms d\u2019oiseaux. <\/strong><\/p>\n<p><strong>Me Abou Abdoul Daff<\/strong><\/p>\n<p><strong>\u00ab\u00a0Madiambal Diagne persiste dans la d\u00e9linquance de diffamer\u00a0\u00bb<\/strong><\/p>\n<p>\u00ab On lui a donn\u00e9 trop d'importance. Il a b\u00e9n\u00e9fici\u00e9 d'une tribune. Il persiste dans la d\u00e9linquance de diffamer notre client. Il discr\u00e9dite l'institution judiciaire. Ce n'est pas seulement des magistrats qui \u00e9taient dans la d\u00e9l\u00e9gation. Il a l'intention de nuire \u00e0 l'honorabilit\u00e9 de Souleymane T\u00e9liko. Quelqu'un qui est \u00e9pingl\u00e9, est passible de poursuites judiciaires, c'est prendre quelqu'un la main dans le sac. Il ne ma\u00eetrise m\u00eame pas ce qu'il dit. Il glisse vers l'Union africaine, en cherchant une parade. Dans le rapport, on a mis bureau de l'administrateur des Chambres africaines extraordinaires (CAE). Nulle part dans le rapport, on ne verra Souleymane Souleymane T\u00e9liko \u00e9pingl\u00e9. Comment il a fait pour disposer de ce document. C'est \u00e0 lui de r\u00e9pondre \u00e0 cette question. Il s'est tromp\u00e9 de tr\u00e8s mauvaise foi. Il l'a accus\u00e9 de voleur en soutenant que Souleymane T\u00e9liko a \u00e9t\u00e9 \u00e9pingl\u00e9 par l'UE ou par l'UA, il l'a diffam\u00e9. C'est une audience p\u00e9dagogique \u00bb.<\/p>\n<p><strong>Me Ndoumb\u00e9 Wane <\/strong><\/p>\n<p><strong>\u00ab\u00a0Il y a la volont\u00e9 de porter atteinte et de nuire l'image d'un individu\u00a0\u00bb <\/strong><\/p>\n<p>\u00ab Apr\u00e8s la r\u00e9ception de la citation, il a tent\u00e9 d'apporter des preuves. La premi\u00e8re r\u00e9ponse qu'il a servie est : \u00ab je l'ai dit et je l'assume. Il dit qu'il consid\u00e8re que l'UA est le prolongement de l'UE. A la fin, il dit que c'est un lapsus. O\u00f9 est la lettre de protestation de l'UE ? Il est incapable de la montrer. Il n'y aucune lettre de protestation. On s'est comment se passe dans la s\u00e9lection des juges au niveau des juridictions. Il y a un seul courrier envoy\u00e9 au minist\u00e8re de la Justice, c'est celui de Aly Cir\u00e9 B\u00e2, actuel pr\u00e9sident de la Cour d'appel de Dakar. Il y a la volont\u00e9 de porter atteinte, une volont\u00e9 de nuire l'image d'un individu.<\/p>\n<p><strong>Me Abdoulaye Tall<\/strong><\/p>\n<p><strong>\u00ab\u00a0Il y a tout un syst\u00e8me, tout un appareil pour an\u00e9antir Souleymane T\u00e9liko\u00a0\u00bb<\/strong><\/p>\n<p>\u00abUn pr\u00e9venu qui ne s'est pas pr\u00e9sent\u00e9 pour la premi\u00e8re fois devant la barre. Ce n'est pas avec de petits mensonges qu'on l'\u00e9cornera. Il suffit d'attaquer les int\u00e9r\u00eats du prince, des mercenaires vous attaquent. Derri\u00e8re cette personne, il y a tout un syst\u00e8me, tout un appareil pour an\u00e9antir Souleymane T\u00e9liko. Ce n'est pas du tout normal. Un journal d'investigations doit informer juste. Un bon journaliste ne doit pas \u00e9crire des mensonges. Nous sommes pr\u00eats pour le combat. C'est un diffamateur professionnel. Il n'y a pas de rapport de l'UE ou de l'UA. Il n'y a aucune correspondance. Je ne sais pas qui vous a donn\u00e9 cette garantie, mais vous allez la payer\u00a0\u00bb.<\/p>\n<p><strong>Me Ousseynou Gaye <\/strong><\/p>\n<p><strong>\u00ab\u00a0Madiambal doit \u00eatre retenu dans les liens de la d\u00e9tention\u00a0\u00bb<\/strong><\/p>\n<p>\u00ab\u00a0Je vous propose d\u2019\u00e9crire deux chroniques. L\u2019une appel\u00e9e le \u00ab\u00a0Lapsus de Mbabal\u00a0\u00bb et la seconde \u00ab\u00a0Les d\u00e9rives\u00a0\u00bb. Il a justifi\u00e9 faussement des faits qui sont faux. Il fait des extrapolations. C'est un rapport des chambres. L'UE et l'UA n'ont rien \u00e0 voir dans cette affaire. Il le fait expr\u00e8s. Il a dit clairement: Je me suis tromp\u00e9. La preuve qu'il a fournie, ne convient pas. Elle est mensong\u00e8re. Il doit \u00eatre retenu dans les liens de la d\u00e9tention\u00a0\u00bb.<\/p>\n<p><strong>Me Bamba Ciss\u00e9 <\/strong><\/p>\n<p><strong>\u00ab\u00a0Vous \u00eates un mercenaire du pouvoir\u00a0\u00bb<\/strong><\/p>\n<p>\u00ab J'ai eu tr\u00e8s mal. Nous sommes devant la barre, mais pas dans les lundis de Madiambal. L'expression \u00e9pingler est trop charg\u00e9e. Au lieu de s'excuser, il dit que c'est un lapsus. Les magistrats du parquet n'ont pas encore rembours\u00e9. Un journaliste doit recouper. Ce n'est pas une insulte d'\u00eatre Guin\u00e9en. Nous sommes dans l'espace l'Uemoa. L'acte mat\u00e9riel de diffamation est \u00e9tabli. Il est tr\u00e8s violent. Vous \u00eates quelqu'un que j'affectionne beaucoup, mais vous \u00eates un mercenaire du pouvoir. Je suis d\u00e9sol\u00e9 de le dire. Ce sont des comportements \u00e0 sanctionner jusqu'\u00e0 la derni\u00e8re \u00e9nergie. Je demande de le d\u00e9clarer coupable \u00bb<\/p>\n<p><strong>Me Etienne Ndione<\/strong><\/p>\n<p><strong>\u00ab\u00a0Madiambal n'est pas le parangon de la vertu, de la justice qu'il pr\u00e9tend \u00eatre\u00a0\u00bb<\/strong><\/p>\n<p>\u00ab Son honneur a \u00e9t\u00e9 bafou\u00e9. Madiambal n'est pas le parangon de la vertu, de la justice qu'il pr\u00e9tend \u00eatre. Si on avait cit\u00e9 le journaliste et l'organe de la presse, l'opinion tenterait de dire qu'on fait le proc\u00e8s de la presse. Il est contraint \u00e0 se d\u00e9fendre. Notre client a tellement subi d'attaques. Il fallait r\u00e9pliquer. C'est ce qui a \u00e9t\u00e9 fait. La diffamation est \u00e9tablie. Il est d'une malhonn\u00eatet\u00e9 jamais vue. Son comportement devant la barre, c'est du jamais vu. Il a d\u00e9natur\u00e9 les faits. Il avait l'intention de faire. Il n'a pas trouv\u00e9 ce qu'il avance. Ce n'est pas un rapport d'audit. Nulle part, il n'a jamais \u00e9t\u00e9 fait de malversations. Il a fait croire \u00e0 l'opinion que Souleymane est un voleur. Il a une tr\u00e8s belle plume, mais il \u00e9crit des insultes, des inepties,.... Il est m\u00e9chant. La m\u00e9chancet\u00e9, c'est comme du charbon, m\u00eame si elle ne te br\u00fble pas, elle te noircit. Souleymane T\u00e9liko est ind\u00e9pendant. Son ind\u00e9pendance d\u00e9range. La d\u00e9cision du Conseil sup\u00e9rieur de la magistrature ne dit pas que Souleymane T\u00e9liko est corrompu, mais n'a pas respect\u00e9 l'obligation de r\u00e9serve. On lui avait fait des propositions, il a refus\u00e9. C'\u00e9tait le jour de l'audience. Il roule pour le r\u00e9gime, \u00e0 travers ses Lundis. C'est un \u00a0sniper de la presse. C'est quelqu'un qui \u00e9tait dans l'anonymat. Il est victime de sa popularit\u00e9. C'est un homme qui fait preuve de l\u00e2chet\u00e9. Il a \u00e9t\u00e9 \u00e9pingl\u00e9 pour son gros mensonge. Il a voulu se d\u00e9biner. Les faits sont t\u00eatus. Il va br\u00fbler le S\u00e9n\u00e9gal, mettre sens dessus dessous les confr\u00e9ries. Il faut sauver le S\u00e9n\u00e9gal. Il ne faut pas laisser Madiambal dans ses d\u00e9rives. Il a \u00e9t\u00e9 \u00e9pingl\u00e9 par le Cored. C'est dans le lapsus que se trouve la v\u00e9rit\u00e9 selon les Latins.<\/p>\n<p>Nous demandons que la d\u00e9cision soit ins\u00e9r\u00e9e, publi\u00e9e dans son propre journal et dans tous les quotidiens \u00e0 grands tirages et 20 millions \u00e0 verser quotidiennement \u00e0 compter du jour de la notification de la d\u00e9cision.<\/p>\n<p><strong>Me Mbaye S\u00e8ne<\/strong><\/p>\n<p><strong>\u00ab\u00a080 avocats constitu\u00e9s d'office pour le d\u00e9fendre\u00a0\u00bb <\/strong><\/p>\n<p>Ils \u00e9taient 80 avocats constitu\u00e9s d'office pour le d\u00e9fendre. Finalement, compte tenu des contraintes, 11 ont pu plaider devant le Conseil sup\u00e9rieur de la magistrature \u00bb<\/p>\n<p><strong>Me Aliou Ciss\u00e9 <\/strong><\/p>\n<p><strong>\u00ab\u00a0Un lapsus, on le corrige spontan\u00e9ment et non \u00e0 la barre\u00a0\u00bb<\/strong><\/p>\n<p>\u00ab Un lapsus, on le corrige spontan\u00e9ment. On n'a pas besoin de venir devant la barre pour le reconna\u00eetre. Il reconnait les faits. Qui ne se souvient pas de son proc\u00e8s en 2004 pour ses publications qui ont failli mettre le pays \u00e0 feu ? Il est jug\u00e9 pour la troisi\u00e8me fois pour diffamation. Je ne sais pourquoi, avec tout ce que vous avez r\u00e9ussi, vouloir le g\u00e2cher avec des insultes \u00bb.<\/p>\n<p><strong>Me Cir\u00e9 Cl\u00e9dor Ly<\/strong><\/p>\n<p><strong>\u00ab\u00a0Qu'il pr\u00e9serve les gens de ses \u00e9crits\u00a0\u00bb<\/strong><\/p>\n<p><strong>\u00ab<\/strong>L'Afrique et le monde entier discutent de cet homme. Malheureusement, on n'est pas proph\u00e8te chez-soi. C'est un magistrat int\u00e9gr\u00e9. Souleymane T\u00e9liko n'est pas politicien. Il n'est pas syndicaliste. C'est un magistrat. Les propos sont d\u00e9lictuels. Il n'a jamais \u00e9t\u00e9 question de rapport de l'UE, encore moins de celui de l'UA. Il peine \u00e0 rapporter les preuves. C'\u00e9tait 23 personnes. S'il extirpe T\u00e9liko de ces 23 personnes, il y a la volont\u00e9 de nuire. Il est le Zorro de la R\u00e9publique. Il donne des opinions. Tous les propos sont mensongers. Il ne s'est pas, ne serait-ce que par l'honn\u00eatet\u00e9, rapproch\u00e9 de T\u00e9liko. Ce sont des propos qui portent atteinte \u00e0 l'honneur et \u00e0 la r\u00e9putation de T\u00e9liko. Il a plus de proc\u00e8s en diffamation. C'est un multir\u00e9cidiviste. Qu'il pr\u00e9serve les gens de ses \u00e9crits \u00bb.<\/p>\n<p><strong>Me Nd\u00e8ye Fatou Tour\u00e9 <\/strong><\/p>\n<p><strong>\u00ab\u00a0Si vous \u00eates d\u00e9fenseur de la justice, \u00e9crivez que les salles ne sont pas ventil\u00e9es, climatis\u00e9es\u00a0\u00bb<\/strong><\/p>\n<p>\u00ab\u00a0Quand ce qu'on a dit, n'a rien \u00e0 voir avec la r\u00e9alit\u00e9, on doit s'excuser. On ne doit pas persister dans des d\u00e9n\u00e9gations. T\u00e9liko est le responsable moral des magistrats. L'UE a continu\u00e9 \u00e0 faire confiance en Souleymane T\u00e9liko. Quand on suit une personne, il faut avoir l'honn\u00eatet\u00e9. Je ne suis pas lecteuse des \u00ab\u00a0Lundis de Madiambal Diagne\u00a0\u00bb. Si vous \u00eates d\u00e9fenseur de la justice, \u00e9crivez que les salles ne sont pas ventil\u00e9es, climatis\u00e9es. Je veux que le Quotidien se penche sur la situation de la justice.<\/p>\n<p>&nbsp;<\/p>\n<div class='share-to-whatsapp-wrapper'><div class='share-on-whsp'>PARTAGER SUR : <\/div><a data-text='DIFFAMATION- 500 millions FCfa r\u00e9clam\u00e9s \u00e0 Madiambal, fortement critiqu\u00e9 par les avocats de T\u00e9liko' data-link='https:\/\/www.nettali.com\/2021\/06\/03\/diffamation-500-millions-fcfa-reclames-a-madiambal-fortement-critique-par-les-avocats-de-teliko\/' class='whatsapp-button whatsapp-share'>WhatsApp<\/a><div class='clear '><\/div><\/div>","protected":false},"excerpt":{"rendered":"<p>NETTALI.COM- 500 millions de francs Cfa. C\u2019est le montant des dommages et int\u00e9r\u00eats que r\u00e9clame Souleymane T\u00e9liko \u00e0 Madiambal Diagne. Les avocats du pr\u00e9sident de l\u2019Union des magistrats s\u00e9n\u00e9galais (UMS), qui ont plaid\u00e9 la condamnation du journaliste, demandent que la d\u00e9cision \u00e0 intervenir soit publi\u00e9e dans diff\u00e9rents journaux avec le paiement d\u2019une astreinte de 20 [&hellip;]<\/p>\n","protected":false},"author":6,"featured_media":61422,"comment_status":"open","ping_status":"open","sticky":false,"template":"","format":"standard","meta":{"_et_pb_use_builder":"","_et_pb_old_content":""},"categories":[3878,3],"tags":[],"yoast_head":"<!-- This site is optimized with the Yoast SEO Premium plugin v17.8 (Yoast SEO v17.8) - https:\/\/yoast.com\/wordpress\/plugins\/seo\/ -->\n<title>DIFFAMATION- 500 millions FCfa r\u00e9clam\u00e9s \u00e0 Madiambal, fortement critiqu\u00e9 par les avocats de T\u00e9liko | Nettali.com<\/title>\n<meta name=\"robots\" content=\"index, follow, max-snippet:-1, max-image-preview:large, max-video-preview:-1\" \/>\n<link rel=\"canonical\" href=\"https:\/\/www.nettali.com\/2021\/06\/03\/diffamation-500-millions-fcfa-reclames-a-madiambal-fortement-critique-par-les-avocats-de-teliko\/\" \/>\n<meta property=\"og:locale\" content=\"fr_FR\" \/>\n<meta property=\"og:type\" content=\"article\" \/>\n<meta property=\"og:title\" content=\"DIFFAMATION- 500 millions FCfa r\u00e9clam\u00e9s \u00e0 Madiambal, fortement critiqu\u00e9 par les avocats de T\u00e9liko\" \/>\n<meta property=\"og:description\" content=\"NETTALI.COM- 500 millions de francs Cfa. C\u2019est le montant des dommages et int\u00e9r\u00eats que r\u00e9clame Souleymane T\u00e9liko \u00e0 Madiambal Diagne. Les avocats du pr\u00e9sident de l\u2019Union des magistrats s\u00e9n\u00e9galais (UMS), qui ont plaid\u00e9 la condamnation du journaliste, demandent que la d\u00e9cision \u00e0 intervenir soit publi\u00e9e dans diff\u00e9rents journaux avec le paiement d\u2019une astreinte de 20 [&hellip;]\" \/>\n<meta property=\"og:url\" content=\"https:\/\/www.nettali.com\/2021\/06\/03\/diffamation-500-millions-fcfa-reclames-a-madiambal-fortement-critique-par-les-avocats-de-teliko\/\" \/>\n<meta property=\"og:site_name\" content=\"Nettali.com\" \/>\n<meta property=\"article:publisher\" content=\"https:\/\/www.facebook.com\/nettalicom\" \/>\n<meta property=\"article:published_time\" content=\"2021-06-03T20:00:31+00:00\" \/>\n<meta property=\"article:modified_time\" content=\"2021-06-04T12:08:24+00:00\" \/>\n<meta property=\"og:image\" content=\"https:\/\/www.nettali.com\/wp-content\/uploads\/2021\/04\/teliko-madiambal.jpg\" \/>\n\t<meta property=\"og:image:width\" content=\"1280\" \/>\n\t<meta property=\"og:image:height\" content=\"600\" \/>\n<meta name=\"twitter:card\" content=\"summary_large_image\" \/>\n<meta name=\"twitter:label1\" content=\"\u00c9crit par\" \/>\n\t<meta name=\"twitter:data1\" content=\"Fatou\" \/>\n\t<meta name=\"twitter:label2\" content=\"Dur\u00e9e de lecture estim\u00e9e\" \/>\n\t<meta name=\"twitter:data2\" content=\"7 minutes\" \/>\n<script type=\"application\/ld+json\" class=\"yoast-schema-graph\">{\"@context\":\"https:\/\/schema.org\",\"@graph\":[{\"@type\":\"WebSite\",\"@id\":\"https:\/\/www.nettali.com\/#website\",\"url\":\"https:\/\/www.nettali.com\/\",\"name\":\"Nettali.com\",\"description\":\"Le rendez-vous critique du Net\",\"potentialAction\":[{\"@type\":\"SearchAction\",\"target\":{\"@type\":\"EntryPoint\",\"urlTemplate\":\"https:\/\/www.nettali.com\/?s={search_term_string}\"},\"query-input\":\"required name=search_term_string\"}],\"inLanguage\":\"fr-FR\"},{\"@type\":\"ImageObject\",\"@id\":\"https:\/\/www.nettali.com\/2021\/06\/03\/diffamation-500-millions-fcfa-reclames-a-madiambal-fortement-critique-par-les-avocats-de-teliko\/#primaryimage\",\"inLanguage\":\"fr-FR\",\"url\":\"https:\/\/www.nettali.com\/wp-content\/uploads\/2021\/04\/teliko-madiambal.jpg\",\"contentUrl\":\"https:\/\/www.nettali.com\/wp-content\/uploads\/2021\/04\/teliko-madiambal.jpg\",\"width\":1280,\"height\":600},{\"@type\":\"WebPage\",\"@id\":\"https:\/\/www.nettali.com\/2021\/06\/03\/diffamation-500-millions-fcfa-reclames-a-madiambal-fortement-critique-par-les-avocats-de-teliko\/#webpage\",\"url\":\"https:\/\/www.nettali.com\/2021\/06\/03\/diffamation-500-millions-fcfa-reclames-a-madiambal-fortement-critique-par-les-avocats-de-teliko\/\",\"name\":\"DIFFAMATION- 500 millions FCfa r\\u00e9clam\\u00e9s \\u00e0 Madiambal, fortement critiqu\\u00e9 par les avocats de T\\u00e9liko | Nettali.com\",\"isPartOf\":{\"@id\":\"https:\/\/www.nettali.com\/#website\"},\"primaryImageOfPage\":{\"@id\":\"https:\/\/www.nettali.com\/2021\/06\/03\/diffamation-500-millions-fcfa-reclames-a-madiambal-fortement-critique-par-les-avocats-de-teliko\/#primaryimage\"},\"datePublished\":\"2021-06-03T20:00:31+00:00\",\"dateModified\":\"2021-06-04T12:08:24+00:00\",\"author\":{\"@id\":\"https:\/\/www.nettali.com\/#\/schema\/person\/418274a86bdf87caff7a3ef476bd0bbf\"},\"breadcrumb\":{\"@id\":\"https:\/\/www.nettali.com\/2021\/06\/03\/diffamation-500-millions-fcfa-reclames-a-madiambal-fortement-critique-par-les-avocats-de-teliko\/#breadcrumb\"},\"inLanguage\":\"fr-FR\",\"potentialAction\":[{\"@type\":\"ReadAction\",\"target\":[\"https:\/\/www.nettali.com\/2021\/06\/03\/diffamation-500-millions-fcfa-reclames-a-madiambal-fortement-critique-par-les-avocats-de-teliko\/\"]}]},{\"@type\":\"BreadcrumbList\",\"@id\":\"https:\/\/www.nettali.com\/2021\/06\/03\/diffamation-500-millions-fcfa-reclames-a-madiambal-fortement-critique-par-les-avocats-de-teliko\/#breadcrumb\",\"itemListElement\":[{\"@type\":\"ListItem\",\"position\":1,\"name\":\"Accueil\",\"item\":\"https:\/\/www.nettali.com\/\"},{\"@type\":\"ListItem\",\"position\":2,\"name\":\"DIFFAMATION- 500 millions FCfa r\\u00e9clam\\u00e9s \\u00e0 Madiambal, fortement critiqu\\u00e9 par les avocats de T\\u00e9liko\"}]},{\"@type\":\"Person\",\"@id\":\"https:\/\/www.nettali.com\/#\/schema\/person\/418274a86bdf87caff7a3ef476bd0bbf\",\"name\":\"Fatou\",\"image\":{\"@type\":\"ImageObject\",\"@id\":\"https:\/\/www.nettali.com\/#personlogo\",\"inLanguage\":\"fr-FR\",\"url\":\"https:\/\/secure.gravatar.com\/avatar\/5a9442a2bee7b4dcf167cab035858e9a?s=96&d=mm&r=g\",\"contentUrl\":\"https:\/\/secure.gravatar.com\/avatar\/5a9442a2bee7b4dcf167cab035858e9a?s=96&d=mm&r=g\",\"caption\":\"Fatou\"},\"sameAs\":[\"https:\/\/www.nettali.com\"]}]}<\/script>\n<!-- \/ Yoast SEO Premium plugin. -->","yoast_head_json":{"title":"DIFFAMATION- 500 millions FCfa r\u00e9clam\u00e9s \u00e0 Madiambal, fortement critiqu\u00e9 par les avocats de T\u00e9liko | Nettali.com","robots":{"index":"index","follow":"follow","max-snippet":"max-snippet:-1","max-image-preview":"max-image-preview:large","max-video-preview":"max-video-preview:-1"},"canonical":"https:\/\/www.nettali.com\/2021\/06\/03\/diffamation-500-millions-fcfa-reclames-a-madiambal-fortement-critique-par-les-avocats-de-teliko\/","og_locale":"fr_FR","og_type":"article","og_title":"DIFFAMATION- 500 millions FCfa r\u00e9clam\u00e9s \u00e0 Madiambal, fortement critiqu\u00e9 par les avocats de T\u00e9liko","og_description":"NETTALI.COM- 500 millions de francs Cfa. C\u2019est le montant des dommages et int\u00e9r\u00eats que r\u00e9clame Souleymane T\u00e9liko \u00e0 Madiambal Diagne. Les avocats du pr\u00e9sident de l\u2019Union des magistrats s\u00e9n\u00e9galais (UMS), qui ont plaid\u00e9 la condamnation du journaliste, demandent que la d\u00e9cision \u00e0 intervenir soit publi\u00e9e dans diff\u00e9rents journaux avec le paiement d\u2019une astreinte de 20 [&hellip;]","og_url":"https:\/\/www.nettali.com\/2021\/06\/03\/diffamation-500-millions-fcfa-reclames-a-madiambal-fortement-critique-par-les-avocats-de-teliko\/","og_site_name":"Nettali.com","article_publisher":"https:\/\/www.facebook.com\/nettalicom","article_published_time":"2021-06-03T20:00:31+00:00","article_modified_time":"2021-06-04T12:08:24+00:00","og_image":[{"width":1280,"height":600,"url":"https:\/\/www.nettali.com\/wp-content\/uploads\/2021\/04\/teliko-madiambal.jpg","type":"image\/jpeg"}],"twitter_card":"summary_large_image","twitter_misc":{"\u00c9crit par":"Fatou","Dur\u00e9e de lecture estim\u00e9e":"7 minutes"},"schema":{"@context":"https:\/\/schema.org","@graph":[{"@type":"WebSite","@id":"https:\/\/www.nettali.com\/#website","url":"https:\/\/www.nettali.com\/","name":"Nettali.com","description":"Le rendez-vous critique du Net","potentialAction":[{"@type":"SearchAction","target":{"@type":"EntryPoint","urlTemplate":"https:\/\/www.nettali.com\/?s={search_term_string}"},"query-input":"required name=search_term_string"}],"inLanguage":"fr-FR"},{"@type":"ImageObject","@id":"https:\/\/www.nettali.com\/2021\/06\/03\/diffamation-500-millions-fcfa-reclames-a-madiambal-fortement-critique-par-les-avocats-de-teliko\/#primaryimage","inLanguage":"fr-FR","url":"https:\/\/www.nettali.com\/wp-content\/uploads\/2021\/04\/teliko-madiambal.jpg","contentUrl":"https:\/\/www.nettali.com\/wp-content\/uploads\/2021\/04\/teliko-madiambal.jpg","width":1280,"height":600},{"@type":"WebPage","@id":"https:\/\/www.nettali.com\/2021\/06\/03\/diffamation-500-millions-fcfa-reclames-a-madiambal-fortement-critique-par-les-avocats-de-teliko\/#webpage","url":"https:\/\/www.nettali.com\/2021\/06\/03\/diffamation-500-millions-fcfa-reclames-a-madiambal-fortement-critique-par-les-avocats-de-teliko\/","name":"DIFFAMATION- 500 millions FCfa r\u00e9clam\u00e9s \u00e0 Madiambal, fortement critiqu\u00e9 par les avocats de T\u00e9liko | Nettali.com","isPartOf":{"@id":"https:\/\/www.nettali.com\/#website"},"primaryImageOfPage":{"@id":"https:\/\/www.nettali.com\/2021\/06\/03\/diffamation-500-millions-fcfa-reclames-a-madiambal-fortement-critique-par-les-avocats-de-teliko\/#primaryimage"},"datePublished":"2021-06-03T20:00:31+00:00","dateModified":"2021-06-04T12:08:24+00:00","author":{"@id":"https:\/\/www.nettali.com\/#\/schema\/person\/418274a86bdf87caff7a3ef476bd0bbf"},"breadcrumb":{"@id":"https:\/\/www.nettali.com\/2021\/06\/03\/diffamation-500-millions-fcfa-reclames-a-madiambal-fortement-critique-par-les-avocats-de-teliko\/#breadcrumb"},"inLanguage":"fr-FR","potentialAction":[{"@type":"ReadAction","target":["https:\/\/www.nettali.com\/2021\/06\/03\/diffamation-500-millions-fcfa-reclames-a-madiambal-fortement-critique-par-les-avocats-de-teliko\/"]}]},{"@type":"BreadcrumbList","@id":"https:\/\/www.nettali.com\/2021\/06\/03\/diffamation-500-millions-fcfa-reclames-a-madiambal-fortement-critique-par-les-avocats-de-teliko\/#breadcrumb","itemListElement":[{"@type":"ListItem","position":1,"name":"Accueil","item":"https:\/\/www.nettali.com\/"},{"@type":"ListItem","position":2,"name":"DIFFAMATION- 500 millions FCfa r\u00e9clam\u00e9s \u00e0 Madiambal, fortement critiqu\u00e9 par les avocats de T\u00e9liko"}]},{"@type":"Person","@id":"https:\/\/www.nettali.com\/#\/schema\/person\/418274a86bdf87caff7a3ef476bd0bbf","name":"Fatou","image":{"@type":"ImageObject","@id":"https:\/\/www.nettali.com\/#personlogo","inLanguage":"fr-FR","url":"https:\/\/secure.gravatar.com\/avatar\/5a9442a2bee7b4dcf167cab035858e9a?s=96&d=mm&r=g","contentUrl":"https:\/\/secure.gravatar.com\/avatar\/5a9442a2bee7b4dcf167cab035858e9a?s=96&d=mm&r=g","caption":"Fatou"},"sameAs":["https:\/\/www.nettali.com"]}]}},"_links":{"self":[{"href":"https:\/\/www.nettali.com\/rest\/wp\/v2\/posts\/65289"}],"collection":[{"href":"https:\/\/www.nettali.com\/rest\/wp\/v2\/posts"}],"about":[{"href":"https:\/\/www.nettali.com\/rest\/wp\/v2\/types\/post"}],"author":[{"embeddable":true,"href":"https:\/\/www.nettali.com\/rest\/wp\/v2\/users\/6"}],"replies":[{"embeddable":true,"href":"https:\/\/www.nettali.com\/rest\/wp\/v2\/comments?post=65289"}],"version-history":[{"count":3,"href":"https:\/\/www.nettali.com\/rest\/wp\/v2\/posts\/65289\/revisions"}],"predecessor-version":[{"id":65297,"href":"https:\/\/www.nettali.com\/rest\/wp\/v2\/posts\/65289\/revisions\/65297"}],"wp:featuredmedia":[{"embeddable":true,"href":"https:\/\/www.nettali.com\/rest\/wp\/v2\/media\/61422"}],"wp:attachment":[{"href":"https:\/\/www.nettali.com\/rest\/wp\/v2\/media?parent=65289"}],"wp:term":[{"taxonomy":"category","embeddable":true,"href":"https:\/\/www.nettali.com\/rest\/wp\/v2\/categories?post=65289"},{"taxonomy":"post_tag","embeddable":true,"href":"https:\/\/www.nettali.com\/rest\/wp\/v2\/tags?post=65289"}],"curies":[{"name":"wp","href":"https:\/\/api.w.org\/{rel}","templated":true}]}}