{"id":65240,"date":"2021-06-03T02:09:27","date_gmt":"2021-06-03T02:09:27","guid":{"rendered":"https:\/\/www.nettali.com\/?p=65240"},"modified":"2021-06-03T09:30:37","modified_gmt":"2021-06-03T09:30:37","slug":"departementalisation-de-keur-massar-macky-ampute-pikine-et-scinde-guediawaye","status":"publish","type":"post","link":"https:\/\/www.nettali.com\/2021\/06\/03\/departementalisation-de-keur-massar-macky-ampute-pikine-et-scinde-guediawaye\/","title":{"rendered":"DEPARTEMENTALISATION DE KEUR MASSAR - Macky ampute Pikine et scinde Gu\u00e9diawaye"},"content":{"rendered":"<p><strong>NETTALI.COM\u00a0 - L'\u00e9rection de Keur Massar en d\u00e9partement n'est pas sans cons\u00e9quence pour Pikine, Gu\u00e9diawaye ou encore Rufisque. Un nouveau d\u00e9coupage qui risque de susciter des r\u00e9actions de la part des populations des localit\u00e9s concern\u00e9es.\u00a0<\/strong><\/p>\n<p>Le 28 mai 2021, Macky Sall n'a pas sign\u00e9 que le d\u00e9cret n\u20702021-687 faisant de Keur Massar le cinqui\u00e8me d\u00e9partement de la r\u00e9gion de Dakar apr\u00e8s Dakar, Pikine, Rufisque et Gu\u00e9diawaye. Le m\u00eame jour, le chef de l\u2019Etat a aussi sign\u00e9 le d\u00e9cret n\u20702021-688 qui consacre de nouvelles limites de communes dans les d\u00e9partements de Keur Massar, Pikine, Gu\u00e9diawaye et Rufisque. Officiellement, le pr\u00e9sident de la R\u00e9publique veut donner aux diff\u00e9rents d\u00e9partements de la r\u00e9gion de Dakar \"une organisation territoriale plus coh\u00e9rente\". Mais ce nouveau d\u00e9coupage administratif fait aussi des victimes et risque de cr\u00e9er des tensions.<\/p>\n<p>En fait, c'est le d\u00e9partement de Pikine qui est le plus grand perdant de ce red\u00e9coupage. La d\u00e9partementalisation de Keur Massar fait que Pikine est amput\u00e9 de presque tout l'arrondissement des Niayes compos\u00e9 des communes de Keur Massar, Malika, Yeumbeul Nord et Yeumbeul Sud. Toutes ces communes font d\u00e9sormais partie du d\u00e9partement de Keur Massar constitu\u00e9 de trois arrondissements (Malika, Yeumbeul et Jaxaay).<\/p>\n<p>Si Pikine est amput\u00e9, Gu\u00e9diawaye, lui, est scind\u00e9 en deux arrondissements (Sam notaire et Wakhinane Nimzatt). Avant ce d\u00e9coupage, le d\u00e9partement de Gu\u00e9diawaye ne comptais qu'un seul arrondissement. A l'image de Gu\u00e9diawaye, Rufisque aussi est charcut\u00e9. Ce d\u00e9partement compte d\u00e9sormais trois arrondissements. Il s'agit de Sangalkam, Diamniadio et Rufisque Est. Autant de dire que ce nouveau d\u00e9coupage administratif va cr\u00e9er de nouvelles tensions du c\u00f4t\u00e9 des populations des localit\u00e9s concern\u00e9es.<\/p>\n<div class='share-to-whatsapp-wrapper'><div class='share-on-whsp'>PARTAGER SUR : <\/div><a data-text='DEPARTEMENTALISATION DE KEUR MASSAR - Macky ampute Pikine et scinde Gu\u00e9diawaye' data-link='https:\/\/www.nettali.com\/2021\/06\/03\/departementalisation-de-keur-massar-macky-ampute-pikine-et-scinde-guediawaye\/' class='whatsapp-button whatsapp-share'>WhatsApp<\/a><div class='clear '><\/div><\/div>","protected":false},"excerpt":{"rendered":"<p>NETTALI.COM\u00a0 - L'\u00e9rection de Keur Massar en d\u00e9partement n'est pas sans cons\u00e9quence pour Pikine, Gu\u00e9diawaye ou encore Rufisque. Un nouveau d\u00e9coupage qui risque de susciter des r\u00e9actions de la part des populations des localit\u00e9s concern\u00e9es.\u00a0 Le 28 mai 2021, Macky Sall n'a pas sign\u00e9 que le d\u00e9cret n\u20702021-687 faisant de Keur Massar le cinqui\u00e8me d\u00e9partement [&hellip;]<\/p>\n","protected":false},"author":3,"featured_media":131,"comment_status":"open","ping_status":"open","sticky":false,"template":"","format":"standard","meta":{"_et_pb_use_builder":"","_et_pb_old_content":""},"categories":[2],"tags":[],"yoast_head":"<!-- This site is optimized with the Yoast SEO Premium plugin v17.8 (Yoast SEO v17.8) - https:\/\/yoast.com\/wordpress\/plugins\/seo\/ -->\n<title>DEPARTEMENTALISATION DE KEUR MASSAR - Macky ampute Pikine et scinde Gu\u00e9diawaye | Nettali.com<\/title>\n<meta name=\"robots\" content=\"index, follow, max-snippet:-1, max-image-preview:large, max-video-preview:-1\" \/>\n<link rel=\"canonical\" href=\"https:\/\/www.nettali.com\/2021\/06\/03\/departementalisation-de-keur-massar-macky-ampute-pikine-et-scinde-guediawaye\/\" \/>\n<meta property=\"og:locale\" content=\"fr_FR\" \/>\n<meta property=\"og:type\" content=\"article\" \/>\n<meta property=\"og:title\" content=\"DEPARTEMENTALISATION DE KEUR MASSAR - Macky ampute Pikine et scinde Gu\u00e9diawaye\" \/>\n<meta property=\"og:description\" content=\"NETTALI.COM\u00a0 - L&#039;\u00e9rection de Keur Massar en d\u00e9partement n&#039;est pas sans cons\u00e9quence pour Pikine, Gu\u00e9diawaye ou encore Rufisque. Un nouveau d\u00e9coupage qui risque de susciter des r\u00e9actions de la part des populations des localit\u00e9s concern\u00e9es.\u00a0 Le 28 mai 2021, Macky Sall n&#039;a pas sign\u00e9 que le d\u00e9cret n\u20702021-687 faisant de Keur Massar le cinqui\u00e8me d\u00e9partement [&hellip;]\" \/>\n<meta property=\"og:url\" content=\"https:\/\/www.nettali.com\/2021\/06\/03\/departementalisation-de-keur-massar-macky-ampute-pikine-et-scinde-guediawaye\/\" \/>\n<meta property=\"og:site_name\" content=\"Nettali.com\" \/>\n<meta property=\"article:publisher\" content=\"https:\/\/www.facebook.com\/nettalicom\" \/>\n<meta property=\"article:published_time\" content=\"2021-06-03T02:09:27+00:00\" \/>\n<meta property=\"article:modified_time\" content=\"2021-06-03T09:30:37+00:00\" \/>\n<meta property=\"og:image\" content=\"https:\/\/www.nettali.com\/wp-content\/uploads\/2017\/05\/macky-sall.jpg\" \/>\n\t<meta property=\"og:image:width\" content=\"1999\" \/>\n\t<meta property=\"og:image:height\" content=\"1124\" \/>\n<meta name=\"twitter:card\" content=\"summary_large_image\" \/>\n<meta name=\"twitter:label1\" content=\"\u00c9crit par\" \/>\n\t<meta name=\"twitter:data1\" content=\"Moustapha\" \/>\n\t<meta name=\"twitter:label2\" content=\"Dur\u00e9e de lecture estim\u00e9e\" \/>\n\t<meta name=\"twitter:data2\" content=\"2 minutes\" \/>\n<script type=\"application\/ld+json\" class=\"yoast-schema-graph\">{\"@context\":\"https:\/\/schema.org\",\"@graph\":[{\"@type\":\"WebSite\",\"@id\":\"https:\/\/www.nettali.com\/#website\",\"url\":\"https:\/\/www.nettali.com\/\",\"name\":\"Nettali.com\",\"description\":\"Le rendez-vous critique du Net\",\"potentialAction\":[{\"@type\":\"SearchAction\",\"target\":{\"@type\":\"EntryPoint\",\"urlTemplate\":\"https:\/\/www.nettali.com\/?s={search_term_string}\"},\"query-input\":\"required name=search_term_string\"}],\"inLanguage\":\"fr-FR\"},{\"@type\":\"ImageObject\",\"@id\":\"https:\/\/www.nettali.com\/2021\/06\/03\/departementalisation-de-keur-massar-macky-ampute-pikine-et-scinde-guediawaye\/#primaryimage\",\"inLanguage\":\"fr-FR\",\"url\":\"https:\/\/www.nettali.com\/wp-content\/uploads\/2017\/05\/macky-sall.jpg\",\"contentUrl\":\"https:\/\/www.nettali.com\/wp-content\/uploads\/2017\/05\/macky-sall.jpg\",\"width\":1999,\"height\":1124},{\"@type\":\"WebPage\",\"@id\":\"https:\/\/www.nettali.com\/2021\/06\/03\/departementalisation-de-keur-massar-macky-ampute-pikine-et-scinde-guediawaye\/#webpage\",\"url\":\"https:\/\/www.nettali.com\/2021\/06\/03\/departementalisation-de-keur-massar-macky-ampute-pikine-et-scinde-guediawaye\/\",\"name\":\"DEPARTEMENTALISATION DE KEUR MASSAR - Macky ampute Pikine et scinde Gu\\u00e9diawaye | Nettali.com\",\"isPartOf\":{\"@id\":\"https:\/\/www.nettali.com\/#website\"},\"primaryImageOfPage\":{\"@id\":\"https:\/\/www.nettali.com\/2021\/06\/03\/departementalisation-de-keur-massar-macky-ampute-pikine-et-scinde-guediawaye\/#primaryimage\"},\"datePublished\":\"2021-06-03T02:09:27+00:00\",\"dateModified\":\"2021-06-03T09:30:37+00:00\",\"author\":{\"@id\":\"https:\/\/www.nettali.com\/#\/schema\/person\/7962a12a6e0267f88f0ffa544c36469a\"},\"breadcrumb\":{\"@id\":\"https:\/\/www.nettali.com\/2021\/06\/03\/departementalisation-de-keur-massar-macky-ampute-pikine-et-scinde-guediawaye\/#breadcrumb\"},\"inLanguage\":\"fr-FR\",\"potentialAction\":[{\"@type\":\"ReadAction\",\"target\":[\"https:\/\/www.nettali.com\/2021\/06\/03\/departementalisation-de-keur-massar-macky-ampute-pikine-et-scinde-guediawaye\/\"]}]},{\"@type\":\"BreadcrumbList\",\"@id\":\"https:\/\/www.nettali.com\/2021\/06\/03\/departementalisation-de-keur-massar-macky-ampute-pikine-et-scinde-guediawaye\/#breadcrumb\",\"itemListElement\":[{\"@type\":\"ListItem\",\"position\":1,\"name\":\"Accueil\",\"item\":\"https:\/\/www.nettali.com\/\"},{\"@type\":\"ListItem\",\"position\":2,\"name\":\"DEPARTEMENTALISATION DE KEUR MASSAR &#8211; Macky ampute Pikine et scinde Gu\\u00e9diawaye\"}]},{\"@type\":\"Person\",\"@id\":\"https:\/\/www.nettali.com\/#\/schema\/person\/7962a12a6e0267f88f0ffa544c36469a\",\"name\":\"Moustapha\",\"image\":{\"@type\":\"ImageObject\",\"@id\":\"https:\/\/www.nettali.com\/#personlogo\",\"inLanguage\":\"fr-FR\",\"url\":\"https:\/\/secure.gravatar.com\/avatar\/10fdf6a071cccdcf374e3dbe45159590?s=96&d=mm&r=g\",\"contentUrl\":\"https:\/\/secure.gravatar.com\/avatar\/10fdf6a071cccdcf374e3dbe45159590?s=96&d=mm&r=g\",\"caption\":\"Moustapha\"},\"sameAs\":[\"https:\/\/www.nettali.com\"]}]}<\/script>\n<!-- \/ Yoast SEO Premium plugin. -->","yoast_head_json":{"title":"DEPARTEMENTALISATION DE KEUR MASSAR - Macky ampute Pikine et scinde Gu\u00e9diawaye | Nettali.com","robots":{"index":"index","follow":"follow","max-snippet":"max-snippet:-1","max-image-preview":"max-image-preview:large","max-video-preview":"max-video-preview:-1"},"canonical":"https:\/\/www.nettali.com\/2021\/06\/03\/departementalisation-de-keur-massar-macky-ampute-pikine-et-scinde-guediawaye\/","og_locale":"fr_FR","og_type":"article","og_title":"DEPARTEMENTALISATION DE KEUR MASSAR - Macky ampute Pikine et scinde Gu\u00e9diawaye","og_description":"NETTALI.COM\u00a0 - L'\u00e9rection de Keur Massar en d\u00e9partement n'est pas sans cons\u00e9quence pour Pikine, Gu\u00e9diawaye ou encore Rufisque. Un nouveau d\u00e9coupage qui risque de susciter des r\u00e9actions de la part des populations des localit\u00e9s concern\u00e9es.\u00a0 Le 28 mai 2021, Macky Sall n'a pas sign\u00e9 que le d\u00e9cret n\u20702021-687 faisant de Keur Massar le cinqui\u00e8me d\u00e9partement [&hellip;]","og_url":"https:\/\/www.nettali.com\/2021\/06\/03\/departementalisation-de-keur-massar-macky-ampute-pikine-et-scinde-guediawaye\/","og_site_name":"Nettali.com","article_publisher":"https:\/\/www.facebook.com\/nettalicom","article_published_time":"2021-06-03T02:09:27+00:00","article_modified_time":"2021-06-03T09:30:37+00:00","og_image":[{"width":1999,"height":1124,"url":"https:\/\/www.nettali.com\/wp-content\/uploads\/2017\/05\/macky-sall.jpg","type":"image\/jpeg"}],"twitter_card":"summary_large_image","twitter_misc":{"\u00c9crit par":"Moustapha","Dur\u00e9e de lecture estim\u00e9e":"2 minutes"},"schema":{"@context":"https:\/\/schema.org","@graph":[{"@type":"WebSite","@id":"https:\/\/www.nettali.com\/#website","url":"https:\/\/www.nettali.com\/","name":"Nettali.com","description":"Le rendez-vous critique du Net","potentialAction":[{"@type":"SearchAction","target":{"@type":"EntryPoint","urlTemplate":"https:\/\/www.nettali.com\/?s={search_term_string}"},"query-input":"required name=search_term_string"}],"inLanguage":"fr-FR"},{"@type":"ImageObject","@id":"https:\/\/www.nettali.com\/2021\/06\/03\/departementalisation-de-keur-massar-macky-ampute-pikine-et-scinde-guediawaye\/#primaryimage","inLanguage":"fr-FR","url":"https:\/\/www.nettali.com\/wp-content\/uploads\/2017\/05\/macky-sall.jpg","contentUrl":"https:\/\/www.nettali.com\/wp-content\/uploads\/2017\/05\/macky-sall.jpg","width":1999,"height":1124},{"@type":"WebPage","@id":"https:\/\/www.nettali.com\/2021\/06\/03\/departementalisation-de-keur-massar-macky-ampute-pikine-et-scinde-guediawaye\/#webpage","url":"https:\/\/www.nettali.com\/2021\/06\/03\/departementalisation-de-keur-massar-macky-ampute-pikine-et-scinde-guediawaye\/","name":"DEPARTEMENTALISATION DE KEUR MASSAR - Macky ampute Pikine et scinde Gu\u00e9diawaye | Nettali.com","isPartOf":{"@id":"https:\/\/www.nettali.com\/#website"},"primaryImageOfPage":{"@id":"https:\/\/www.nettali.com\/2021\/06\/03\/departementalisation-de-keur-massar-macky-ampute-pikine-et-scinde-guediawaye\/#primaryimage"},"datePublished":"2021-06-03T02:09:27+00:00","dateModified":"2021-06-03T09:30:37+00:00","author":{"@id":"https:\/\/www.nettali.com\/#\/schema\/person\/7962a12a6e0267f88f0ffa544c36469a"},"breadcrumb":{"@id":"https:\/\/www.nettali.com\/2021\/06\/03\/departementalisation-de-keur-massar-macky-ampute-pikine-et-scinde-guediawaye\/#breadcrumb"},"inLanguage":"fr-FR","potentialAction":[{"@type":"ReadAction","target":["https:\/\/www.nettali.com\/2021\/06\/03\/departementalisation-de-keur-massar-macky-ampute-pikine-et-scinde-guediawaye\/"]}]},{"@type":"BreadcrumbList","@id":"https:\/\/www.nettali.com\/2021\/06\/03\/departementalisation-de-keur-massar-macky-ampute-pikine-et-scinde-guediawaye\/#breadcrumb","itemListElement":[{"@type":"ListItem","position":1,"name":"Accueil","item":"https:\/\/www.nettali.com\/"},{"@type":"ListItem","position":2,"name":"DEPARTEMENTALISATION DE KEUR MASSAR &#8211; Macky ampute Pikine et scinde Gu\u00e9diawaye"}]},{"@type":"Person","@id":"https:\/\/www.nettali.com\/#\/schema\/person\/7962a12a6e0267f88f0ffa544c36469a","name":"Moustapha","image":{"@type":"ImageObject","@id":"https:\/\/www.nettali.com\/#personlogo","inLanguage":"fr-FR","url":"https:\/\/secure.gravatar.com\/avatar\/10fdf6a071cccdcf374e3dbe45159590?s=96&d=mm&r=g","contentUrl":"https:\/\/secure.gravatar.com\/avatar\/10fdf6a071cccdcf374e3dbe45159590?s=96&d=mm&r=g","caption":"Moustapha"},"sameAs":["https:\/\/www.nettali.com"]}]}},"_links":{"self":[{"href":"https:\/\/www.nettali.com\/rest\/wp\/v2\/posts\/65240"}],"collection":[{"href":"https:\/\/www.nettali.com\/rest\/wp\/v2\/posts"}],"about":[{"href":"https:\/\/www.nettali.com\/rest\/wp\/v2\/types\/post"}],"author":[{"embeddable":true,"href":"https:\/\/www.nettali.com\/rest\/wp\/v2\/users\/3"}],"replies":[{"embeddable":true,"href":"https:\/\/www.nettali.com\/rest\/wp\/v2\/comments?post=65240"}],"version-history":[{"count":1,"href":"https:\/\/www.nettali.com\/rest\/wp\/v2\/posts\/65240\/revisions"}],"predecessor-version":[{"id":65241,"href":"https:\/\/www.nettali.com\/rest\/wp\/v2\/posts\/65240\/revisions\/65241"}],"wp:featuredmedia":[{"embeddable":true,"href":"https:\/\/www.nettali.com\/rest\/wp\/v2\/media\/131"}],"wp:attachment":[{"href":"https:\/\/www.nettali.com\/rest\/wp\/v2\/media?parent=65240"}],"wp:term":[{"taxonomy":"category","embeddable":true,"href":"https:\/\/www.nettali.com\/rest\/wp\/v2\/categories?post=65240"},{"taxonomy":"post_tag","embeddable":true,"href":"https:\/\/www.nettali.com\/rest\/wp\/v2\/tags?post=65240"}],"curies":[{"name":"wp","href":"https:\/\/api.w.org\/{rel}","templated":true}]}}