{"id":65231,"date":"2021-06-02T23:57:08","date_gmt":"2021-06-02T23:57:08","guid":{"rendered":"https:\/\/www.nettali.com\/?p=65231"},"modified":"2021-06-02T23:57:08","modified_gmt":"2021-06-02T23:57:08","slug":"coupe-caf-le-jaraaf-connait-sa-sanction","status":"publish","type":"post","link":"https:\/\/www.nettali.com\/2021\/06\/02\/coupe-caf-le-jaraaf-connait-sa-sanction\/","title":{"rendered":"COUPE CAF - Le Jaraaf conna\u00eet sa sanction"},"content":{"rendered":"<p><strong>NETTALI.COM - C'\u00e9tait attendu! Le Jaraaf n'a pas \u00e9chapp\u00e9 au b\u00e2ton de la Caf. En effet, la Commission de Discipline de la CAF a suspendu le responsable de l'ASC Jaraaf, M. Youssou Dial, pour une p\u00e9riode de deux ans de toutes activit\u00e9s de football et deux joueurs pour six matches. Cela, \u00e0 la suite d'un incident survenu \u00e0 Dakar o\u00f9 un officiel de match a \u00e9t\u00e9 agress\u00e9 lors d'un match de quart de finale de la Coupe de la Conf\u00e9d\u00e9ration Total CAF entre club, ASC Jaraaf et Coton Sport du Cameroun le 23 mai 2021.<\/strong><\/p>\n<p>\" <em>Apr\u00e8s le coup de sifflet final, les officiels du club, men\u00e9s par M. Dial et quelques joueurs dont Albert Diene et Mamadou Sylla, ont charg\u00e9 les officiels du match et les ont agress\u00e9s physiquement et verbalement sur le terrain. L'arbitre a \u00e9t\u00e9 gri\u00e8vement bless\u00e9 \u00e0 la t\u00eate<\/em>\", informe la Caf.<\/p>\n<p>Sur le site de la Caf, la Commission de Discipline de l'instance du football africain a d\u00e9cid\u00e9 de suspendre M. Youssou Dial de toutes activit\u00e9s li\u00e9es au football pendant une p\u00e9riode de deux (2) ans.<\/p>\n<p>Cette sanction sera \u00e9galement communiqu\u00e9e \u00e0 la FIFA.\u00a0La suspension prend effet \u00e0 compter de la date de notification de cette correspondance.<\/p>\n<p>En outre, la Caf a sanctionn\u00e9 les deux joueurs a savoir Mamadou Sylla et Albert Di\u00e8ne pour leurs six (6) prochains matchs interclubs de la CAF.<\/p>\n<p>Par ailleurs, une amende de 50 000 dollars am\u00e9ricains (plus de 26 millions CFA) a \u00e9t\u00e9 inflig\u00e9e \u00e0 l'Asc Jaraaf pour le comportement agressif et la conduite inappropri\u00e9e des officiels et des joueurs.<\/p>\n<div class='share-to-whatsapp-wrapper'><div class='share-on-whsp'>PARTAGER SUR : <\/div><a data-text='COUPE CAF - Le Jaraaf conna\u00eet sa sanction' data-link='https:\/\/www.nettali.com\/2021\/06\/02\/coupe-caf-le-jaraaf-connait-sa-sanction\/' class='whatsapp-button whatsapp-share'>WhatsApp<\/a><div class='clear '><\/div><\/div>","protected":false},"excerpt":{"rendered":"<p>NETTALI.COM - C'\u00e9tait attendu! Le Jaraaf n'a pas \u00e9chapp\u00e9 au b\u00e2ton de la Caf. En effet, la Commission de Discipline de la CAF a suspendu le responsable de l'ASC Jaraaf, M. Youssou Dial, pour une p\u00e9riode de deux ans de toutes activit\u00e9s de football et deux joueurs pour six matches. Cela, \u00e0 la suite d'un [&hellip;]<\/p>\n","protected":false},"author":5,"featured_media":65232,"comment_status":"open","ping_status":"open","sticky":false,"template":"","format":"standard","meta":{"_et_pb_use_builder":"","_et_pb_old_content":""},"categories":[6],"tags":[],"yoast_head":"<!-- This site is optimized with the Yoast SEO Premium plugin v17.8 (Yoast SEO v17.8) - https:\/\/yoast.com\/wordpress\/plugins\/seo\/ -->\n<title>COUPE CAF - Le Jaraaf conna\u00eet sa sanction | Nettali.com<\/title>\n<meta name=\"robots\" content=\"index, follow, max-snippet:-1, max-image-preview:large, max-video-preview:-1\" \/>\n<link rel=\"canonical\" href=\"https:\/\/www.nettali.com\/2021\/06\/02\/coupe-caf-le-jaraaf-connait-sa-sanction\/\" \/>\n<meta property=\"og:locale\" content=\"fr_FR\" \/>\n<meta property=\"og:type\" content=\"article\" \/>\n<meta property=\"og:title\" content=\"COUPE CAF - Le Jaraaf conna\u00eet sa sanction\" \/>\n<meta property=\"og:description\" content=\"NETTALI.COM - C&#039;\u00e9tait attendu! Le Jaraaf n&#039;a pas \u00e9chapp\u00e9 au b\u00e2ton de la Caf. En effet, la Commission de Discipline de la CAF a suspendu le responsable de l&#039;ASC Jaraaf, M. Youssou Dial, pour une p\u00e9riode de deux ans de toutes activit\u00e9s de football et deux joueurs pour six matches. Cela, \u00e0 la suite d&#039;un [&hellip;]\" \/>\n<meta property=\"og:url\" content=\"https:\/\/www.nettali.com\/2021\/06\/02\/coupe-caf-le-jaraaf-connait-sa-sanction\/\" \/>\n<meta property=\"og:site_name\" content=\"Nettali.com\" \/>\n<meta property=\"article:publisher\" content=\"https:\/\/www.facebook.com\/nettalicom\" \/>\n<meta property=\"article:published_time\" content=\"2021-06-02T23:57:08+00:00\" \/>\n<meta property=\"og:image\" content=\"https:\/\/www.nettali.com\/wp-content\/uploads\/2021\/06\/9f5e87bd17914130a6a3c0e0fed65100.jpg\" \/>\n\t<meta property=\"og:image:width\" content=\"718\" \/>\n\t<meta property=\"og:image:height\" content=\"483\" \/>\n<meta name=\"twitter:card\" content=\"summary_large_image\" \/>\n<meta name=\"twitter:label1\" content=\"\u00c9crit par\" \/>\n\t<meta name=\"twitter:data1\" content=\"Ibrahima\" \/>\n\t<meta name=\"twitter:label2\" content=\"Dur\u00e9e de lecture estim\u00e9e\" \/>\n\t<meta name=\"twitter:data2\" content=\"2 minutes\" \/>\n<script type=\"application\/ld+json\" class=\"yoast-schema-graph\">{\"@context\":\"https:\/\/schema.org\",\"@graph\":[{\"@type\":\"WebSite\",\"@id\":\"https:\/\/www.nettali.com\/#website\",\"url\":\"https:\/\/www.nettali.com\/\",\"name\":\"Nettali.com\",\"description\":\"Le rendez-vous critique du Net\",\"potentialAction\":[{\"@type\":\"SearchAction\",\"target\":{\"@type\":\"EntryPoint\",\"urlTemplate\":\"https:\/\/www.nettali.com\/?s={search_term_string}\"},\"query-input\":\"required name=search_term_string\"}],\"inLanguage\":\"fr-FR\"},{\"@type\":\"ImageObject\",\"@id\":\"https:\/\/www.nettali.com\/2021\/06\/02\/coupe-caf-le-jaraaf-connait-sa-sanction\/#primaryimage\",\"inLanguage\":\"fr-FR\",\"url\":\"https:\/\/www.nettali.com\/wp-content\/uploads\/2021\/06\/9f5e87bd17914130a6a3c0e0fed65100.jpg\",\"contentUrl\":\"https:\/\/www.nettali.com\/wp-content\/uploads\/2021\/06\/9f5e87bd17914130a6a3c0e0fed65100.jpg\",\"width\":718,\"height\":483},{\"@type\":\"WebPage\",\"@id\":\"https:\/\/www.nettali.com\/2021\/06\/02\/coupe-caf-le-jaraaf-connait-sa-sanction\/#webpage\",\"url\":\"https:\/\/www.nettali.com\/2021\/06\/02\/coupe-caf-le-jaraaf-connait-sa-sanction\/\",\"name\":\"COUPE CAF - Le Jaraaf conna\\u00eet sa sanction | Nettali.com\",\"isPartOf\":{\"@id\":\"https:\/\/www.nettali.com\/#website\"},\"primaryImageOfPage\":{\"@id\":\"https:\/\/www.nettali.com\/2021\/06\/02\/coupe-caf-le-jaraaf-connait-sa-sanction\/#primaryimage\"},\"datePublished\":\"2021-06-02T23:57:08+00:00\",\"dateModified\":\"2021-06-02T23:57:08+00:00\",\"author\":{\"@id\":\"https:\/\/www.nettali.com\/#\/schema\/person\/bb147657c2986240405a608162b9bb23\"},\"breadcrumb\":{\"@id\":\"https:\/\/www.nettali.com\/2021\/06\/02\/coupe-caf-le-jaraaf-connait-sa-sanction\/#breadcrumb\"},\"inLanguage\":\"fr-FR\",\"potentialAction\":[{\"@type\":\"ReadAction\",\"target\":[\"https:\/\/www.nettali.com\/2021\/06\/02\/coupe-caf-le-jaraaf-connait-sa-sanction\/\"]}]},{\"@type\":\"BreadcrumbList\",\"@id\":\"https:\/\/www.nettali.com\/2021\/06\/02\/coupe-caf-le-jaraaf-connait-sa-sanction\/#breadcrumb\",\"itemListElement\":[{\"@type\":\"ListItem\",\"position\":1,\"name\":\"Accueil\",\"item\":\"https:\/\/www.nettali.com\/\"},{\"@type\":\"ListItem\",\"position\":2,\"name\":\"COUPE CAF &#8211; Le Jaraaf conna\\u00eet sa sanction\"}]},{\"@type\":\"Person\",\"@id\":\"https:\/\/www.nettali.com\/#\/schema\/person\/bb147657c2986240405a608162b9bb23\",\"name\":\"Ibrahima\",\"image\":{\"@type\":\"ImageObject\",\"@id\":\"https:\/\/www.nettali.com\/#personlogo\",\"inLanguage\":\"fr-FR\",\"url\":\"https:\/\/secure.gravatar.com\/avatar\/26a8a81f09f0dd7624c9d5c36c9ba3a2?s=96&d=mm&r=g\",\"contentUrl\":\"https:\/\/secure.gravatar.com\/avatar\/26a8a81f09f0dd7624c9d5c36c9ba3a2?s=96&d=mm&r=g\",\"caption\":\"Ibrahima\"},\"sameAs\":[\"https:\/\/www.nettali.com\"]}]}<\/script>\n<!-- \/ Yoast SEO Premium plugin. -->","yoast_head_json":{"title":"COUPE CAF - Le Jaraaf conna\u00eet sa sanction | Nettali.com","robots":{"index":"index","follow":"follow","max-snippet":"max-snippet:-1","max-image-preview":"max-image-preview:large","max-video-preview":"max-video-preview:-1"},"canonical":"https:\/\/www.nettali.com\/2021\/06\/02\/coupe-caf-le-jaraaf-connait-sa-sanction\/","og_locale":"fr_FR","og_type":"article","og_title":"COUPE CAF - Le Jaraaf conna\u00eet sa sanction","og_description":"NETTALI.COM - C'\u00e9tait attendu! Le Jaraaf n'a pas \u00e9chapp\u00e9 au b\u00e2ton de la Caf. En effet, la Commission de Discipline de la CAF a suspendu le responsable de l'ASC Jaraaf, M. Youssou Dial, pour une p\u00e9riode de deux ans de toutes activit\u00e9s de football et deux joueurs pour six matches. Cela, \u00e0 la suite d'un [&hellip;]","og_url":"https:\/\/www.nettali.com\/2021\/06\/02\/coupe-caf-le-jaraaf-connait-sa-sanction\/","og_site_name":"Nettali.com","article_publisher":"https:\/\/www.facebook.com\/nettalicom","article_published_time":"2021-06-02T23:57:08+00:00","og_image":[{"width":718,"height":483,"url":"https:\/\/www.nettali.com\/wp-content\/uploads\/2021\/06\/9f5e87bd17914130a6a3c0e0fed65100.jpg","type":"image\/jpeg"}],"twitter_card":"summary_large_image","twitter_misc":{"\u00c9crit par":"Ibrahima","Dur\u00e9e de lecture estim\u00e9e":"2 minutes"},"schema":{"@context":"https:\/\/schema.org","@graph":[{"@type":"WebSite","@id":"https:\/\/www.nettali.com\/#website","url":"https:\/\/www.nettali.com\/","name":"Nettali.com","description":"Le rendez-vous critique du Net","potentialAction":[{"@type":"SearchAction","target":{"@type":"EntryPoint","urlTemplate":"https:\/\/www.nettali.com\/?s={search_term_string}"},"query-input":"required name=search_term_string"}],"inLanguage":"fr-FR"},{"@type":"ImageObject","@id":"https:\/\/www.nettali.com\/2021\/06\/02\/coupe-caf-le-jaraaf-connait-sa-sanction\/#primaryimage","inLanguage":"fr-FR","url":"https:\/\/www.nettali.com\/wp-content\/uploads\/2021\/06\/9f5e87bd17914130a6a3c0e0fed65100.jpg","contentUrl":"https:\/\/www.nettali.com\/wp-content\/uploads\/2021\/06\/9f5e87bd17914130a6a3c0e0fed65100.jpg","width":718,"height":483},{"@type":"WebPage","@id":"https:\/\/www.nettali.com\/2021\/06\/02\/coupe-caf-le-jaraaf-connait-sa-sanction\/#webpage","url":"https:\/\/www.nettali.com\/2021\/06\/02\/coupe-caf-le-jaraaf-connait-sa-sanction\/","name":"COUPE CAF - Le Jaraaf conna\u00eet sa sanction | Nettali.com","isPartOf":{"@id":"https:\/\/www.nettali.com\/#website"},"primaryImageOfPage":{"@id":"https:\/\/www.nettali.com\/2021\/06\/02\/coupe-caf-le-jaraaf-connait-sa-sanction\/#primaryimage"},"datePublished":"2021-06-02T23:57:08+00:00","dateModified":"2021-06-02T23:57:08+00:00","author":{"@id":"https:\/\/www.nettali.com\/#\/schema\/person\/bb147657c2986240405a608162b9bb23"},"breadcrumb":{"@id":"https:\/\/www.nettali.com\/2021\/06\/02\/coupe-caf-le-jaraaf-connait-sa-sanction\/#breadcrumb"},"inLanguage":"fr-FR","potentialAction":[{"@type":"ReadAction","target":["https:\/\/www.nettali.com\/2021\/06\/02\/coupe-caf-le-jaraaf-connait-sa-sanction\/"]}]},{"@type":"BreadcrumbList","@id":"https:\/\/www.nettali.com\/2021\/06\/02\/coupe-caf-le-jaraaf-connait-sa-sanction\/#breadcrumb","itemListElement":[{"@type":"ListItem","position":1,"name":"Accueil","item":"https:\/\/www.nettali.com\/"},{"@type":"ListItem","position":2,"name":"COUPE CAF &#8211; Le Jaraaf conna\u00eet sa sanction"}]},{"@type":"Person","@id":"https:\/\/www.nettali.com\/#\/schema\/person\/bb147657c2986240405a608162b9bb23","name":"Ibrahima","image":{"@type":"ImageObject","@id":"https:\/\/www.nettali.com\/#personlogo","inLanguage":"fr-FR","url":"https:\/\/secure.gravatar.com\/avatar\/26a8a81f09f0dd7624c9d5c36c9ba3a2?s=96&d=mm&r=g","contentUrl":"https:\/\/secure.gravatar.com\/avatar\/26a8a81f09f0dd7624c9d5c36c9ba3a2?s=96&d=mm&r=g","caption":"Ibrahima"},"sameAs":["https:\/\/www.nettali.com"]}]}},"_links":{"self":[{"href":"https:\/\/www.nettali.com\/rest\/wp\/v2\/posts\/65231"}],"collection":[{"href":"https:\/\/www.nettali.com\/rest\/wp\/v2\/posts"}],"about":[{"href":"https:\/\/www.nettali.com\/rest\/wp\/v2\/types\/post"}],"author":[{"embeddable":true,"href":"https:\/\/www.nettali.com\/rest\/wp\/v2\/users\/5"}],"replies":[{"embeddable":true,"href":"https:\/\/www.nettali.com\/rest\/wp\/v2\/comments?post=65231"}],"version-history":[{"count":2,"href":"https:\/\/www.nettali.com\/rest\/wp\/v2\/posts\/65231\/revisions"}],"predecessor-version":[{"id":65239,"href":"https:\/\/www.nettali.com\/rest\/wp\/v2\/posts\/65231\/revisions\/65239"}],"wp:featuredmedia":[{"embeddable":true,"href":"https:\/\/www.nettali.com\/rest\/wp\/v2\/media\/65232"}],"wp:attachment":[{"href":"https:\/\/www.nettali.com\/rest\/wp\/v2\/media?parent=65231"}],"wp:term":[{"taxonomy":"category","embeddable":true,"href":"https:\/\/www.nettali.com\/rest\/wp\/v2\/categories?post=65231"},{"taxonomy":"post_tag","embeddable":true,"href":"https:\/\/www.nettali.com\/rest\/wp\/v2\/tags?post=65231"}],"curies":[{"name":"wp","href":"https:\/\/api.w.org\/{rel}","templated":true}]}}