{"id":65190,"date":"2021-06-02T17:07:30","date_gmt":"2021-06-02T17:07:30","guid":{"rendered":"https:\/\/www.nettali.com\/?p=65190"},"modified":"2021-06-03T18:37:40","modified_gmt":"2021-06-03T18:37:40","slug":"levee-du-corps-des-agents-de-leral-la-presse-mobilisee-aux-cotes-des-familles-eplorees","status":"publish","type":"post","link":"https:\/\/www.nettali.com\/2021\/06\/02\/levee-du-corps-des-agents-de-leral-la-presse-mobilisee-aux-cotes-des-familles-eplorees\/","title":{"rendered":"LEVEE DU CORPS DES AGENTS DE LERAL - La presse mobilis\u00e9e aux c\u00f4t\u00e9s des familles \u00e9plor\u00e9es"},"content":{"rendered":"<p class=\"summary_label\"><strong>NETTALI.COM - La presse a \u00e9t\u00e9 nombreuse ce matin \u00e0 l'h\u00f4pital Principal de Dakar lors de la lev\u00e9e du corps des agents de Leral, morts accidentellement sur la route de K\u00e9dougou lors de la tourn\u00e9e \u00e9conomique du chef de l'Etat, Macky Sall.<\/strong><\/p>\n<div id=\"printable\" class=\"text_body\">\n<p>Plusieurs patrons de presse, Youssou Ndour, Pca du Groupe Futurs M\u00e9dias (GFM), Bougane Gu\u00e8ye Dani patron de D-M\u00e9dia, Abdou Salam Fall de Seneweb, Serigne Diagne de Dakaractu, Ibrahima Lissa Faye de PressAfrik et Pr\u00e9sident de l'Association de la presse en ligne, Bamba Kass\u00e9, Secr\u00e9taire g\u00e9n\u00e9ral du Synpics (Syndicat Professionnels Information Communication S\u00e9n\u00e9gal), Mamoudou Ibra Kane, Directeur du groupe\u00a0 Emedia\u2026 ont tenu \u00e0 \u00eatre pr\u00e9sents pour apporter leur ami et fr\u00e8re, Dame Dieng, pr\u00e9sident directeur g\u00e9n\u00e9ral de Leral.net.<\/p>\n\n\t\t<style type=\"text\/css\">\n\t\t\t#gallery-1 {\n\t\t\t\tmargin: auto;\n\t\t\t}\n\t\t\t#gallery-1 .gallery-item {\n\t\t\t\tfloat: left;\n\t\t\t\tmargin-top: 10px;\n\t\t\t\ttext-align: center;\n\t\t\t\twidth: 100%;\n\t\t\t}\n\t\t\t#gallery-1 img {\n\t\t\t\tborder: 2px solid #cfcfcf;\n\t\t\t}\n\t\t\t#gallery-1 .gallery-caption {\n\t\t\t\tmargin-left: 0;\n\t\t\t}\n\t\t\t\/* see gallery_shortcode() in wp-includes\/media.php *\/\n\t\t<\/style>\n\t\t<div id='gallery-1' class='gallery galleryid-65190 gallery-columns-1 gallery-size-full'><dl class='gallery-item'>\n\t\t\t<dt class='gallery-icon landscape'>\n\t\t\t\t<a href='https:\/\/www.nettali.com\/2021\/06\/02\/levee-du-corps-des-agents-de-leral-la-presse-mobilisee-aux-cotes-des-familles-eplorees\/1-10\/'><img width=\"1008\" height=\"490\" src=\"https:\/\/www.nettali.com\/wp-content\/uploads\/2021\/06\/1.jpeg\" class=\"attachment-full size-full\" alt=\"\" loading=\"lazy\" srcset=\"https:\/\/www.nettali.com\/wp-content\/uploads\/2021\/06\/1.jpeg 1008w, https:\/\/www.nettali.com\/wp-content\/uploads\/2021\/06\/1-300x146.jpeg 300w, https:\/\/www.nettali.com\/wp-content\/uploads\/2021\/06\/1-768x373.jpeg 768w\" sizes=\"(max-width: 1008px) 100vw, 1008px\" \/><\/a>\n\t\t\t<\/dt><\/dl><br style=\"clear: both\" \/><dl class='gallery-item'>\n\t\t\t<dt class='gallery-icon landscape'>\n\t\t\t\t<a href='https:\/\/www.nettali.com\/2021\/06\/02\/levee-du-corps-des-agents-de-leral-la-presse-mobilisee-aux-cotes-des-familles-eplorees\/2-12\/'><img width=\"1008\" height=\"490\" src=\"https:\/\/www.nettali.com\/wp-content\/uploads\/2021\/06\/2.jpeg\" class=\"attachment-full size-full\" alt=\"\" loading=\"lazy\" srcset=\"https:\/\/www.nettali.com\/wp-content\/uploads\/2021\/06\/2.jpeg 1008w, https:\/\/www.nettali.com\/wp-content\/uploads\/2021\/06\/2-300x146.jpeg 300w, https:\/\/www.nettali.com\/wp-content\/uploads\/2021\/06\/2-768x373.jpeg 768w\" sizes=\"(max-width: 1008px) 100vw, 1008px\" \/><\/a>\n\t\t\t<\/dt><\/dl><br style=\"clear: both\" \/><dl class='gallery-item'>\n\t\t\t<dt class='gallery-icon landscape'>\n\t\t\t\t<a href='https:\/\/www.nettali.com\/2021\/06\/02\/levee-du-corps-des-agents-de-leral-la-presse-mobilisee-aux-cotes-des-familles-eplorees\/3-9\/'><img width=\"1008\" height=\"490\" src=\"https:\/\/www.nettali.com\/wp-content\/uploads\/2021\/06\/3.jpeg\" class=\"attachment-full size-full\" alt=\"\" loading=\"lazy\" srcset=\"https:\/\/www.nettali.com\/wp-content\/uploads\/2021\/06\/3.jpeg 1008w, https:\/\/www.nettali.com\/wp-content\/uploads\/2021\/06\/3-300x146.jpeg 300w, https:\/\/www.nettali.com\/wp-content\/uploads\/2021\/06\/3-768x373.jpeg 768w\" sizes=\"(max-width: 1008px) 100vw, 1008px\" \/><\/a>\n\t\t\t<\/dt><\/dl><br style=\"clear: both\" \/><dl class='gallery-item'>\n\t\t\t<dt class='gallery-icon landscape'>\n\t\t\t\t<a href='https:\/\/www.nettali.com\/2021\/06\/02\/levee-du-corps-des-agents-de-leral-la-presse-mobilisee-aux-cotes-des-familles-eplorees\/4-5\/'><img width=\"1008\" height=\"490\" src=\"https:\/\/www.nettali.com\/wp-content\/uploads\/2021\/06\/4.jpeg\" class=\"attachment-full size-full\" alt=\"\" loading=\"lazy\" srcset=\"https:\/\/www.nettali.com\/wp-content\/uploads\/2021\/06\/4.jpeg 1008w, https:\/\/www.nettali.com\/wp-content\/uploads\/2021\/06\/4-300x146.jpeg 300w, https:\/\/www.nettali.com\/wp-content\/uploads\/2021\/06\/4-768x373.jpeg 768w\" sizes=\"(max-width: 1008px) 100vw, 1008px\" \/><\/a>\n\t\t\t<\/dt><\/dl><br style=\"clear: both\" \/><dl class='gallery-item'>\n\t\t\t<dt class='gallery-icon landscape'>\n\t\t\t\t<a href='https:\/\/www.nettali.com\/2021\/06\/02\/levee-du-corps-des-agents-de-leral-la-presse-mobilisee-aux-cotes-des-familles-eplorees\/5-4\/'><img width=\"1008\" height=\"490\" src=\"https:\/\/www.nettali.com\/wp-content\/uploads\/2021\/06\/5.jpeg\" class=\"attachment-full size-full\" alt=\"\" loading=\"lazy\" srcset=\"https:\/\/www.nettali.com\/wp-content\/uploads\/2021\/06\/5.jpeg 1008w, https:\/\/www.nettali.com\/wp-content\/uploads\/2021\/06\/5-300x146.jpeg 300w, https:\/\/www.nettali.com\/wp-content\/uploads\/2021\/06\/5-768x373.jpeg 768w\" sizes=\"(max-width: 1008px) 100vw, 1008px\" \/><\/a>\n\t\t\t<\/dt><\/dl><br style=\"clear: both\" \/><dl class='gallery-item'>\n\t\t\t<dt class='gallery-icon landscape'>\n\t\t\t\t<a href='https:\/\/www.nettali.com\/2021\/06\/02\/levee-du-corps-des-agents-de-leral-la-presse-mobilisee-aux-cotes-des-familles-eplorees\/6-3\/'><img width=\"1008\" height=\"490\" src=\"https:\/\/www.nettali.com\/wp-content\/uploads\/2021\/06\/6.jpeg\" class=\"attachment-full size-full\" alt=\"\" loading=\"lazy\" srcset=\"https:\/\/www.nettali.com\/wp-content\/uploads\/2021\/06\/6.jpeg 1008w, https:\/\/www.nettali.com\/wp-content\/uploads\/2021\/06\/6-300x146.jpeg 300w, https:\/\/www.nettali.com\/wp-content\/uploads\/2021\/06\/6-768x373.jpeg 768w\" sizes=\"(max-width: 1008px) 100vw, 1008px\" \/><\/a>\n\t\t\t<\/dt><\/dl><br style=\"clear: both\" \/><dl class='gallery-item'>\n\t\t\t<dt class='gallery-icon landscape'>\n\t\t\t\t<a href='https:\/\/www.nettali.com\/2021\/06\/02\/levee-du-corps-des-agents-de-leral-la-presse-mobilisee-aux-cotes-des-familles-eplorees\/7-3\/'><img width=\"1008\" height=\"490\" src=\"https:\/\/www.nettali.com\/wp-content\/uploads\/2021\/06\/7.jpeg\" class=\"attachment-full size-full\" alt=\"\" loading=\"lazy\" srcset=\"https:\/\/www.nettali.com\/wp-content\/uploads\/2021\/06\/7.jpeg 1008w, https:\/\/www.nettali.com\/wp-content\/uploads\/2021\/06\/7-300x146.jpeg 300w, https:\/\/www.nettali.com\/wp-content\/uploads\/2021\/06\/7-768x373.jpeg 768w\" sizes=\"(max-width: 1008px) 100vw, 1008px\" \/><\/a>\n\t\t\t<\/dt><\/dl><br style=\"clear: both\" \/><dl class='gallery-item'>\n\t\t\t<dt class='gallery-icon landscape'>\n\t\t\t\t<a href='https:\/\/www.nettali.com\/2021\/06\/02\/levee-du-corps-des-agents-de-leral-la-presse-mobilisee-aux-cotes-des-familles-eplorees\/8-3\/'><img width=\"1008\" height=\"490\" src=\"https:\/\/www.nettali.com\/wp-content\/uploads\/2021\/06\/8.jpeg\" class=\"attachment-full size-full\" alt=\"\" loading=\"lazy\" srcset=\"https:\/\/www.nettali.com\/wp-content\/uploads\/2021\/06\/8.jpeg 1008w, https:\/\/www.nettali.com\/wp-content\/uploads\/2021\/06\/8-300x146.jpeg 300w, https:\/\/www.nettali.com\/wp-content\/uploads\/2021\/06\/8-768x373.jpeg 768w\" sizes=\"(max-width: 1008px) 100vw, 1008px\" \/><\/a>\n\t\t\t<\/dt><\/dl><br style=\"clear: both\" \/><dl class='gallery-item'>\n\t\t\t<dt class='gallery-icon landscape'>\n\t\t\t\t<a href='https:\/\/www.nettali.com\/2021\/06\/02\/levee-du-corps-des-agents-de-leral-la-presse-mobilisee-aux-cotes-des-familles-eplorees\/9-3\/'><img width=\"1008\" height=\"490\" src=\"https:\/\/www.nettali.com\/wp-content\/uploads\/2021\/06\/9.jpeg\" class=\"attachment-full size-full\" alt=\"\" loading=\"lazy\" srcset=\"https:\/\/www.nettali.com\/wp-content\/uploads\/2021\/06\/9.jpeg 1008w, https:\/\/www.nettali.com\/wp-content\/uploads\/2021\/06\/9-300x146.jpeg 300w, https:\/\/www.nettali.com\/wp-content\/uploads\/2021\/06\/9-768x373.jpeg 768w\" sizes=\"(max-width: 1008px) 100vw, 1008px\" \/><\/a>\n\t\t\t<\/dt><\/dl><br style=\"clear: both\" \/><dl class='gallery-item'>\n\t\t\t<dt class='gallery-icon landscape'>\n\t\t\t\t<a href='https:\/\/www.nettali.com\/2021\/06\/02\/levee-du-corps-des-agents-de-leral-la-presse-mobilisee-aux-cotes-des-familles-eplorees\/10-3\/'><img width=\"1008\" height=\"490\" src=\"https:\/\/www.nettali.com\/wp-content\/uploads\/2021\/06\/10.jpeg\" class=\"attachment-full size-full\" alt=\"\" loading=\"lazy\" srcset=\"https:\/\/www.nettali.com\/wp-content\/uploads\/2021\/06\/10.jpeg 1008w, https:\/\/www.nettali.com\/wp-content\/uploads\/2021\/06\/10-300x146.jpeg 300w, https:\/\/www.nettali.com\/wp-content\/uploads\/2021\/06\/10-768x373.jpeg 768w\" sizes=\"(max-width: 1008px) 100vw, 1008px\" \/><\/a>\n\t\t\t<\/dt><\/dl><br style=\"clear: both\" \/><dl class='gallery-item'>\n\t\t\t<dt class='gallery-icon landscape'>\n\t\t\t\t<a href='https:\/\/www.nettali.com\/2021\/06\/02\/levee-du-corps-des-agents-de-leral-la-presse-mobilisee-aux-cotes-des-familles-eplorees\/11-5\/'><img width=\"1008\" height=\"490\" src=\"https:\/\/www.nettali.com\/wp-content\/uploads\/2021\/06\/11.jpeg\" class=\"attachment-full size-full\" alt=\"\" loading=\"lazy\" srcset=\"https:\/\/www.nettali.com\/wp-content\/uploads\/2021\/06\/11.jpeg 1008w, https:\/\/www.nettali.com\/wp-content\/uploads\/2021\/06\/11-300x146.jpeg 300w, https:\/\/www.nettali.com\/wp-content\/uploads\/2021\/06\/11-768x373.jpeg 768w\" sizes=\"(max-width: 1008px) 100vw, 1008px\" \/><\/a>\n\t\t\t<\/dt><\/dl><br style=\"clear: both\" \/>\n\t\t<\/div>\n\n<\/div>\n<div class='share-to-whatsapp-wrapper'><div class='share-on-whsp'>PARTAGER SUR : <\/div><a data-text='LEVEE DU CORPS DES AGENTS DE LERAL - La presse mobilis\u00e9e aux c\u00f4t\u00e9s des familles \u00e9plor\u00e9es' data-link='https:\/\/www.nettali.com\/2021\/06\/02\/levee-du-corps-des-agents-de-leral-la-presse-mobilisee-aux-cotes-des-familles-eplorees\/' class='whatsapp-button whatsapp-share'>WhatsApp<\/a><div class='clear '><\/div><\/div>","protected":false},"excerpt":{"rendered":"<p>NETTALI.COM - La presse a \u00e9t\u00e9 nombreuse ce matin \u00e0 l'h\u00f4pital Principal de Dakar lors de la lev\u00e9e du corps des agents de Leral, morts accidentellement sur la route de K\u00e9dougou lors de la tourn\u00e9e \u00e9conomique du chef de l'Etat, Macky Sall. Plusieurs patrons de presse, Youssou Ndour, Pca du Groupe Futurs M\u00e9dias (GFM), Bougane [&hellip;]<\/p>\n","protected":false},"author":4,"featured_media":65198,"comment_status":"open","ping_status":"open","sticky":false,"template":"","format":"standard","meta":{"_et_pb_use_builder":"","_et_pb_old_content":""},"categories":[3878,3],"tags":[],"yoast_head":"<!-- This site is optimized with the Yoast SEO Premium plugin v17.8 (Yoast SEO v17.8) - https:\/\/yoast.com\/wordpress\/plugins\/seo\/ -->\n<title>LEVEE DU CORPS DES AGENTS DE LERAL - La presse mobilis\u00e9e aux c\u00f4t\u00e9s des familles \u00e9plor\u00e9es | Nettali.com<\/title>\n<meta name=\"robots\" content=\"index, follow, max-snippet:-1, max-image-preview:large, max-video-preview:-1\" \/>\n<link rel=\"canonical\" href=\"https:\/\/www.nettali.com\/2021\/06\/02\/levee-du-corps-des-agents-de-leral-la-presse-mobilisee-aux-cotes-des-familles-eplorees\/\" \/>\n<meta property=\"og:locale\" content=\"fr_FR\" \/>\n<meta property=\"og:type\" content=\"article\" \/>\n<meta property=\"og:title\" content=\"LEVEE DU CORPS DES AGENTS DE LERAL - La presse mobilis\u00e9e aux c\u00f4t\u00e9s des familles \u00e9plor\u00e9es\" \/>\n<meta property=\"og:description\" content=\"NETTALI.COM - La presse a \u00e9t\u00e9 nombreuse ce matin \u00e0 l&#039;h\u00f4pital Principal de Dakar lors de la lev\u00e9e du corps des agents de Leral, morts accidentellement sur la route de K\u00e9dougou lors de la tourn\u00e9e \u00e9conomique du chef de l&#039;Etat, Macky Sall. Plusieurs patrons de presse, Youssou Ndour, Pca du Groupe Futurs M\u00e9dias (GFM), Bougane [&hellip;]\" \/>\n<meta property=\"og:url\" content=\"https:\/\/www.nettali.com\/2021\/06\/02\/levee-du-corps-des-agents-de-leral-la-presse-mobilisee-aux-cotes-des-familles-eplorees\/\" \/>\n<meta property=\"og:site_name\" content=\"Nettali.com\" \/>\n<meta property=\"article:publisher\" content=\"https:\/\/www.facebook.com\/nettalicom\" \/>\n<meta property=\"article:published_time\" content=\"2021-06-02T17:07:30+00:00\" \/>\n<meta property=\"article:modified_time\" content=\"2021-06-03T18:37:40+00:00\" \/>\n<meta property=\"og:image\" content=\"https:\/\/www.nettali.com\/wp-content\/uploads\/2021\/06\/8.jpeg\" \/>\n\t<meta property=\"og:image:width\" content=\"1008\" \/>\n\t<meta property=\"og:image:height\" content=\"490\" \/>\n<meta name=\"twitter:card\" content=\"summary_large_image\" \/>\n<meta name=\"twitter:label1\" content=\"\u00c9crit par\" \/>\n\t<meta name=\"twitter:data1\" content=\"Daouda\" \/>\n\t<meta name=\"twitter:label2\" content=\"Dur\u00e9e de lecture estim\u00e9e\" \/>\n\t<meta name=\"twitter:data2\" content=\"1 minute\" \/>\n<script type=\"application\/ld+json\" class=\"yoast-schema-graph\">{\"@context\":\"https:\/\/schema.org\",\"@graph\":[{\"@type\":\"WebSite\",\"@id\":\"https:\/\/www.nettali.com\/#website\",\"url\":\"https:\/\/www.nettali.com\/\",\"name\":\"Nettali.com\",\"description\":\"Le rendez-vous critique du Net\",\"potentialAction\":[{\"@type\":\"SearchAction\",\"target\":{\"@type\":\"EntryPoint\",\"urlTemplate\":\"https:\/\/www.nettali.com\/?s={search_term_string}\"},\"query-input\":\"required name=search_term_string\"}],\"inLanguage\":\"fr-FR\"},{\"@type\":\"ImageObject\",\"@id\":\"https:\/\/www.nettali.com\/2021\/06\/02\/levee-du-corps-des-agents-de-leral-la-presse-mobilisee-aux-cotes-des-familles-eplorees\/#primaryimage\",\"inLanguage\":\"fr-FR\",\"url\":\"https:\/\/www.nettali.com\/wp-content\/uploads\/2021\/06\/8.jpeg\",\"contentUrl\":\"https:\/\/www.nettali.com\/wp-content\/uploads\/2021\/06\/8.jpeg\",\"width\":1008,\"height\":490},{\"@type\":\"WebPage\",\"@id\":\"https:\/\/www.nettali.com\/2021\/06\/02\/levee-du-corps-des-agents-de-leral-la-presse-mobilisee-aux-cotes-des-familles-eplorees\/#webpage\",\"url\":\"https:\/\/www.nettali.com\/2021\/06\/02\/levee-du-corps-des-agents-de-leral-la-presse-mobilisee-aux-cotes-des-familles-eplorees\/\",\"name\":\"LEVEE DU CORPS DES AGENTS DE LERAL - La presse mobilis\\u00e9e aux c\\u00f4t\\u00e9s des familles \\u00e9plor\\u00e9es | Nettali.com\",\"isPartOf\":{\"@id\":\"https:\/\/www.nettali.com\/#website\"},\"primaryImageOfPage\":{\"@id\":\"https:\/\/www.nettali.com\/2021\/06\/02\/levee-du-corps-des-agents-de-leral-la-presse-mobilisee-aux-cotes-des-familles-eplorees\/#primaryimage\"},\"datePublished\":\"2021-06-02T17:07:30+00:00\",\"dateModified\":\"2021-06-03T18:37:40+00:00\",\"author\":{\"@id\":\"https:\/\/www.nettali.com\/#\/schema\/person\/3317e0bb3aa1da309fbf7b2780901bf4\"},\"breadcrumb\":{\"@id\":\"https:\/\/www.nettali.com\/2021\/06\/02\/levee-du-corps-des-agents-de-leral-la-presse-mobilisee-aux-cotes-des-familles-eplorees\/#breadcrumb\"},\"inLanguage\":\"fr-FR\",\"potentialAction\":[{\"@type\":\"ReadAction\",\"target\":[\"https:\/\/www.nettali.com\/2021\/06\/02\/levee-du-corps-des-agents-de-leral-la-presse-mobilisee-aux-cotes-des-familles-eplorees\/\"]}]},{\"@type\":\"BreadcrumbList\",\"@id\":\"https:\/\/www.nettali.com\/2021\/06\/02\/levee-du-corps-des-agents-de-leral-la-presse-mobilisee-aux-cotes-des-familles-eplorees\/#breadcrumb\",\"itemListElement\":[{\"@type\":\"ListItem\",\"position\":1,\"name\":\"Accueil\",\"item\":\"https:\/\/www.nettali.com\/\"},{\"@type\":\"ListItem\",\"position\":2,\"name\":\"LEVEE DU CORPS DES AGENTS DE LERAL &#8211; La presse mobilis\\u00e9e aux c\\u00f4t\\u00e9s des familles \\u00e9plor\\u00e9es\"}]},{\"@type\":\"Person\",\"@id\":\"https:\/\/www.nettali.com\/#\/schema\/person\/3317e0bb3aa1da309fbf7b2780901bf4\",\"name\":\"Daouda\",\"image\":{\"@type\":\"ImageObject\",\"@id\":\"https:\/\/www.nettali.com\/#personlogo\",\"inLanguage\":\"fr-FR\",\"url\":\"https:\/\/secure.gravatar.com\/avatar\/8d143b5a49345098ddcfee1c49c2f47c?s=96&d=mm&r=g\",\"contentUrl\":\"https:\/\/secure.gravatar.com\/avatar\/8d143b5a49345098ddcfee1c49c2f47c?s=96&d=mm&r=g\",\"caption\":\"Daouda\"},\"sameAs\":[\"https:\/\/www.nettali.com\"]}]}<\/script>\n<!-- \/ Yoast SEO Premium plugin. -->","yoast_head_json":{"title":"LEVEE DU CORPS DES AGENTS DE LERAL - La presse mobilis\u00e9e aux c\u00f4t\u00e9s des familles \u00e9plor\u00e9es | Nettali.com","robots":{"index":"index","follow":"follow","max-snippet":"max-snippet:-1","max-image-preview":"max-image-preview:large","max-video-preview":"max-video-preview:-1"},"canonical":"https:\/\/www.nettali.com\/2021\/06\/02\/levee-du-corps-des-agents-de-leral-la-presse-mobilisee-aux-cotes-des-familles-eplorees\/","og_locale":"fr_FR","og_type":"article","og_title":"LEVEE DU CORPS DES AGENTS DE LERAL - La presse mobilis\u00e9e aux c\u00f4t\u00e9s des familles \u00e9plor\u00e9es","og_description":"NETTALI.COM - La presse a \u00e9t\u00e9 nombreuse ce matin \u00e0 l'h\u00f4pital Principal de Dakar lors de la lev\u00e9e du corps des agents de Leral, morts accidentellement sur la route de K\u00e9dougou lors de la tourn\u00e9e \u00e9conomique du chef de l'Etat, Macky Sall. Plusieurs patrons de presse, Youssou Ndour, Pca du Groupe Futurs M\u00e9dias (GFM), Bougane [&hellip;]","og_url":"https:\/\/www.nettali.com\/2021\/06\/02\/levee-du-corps-des-agents-de-leral-la-presse-mobilisee-aux-cotes-des-familles-eplorees\/","og_site_name":"Nettali.com","article_publisher":"https:\/\/www.facebook.com\/nettalicom","article_published_time":"2021-06-02T17:07:30+00:00","article_modified_time":"2021-06-03T18:37:40+00:00","og_image":[{"width":1008,"height":490,"url":"https:\/\/www.nettali.com\/wp-content\/uploads\/2021\/06\/8.jpeg","type":"image\/jpeg"}],"twitter_card":"summary_large_image","twitter_misc":{"\u00c9crit par":"Daouda","Dur\u00e9e de lecture estim\u00e9e":"1 minute"},"schema":{"@context":"https:\/\/schema.org","@graph":[{"@type":"WebSite","@id":"https:\/\/www.nettali.com\/#website","url":"https:\/\/www.nettali.com\/","name":"Nettali.com","description":"Le rendez-vous critique du Net","potentialAction":[{"@type":"SearchAction","target":{"@type":"EntryPoint","urlTemplate":"https:\/\/www.nettali.com\/?s={search_term_string}"},"query-input":"required name=search_term_string"}],"inLanguage":"fr-FR"},{"@type":"ImageObject","@id":"https:\/\/www.nettali.com\/2021\/06\/02\/levee-du-corps-des-agents-de-leral-la-presse-mobilisee-aux-cotes-des-familles-eplorees\/#primaryimage","inLanguage":"fr-FR","url":"https:\/\/www.nettali.com\/wp-content\/uploads\/2021\/06\/8.jpeg","contentUrl":"https:\/\/www.nettali.com\/wp-content\/uploads\/2021\/06\/8.jpeg","width":1008,"height":490},{"@type":"WebPage","@id":"https:\/\/www.nettali.com\/2021\/06\/02\/levee-du-corps-des-agents-de-leral-la-presse-mobilisee-aux-cotes-des-familles-eplorees\/#webpage","url":"https:\/\/www.nettali.com\/2021\/06\/02\/levee-du-corps-des-agents-de-leral-la-presse-mobilisee-aux-cotes-des-familles-eplorees\/","name":"LEVEE DU CORPS DES AGENTS DE LERAL - La presse mobilis\u00e9e aux c\u00f4t\u00e9s des familles \u00e9plor\u00e9es | Nettali.com","isPartOf":{"@id":"https:\/\/www.nettali.com\/#website"},"primaryImageOfPage":{"@id":"https:\/\/www.nettali.com\/2021\/06\/02\/levee-du-corps-des-agents-de-leral-la-presse-mobilisee-aux-cotes-des-familles-eplorees\/#primaryimage"},"datePublished":"2021-06-02T17:07:30+00:00","dateModified":"2021-06-03T18:37:40+00:00","author":{"@id":"https:\/\/www.nettali.com\/#\/schema\/person\/3317e0bb3aa1da309fbf7b2780901bf4"},"breadcrumb":{"@id":"https:\/\/www.nettali.com\/2021\/06\/02\/levee-du-corps-des-agents-de-leral-la-presse-mobilisee-aux-cotes-des-familles-eplorees\/#breadcrumb"},"inLanguage":"fr-FR","potentialAction":[{"@type":"ReadAction","target":["https:\/\/www.nettali.com\/2021\/06\/02\/levee-du-corps-des-agents-de-leral-la-presse-mobilisee-aux-cotes-des-familles-eplorees\/"]}]},{"@type":"BreadcrumbList","@id":"https:\/\/www.nettali.com\/2021\/06\/02\/levee-du-corps-des-agents-de-leral-la-presse-mobilisee-aux-cotes-des-familles-eplorees\/#breadcrumb","itemListElement":[{"@type":"ListItem","position":1,"name":"Accueil","item":"https:\/\/www.nettali.com\/"},{"@type":"ListItem","position":2,"name":"LEVEE DU CORPS DES AGENTS DE LERAL &#8211; La presse mobilis\u00e9e aux c\u00f4t\u00e9s des familles \u00e9plor\u00e9es"}]},{"@type":"Person","@id":"https:\/\/www.nettali.com\/#\/schema\/person\/3317e0bb3aa1da309fbf7b2780901bf4","name":"Daouda","image":{"@type":"ImageObject","@id":"https:\/\/www.nettali.com\/#personlogo","inLanguage":"fr-FR","url":"https:\/\/secure.gravatar.com\/avatar\/8d143b5a49345098ddcfee1c49c2f47c?s=96&d=mm&r=g","contentUrl":"https:\/\/secure.gravatar.com\/avatar\/8d143b5a49345098ddcfee1c49c2f47c?s=96&d=mm&r=g","caption":"Daouda"},"sameAs":["https:\/\/www.nettali.com"]}]}},"_links":{"self":[{"href":"https:\/\/www.nettali.com\/rest\/wp\/v2\/posts\/65190"}],"collection":[{"href":"https:\/\/www.nettali.com\/rest\/wp\/v2\/posts"}],"about":[{"href":"https:\/\/www.nettali.com\/rest\/wp\/v2\/types\/post"}],"author":[{"embeddable":true,"href":"https:\/\/www.nettali.com\/rest\/wp\/v2\/users\/4"}],"replies":[{"embeddable":true,"href":"https:\/\/www.nettali.com\/rest\/wp\/v2\/comments?post=65190"}],"version-history":[{"count":3,"href":"https:\/\/www.nettali.com\/rest\/wp\/v2\/posts\/65190\/revisions"}],"predecessor-version":[{"id":65210,"href":"https:\/\/www.nettali.com\/rest\/wp\/v2\/posts\/65190\/revisions\/65210"}],"wp:featuredmedia":[{"embeddable":true,"href":"https:\/\/www.nettali.com\/rest\/wp\/v2\/media\/65198"}],"wp:attachment":[{"href":"https:\/\/www.nettali.com\/rest\/wp\/v2\/media?parent=65190"}],"wp:term":[{"taxonomy":"category","embeddable":true,"href":"https:\/\/www.nettali.com\/rest\/wp\/v2\/categories?post=65190"},{"taxonomy":"post_tag","embeddable":true,"href":"https:\/\/www.nettali.com\/rest\/wp\/v2\/tags?post=65190"}],"curies":[{"name":"wp","href":"https:\/\/api.w.org\/{rel}","templated":true}]}}