{"id":65148,"date":"2021-06-02T00:07:23","date_gmt":"2021-06-02T00:07:23","guid":{"rendered":"https:\/\/www.nettali.com\/?p=65148"},"modified":"2021-06-02T10:48:12","modified_gmt":"2021-06-02T10:48:12","slug":"evasion-de-boy-djinne-les-sanctions-commencent-a-to","status":"publish","type":"post","link":"https:\/\/www.nettali.com\/2021\/06\/02\/evasion-de-boy-djinne-les-sanctions-commencent-a-to\/","title":{"rendered":"EVASION DE BOY DJINNE - Le directeur du camp p\u00e9nal relev\u00e9 de ses fonctions"},"content":{"rendered":"<p class=\"summary_label\"><strong>NETTALI.COM - Apr\u00e8s la mise aux arr\u00eats des rigueurs des agents en charge de la surveillance de \"Boy Djinn\u00e9\" le jour de son \u00e9vasion, le Directeur du Camp P\u00e9nal de Libert\u00e9 6 est relev\u00e9 de ses fonctions. Il vient d'\u00eatre remplac\u00e9 sur d\u00e9cision du ministre de la Justice.<\/strong><\/p>\n<div id=\"printable\" class=\"text_body\">\n<p>Apr\u00e8s l'\u00e9vasion de \"Boy Djinn\u00e9\", les sanctions commencent \u00e0 tomber. Les agents qui assuraient sa garde ont \u00e9t\u00e9 mis aux arr\u00eats et le contr\u00f4leur Baye Alley Kont\u00e9, d\u00e9sormais ex-directeur de la prison du Camp p\u00e9nal de Libert\u00e9 6, a \u00e9t\u00e9 remplac\u00e9 \u00e0 ce poste par l\u2019inspecteur Oumar Diop, pr\u00e9c\u00e9demment chef de la Division des ressources humaines de l\u2019administration p\u00e9nitentiaire.<\/p>\n<p>Une d\u00e9cision prise ce mardi par le Garde des Sceaux ministre de la Justice, Me Malick Sall.<\/p>\n<div id=\"printable\" class=\"text_body\">\n<p>L'inspecteur Rose Sarr, pr\u00e9c\u00e9demment en service \u00e0 la Direction de la s\u00e9curit\u00e9 p\u00e9nitentiaire, est nomm\u00e9e Directrice des ressources humaines, en remplacement de Monsieur Oumar Diop, selon le m\u00eame arr\u00eat\u00e9.<\/p>\n<p><img loading=\"lazy\" class=\"alignnone size-large wp-image-65153\" src=\"https:\/\/www.nettali.com\/wp-content\/uploads\/2021\/06\/WhatsApp-Image-2021-06-01-at-23.35.44.jpeg\" alt=\"\" width=\"720\" height=\"816\" srcset=\"https:\/\/www.nettali.com\/wp-content\/uploads\/2021\/06\/WhatsApp-Image-2021-06-01-at-23.35.44.jpeg 720w, https:\/\/www.nettali.com\/wp-content\/uploads\/2021\/06\/WhatsApp-Image-2021-06-01-at-23.35.44-265x300.jpeg 265w\" sizes=\"(max-width: 720px) 100vw, 720px\" \/><\/p>\n<p>&nbsp;<\/p>\n<p>&nbsp;<\/p>\n<\/div>\n<\/div>\n<div class='share-to-whatsapp-wrapper'><div class='share-on-whsp'>PARTAGER SUR : <\/div><a data-text='EVASION DE BOY DJINNE - Le directeur du camp p\u00e9nal relev\u00e9 de ses fonctions' data-link='https:\/\/www.nettali.com\/2021\/06\/02\/evasion-de-boy-djinne-les-sanctions-commencent-a-to\/' class='whatsapp-button whatsapp-share'>WhatsApp<\/a><div class='clear '><\/div><\/div>","protected":false},"excerpt":{"rendered":"<p>NETTALI.COM - Apr\u00e8s la mise aux arr\u00eats des rigueurs des agents en charge de la surveillance de \"Boy Djinn\u00e9\" le jour de son \u00e9vasion, le Directeur du Camp P\u00e9nal de Libert\u00e9 6 est relev\u00e9 de ses fonctions. Il vient d'\u00eatre remplac\u00e9 sur d\u00e9cision du ministre de la Justice. Apr\u00e8s l'\u00e9vasion de \"Boy Djinn\u00e9\", les sanctions [&hellip;]<\/p>\n","protected":false},"author":4,"featured_media":64982,"comment_status":"open","ping_status":"open","sticky":false,"template":"","format":"standard","meta":{"_et_pb_use_builder":"","_et_pb_old_content":""},"categories":[3],"tags":[],"yoast_head":"<!-- This site is optimized with the Yoast SEO Premium plugin v17.8 (Yoast SEO v17.8) - https:\/\/yoast.com\/wordpress\/plugins\/seo\/ -->\n<title>EVASION DE BOY DJINNE - Le directeur du camp p\u00e9nal relev\u00e9 de ses fonctions | Nettali.com<\/title>\n<meta name=\"robots\" content=\"index, follow, max-snippet:-1, max-image-preview:large, max-video-preview:-1\" \/>\n<link rel=\"canonical\" href=\"https:\/\/www.nettali.com\/2021\/06\/02\/evasion-de-boy-djinne-les-sanctions-commencent-a-to\/\" \/>\n<meta property=\"og:locale\" content=\"fr_FR\" \/>\n<meta property=\"og:type\" content=\"article\" \/>\n<meta property=\"og:title\" content=\"EVASION DE BOY DJINNE - Le directeur du camp p\u00e9nal relev\u00e9 de ses fonctions\" \/>\n<meta property=\"og:description\" content=\"NETTALI.COM - Apr\u00e8s la mise aux arr\u00eats des rigueurs des agents en charge de la surveillance de &quot;Boy Djinn\u00e9&quot; le jour de son \u00e9vasion, le Directeur du Camp P\u00e9nal de Libert\u00e9 6 est relev\u00e9 de ses fonctions. Il vient d&#039;\u00eatre remplac\u00e9 sur d\u00e9cision du ministre de la Justice. Apr\u00e8s l&#039;\u00e9vasion de &quot;Boy Djinn\u00e9&quot;, les sanctions [&hellip;]\" \/>\n<meta property=\"og:url\" content=\"https:\/\/www.nettali.com\/2021\/06\/02\/evasion-de-boy-djinne-les-sanctions-commencent-a-to\/\" \/>\n<meta property=\"og:site_name\" content=\"Nettali.com\" \/>\n<meta property=\"article:publisher\" content=\"https:\/\/www.facebook.com\/nettalicom\" \/>\n<meta property=\"article:published_time\" content=\"2021-06-02T00:07:23+00:00\" \/>\n<meta property=\"article:modified_time\" content=\"2021-06-02T10:48:12+00:00\" \/>\n<meta property=\"og:image\" content=\"https:\/\/www.nettali.com\/wp-content\/uploads\/2021\/05\/51759450-39655796.jpg\" \/>\n\t<meta property=\"og:image:width\" content=\"800\" \/>\n\t<meta property=\"og:image:height\" content=\"600\" \/>\n<meta name=\"twitter:card\" content=\"summary_large_image\" \/>\n<meta name=\"twitter:label1\" content=\"\u00c9crit par\" \/>\n\t<meta name=\"twitter:data1\" content=\"Daouda\" \/>\n\t<meta name=\"twitter:label2\" content=\"Dur\u00e9e de lecture estim\u00e9e\" \/>\n\t<meta name=\"twitter:data2\" content=\"1 minute\" \/>\n<script type=\"application\/ld+json\" class=\"yoast-schema-graph\">{\"@context\":\"https:\/\/schema.org\",\"@graph\":[{\"@type\":\"WebSite\",\"@id\":\"https:\/\/www.nettali.com\/#website\",\"url\":\"https:\/\/www.nettali.com\/\",\"name\":\"Nettali.com\",\"description\":\"Le rendez-vous critique du Net\",\"potentialAction\":[{\"@type\":\"SearchAction\",\"target\":{\"@type\":\"EntryPoint\",\"urlTemplate\":\"https:\/\/www.nettali.com\/?s={search_term_string}\"},\"query-input\":\"required name=search_term_string\"}],\"inLanguage\":\"fr-FR\"},{\"@type\":\"ImageObject\",\"@id\":\"https:\/\/www.nettali.com\/2021\/06\/02\/evasion-de-boy-djinne-les-sanctions-commencent-a-to\/#primaryimage\",\"inLanguage\":\"fr-FR\",\"url\":\"https:\/\/www.nettali.com\/wp-content\/uploads\/2021\/05\/51759450-39655796.jpg\",\"contentUrl\":\"https:\/\/www.nettali.com\/wp-content\/uploads\/2021\/05\/51759450-39655796.jpg\",\"width\":800,\"height\":600},{\"@type\":\"WebPage\",\"@id\":\"https:\/\/www.nettali.com\/2021\/06\/02\/evasion-de-boy-djinne-les-sanctions-commencent-a-to\/#webpage\",\"url\":\"https:\/\/www.nettali.com\/2021\/06\/02\/evasion-de-boy-djinne-les-sanctions-commencent-a-to\/\",\"name\":\"EVASION DE BOY DJINNE - Le directeur du camp p\\u00e9nal relev\\u00e9 de ses fonctions | Nettali.com\",\"isPartOf\":{\"@id\":\"https:\/\/www.nettali.com\/#website\"},\"primaryImageOfPage\":{\"@id\":\"https:\/\/www.nettali.com\/2021\/06\/02\/evasion-de-boy-djinne-les-sanctions-commencent-a-to\/#primaryimage\"},\"datePublished\":\"2021-06-02T00:07:23+00:00\",\"dateModified\":\"2021-06-02T10:48:12+00:00\",\"author\":{\"@id\":\"https:\/\/www.nettali.com\/#\/schema\/person\/3317e0bb3aa1da309fbf7b2780901bf4\"},\"breadcrumb\":{\"@id\":\"https:\/\/www.nettali.com\/2021\/06\/02\/evasion-de-boy-djinne-les-sanctions-commencent-a-to\/#breadcrumb\"},\"inLanguage\":\"fr-FR\",\"potentialAction\":[{\"@type\":\"ReadAction\",\"target\":[\"https:\/\/www.nettali.com\/2021\/06\/02\/evasion-de-boy-djinne-les-sanctions-commencent-a-to\/\"]}]},{\"@type\":\"BreadcrumbList\",\"@id\":\"https:\/\/www.nettali.com\/2021\/06\/02\/evasion-de-boy-djinne-les-sanctions-commencent-a-to\/#breadcrumb\",\"itemListElement\":[{\"@type\":\"ListItem\",\"position\":1,\"name\":\"Accueil\",\"item\":\"https:\/\/www.nettali.com\/\"},{\"@type\":\"ListItem\",\"position\":2,\"name\":\"EVASION DE BOY DJINNE &#8211; Le directeur du camp p\\u00e9nal relev\\u00e9 de ses fonctions\"}]},{\"@type\":\"Person\",\"@id\":\"https:\/\/www.nettali.com\/#\/schema\/person\/3317e0bb3aa1da309fbf7b2780901bf4\",\"name\":\"Daouda\",\"image\":{\"@type\":\"ImageObject\",\"@id\":\"https:\/\/www.nettali.com\/#personlogo\",\"inLanguage\":\"fr-FR\",\"url\":\"https:\/\/secure.gravatar.com\/avatar\/8d143b5a49345098ddcfee1c49c2f47c?s=96&d=mm&r=g\",\"contentUrl\":\"https:\/\/secure.gravatar.com\/avatar\/8d143b5a49345098ddcfee1c49c2f47c?s=96&d=mm&r=g\",\"caption\":\"Daouda\"},\"sameAs\":[\"https:\/\/www.nettali.com\"]}]}<\/script>\n<!-- \/ Yoast SEO Premium plugin. -->","yoast_head_json":{"title":"EVASION DE BOY DJINNE - Le directeur du camp p\u00e9nal relev\u00e9 de ses fonctions | Nettali.com","robots":{"index":"index","follow":"follow","max-snippet":"max-snippet:-1","max-image-preview":"max-image-preview:large","max-video-preview":"max-video-preview:-1"},"canonical":"https:\/\/www.nettali.com\/2021\/06\/02\/evasion-de-boy-djinne-les-sanctions-commencent-a-to\/","og_locale":"fr_FR","og_type":"article","og_title":"EVASION DE BOY DJINNE - Le directeur du camp p\u00e9nal relev\u00e9 de ses fonctions","og_description":"NETTALI.COM - Apr\u00e8s la mise aux arr\u00eats des rigueurs des agents en charge de la surveillance de \"Boy Djinn\u00e9\" le jour de son \u00e9vasion, le Directeur du Camp P\u00e9nal de Libert\u00e9 6 est relev\u00e9 de ses fonctions. Il vient d'\u00eatre remplac\u00e9 sur d\u00e9cision du ministre de la Justice. Apr\u00e8s l'\u00e9vasion de \"Boy Djinn\u00e9\", les sanctions [&hellip;]","og_url":"https:\/\/www.nettali.com\/2021\/06\/02\/evasion-de-boy-djinne-les-sanctions-commencent-a-to\/","og_site_name":"Nettali.com","article_publisher":"https:\/\/www.facebook.com\/nettalicom","article_published_time":"2021-06-02T00:07:23+00:00","article_modified_time":"2021-06-02T10:48:12+00:00","og_image":[{"width":800,"height":600,"url":"https:\/\/www.nettali.com\/wp-content\/uploads\/2021\/05\/51759450-39655796.jpg","type":"image\/jpeg"}],"twitter_card":"summary_large_image","twitter_misc":{"\u00c9crit par":"Daouda","Dur\u00e9e de lecture estim\u00e9e":"1 minute"},"schema":{"@context":"https:\/\/schema.org","@graph":[{"@type":"WebSite","@id":"https:\/\/www.nettali.com\/#website","url":"https:\/\/www.nettali.com\/","name":"Nettali.com","description":"Le rendez-vous critique du Net","potentialAction":[{"@type":"SearchAction","target":{"@type":"EntryPoint","urlTemplate":"https:\/\/www.nettali.com\/?s={search_term_string}"},"query-input":"required name=search_term_string"}],"inLanguage":"fr-FR"},{"@type":"ImageObject","@id":"https:\/\/www.nettali.com\/2021\/06\/02\/evasion-de-boy-djinne-les-sanctions-commencent-a-to\/#primaryimage","inLanguage":"fr-FR","url":"https:\/\/www.nettali.com\/wp-content\/uploads\/2021\/05\/51759450-39655796.jpg","contentUrl":"https:\/\/www.nettali.com\/wp-content\/uploads\/2021\/05\/51759450-39655796.jpg","width":800,"height":600},{"@type":"WebPage","@id":"https:\/\/www.nettali.com\/2021\/06\/02\/evasion-de-boy-djinne-les-sanctions-commencent-a-to\/#webpage","url":"https:\/\/www.nettali.com\/2021\/06\/02\/evasion-de-boy-djinne-les-sanctions-commencent-a-to\/","name":"EVASION DE BOY DJINNE - Le directeur du camp p\u00e9nal relev\u00e9 de ses fonctions | Nettali.com","isPartOf":{"@id":"https:\/\/www.nettali.com\/#website"},"primaryImageOfPage":{"@id":"https:\/\/www.nettali.com\/2021\/06\/02\/evasion-de-boy-djinne-les-sanctions-commencent-a-to\/#primaryimage"},"datePublished":"2021-06-02T00:07:23+00:00","dateModified":"2021-06-02T10:48:12+00:00","author":{"@id":"https:\/\/www.nettali.com\/#\/schema\/person\/3317e0bb3aa1da309fbf7b2780901bf4"},"breadcrumb":{"@id":"https:\/\/www.nettali.com\/2021\/06\/02\/evasion-de-boy-djinne-les-sanctions-commencent-a-to\/#breadcrumb"},"inLanguage":"fr-FR","potentialAction":[{"@type":"ReadAction","target":["https:\/\/www.nettali.com\/2021\/06\/02\/evasion-de-boy-djinne-les-sanctions-commencent-a-to\/"]}]},{"@type":"BreadcrumbList","@id":"https:\/\/www.nettali.com\/2021\/06\/02\/evasion-de-boy-djinne-les-sanctions-commencent-a-to\/#breadcrumb","itemListElement":[{"@type":"ListItem","position":1,"name":"Accueil","item":"https:\/\/www.nettali.com\/"},{"@type":"ListItem","position":2,"name":"EVASION DE BOY DJINNE &#8211; Le directeur du camp p\u00e9nal relev\u00e9 de ses fonctions"}]},{"@type":"Person","@id":"https:\/\/www.nettali.com\/#\/schema\/person\/3317e0bb3aa1da309fbf7b2780901bf4","name":"Daouda","image":{"@type":"ImageObject","@id":"https:\/\/www.nettali.com\/#personlogo","inLanguage":"fr-FR","url":"https:\/\/secure.gravatar.com\/avatar\/8d143b5a49345098ddcfee1c49c2f47c?s=96&d=mm&r=g","contentUrl":"https:\/\/secure.gravatar.com\/avatar\/8d143b5a49345098ddcfee1c49c2f47c?s=96&d=mm&r=g","caption":"Daouda"},"sameAs":["https:\/\/www.nettali.com"]}]}},"_links":{"self":[{"href":"https:\/\/www.nettali.com\/rest\/wp\/v2\/posts\/65148"}],"collection":[{"href":"https:\/\/www.nettali.com\/rest\/wp\/v2\/posts"}],"about":[{"href":"https:\/\/www.nettali.com\/rest\/wp\/v2\/types\/post"}],"author":[{"embeddable":true,"href":"https:\/\/www.nettali.com\/rest\/wp\/v2\/users\/4"}],"replies":[{"embeddable":true,"href":"https:\/\/www.nettali.com\/rest\/wp\/v2\/comments?post=65148"}],"version-history":[{"count":4,"href":"https:\/\/www.nettali.com\/rest\/wp\/v2\/posts\/65148\/revisions"}],"predecessor-version":[{"id":65157,"href":"https:\/\/www.nettali.com\/rest\/wp\/v2\/posts\/65148\/revisions\/65157"}],"wp:featuredmedia":[{"embeddable":true,"href":"https:\/\/www.nettali.com\/rest\/wp\/v2\/media\/64982"}],"wp:attachment":[{"href":"https:\/\/www.nettali.com\/rest\/wp\/v2\/media?parent=65148"}],"wp:term":[{"taxonomy":"category","embeddable":true,"href":"https:\/\/www.nettali.com\/rest\/wp\/v2\/categories?post=65148"},{"taxonomy":"post_tag","embeddable":true,"href":"https:\/\/www.nettali.com\/rest\/wp\/v2\/tags?post=65148"}],"curies":[{"name":"wp","href":"https:\/\/api.w.org\/{rel}","templated":true}]}}