{"id":65108,"date":"2021-06-01T09:55:24","date_gmt":"2021-06-01T09:55:24","guid":{"rendered":"https:\/\/www.nettali.com\/?p=65108"},"modified":"2021-06-01T09:55:24","modified_gmt":"2021-06-01T09:55:24","slug":"par-cheikh-yerim-seck-attaque-contre-les-morts-de-leral-pas-ca-pas-toi-adama-gaye","status":"publish","type":"post","link":"https:\/\/www.nettali.com\/2021\/06\/01\/par-cheikh-yerim-seck-attaque-contre-les-morts-de-leral-pas-ca-pas-toi-adama-gaye\/","title":{"rendered":"PAR CHEIKH YERIM SECK -  Attaque contre les morts de Leral : Pas \u00e7a, pas toi, Adama Gaye !"},"content":{"rendered":"<p><strong>CONTRIBUTION - Grand-fr\u00e8re, en lisant, ce jour, sur ta page Facebook, un texte qui d\u00e9zingue les journalistes de Leral.net morts dans un tragique accident de la route, ce 31 mai 2021, alors qu\u2019ils couvraient la tourn\u00e9e \u00e9conomique du pr\u00e9sident Macky Sall, j\u2019ai sursaut\u00e9. Leurs corps \u00e9tant encore chauds, tu as accabl\u00e9 ces soldats de l\u2019information tomb\u00e9s au front, les accusant d\u2019avoir pris part \u00e0 un complot ourdi par l\u2019Etat du S\u00e9n\u00e9gal pour te jeter en prison.<\/strong><\/p>\n<p>Cette sortie m\u2019a d\u2019autant plus heurt\u00e9 qu\u2019elle est une sorte de r\u00e9cidive, apr\u00e8s les propos que tu as tenus suite \u00e0 la disparition du doyen des juges d\u2019instruction, Samba Sall.<br \/>\nPour couronner l\u2019ensemble, tu as pr\u00e9dit que \u00ab la s\u00e9rie noire va continuer \u00bb\u2026<\/p>\n<p>Adama, m\u00eame si je d\u00e9sapprouve les propos qui t\u2019ont valu ton s\u00e9jour carc\u00e9ral, j\u2019ai \u00e9crit, dans un \u00e9dito rest\u00e9 dans les esprits, que tu devais \u00eatre lib\u00e9r\u00e9. J\u2019ai aussi, en underground, m\u00eame si je ne te l\u2019ai jamais dit, m\u00eal\u00e9 la mienne aux voix qui ont demand\u00e9 et obtenu ton \u00e9largissement.<\/p>\n<p>Mais je ne te reconnais plus depuis que tu as franchi la sortie de la maison d\u2019arr\u00eat de Rebeuss. La rancune a rong\u00e9 en toi toute s\u00e9r\u00e9nit\u00e9. La col\u00e8re a mang\u00e9 en toi toute lucidit\u00e9. La brutalit\u00e9 a fait fondre en toi toute intelligence strat\u00e9gique. Cela m\u2019a grandement surpris de ta part. Toi qui as eu le privil\u00e8ge, comme journaliste, d\u2019avoir rencontr\u00e9 d\u2019illustres personnages, dont l\u2019immense Nelson Mandela qui d\u00e9finit la prison comme l\u2019endroit id\u00e9al pour r\u00e9fl\u00e9chir.<\/p>\n<p>La d\u00e9tention devait te rendre plus fort, tu l\u2019as laiss\u00e9e t\u2019affaiblir, t\u2019atteindre, t\u2019alt\u00e9rer\u2026<br \/>\nGrand-fr\u00e8re, tu dois refuser de te laisser entra\u00eener dans ce cycle infernal de haine qui est en train de te r\u00e9duire en une sorte d\u2019aigri atavique, de m\u00e9content ontologique.<\/p>\n<p>Or, suivant tous les crit\u00e8res de valorisation sociologique au S\u00e9n\u00e9gal, tu n\u2019es pas n\u2019importe qui.<\/p>\n<p>Tu descends de l\u2019une des familles les plus respect\u00e9es de ce pays, tu as eu un parcours professionnel \u00e0 beaucoup d\u2019\u00e9gards enviable, tu es un intellectuel f\u00e9cond en ouvrages de qualit\u00e9\u2026<\/p>\n<p>Last but not least, tu es un ancien journaliste de Jeune Afrique que tu d\u00e9finis, dans ton hommage \u00e0 B\u00e9chir Ben Yahmed que j\u2019ai lu avec d\u00e9lectation, comme \u00ab le premier magazine panafricain \u00e0 dimension internationale \u00bb.<\/p>\n<p>Toi et moi, qui avons le privil\u00e8ge d\u2019avoir travaill\u00e9 dans ce journal, o\u00f9 ont offici\u00e9 d\u2019\u00e9normes \u00e9crivains, acad\u00e9miciens et prix Goncourt comme Kateb Yacine, Amin Maalouf, Frantz Fanon, Leila Slimani\u2026, n\u2019avons pas le droit d\u2019\u00e9crire n\u2019importe quoi.<\/p>\n<p>Tu as eu \u00e0 relire les \u00e9ditos de B\u00e9chir Ben Yahmed, interviewer de grands hommes d\u2019Etat et faire des reportages d\u2019anthologie. Refuse que ta plume tombe dans la vulgarit\u00e9, au ras des p\u00e2querettes, au fond de la boue\u2026<\/p>\n<p>Grand-fr\u00e8re, redeviens l\u2019intellectuel raffin\u00e9 qui m\u2019a marqu\u00e9. Un jour de 2006, me trouvant dans les locaux de Jeune Afrique, tu m\u2019as invit\u00e9 autour d\u2019un caf\u00e9 au F\u00e9tiche, le bar attenant, pour me donner des conseils rest\u00e9s longtemps grav\u00e9s dans ma m\u00e9moire.<br \/>\nChacun, dans sa vie, peut \u00eatre amen\u00e9 \u00e0 vivre un douloureux \u00e9pisode et le ressentir comme une injustice. Mais nul n\u2019a le droit de r\u00e9pondre \u00e0 l\u2019injustice par la haine.<br \/>\nTu es une identit\u00e9 remarquable dans le microcosme politico-m\u00e9diatique. La masse critique du S\u00e9n\u00e9gal a besoin de ta plume et de ta capacit\u00e9 de conceptualisation.<\/p>\n<p>Mais il est temps que tu te ressaisisses pour ne pas finir dans les ab\u00eemes du marigot politique s\u00e9n\u00e9galais. Seul le d\u00e9passement peut te permettre d\u2019y arriver. C\u2019est le secret de la r\u00e9silience face \u00e0 l\u2019adversit\u00e9 que tu connais sans doute mieux que moi en raison de ton plus grand \u00e2ge et de ton niveau de culture.<\/p>\n<p>Le rappel \u00e9tant p\u00e9dagogique, je te rappelle tout de m\u00eame cette pens\u00e9e de l\u2019immense Tristan Tzara: \u00ab La hauteur chante ce que l\u2019on parle dans la profondeur. \u00bb<\/p>\n<p><strong>Cheikh Y\u00e9rim Seck<\/strong><\/p>\n<p>&nbsp;<\/p>\n<div class='share-to-whatsapp-wrapper'><div class='share-on-whsp'>PARTAGER SUR : <\/div><a data-text='PAR CHEIKH YERIM SECK -  Attaque contre les morts de Leral : Pas \u00e7a, pas toi, Adama Gaye !' data-link='https:\/\/www.nettali.com\/2021\/06\/01\/par-cheikh-yerim-seck-attaque-contre-les-morts-de-leral-pas-ca-pas-toi-adama-gaye\/' class='whatsapp-button whatsapp-share'>WhatsApp<\/a><div class='clear '><\/div><\/div>","protected":false},"excerpt":{"rendered":"<p>CONTRIBUTION - Grand-fr\u00e8re, en lisant, ce jour, sur ta page Facebook, un texte qui d\u00e9zingue les journalistes de Leral.net morts dans un tragique accident de la route, ce 31 mai 2021, alors qu\u2019ils couvraient la tourn\u00e9e \u00e9conomique du pr\u00e9sident Macky Sall, j\u2019ai sursaut\u00e9. Leurs corps \u00e9tant encore chauds, tu as accabl\u00e9 ces soldats de l\u2019information [&hellip;]<\/p>\n","protected":false},"author":11,"featured_media":38676,"comment_status":"open","ping_status":"open","sticky":false,"template":"","format":"standard","meta":{"_et_pb_use_builder":"","_et_pb_old_content":""},"categories":[23,34933],"tags":[],"yoast_head":"<!-- This site is optimized with the Yoast SEO Premium plugin v17.8 (Yoast SEO v17.8) - https:\/\/yoast.com\/wordpress\/plugins\/seo\/ -->\n<title>PAR CHEIKH YERIM SECK - Attaque contre les morts de Leral : Pas \u00e7a, pas toi, Adama Gaye ! | Nettali.com<\/title>\n<meta name=\"robots\" content=\"index, follow, max-snippet:-1, max-image-preview:large, max-video-preview:-1\" \/>\n<link rel=\"canonical\" href=\"https:\/\/www.nettali.com\/2021\/06\/01\/par-cheikh-yerim-seck-attaque-contre-les-morts-de-leral-pas-ca-pas-toi-adama-gaye\/\" \/>\n<meta property=\"og:locale\" content=\"fr_FR\" \/>\n<meta property=\"og:type\" content=\"article\" \/>\n<meta property=\"og:title\" content=\"PAR CHEIKH YERIM SECK - Attaque contre les morts de Leral : Pas \u00e7a, pas toi, Adama Gaye !\" \/>\n<meta property=\"og:description\" content=\"CONTRIBUTION - Grand-fr\u00e8re, en lisant, ce jour, sur ta page Facebook, un texte qui d\u00e9zingue les journalistes de Leral.net morts dans un tragique accident de la route, ce 31 mai 2021, alors qu\u2019ils couvraient la tourn\u00e9e \u00e9conomique du pr\u00e9sident Macky Sall, j\u2019ai sursaut\u00e9. Leurs corps \u00e9tant encore chauds, tu as accabl\u00e9 ces soldats de l\u2019information [&hellip;]\" \/>\n<meta property=\"og:url\" content=\"https:\/\/www.nettali.com\/2021\/06\/01\/par-cheikh-yerim-seck-attaque-contre-les-morts-de-leral-pas-ca-pas-toi-adama-gaye\/\" \/>\n<meta property=\"og:site_name\" content=\"Nettali.com\" \/>\n<meta property=\"article:publisher\" content=\"https:\/\/www.facebook.com\/nettalicom\" \/>\n<meta property=\"article:published_time\" content=\"2021-06-01T09:55:24+00:00\" \/>\n<meta property=\"og:image\" content=\"https:\/\/www.nettali.com\/wp-content\/uploads\/2020\/06\/Cheikh-Yerim.jpg\" \/>\n\t<meta property=\"og:image:width\" content=\"755\" \/>\n\t<meta property=\"og:image:height\" content=\"449\" \/>\n<meta name=\"twitter:card\" content=\"summary_large_image\" \/>\n<meta name=\"twitter:label1\" content=\"\u00c9crit par\" \/>\n\t<meta name=\"twitter:data1\" content=\"Thierno Diop\" \/>\n\t<meta name=\"twitter:label2\" content=\"Dur\u00e9e de lecture estim\u00e9e\" \/>\n\t<meta name=\"twitter:data2\" content=\"3 minutes\" \/>\n<script type=\"application\/ld+json\" class=\"yoast-schema-graph\">{\"@context\":\"https:\/\/schema.org\",\"@graph\":[{\"@type\":\"WebSite\",\"@id\":\"https:\/\/www.nettali.com\/#website\",\"url\":\"https:\/\/www.nettali.com\/\",\"name\":\"Nettali.com\",\"description\":\"Le rendez-vous critique du Net\",\"potentialAction\":[{\"@type\":\"SearchAction\",\"target\":{\"@type\":\"EntryPoint\",\"urlTemplate\":\"https:\/\/www.nettali.com\/?s={search_term_string}\"},\"query-input\":\"required name=search_term_string\"}],\"inLanguage\":\"fr-FR\"},{\"@type\":\"ImageObject\",\"@id\":\"https:\/\/www.nettali.com\/2021\/06\/01\/par-cheikh-yerim-seck-attaque-contre-les-morts-de-leral-pas-ca-pas-toi-adama-gaye\/#primaryimage\",\"inLanguage\":\"fr-FR\",\"url\":\"https:\/\/www.nettali.com\/wp-content\/uploads\/2020\/06\/Cheikh-Yerim.jpg\",\"contentUrl\":\"https:\/\/www.nettali.com\/wp-content\/uploads\/2020\/06\/Cheikh-Yerim.jpg\",\"width\":755,\"height\":449},{\"@type\":\"WebPage\",\"@id\":\"https:\/\/www.nettali.com\/2021\/06\/01\/par-cheikh-yerim-seck-attaque-contre-les-morts-de-leral-pas-ca-pas-toi-adama-gaye\/#webpage\",\"url\":\"https:\/\/www.nettali.com\/2021\/06\/01\/par-cheikh-yerim-seck-attaque-contre-les-morts-de-leral-pas-ca-pas-toi-adama-gaye\/\",\"name\":\"PAR CHEIKH YERIM SECK - Attaque contre les morts de Leral : Pas \\u00e7a, pas toi, Adama Gaye ! | Nettali.com\",\"isPartOf\":{\"@id\":\"https:\/\/www.nettali.com\/#website\"},\"primaryImageOfPage\":{\"@id\":\"https:\/\/www.nettali.com\/2021\/06\/01\/par-cheikh-yerim-seck-attaque-contre-les-morts-de-leral-pas-ca-pas-toi-adama-gaye\/#primaryimage\"},\"datePublished\":\"2021-06-01T09:55:24+00:00\",\"dateModified\":\"2021-06-01T09:55:24+00:00\",\"author\":{\"@id\":\"https:\/\/www.nettali.com\/#\/schema\/person\/8a06c6bd7b19304cf4bf985862900b5b\"},\"breadcrumb\":{\"@id\":\"https:\/\/www.nettali.com\/2021\/06\/01\/par-cheikh-yerim-seck-attaque-contre-les-morts-de-leral-pas-ca-pas-toi-adama-gaye\/#breadcrumb\"},\"inLanguage\":\"fr-FR\",\"potentialAction\":[{\"@type\":\"ReadAction\",\"target\":[\"https:\/\/www.nettali.com\/2021\/06\/01\/par-cheikh-yerim-seck-attaque-contre-les-morts-de-leral-pas-ca-pas-toi-adama-gaye\/\"]}]},{\"@type\":\"BreadcrumbList\",\"@id\":\"https:\/\/www.nettali.com\/2021\/06\/01\/par-cheikh-yerim-seck-attaque-contre-les-morts-de-leral-pas-ca-pas-toi-adama-gaye\/#breadcrumb\",\"itemListElement\":[{\"@type\":\"ListItem\",\"position\":1,\"name\":\"Accueil\",\"item\":\"https:\/\/www.nettali.com\/\"},{\"@type\":\"ListItem\",\"position\":2,\"name\":\"PAR CHEIKH YERIM SECK &#8211; Attaque contre les morts de Leral : Pas \\u00e7a, pas toi, Adama Gaye !\"}]},{\"@type\":\"Person\",\"@id\":\"https:\/\/www.nettali.com\/#\/schema\/person\/8a06c6bd7b19304cf4bf985862900b5b\",\"name\":\"Thierno Diop\",\"image\":{\"@type\":\"ImageObject\",\"@id\":\"https:\/\/www.nettali.com\/#personlogo\",\"inLanguage\":\"fr-FR\",\"url\":\"https:\/\/secure.gravatar.com\/avatar\/c8ca58550c94fd2ac856d27391a6c866?s=96&d=mm&r=g\",\"contentUrl\":\"https:\/\/secure.gravatar.com\/avatar\/c8ca58550c94fd2ac856d27391a6c866?s=96&d=mm&r=g\",\"caption\":\"Thierno Diop\"},\"sameAs\":[\"https:\/\/nettali.com\"]}]}<\/script>\n<!-- \/ Yoast SEO Premium plugin. -->","yoast_head_json":{"title":"PAR CHEIKH YERIM SECK - Attaque contre les morts de Leral : Pas \u00e7a, pas toi, Adama Gaye ! | Nettali.com","robots":{"index":"index","follow":"follow","max-snippet":"max-snippet:-1","max-image-preview":"max-image-preview:large","max-video-preview":"max-video-preview:-1"},"canonical":"https:\/\/www.nettali.com\/2021\/06\/01\/par-cheikh-yerim-seck-attaque-contre-les-morts-de-leral-pas-ca-pas-toi-adama-gaye\/","og_locale":"fr_FR","og_type":"article","og_title":"PAR CHEIKH YERIM SECK - Attaque contre les morts de Leral : Pas \u00e7a, pas toi, Adama Gaye !","og_description":"CONTRIBUTION - Grand-fr\u00e8re, en lisant, ce jour, sur ta page Facebook, un texte qui d\u00e9zingue les journalistes de Leral.net morts dans un tragique accident de la route, ce 31 mai 2021, alors qu\u2019ils couvraient la tourn\u00e9e \u00e9conomique du pr\u00e9sident Macky Sall, j\u2019ai sursaut\u00e9. Leurs corps \u00e9tant encore chauds, tu as accabl\u00e9 ces soldats de l\u2019information [&hellip;]","og_url":"https:\/\/www.nettali.com\/2021\/06\/01\/par-cheikh-yerim-seck-attaque-contre-les-morts-de-leral-pas-ca-pas-toi-adama-gaye\/","og_site_name":"Nettali.com","article_publisher":"https:\/\/www.facebook.com\/nettalicom","article_published_time":"2021-06-01T09:55:24+00:00","og_image":[{"width":755,"height":449,"url":"https:\/\/www.nettali.com\/wp-content\/uploads\/2020\/06\/Cheikh-Yerim.jpg","type":"image\/jpeg"}],"twitter_card":"summary_large_image","twitter_misc":{"\u00c9crit par":"Thierno Diop","Dur\u00e9e de lecture estim\u00e9e":"3 minutes"},"schema":{"@context":"https:\/\/schema.org","@graph":[{"@type":"WebSite","@id":"https:\/\/www.nettali.com\/#website","url":"https:\/\/www.nettali.com\/","name":"Nettali.com","description":"Le rendez-vous critique du Net","potentialAction":[{"@type":"SearchAction","target":{"@type":"EntryPoint","urlTemplate":"https:\/\/www.nettali.com\/?s={search_term_string}"},"query-input":"required name=search_term_string"}],"inLanguage":"fr-FR"},{"@type":"ImageObject","@id":"https:\/\/www.nettali.com\/2021\/06\/01\/par-cheikh-yerim-seck-attaque-contre-les-morts-de-leral-pas-ca-pas-toi-adama-gaye\/#primaryimage","inLanguage":"fr-FR","url":"https:\/\/www.nettali.com\/wp-content\/uploads\/2020\/06\/Cheikh-Yerim.jpg","contentUrl":"https:\/\/www.nettali.com\/wp-content\/uploads\/2020\/06\/Cheikh-Yerim.jpg","width":755,"height":449},{"@type":"WebPage","@id":"https:\/\/www.nettali.com\/2021\/06\/01\/par-cheikh-yerim-seck-attaque-contre-les-morts-de-leral-pas-ca-pas-toi-adama-gaye\/#webpage","url":"https:\/\/www.nettali.com\/2021\/06\/01\/par-cheikh-yerim-seck-attaque-contre-les-morts-de-leral-pas-ca-pas-toi-adama-gaye\/","name":"PAR CHEIKH YERIM SECK - Attaque contre les morts de Leral : Pas \u00e7a, pas toi, Adama Gaye ! | Nettali.com","isPartOf":{"@id":"https:\/\/www.nettali.com\/#website"},"primaryImageOfPage":{"@id":"https:\/\/www.nettali.com\/2021\/06\/01\/par-cheikh-yerim-seck-attaque-contre-les-morts-de-leral-pas-ca-pas-toi-adama-gaye\/#primaryimage"},"datePublished":"2021-06-01T09:55:24+00:00","dateModified":"2021-06-01T09:55:24+00:00","author":{"@id":"https:\/\/www.nettali.com\/#\/schema\/person\/8a06c6bd7b19304cf4bf985862900b5b"},"breadcrumb":{"@id":"https:\/\/www.nettali.com\/2021\/06\/01\/par-cheikh-yerim-seck-attaque-contre-les-morts-de-leral-pas-ca-pas-toi-adama-gaye\/#breadcrumb"},"inLanguage":"fr-FR","potentialAction":[{"@type":"ReadAction","target":["https:\/\/www.nettali.com\/2021\/06\/01\/par-cheikh-yerim-seck-attaque-contre-les-morts-de-leral-pas-ca-pas-toi-adama-gaye\/"]}]},{"@type":"BreadcrumbList","@id":"https:\/\/www.nettali.com\/2021\/06\/01\/par-cheikh-yerim-seck-attaque-contre-les-morts-de-leral-pas-ca-pas-toi-adama-gaye\/#breadcrumb","itemListElement":[{"@type":"ListItem","position":1,"name":"Accueil","item":"https:\/\/www.nettali.com\/"},{"@type":"ListItem","position":2,"name":"PAR CHEIKH YERIM SECK &#8211; Attaque contre les morts de Leral : Pas \u00e7a, pas toi, Adama Gaye !"}]},{"@type":"Person","@id":"https:\/\/www.nettali.com\/#\/schema\/person\/8a06c6bd7b19304cf4bf985862900b5b","name":"Thierno Diop","image":{"@type":"ImageObject","@id":"https:\/\/www.nettali.com\/#personlogo","inLanguage":"fr-FR","url":"https:\/\/secure.gravatar.com\/avatar\/c8ca58550c94fd2ac856d27391a6c866?s=96&d=mm&r=g","contentUrl":"https:\/\/secure.gravatar.com\/avatar\/c8ca58550c94fd2ac856d27391a6c866?s=96&d=mm&r=g","caption":"Thierno Diop"},"sameAs":["https:\/\/nettali.com"]}]}},"_links":{"self":[{"href":"https:\/\/www.nettali.com\/rest\/wp\/v2\/posts\/65108"}],"collection":[{"href":"https:\/\/www.nettali.com\/rest\/wp\/v2\/posts"}],"about":[{"href":"https:\/\/www.nettali.com\/rest\/wp\/v2\/types\/post"}],"author":[{"embeddable":true,"href":"https:\/\/www.nettali.com\/rest\/wp\/v2\/users\/11"}],"replies":[{"embeddable":true,"href":"https:\/\/www.nettali.com\/rest\/wp\/v2\/comments?post=65108"}],"version-history":[{"count":1,"href":"https:\/\/www.nettali.com\/rest\/wp\/v2\/posts\/65108\/revisions"}],"predecessor-version":[{"id":65109,"href":"https:\/\/www.nettali.com\/rest\/wp\/v2\/posts\/65108\/revisions\/65109"}],"wp:featuredmedia":[{"embeddable":true,"href":"https:\/\/www.nettali.com\/rest\/wp\/v2\/media\/38676"}],"wp:attachment":[{"href":"https:\/\/www.nettali.com\/rest\/wp\/v2\/media?parent=65108"}],"wp:term":[{"taxonomy":"category","embeddable":true,"href":"https:\/\/www.nettali.com\/rest\/wp\/v2\/categories?post=65108"},{"taxonomy":"post_tag","embeddable":true,"href":"https:\/\/www.nettali.com\/rest\/wp\/v2\/tags?post=65108"}],"curies":[{"name":"wp","href":"https:\/\/api.w.org\/{rel}","templated":true}]}}