{"id":65100,"date":"2021-06-01T01:09:14","date_gmt":"2021-06-01T01:09:14","guid":{"rendered":"https:\/\/www.nettali.com\/?p=65100"},"modified":"2021-06-04T10:49:48","modified_gmt":"2021-06-04T10:49:48","slug":"idiovisuel-dans-le-secret-de-delires-a-milliards","status":"publish","type":"post","link":"https:\/\/www.nettali.com\/2021\/06\/01\/idiovisuel-dans-le-secret-de-delires-a-milliards\/","title":{"rendered":"IDIOVISUEL - Dans le \"secret\" des d\u00e9lires \u00e0 milliards\u00a0!"},"content":{"rendered":"<p><strong>NETTALI.COM \u2013 Acheter ou ne pas acheter un nouvel avion, c\u2019est le sujet qui a occup\u00e9 le d\u00e9bat une semaine durant\u00a0! La commande a d\u00e9j\u00e0 eu lieu et des versements effectu\u00e9s. Il ne reste pratiquement plus grand-chose \u00e0 payer sur le montant global de 57 milliards et demi qu\u2019a co\u00fbt\u00e9 l\u2019avion, si l\u2019on en croit aux chiffres annonc\u00e9s par le ministre des Finances et du Budget, Abdoulaye Daouda Diallo, ce vendredi 29 mai \u00e0 l\u2019Assembl\u00e9e nationale.<\/strong><\/p>\n<p>Les avis sont en effet partag\u00e9s sur l\u2019opportunit\u00e9 d\u2019acqu\u00e9rir un nouvel avion ou pas. Mais ce qui semble le plus poser probl\u00e8me, c\u2019est plut\u00f4t la mani\u00e8re et la justification de l\u2019acquisition de cet avion. En somme des interrogations \u00e0 tous les niveaux. Dans cette affaire d\u2019achat d\u2019avion, il \u00e9tait plut\u00f4t question, d\u2019expliquer et sans \u00e9quivoque aucun et d\u2019ailleurs bien avant la commande, le bien-fond\u00e9 et la justification de l\u2019acquisition. L\u2019avion actuel, \u00e9tait-il sujet \u00e0 des pannes fr\u00e9quentes au point de devoir y renoncer ? Co\u00fbte-t-il si cher au contribuable en termes de maintenance et consommation, au point de n\u00e9cessiter l\u2019achat d\u2019un nouvel avion ? Le pr\u00e9sident aurait-il pu acqu\u00e9rir un autre avion de moindre standing qui aurait fait l\u2019affaire et \u00e9pargner les maigres deniers de ce pays si endett\u00e9 au point de demander l\u2019annulation de sa dette, y compris ceux des autres pays africains ? Autant de questions \u00e9videntes auxquelles les S\u00e9n\u00e9galais sont en droit d\u2019attendre des r\u00e9ponses ?<\/p>\n<p>Et m\u00eame si Abdoulaye Daouda Diallo a pu finalement donner ses chiffres, les quotidiens du week-end \u00e9taient visiblement dans l'ironie en \u00e9crivant : \"<em>Abdoulaye Daouda Diallo l\u00e8ve le secret d\u00e9fense<\/em>\", \"<em>vend la m\u00e8che<\/em>\", etc. Mais est-ce pour autant que le chiffre annonc\u00e9 de 57 447 235 356 F CFA doive \u00eatre forc\u00e9ment consid\u00e9r\u00e9 comme le bon ? Une affaire manifestement mal men\u00e9e qui laisse planer un vrai doute. La cons\u00e9quence est que la pol\u00e9mique s'est poursuivie notamment ce week-end du 29-30 mai sur les plateaux-t\u00e9l\u00e9 notamment \u00e0 Ndoumb\u00e9lane de la sen TV et \"Jakarloo\" de la TFM.<\/p>\n<p>Dans cette affaire toujours pas claire, des sources ont m\u00eame fait valoir que la d\u00e9cision d\u2019acheter l\u2019avion \u00e9tait prise dans un contexte de pr\u00e9-campagne, c\u2019est \u00e0 dire juste avant 2019 et que la crainte d\u2019\u00eatre attaqu\u00e9 sur son acquisition, planait.<\/p>\n<p>S\u2019il n\u2019 y avait pas ce couac du point de vue de la communication, on n\u2019en serait peut-\u00eatre pas l\u00e0. \u00ab<em>Apr\u00e8s deux d\u00e9cennies d\u2019op\u00e9rations, l\u2019A-319 est devenu v\u00e9tuste, n\u00e9cessitant de fr\u00e9quentes et on\u00e9reuses visites techniques, et par cons\u00e9quent, de longues p\u00e9riodes d\u2019immobilisation et des d\u00e9penses de location d\u2019a\u00e9ronefs pour assurer les missions pr\u00e9sidentielles.<\/em>\u00bb. D\u00e8s lors, affirme le gouvernement, \u00ab<em>il est apparu judicieux de mettre en vente l\u2019ancien a\u00e9ronef et d\u2019acqu\u00e9rir un appareil neuf, plus \u00e9conome en carburant et plus performant par son rayon d\u2019action. Ce qui r\u00e9duit consid\u00e9rablement les charges de maintenance et d\u2019exploitation ainsi les d\u00e9penses li\u00e9es aux escales techniques<\/em>\u00bb, avait soulign\u00e9 le communiqu\u00e9 gouvernemental.<\/p>\n<p>Les sites d\u2019infos ont \u00e9t\u00e9 les premiers \u00e0 se jeter sur l\u2019info avant que mardi 25 mai, jour de retour de long week-end, les quotidiens ne prennent le relai en rivalisant de chiffres et d\u2019interrogations. Un prix de l\u2019avion qui oscille entre 59 et 60 milliards est annonc\u00e9 dans la majorit\u00e9 des quotidiens de ce jour-l\u00e0, l\u00e0 o\u00f9 certains se sont pos\u00e9s des questions sur l\u2019omerta relatif au prix\u00a0; un journal s\u2019est m\u00eame risqu\u00e9 \u00e0 user du jargon a\u00e9ronautique pour \u00e9crire\u00a0: \u00ab<em>Macky vole \u00e0 100 milliards pied<\/em>\u00bb. Voulait-il estimer le co\u00fbt \u00e0 plus de 60 milliards, comme l\u2019 a fait la plupart des journaux ?<\/p>\n<p>La notion de \u00ab\u00a0secret d\u00e9fense\u00a0\u00bb voil\u00e0 ce qui a jet\u00e9 le feu au poudre et pouss\u00e9 Abdoulaye Daouda Diallo \u00e0 tenter de sauver les meubles. Sauf que lorsque subsiste un doute sur une premi\u00e8re information \u00e9manant d\u2019une source officielle en plus, tout ce qui suit devient suspect, m\u00eame si une nouvelle info venant d\u2019une autre source officielle, vient contredire la 1<sup>\u00e8re<\/sup> en paraissant vraisemblable, parce que le prix serait moins \u00e9lev\u00e9 et proche en plus de celui des journaux. Ce qui ne s\u2019apparente qu\u2019\u00e0 du r\u00e9trop\u00e9dalage. Au-del\u00e0 se pose m\u00eame la question du choix du porte-parole en la personne d\u2019Oumar Gu\u00e8ye, politicien pur jus, pr\u00e9sent au gouvernement gr\u00e2ce \u00e0 la baraka d\u2019Idrissa Seck et maintenu dans l\u2019attelage puisqu\u2019il n\u2019 avait pas voulu suivre son patron qui se retirait de la coalition avec Macky Sall.\u00a0 Une sortie catastrophique mais pas surprenante pour un ministre qui n\u2019a ni l\u2019\u00e9paisseur et encore moins l\u2019envergure pour ce r\u00f4le. La posture d\u2019Oumar Gu\u00e8ye en tant que porte-parole engage sans doute aucun, le gouvernement et laisse penser \u00e0 une volont\u00e9 de cacher quelque chose\u00a0; ou alors qu\u2019elle rel\u00e8ve juste de son\u00a0 incomp\u00e9tence puisqu\u2019il avait pris la d\u00e9cision de ne pas r\u00e9pondre \u00e0 cette question \u00e0 laquelle, elle aurait d\u00fb penser. Des carences notoires en communication sont \u00e0 chaque fois not\u00e9es avec la gouvernance Sall, c\u2019est s\u00fbr. Il reste d\u00e8s lors \u00e9vident que des doutes m\u00eame sur le prix fourni par le ministre des finances, vont subsister car aucune volont\u00e9 de transparence n\u2019est not\u00e9e dans cette affaire.<\/p>\n<p>Ancien pr\u00e9sident du groupe parlementaire de la majorit\u00e9, Moustapha Diakhat\u00e9 nous a fait savoir \u00e0 Jakarloo ce vendredi 28 mai que \u00ab\u00a0le budget de la d\u00e9fense qu'il soit discut\u00e9 en pl\u00e9ni\u00e8re ou pas, ne peut \u00eatre class\u00e9 \u00ab\u00a0secret d\u00e9fense.\u00a0\u00bb, ajoutant que \u00ab\u00a0c'est un document que l'on remet \u00e0 tous les d\u00e9put\u00e9s. Le budget du minist\u00e8re de la d\u00e9fense n'a pas de d\u00e9bat pour la bonne et simple raison que tous les d\u00e9put\u00e9s sont pr\u00eats \u00e0 accompagner l'arm\u00e9e dans ses missions. Donc il n' y a pas de secret, tout d\u00e9put\u00e9 peut savoir le contenu du budget. Ce budget n'est rien d'autre que tout ce que l'arm\u00e9e pr\u00e9voit en terme de salaire et ou d'acquisition dans l'ann\u00e9e budg\u00e9taire\u00a0\u00bb.<\/p>\n<p>A la m\u00eame \u00e9mission, le d\u00e9put\u00e9 Seydou Diouf, pr\u00e9sident de la commission des lois, a expliqu\u00e9 que la commande pour l\u2019acquisition pour le nouvel avion pr\u00e9sidentiel a \u00e9t\u00e9 faite en 2019. Comme l\u2019Assembl\u00e9e nationale avait d\u00e9j\u00e0 vot\u00e9 une rubrique \u00ab<em>achat d\u2019a\u00e9ronefs<\/em>\u00bb pour le compte de l\u2019arm\u00e9e, les premiers versements ont \u00e9t\u00e9 tir\u00e9s de ces affectations.\u00a0 Celui-ci ajoutera que dans les budgets de 2020 et 2021, il a bien \u00e9t\u00e9 mis une rubrique \u00ab<em>achat et \u00e9quipement d\u2019a\u00e9ronef<\/em>\u00bb. Elle concerne selon lui, l\u2019acquisition du nouvel avion. Une mani\u00e8re pour de confirmer les propos du ministre des Finances, Abdoulaye Daouda Diallo.<\/p>\n<p>Sauf que la notion d\u2019\u00a0\u00ab\u00a0<em style=\"font-weight: inherit;\">achats d\u2019a\u00e9ronefs<\/em>\u00a0\u00bb mentionn\u00e9 dans le budget et en plus d\u2019\u00eatre celui du minist\u00e8re des Forces arm\u00e9es, laisse plut\u00f4t penser \u00e0 l\u2019achat d\u2019avions militaires que d\u2019un avion de commandement, m\u00eame si ce dernier est conduit par des pilotes militaires. Et si l\u2019on prend en plus en compte la logique de soutien \u00e0 l\u2019arm\u00e9e et d\u2019une certaine courtoisie qui emp\u00eache que les \u00e9l\u00e9ments du budget du minist\u00e8re des forces arm\u00e9es ne sont pas \u00e9tal\u00e9s sur la place publique, il n y a gu\u00e8re \u00e0 reprocher quoi ce soit aux d\u00e9put\u00e9s. Comment pouvaient-ils savoir que l\u2019avion de commandement en ferait partie\u00a0? \u00a0Dire aussi qu\u2019ils pouvaient \u00e9voquer le sujet dans les m\u00e9dias, para\u00eet \u00eatre un faux argument. C\u2019est leur faire fausse querelle que d\u2019incriminer les parlementaires de l\u2019opposition sur leurs \u00ab\u00a0<em style=\"font-weight: inherit;\">carences politiques<\/em>\u00a0\u00bb comme a voulu du reste le faire Gabrielle kane, cette jeune femme pr\u00e9sente \u00e0 l\u2019\u00e9mission \u00ab\u00a0Jakarloo\u00a0\u00bb que l\u2019on pr\u00e9sente comme \u00ab\u00a0Communicante-f\u00e9ministe\u00a0\u00bb. On aurait d\u2019ailleurs aim\u00e9 bien savoir ce que cela veut dire. Elle est certainement communicante, mais avouons que pour une discussion qui visait l\u2019\u00e9clairage des t\u00e9lespectateurs sur un sujet relatif \u00e0 leurs deniers, elle \u00e9tait plut\u00f4t acerbe et agressive dans ses propos. D\u00e9fendre ses opinions n\u00e9cessite un peu plus de calme, de s\u00e9r\u00e9nit\u00e9 et de ma\u00eetrise du sujet en question. Et l\u00e0 o\u00f9 elle se trompe, c\u2019est que la responsabilit\u00e9 d\u2019exercer le contr\u00f4le sur l\u2019ex\u00e9cutif, n\u2019incombe pas qu\u2019aux d\u00e9put\u00e9s de l\u2019opposition, elle incombe \u00e9galement \u00e0 ceux de la majorit\u00e9.\u00a0 Bouba Ndour le lui a d\u2019ailleurs fait remarquer.<\/p>\n<p>Sont g\u00e9n\u00e9ralement consid\u00e9r\u00e9s comme relevant du \u00ab\u00a0secret d\u00e9fense\u00a0\u00bb, les informations ayant trait \u00e0 la d\u00e9fense nationale, aux renseignements, modes op\u00e9ratoires, objets, documents, donn\u00e9es informatiques ou fichiers int\u00e9ressant la D\u00e9fense nationale qui ont fait l\u2019objet de mesures de protection destin\u00e9es \u00e0 restreindre leur diffusion. Sont \u00e9galement consid\u00e9r\u00e9s comme \u00absecret d\u00e9fense\u00bb les renseignements, proc\u00e9d\u00e9s, objets, documents, donn\u00e9es informatiques de fichiers dont la divulgation est de nature \u00e0 nuire \u00e0 la D\u00e9fense nationale ou pourrait conduire \u00e0 la d\u00e9couverte d\u2019un secret de la D\u00e9fense nationale.<br \/>\nLe prix d\u2019achat d\u2019avion pr\u00e9sidentiel ne peut donc en aucun cas, relever du \u00absecret d\u00e9fense\u00bb, m\u00eame si cet a\u00e9ronef de commandement est g\u00e9r\u00e9 par l\u2019arm\u00e9e.<\/p>\n<p><strong>L\u2019avis de techniciens sur la question<\/strong><\/p>\n<p>Thierno Alassane Sall de la \u00ab\u00a0R\u00e9publique des valeurs\u00a0\u00bb a r\u00e9agi tout de go pour dire que\u00a0 \u00ab<em>l\u2019achat d\u2019un avion n\u2019est ni n\u00e9cessaire, ni prioritaire<\/em>\u00bb,\u00a0 \u00ab<em>Macky Sall n\u2019aurait pas pu choisir pire moment pour, encore, d\u00e9cevoir les S\u00e9n\u00e9galais. Le pays est gangren\u00e9 par la violence ; la jeunesse est d\u00e9sempar\u00e9e ; les litiges fonciers se multiplient, la dette publique flambe ; l\u2019ins\u00e9curit\u00e9 et le vol de b\u00e9tail sont insupportables dans certaines zones du pays<\/em>\u00bb, a poursuivi l\u2019ancien ministre de l\u2019Energie, selon qui, \u00ab<em>l\u2019argument de la v\u00e9tust\u00e9 est fallacieux<\/em>\u00bb. Avant de pester\u00a0: \u00ab<em>C\u2019est encore une d\u00e9pense de prestige engag\u00e9e sans transparence, sur le dos du peuple s\u00e9n\u00e9galais. Tout cela est profond\u00e9ment ind\u00e9cent.<\/em>\u00bb<\/p>\n<p>Mais au-del\u00e0 de cette notion de \u00ab\u00a0secret d\u00e9fense\u00a0\u00bb qui est rejet\u00e9 en bloc, que pensent les sp\u00e9cialistes de l\u2019acquisition de cet a\u00e9ronef\u00a0?<\/p>\n<p>Le journal d\u2019investigation \u00ab<em>EnQu\u00eate<\/em>\u00bb, dans un article intitul\u00e9 \u00ab<em>Tout sur le nouvel avion de commandement\u00a0<\/em>\u00bb,\u00a0 a donn\u00e9 la parole \u00e0 un ancien pilote, ancien contr\u00f4leur de circulation a\u00e9rienne, Moctar Ndiaye. Ce dernier a estim\u00e9 qu\u2019il est erron\u00e9 de tout mettre sur le compte de la politique. \u00ab<em>La question est essentiellement technique. Il faut savoir qu\u2019un avion a un cycle de vie \u00e9troitement contr\u00f4l\u00e9 par le Bureau Veritas qui peut ordonner son arr\u00eat de vol. Ce n\u2019est pas comme un camion qu\u2019on trimbale chez le m\u00e9cano du coin, quand on veut. Si le \u201cPointe Sar\u00e8ne\u201d \u00e9tait inapte de vol, il serait imm\u00e9diatement immobilis\u00e9<\/em>\u00bb, a d\u00e9clar\u00e9 le pilote \u00e0 la retraite. Avant de pr\u00e9ciser\u00a0: \u00ab<em>Parler de 20 ans pour justifier l\u2019abandon de la Pointe Sar\u00e8ne, c\u2019est trop l\u00e9ger.<\/em>\u00bb \u00ab<em>Actuellement, il y a des DC 3 Dacota, des C47 et autres avions qui ont fait la deuxi\u00e8me guerre mondiale et qui sont toujours utilis\u00e9es. J\u2019ai vol\u00e9 dessus, de 1979 \u00e0 1983. C\u2019est une question de maintenance et l\u2019\u00e9tat de la cellule (carrosserie en auto). Sur un avion, chaque pi\u00e8ce a une dur\u00e9e de vie et doit \u00eatre remplac\u00e9e, m\u00eame si elle est en bon \u00e9tat<\/em>.\u00bb Sur le cas de la Pointe de Sar\u00e8ne, il se veut par contre prudent\u00a0: \u00ab<em>Je ne connais pas le dossier technique de cet avion, mais des a\u00e9ronefs de m\u00eame type et de m\u00eame \u00e2ge ou plus, sont dans les cieux du monde<\/em>.\u00bb Avant de s\u2019interroger\u00a0: \u00ab<em>La pointe de Sar\u00e8ne fait-elle exception\u00a0?<\/em>\u00bb.<\/p>\n<p>L\u2019expert a\u00e9ronautique Al Hassane Hanne, interrog\u00e9 par le m\u00eame journal, semble abonder dans le m\u00eames sens\u00a0: \u00ab<em>L\u2019aptitude op\u00e9rationnelle d\u2019un a\u00e9ronef se d\u00e9finit \u00e0 partir de l\u2019\u00e9tat de sa cellule (charpente-rev\u00eatement) entretenue et suivie de fa\u00e7on horaire ou calendaire suivant le type d\u2019exploitation. Dans ce cas d\u2019esp\u00e8ce, il s\u2019agit d\u2019un suivi calendaire, vu la faible fr\u00e9quence et l\u2019irr\u00e9gularit\u00e9 de l\u2019utilisation. 20 ans, c\u2019est l\u2019\u00e2ge optimal d\u2019un module A 319 utilis\u00e9 d\u2019abord par le commandement fran\u00e7ais avant de passer sous tutelle pr\u00e9sidentielle s\u00e9n\u00e9galaise<\/em>.\u00bb<\/p>\n<p>Et le sp\u00e9cialiste, d\u2019ajouter comme pour mettre du b\u00e9mol dans l\u2019argumentaire de ceux qui ne voient pas d\u2019inconv\u00e9nients \u00e0 l\u2019achat de cet a\u00e9ronef : \u00ab<em>A d\u00e9faut d\u2019avoir subi des incidents majeurs (crashs, collisions, sorties fr\u00e9quentes de pistes, graves anomalies en inspections NDI, contr\u00f4les non destructifs\u2026), une telle cellule devrait \u00eatre encore utilisable, si les cycles de maintenances pr\u00e9ventives sont respect\u00e9s. Dans le cas d\u2019esp\u00e8ce, rien \u00e0 dire, car il s\u2019agit d\u2019un avion pr\u00e9sidentiel<\/em>.\u00bb<\/p>\n<p>Hanne s\u2019est toutefois empress\u00e9 d\u2019argumenter\u00a0: \u00ab<em>il faudrait un rapport d\u2019expertise attestant de la v\u00e9tust\u00e9 de l\u2019A319 pr\u00e9sidentiel, pour trancher<\/em>.\u00bb Le sp\u00e9cialiste de faire des recommandations : \u00ab<em>Ma propre conviction est que le S\u00e9n\u00e9gal doit d\u00e9sormais rompre avec la tradition. L\u2019Etat doit acqu\u00e9rir un module de type Jet pour les d\u00e9placements fr\u00e9quents de l\u2019autorit\u00e9, et rentabiliser ce nouvel appareil, en l\u2019affectant \u00e0 la compagnie nationale et en lui r\u00e9servant des missions sp\u00e9cifiques g\u00e9n\u00e9ratrices de revenus pour permettre un meilleur suivi et surtout adapter la vie de la cellule \u00e0 la fr\u00e9quence d\u2019utilisation<\/em>.\u00bb Le S\u00e9n\u00e9gal, souligne-t-il, n\u2019a pas les moyens financiers pour l\u2019entretien de tels appareils. \u00ab<em>Il faut adopter le style marocain ou d\u2019autres grands pays d\u2019aviation o\u00f9 les gros modules pr\u00e9sidentiels font partie de la flotte nationale et b\u00e9n\u00e9ficient d\u2019un traitement sp\u00e9cial. Nous ne pouvons pas continuer \u00e0 entretenir de fa\u00e7on s\u00e9dentaire, un avion non productif. Cela doit \u00eatre r\u00e9volu<\/em>\u00bb, conclut celui-ci.<\/p>\n<p><strong>L\u2019\u00e9quation de l\u2019image et des symboles\u00a0!<\/strong><\/p>\n<p>Pr\u00e9sent \u00e0 l\u2019\u00e9mission \u00ab\u00a0Jakarloo\u00a0\u00bb sur la TFM, Cheikh Y\u00e9rim Seck, visiblement dans ses d\u00e9lires, a tent\u00e9 d\u2019expliquer qu\u2019il \u00ab\u00a0<em>est contre le mis\u00e9rabilisme<\/em>\u00a0\u00bb et \u00ab\u00a0<em>croit plus aux symboles<\/em>\u00a0\u00bb. Il s\u2019est lanc\u00e9 dans des explications \u00e0 savoir que l'avion n'appartient pas \u00e0 Macky Sall et que le Niger est le pays le plus pauvre au monde, mais dispose d\u2019un avion pr\u00e9sidentiel. Il a \u00e9galement essayer d\u2019informer que certains voyages sont n\u00e9cessaires et qu\u2019il faille \u00eatre pr\u00e9sent au G8, que c\u2019est important. Et tutti quanti. A vrai dire, il ne nous a rien dit que l\u2019on ne sache pas, et certains points sont m\u00eame discutables. Le S\u00e9n\u00e9gal d\u2019un point symbolique et diplomatique, doit pouvoir exister dans le concert des nations, c\u2019est vrai, mais de l\u00e0 \u00e0 le comparer aux Etats-Unis, en les prenant comme r\u00e9f\u00e9rence et en nous parlant d\u2019attraction dont fait l\u2019objet \u00ab\u00a0Air Force One\u00a0\u00bb, l\u2019argumentaire semble un peu exag\u00e9r\u00e9.<\/p>\n<p>Il est juste question d\u2019\u00eatre raisonnable et ne pas avoir plus de pr\u00e9tentions qu\u2019il ne faudrait. Les Am\u00e9ricains sont la premi\u00e8re puissance du monde et cette d\u00e9monstration de force proc\u00e8de de leur strat\u00e9gie de domination du monde et de son incarnation. Ce n\u2019est nullement un hasard si un film a \u00e9t\u00e9 d\u00e9di\u00e9 \u00e0 cet avion. Ce fait d\u00e9coule de la m\u00eame logique qui est de vendre le r\u00eave am\u00e9ricain et qui passe par l\u2019image, le cin\u00e9ma, dans le seul but de cr\u00e9er une fascination pour l\u2019Am\u00e9rique et de foutre des complexes aux autres. Cheikh Y\u00e9rim Seck sache doit savoir raison garder, car vouloir nous faire comprendre que c\u2019est le ballet des avions qui permet de savoir les pays qui sont venus \u00e0 des sommets importants, rel\u00e8ve juste d\u2019une vue de l\u2019esprit. L\u00e0 o\u00f9 le journaliste s\u2019enfonce, c\u2019est lorsqu\u2019il tend \u00e0 faire accr\u00e9diter l\u2019id\u00e9e que \u00ab\u00a0<em>c\u2019est la mani\u00e8re dont ils (ndlr- les bailleurs er pays qui aident) vont vous voir qu\u2019ils vont vous accueillir et vous accorder des cr\u00e9dits..<\/em>\u00a0\u00bb.<\/p>\n<p>Ces \u00e9tats l\u00e0 et leurs chefs savent bien que le S\u00e9n\u00e9gal fait partie des pays les moins nantis au monde. Vouloir donc faire croire que Macky Sall sera bien re\u00e7u parce qu\u2019il poss\u00e8de un avion de standing \u00e9lev\u00e9, ne va pas apporter grand-chose, surtout que les occidentaux savent bien que les chefs d\u2019Etat africains vivent globalement au-dessus de leurs moyens. Que l\u2019on ne s\u2019y trompe point. \u00a0\u00ab\u00a0On doit acheter de beaux avions.\u00a0\u00bb, a m\u00eame dit celui qui s\u2019offusquait en 2011 \u00a0de l\u2019achat d\u2019un avion par Me Wade. \u00ab\u00a0Les autorit\u00e9s doivent avoir le sens des priorit\u00e9s. Elles doivent \u00e9riger la question de la Senelec en priorit\u00e9 absolue.\u00a0\u00bb, avait dit le journaliste, invit\u00e9 de l\u2019\u00e9mission \"Remue-m\u00e9nage\" de la Radio Futurs m\u00e9dias (Rfm) en compagnie de Samba Sy, philosophe et analyste politique. Il pensait m\u00eame que l\u2019acquisition d\u2019un nouvel avion pr\u00e9sidentiel par le pr\u00e9sident Wade, est tout simplement ind\u00e9cent, surtout qu\u2019elle est faite juste \u00ab pour faire plaisir au prince \u00bb. Une r\u00e9action de l\u2019\u00e9poque largement reprise et partag\u00e9e fa\u00e7on Var, \u00e0 la suite de l\u2019\u00e9mission par les internautes.<\/p>\n<p>Bouba Ndour, m\u00eame s\u2019il est en phase avec l\u2019achat d\u2019un avion qui doit toutefois \u00eatre justifi\u00e9, est d\u2019un avis diff\u00e9rent du journaliste\u00a0: \u00ab\u00a0 <em>On est au S\u00e9n\u00e9gal le train de vie doit baisser. Les moyens qu\u2019on donne \u00e0 nos ministres et DG d\u00e9pass\u00e9 nos possibilit\u00e9s. Il ne faut pas faire r\u00eaver. Vous ne pouvez pas \u00eatre s\u00e9n\u00e9galais et avoir le m\u00eame avion que la France. Donner un V8 \u00e0 nos ministres ce n\u2019est pas la question, c\u2019est la consommation qui est un probl\u00e8me. L'avion pr\u00e9sidentiel que le S\u00e9n\u00e9gal doit acheter , doit \u00eatre en ad\u00e9quation avec nos moyens. Le d\u00e9put\u00e9 par exemple doit se poser la question de savoir si la voiture qu\u2019il conduit n\u2019est pas sup\u00e9rieur \u00e0 son statut.\u00a0Les pays qui nous accueillent et \u00e0 qui on va demander de l\u2019aide,\u00a0; vont dire \u00ab\u00a0regardez ces gens-l\u00e0, ils n'ont rien et ils ont des avions plus luxueux que nous.<\/em>\u00a0\u00bb<\/p>\n<p>Ainsi va la gouvernance Sall. Sa communication ne sera jamais efficace sans une volont\u00e9 affich\u00e9e de transparence sur certains dossiers, pour une information de surcro\u00eet due aux gouvern\u00e9s. Dans la r\u00e9alit\u00e9, le gouvernement semble agir avec une logique selon laquelle, les m\u00e9dias \u00e9voqueront les sujets pol\u00e9miques quelques temps avant que la bulle ne se d\u00e9gonfle comme un ballon de baudruche. Il est vrai qu\u2019au rythme o\u00f9 s\u2019encha\u00eenent les pol\u00e9miques, difficile de se focaliser sur une affaire pr\u00e9cise. Une n\u00e9buleuse en chasse forc\u00e9ment une autre, au moment o\u00f9 il est question de pol\u00e9miques sur le d\u00e9coupage des territoires \u00e0 l\u2019approche des locales, alors que de s\u00e9rieuses r\u00e9serves sont relev\u00e9es sur l\u2019audit du fichier, etc. Et si le gouvernement testait la capacit\u00e9 d\u2019indignation des S\u00e9n\u00e9galais ?<\/p>\n<p>&nbsp;<\/p>\n<p>&nbsp;<\/p>\n<div class='share-to-whatsapp-wrapper'><div class='share-on-whsp'>PARTAGER SUR : <\/div><a data-text='IDIOVISUEL - Dans le \"secret\" des d\u00e9lires \u00e0 milliards\u00a0!' data-link='https:\/\/www.nettali.com\/2021\/06\/01\/idiovisuel-dans-le-secret-de-delires-a-milliards\/' class='whatsapp-button whatsapp-share'>WhatsApp<\/a><div class='clear '><\/div><\/div>","protected":false},"excerpt":{"rendered":"<p>NETTALI.COM \u2013 Acheter ou ne pas acheter un nouvel avion, c\u2019est le sujet qui a occup\u00e9 le d\u00e9bat une semaine durant\u00a0! La commande a d\u00e9j\u00e0 eu lieu et des versements effectu\u00e9s. Il ne reste pratiquement plus grand-chose \u00e0 payer sur le montant global de 57 milliards et demi qu\u2019a co\u00fbt\u00e9 l\u2019avion, si l\u2019on en croit [&hellip;]<\/p>\n","protected":false},"author":2,"featured_media":65005,"comment_status":"open","ping_status":"open","sticky":false,"template":"","format":"standard","meta":{"_et_pb_use_builder":"","_et_pb_old_content":""},"categories":[9],"tags":[],"yoast_head":"<!-- This site is optimized with the Yoast SEO Premium plugin v17.8 (Yoast SEO v17.8) - https:\/\/yoast.com\/wordpress\/plugins\/seo\/ -->\n<title>IDIOVISUEL - Dans le &quot;secret&quot; des d\u00e9lires \u00e0 milliards\u00a0! | Nettali.com<\/title>\n<meta name=\"robots\" content=\"index, follow, max-snippet:-1, max-image-preview:large, max-video-preview:-1\" \/>\n<link rel=\"canonical\" href=\"https:\/\/www.nettali.com\/2021\/06\/01\/idiovisuel-dans-le-secret-de-delires-a-milliards\/\" \/>\n<meta property=\"og:locale\" content=\"fr_FR\" \/>\n<meta property=\"og:type\" content=\"article\" \/>\n<meta property=\"og:title\" content=\"IDIOVISUEL - Dans le &quot;secret&quot; des d\u00e9lires \u00e0 milliards\u00a0!\" \/>\n<meta property=\"og:description\" content=\"NETTALI.COM \u2013 Acheter ou ne pas acheter un nouvel avion, c\u2019est le sujet qui a occup\u00e9 le d\u00e9bat une semaine durant\u00a0! La commande a d\u00e9j\u00e0 eu lieu et des versements effectu\u00e9s. Il ne reste pratiquement plus grand-chose \u00e0 payer sur le montant global de 57 milliards et demi qu\u2019a co\u00fbt\u00e9 l\u2019avion, si l\u2019on en croit [&hellip;]\" \/>\n<meta property=\"og:url\" content=\"https:\/\/www.nettali.com\/2021\/06\/01\/idiovisuel-dans-le-secret-de-delires-a-milliards\/\" \/>\n<meta property=\"og:site_name\" content=\"Nettali.com\" \/>\n<meta property=\"article:publisher\" content=\"https:\/\/www.facebook.com\/nettalicom\" \/>\n<meta property=\"article:published_time\" content=\"2021-06-01T01:09:14+00:00\" \/>\n<meta property=\"article:modified_time\" content=\"2021-06-04T10:49:48+00:00\" \/>\n<meta property=\"og:image\" content=\"https:\/\/www.nettali.com\/wp-content\/uploads\/2021\/05\/ndour-gueye-sall-diallo-seck.jpg\" \/>\n\t<meta property=\"og:image:width\" content=\"1280\" \/>\n\t<meta property=\"og:image:height\" content=\"600\" \/>\n<meta name=\"twitter:card\" content=\"summary_large_image\" \/>\n<meta name=\"twitter:label1\" content=\"\u00c9crit par\" \/>\n\t<meta name=\"twitter:data1\" content=\"CK\" \/>\n\t<meta name=\"twitter:label2\" content=\"Dur\u00e9e de lecture estim\u00e9e\" \/>\n\t<meta name=\"twitter:data2\" content=\"13 minutes\" \/>\n<script type=\"application\/ld+json\" class=\"yoast-schema-graph\">{\"@context\":\"https:\/\/schema.org\",\"@graph\":[{\"@type\":\"WebSite\",\"@id\":\"https:\/\/www.nettali.com\/#website\",\"url\":\"https:\/\/www.nettali.com\/\",\"name\":\"Nettali.com\",\"description\":\"Le rendez-vous critique du Net\",\"potentialAction\":[{\"@type\":\"SearchAction\",\"target\":{\"@type\":\"EntryPoint\",\"urlTemplate\":\"https:\/\/www.nettali.com\/?s={search_term_string}\"},\"query-input\":\"required name=search_term_string\"}],\"inLanguage\":\"fr-FR\"},{\"@type\":\"ImageObject\",\"@id\":\"https:\/\/www.nettali.com\/2021\/06\/01\/idiovisuel-dans-le-secret-de-delires-a-milliards\/#primaryimage\",\"inLanguage\":\"fr-FR\",\"url\":\"https:\/\/www.nettali.com\/wp-content\/uploads\/2021\/05\/ndour-gueye-sall-diallo-seck.jpg\",\"contentUrl\":\"https:\/\/www.nettali.com\/wp-content\/uploads\/2021\/05\/ndour-gueye-sall-diallo-seck.jpg\",\"width\":1280,\"height\":600},{\"@type\":\"WebPage\",\"@id\":\"https:\/\/www.nettali.com\/2021\/06\/01\/idiovisuel-dans-le-secret-de-delires-a-milliards\/#webpage\",\"url\":\"https:\/\/www.nettali.com\/2021\/06\/01\/idiovisuel-dans-le-secret-de-delires-a-milliards\/\",\"name\":\"IDIOVISUEL - Dans le \\\"secret\\\" des d\\u00e9lires \\u00e0 milliards\\u00a0! | Nettali.com\",\"isPartOf\":{\"@id\":\"https:\/\/www.nettali.com\/#website\"},\"primaryImageOfPage\":{\"@id\":\"https:\/\/www.nettali.com\/2021\/06\/01\/idiovisuel-dans-le-secret-de-delires-a-milliards\/#primaryimage\"},\"datePublished\":\"2021-06-01T01:09:14+00:00\",\"dateModified\":\"2021-06-04T10:49:48+00:00\",\"author\":{\"@id\":\"https:\/\/www.nettali.com\/#\/schema\/person\/d8ac7b7e27ddad43f1c0d2ef090d7f71\"},\"breadcrumb\":{\"@id\":\"https:\/\/www.nettali.com\/2021\/06\/01\/idiovisuel-dans-le-secret-de-delires-a-milliards\/#breadcrumb\"},\"inLanguage\":\"fr-FR\",\"potentialAction\":[{\"@type\":\"ReadAction\",\"target\":[\"https:\/\/www.nettali.com\/2021\/06\/01\/idiovisuel-dans-le-secret-de-delires-a-milliards\/\"]}]},{\"@type\":\"BreadcrumbList\",\"@id\":\"https:\/\/www.nettali.com\/2021\/06\/01\/idiovisuel-dans-le-secret-de-delires-a-milliards\/#breadcrumb\",\"itemListElement\":[{\"@type\":\"ListItem\",\"position\":1,\"name\":\"Accueil\",\"item\":\"https:\/\/www.nettali.com\/\"},{\"@type\":\"ListItem\",\"position\":2,\"name\":\"IDIOVISUEL &#8211; Dans le \\u00ab\\u00a0secret\\u00a0\\u00bb des d\\u00e9lires \\u00e0 milliards\\u00a0!\"}]},{\"@type\":\"Person\",\"@id\":\"https:\/\/www.nettali.com\/#\/schema\/person\/d8ac7b7e27ddad43f1c0d2ef090d7f71\",\"name\":\"CK\",\"image\":{\"@type\":\"ImageObject\",\"@id\":\"https:\/\/www.nettali.com\/#personlogo\",\"inLanguage\":\"fr-FR\",\"url\":\"https:\/\/secure.gravatar.com\/avatar\/1d8d5118b9327d94da7cd4ce7f17fec2?s=96&d=mm&r=g\",\"contentUrl\":\"https:\/\/secure.gravatar.com\/avatar\/1d8d5118b9327d94da7cd4ce7f17fec2?s=96&d=mm&r=g\",\"caption\":\"CK\"},\"sameAs\":[\"https:\/\/www.nettali.com\"]}]}<\/script>\n<!-- \/ Yoast SEO Premium plugin. -->","yoast_head_json":{"title":"IDIOVISUEL - Dans le \"secret\" des d\u00e9lires \u00e0 milliards\u00a0! | Nettali.com","robots":{"index":"index","follow":"follow","max-snippet":"max-snippet:-1","max-image-preview":"max-image-preview:large","max-video-preview":"max-video-preview:-1"},"canonical":"https:\/\/www.nettali.com\/2021\/06\/01\/idiovisuel-dans-le-secret-de-delires-a-milliards\/","og_locale":"fr_FR","og_type":"article","og_title":"IDIOVISUEL - Dans le \"secret\" des d\u00e9lires \u00e0 milliards\u00a0!","og_description":"NETTALI.COM \u2013 Acheter ou ne pas acheter un nouvel avion, c\u2019est le sujet qui a occup\u00e9 le d\u00e9bat une semaine durant\u00a0! La commande a d\u00e9j\u00e0 eu lieu et des versements effectu\u00e9s. Il ne reste pratiquement plus grand-chose \u00e0 payer sur le montant global de 57 milliards et demi qu\u2019a co\u00fbt\u00e9 l\u2019avion, si l\u2019on en croit [&hellip;]","og_url":"https:\/\/www.nettali.com\/2021\/06\/01\/idiovisuel-dans-le-secret-de-delires-a-milliards\/","og_site_name":"Nettali.com","article_publisher":"https:\/\/www.facebook.com\/nettalicom","article_published_time":"2021-06-01T01:09:14+00:00","article_modified_time":"2021-06-04T10:49:48+00:00","og_image":[{"width":1280,"height":600,"url":"https:\/\/www.nettali.com\/wp-content\/uploads\/2021\/05\/ndour-gueye-sall-diallo-seck.jpg","type":"image\/jpeg"}],"twitter_card":"summary_large_image","twitter_misc":{"\u00c9crit par":"CK","Dur\u00e9e de lecture estim\u00e9e":"13 minutes"},"schema":{"@context":"https:\/\/schema.org","@graph":[{"@type":"WebSite","@id":"https:\/\/www.nettali.com\/#website","url":"https:\/\/www.nettali.com\/","name":"Nettali.com","description":"Le rendez-vous critique du Net","potentialAction":[{"@type":"SearchAction","target":{"@type":"EntryPoint","urlTemplate":"https:\/\/www.nettali.com\/?s={search_term_string}"},"query-input":"required name=search_term_string"}],"inLanguage":"fr-FR"},{"@type":"ImageObject","@id":"https:\/\/www.nettali.com\/2021\/06\/01\/idiovisuel-dans-le-secret-de-delires-a-milliards\/#primaryimage","inLanguage":"fr-FR","url":"https:\/\/www.nettali.com\/wp-content\/uploads\/2021\/05\/ndour-gueye-sall-diallo-seck.jpg","contentUrl":"https:\/\/www.nettali.com\/wp-content\/uploads\/2021\/05\/ndour-gueye-sall-diallo-seck.jpg","width":1280,"height":600},{"@type":"WebPage","@id":"https:\/\/www.nettali.com\/2021\/06\/01\/idiovisuel-dans-le-secret-de-delires-a-milliards\/#webpage","url":"https:\/\/www.nettali.com\/2021\/06\/01\/idiovisuel-dans-le-secret-de-delires-a-milliards\/","name":"IDIOVISUEL - Dans le \"secret\" des d\u00e9lires \u00e0 milliards\u00a0! | Nettali.com","isPartOf":{"@id":"https:\/\/www.nettali.com\/#website"},"primaryImageOfPage":{"@id":"https:\/\/www.nettali.com\/2021\/06\/01\/idiovisuel-dans-le-secret-de-delires-a-milliards\/#primaryimage"},"datePublished":"2021-06-01T01:09:14+00:00","dateModified":"2021-06-04T10:49:48+00:00","author":{"@id":"https:\/\/www.nettali.com\/#\/schema\/person\/d8ac7b7e27ddad43f1c0d2ef090d7f71"},"breadcrumb":{"@id":"https:\/\/www.nettali.com\/2021\/06\/01\/idiovisuel-dans-le-secret-de-delires-a-milliards\/#breadcrumb"},"inLanguage":"fr-FR","potentialAction":[{"@type":"ReadAction","target":["https:\/\/www.nettali.com\/2021\/06\/01\/idiovisuel-dans-le-secret-de-delires-a-milliards\/"]}]},{"@type":"BreadcrumbList","@id":"https:\/\/www.nettali.com\/2021\/06\/01\/idiovisuel-dans-le-secret-de-delires-a-milliards\/#breadcrumb","itemListElement":[{"@type":"ListItem","position":1,"name":"Accueil","item":"https:\/\/www.nettali.com\/"},{"@type":"ListItem","position":2,"name":"IDIOVISUEL &#8211; Dans le \u00ab\u00a0secret\u00a0\u00bb des d\u00e9lires \u00e0 milliards\u00a0!"}]},{"@type":"Person","@id":"https:\/\/www.nettali.com\/#\/schema\/person\/d8ac7b7e27ddad43f1c0d2ef090d7f71","name":"CK","image":{"@type":"ImageObject","@id":"https:\/\/www.nettali.com\/#personlogo","inLanguage":"fr-FR","url":"https:\/\/secure.gravatar.com\/avatar\/1d8d5118b9327d94da7cd4ce7f17fec2?s=96&d=mm&r=g","contentUrl":"https:\/\/secure.gravatar.com\/avatar\/1d8d5118b9327d94da7cd4ce7f17fec2?s=96&d=mm&r=g","caption":"CK"},"sameAs":["https:\/\/www.nettali.com"]}]}},"_links":{"self":[{"href":"https:\/\/www.nettali.com\/rest\/wp\/v2\/posts\/65100"}],"collection":[{"href":"https:\/\/www.nettali.com\/rest\/wp\/v2\/posts"}],"about":[{"href":"https:\/\/www.nettali.com\/rest\/wp\/v2\/types\/post"}],"author":[{"embeddable":true,"href":"https:\/\/www.nettali.com\/rest\/wp\/v2\/users\/2"}],"replies":[{"embeddable":true,"href":"https:\/\/www.nettali.com\/rest\/wp\/v2\/comments?post=65100"}],"version-history":[{"count":6,"href":"https:\/\/www.nettali.com\/rest\/wp\/v2\/posts\/65100\/revisions"}],"predecessor-version":[{"id":65242,"href":"https:\/\/www.nettali.com\/rest\/wp\/v2\/posts\/65100\/revisions\/65242"}],"wp:featuredmedia":[{"embeddable":true,"href":"https:\/\/www.nettali.com\/rest\/wp\/v2\/media\/65005"}],"wp:attachment":[{"href":"https:\/\/www.nettali.com\/rest\/wp\/v2\/media?parent=65100"}],"wp:term":[{"taxonomy":"category","embeddable":true,"href":"https:\/\/www.nettali.com\/rest\/wp\/v2\/categories?post=65100"},{"taxonomy":"post_tag","embeddable":true,"href":"https:\/\/www.nettali.com\/rest\/wp\/v2\/tags?post=65100"}],"curies":[{"name":"wp","href":"https:\/\/api.w.org\/{rel}","templated":true}]}}