{"id":65077,"date":"2021-05-31T22:46:17","date_gmt":"2021-05-31T22:46:17","guid":{"rendered":"https:\/\/www.nettali.com\/?p=65077"},"modified":"2021-06-03T18:36:12","modified_gmt":"2021-06-03T18:36:12","slug":"mor-ndao-pca-cms-le-credit-mutuel-du-senegal-a-une-bonne-sante-financiere","status":"publish","type":"post","link":"https:\/\/www.nettali.com\/2021\/05\/31\/mor-ndao-pca-cms-le-credit-mutuel-du-senegal-a-une-bonne-sante-financiere\/","title":{"rendered":"CREDIT MUTUEL \u2013 Le PCA lave le DG \u00e0 grande eau"},"content":{"rendered":"<p><strong>NETTALI.COM- Les accusations port\u00e9es sur la personne du directeur g\u00e9n\u00e9ral du Cr\u00e9dit Mutuel du S\u00e9n\u00e9gal ne sont pas av\u00e9r\u00e9es. La pr\u00e9cision a \u00e9t\u00e9 faite par le Pr\u00e9sident du Conseil d\u2019administration de l\u2019Institution, Mor Ndao. Qui, face \u00e0 la presse, a fait savoir qu\u2019il n\u2019y a pas de crise au sein de leur institution qui, selon ses dires, a une bonne sant\u00e9 financi\u00e8re.<\/strong><\/p>\n<p>Le samedi 22 mai 2021, les travailleurs du Cr\u00e9dit mutuel du S\u00e9n\u00e9gal, regroup\u00e9s au tour du collectif pour la d\u00e9fense et les int\u00e9r\u00eats du CMS ont exig\u00e9 le d\u00e9part de l\u2019actuel DG de l'institution, dont la nomination, selon l'accusation, va \u00e0 l\u2019encontre des statuts de leur institution financi\u00e8re. Ce lundi, le Conseil d'administration et le conseil de surveillance ont, conjointement, organis\u00e9 une conf\u00e9rence de presse pour r\u00e9tablir certaines all\u00e9gations qu'ils consid\u00e8rent fallacieuses et tendancieuses qui ont \u00e9t\u00e9 port\u00e9es \u00e0 l'encontre et de l'institution et de ses dirigeants. \"A<em>u niveau du cr\u00e9dit mutuel, tout se passe bien. Il n'y a rien qui pose probl\u00e8me<\/em>\", a d\u00e9clar\u00e9 Mor Ndao PCA du l'Union des caisses de cr\u00e9dit mutuel du S\u00e9n\u00e9gal.<\/p>\n<p>Selon lui, le collectif accusateur n'a aucune existence juridique l\u00e9gale et toutes ses accusations sont fausses. D'autant plus que justifie-t-il : \"<em>Toutes les proc\u00e9dures dont parle ce collectif sont respect\u00e9es au sein de l'institution. Malheureusement, ils ont dit le contraire. Tout est limpide, il n'y a pas de crise, il n'y a pas de malversations dans la gestion. Nous avons une bonne sant\u00e9 financi\u00e8re<\/em>\".<\/p>\n<p>D'ailleurs, lors de cette conf\u00e9rence de presse, il pr\u00e9cise au regard des \u00e9l\u00e9ments port\u00e9s \u00e0 son attention que la nomination de l'actuel directeur g\u00e9n\u00e9ral de l'UCCMS M. Amadou Jean Jacques Diop ne souffre d'aucune irr\u00e9gularit\u00e9. En cons\u00e9quence, il lui renouvelle sa totale confiance et le confirme \u00e0 la t\u00eate de la Direction g\u00e9n\u00e9rale de l'UCCMS.<\/p>\n<p>Dans la m\u00eame veine, il lui d\u00e9cerne une motion d'encouragement en vue de poursuivre les chantiers de transformation d\u00e9j\u00e0 initi\u00e9s dans l'optique de p\u00e9renniser l'institution et la rendre plus comp\u00e9titive.<\/p>\n<p>Le Conseil d'administration rappelle avec vigueur son attachement au respect des pr\u00e9rogatives de chacune des institutions. Mieux, il donne mandat au Directeur g\u00e9n\u00e9ral de tout mettre en \u0153uvre pour le respect strict du secret bancaire et des principes de confidentialit\u00e9 qui gouvernent leurs activit\u00e9s conform\u00e9ment aux dispositions l\u00e9gales, r\u00e9glementaires et internes en vigueur. Cela, avant d'instruire le Directeur g\u00e9n\u00e9ral d'initier toutes les actions n\u00e9cessaires en vue de faire respecter par les collaborateurs de l'UCCMS les r\u00e8gles de confidentialit\u00e9 des donn\u00e9es obtenues \u00e0 l'occasion de l'exercice de leurs missions et de prendre des mesures \u00e9nerg\u00e9tiques contre tout acte contraire aux principes \u00e9voqu\u00e9s.<\/p>\n<p>Dans le m\u00eame ordre d'id\u00e9es, le Conseil d'administration recommande de mettre en place un dispositif de communication interne et externe en vue de r\u00e9tablir la v\u00e9rit\u00e9 des faits sur l'ensemble des points \u00e9voqu\u00e9s par le collectif. Il exhorte le Directeur g\u00e9n\u00e9ral \u00e0 prendre les mesures ad\u00e9quates pour identifier les failles ayant conduit au partage et \u00e0 la circulation des donn\u00e9es r\u00e9put\u00e9es confidentielles et l'autorise ainsi \u00e0 prendre toute mesure l\u00e9gale visant \u00e0 dissuader la commission d'actes constitutifs de violation des r\u00e8gles de confidentialit\u00e9.<\/p>\n<div class='share-to-whatsapp-wrapper'><div class='share-on-whsp'>PARTAGER SUR : <\/div><a data-text='CREDIT MUTUEL \u2013 Le PCA lave le DG \u00e0 grande eau' data-link='https:\/\/www.nettali.com\/2021\/05\/31\/mor-ndao-pca-cms-le-credit-mutuel-du-senegal-a-une-bonne-sante-financiere\/' class='whatsapp-button whatsapp-share'>WhatsApp<\/a><div class='clear '><\/div><\/div>","protected":false},"excerpt":{"rendered":"<p>NETTALI.COM- Les accusations port\u00e9es sur la personne du directeur g\u00e9n\u00e9ral du Cr\u00e9dit Mutuel du S\u00e9n\u00e9gal ne sont pas av\u00e9r\u00e9es. La pr\u00e9cision a \u00e9t\u00e9 faite par le Pr\u00e9sident du Conseil d\u2019administration de l\u2019Institution, Mor Ndao. Qui, face \u00e0 la presse, a fait savoir qu\u2019il n\u2019y a pas de crise au sein de leur institution qui, selon [&hellip;]<\/p>\n","protected":false},"author":6,"featured_media":33245,"comment_status":"open","ping_status":"open","sticky":false,"template":"","format":"standard","meta":{"_et_pb_use_builder":"","_et_pb_old_content":""},"categories":[3878,4],"tags":[],"yoast_head":"<!-- This site is optimized with the Yoast SEO Premium plugin v17.8 (Yoast SEO v17.8) - https:\/\/yoast.com\/wordpress\/plugins\/seo\/ -->\n<title>CREDIT MUTUEL \u2013 Le PCA lave le DG \u00e0 grande eau | Nettali.com<\/title>\n<meta name=\"robots\" content=\"index, follow, max-snippet:-1, max-image-preview:large, max-video-preview:-1\" \/>\n<link rel=\"canonical\" href=\"https:\/\/www.nettali.com\/2021\/05\/31\/mor-ndao-pca-cms-le-credit-mutuel-du-senegal-a-une-bonne-sante-financiere\/\" \/>\n<meta property=\"og:locale\" content=\"fr_FR\" \/>\n<meta property=\"og:type\" content=\"article\" \/>\n<meta property=\"og:title\" content=\"CREDIT MUTUEL \u2013 Le PCA lave le DG \u00e0 grande eau\" \/>\n<meta property=\"og:description\" content=\"NETTALI.COM- Les accusations port\u00e9es sur la personne du directeur g\u00e9n\u00e9ral du Cr\u00e9dit Mutuel du S\u00e9n\u00e9gal ne sont pas av\u00e9r\u00e9es. La pr\u00e9cision a \u00e9t\u00e9 faite par le Pr\u00e9sident du Conseil d\u2019administration de l\u2019Institution, Mor Ndao. Qui, face \u00e0 la presse, a fait savoir qu\u2019il n\u2019y a pas de crise au sein de leur institution qui, selon [&hellip;]\" \/>\n<meta property=\"og:url\" content=\"https:\/\/www.nettali.com\/2021\/05\/31\/mor-ndao-pca-cms-le-credit-mutuel-du-senegal-a-une-bonne-sante-financiere\/\" \/>\n<meta property=\"og:site_name\" content=\"Nettali.com\" \/>\n<meta property=\"article:publisher\" content=\"https:\/\/www.facebook.com\/nettalicom\" \/>\n<meta property=\"article:published_time\" content=\"2021-05-31T22:46:17+00:00\" \/>\n<meta property=\"article:modified_time\" content=\"2021-06-03T18:36:12+00:00\" \/>\n<meta property=\"og:image\" content=\"https:\/\/www.nettali.com\/wp-content\/uploads\/2020\/04\/credit-mutuel.jpg\" \/>\n\t<meta property=\"og:image:width\" content=\"301\" \/>\n\t<meta property=\"og:image:height\" content=\"167\" \/>\n<meta name=\"twitter:card\" content=\"summary_large_image\" \/>\n<meta name=\"twitter:label1\" content=\"\u00c9crit par\" \/>\n\t<meta name=\"twitter:data1\" content=\"Fatou\" \/>\n\t<meta name=\"twitter:label2\" content=\"Dur\u00e9e de lecture estim\u00e9e\" \/>\n\t<meta name=\"twitter:data2\" content=\"3 minutes\" \/>\n<script type=\"application\/ld+json\" class=\"yoast-schema-graph\">{\"@context\":\"https:\/\/schema.org\",\"@graph\":[{\"@type\":\"WebSite\",\"@id\":\"https:\/\/www.nettali.com\/#website\",\"url\":\"https:\/\/www.nettali.com\/\",\"name\":\"Nettali.com\",\"description\":\"Le rendez-vous critique du Net\",\"potentialAction\":[{\"@type\":\"SearchAction\",\"target\":{\"@type\":\"EntryPoint\",\"urlTemplate\":\"https:\/\/www.nettali.com\/?s={search_term_string}\"},\"query-input\":\"required name=search_term_string\"}],\"inLanguage\":\"fr-FR\"},{\"@type\":\"ImageObject\",\"@id\":\"https:\/\/www.nettali.com\/2021\/05\/31\/mor-ndao-pca-cms-le-credit-mutuel-du-senegal-a-une-bonne-sante-financiere\/#primaryimage\",\"inLanguage\":\"fr-FR\",\"url\":\"https:\/\/www.nettali.com\/wp-content\/uploads\/2020\/04\/credit-mutuel.jpg\",\"contentUrl\":\"https:\/\/www.nettali.com\/wp-content\/uploads\/2020\/04\/credit-mutuel.jpg\",\"width\":301,\"height\":167},{\"@type\":\"WebPage\",\"@id\":\"https:\/\/www.nettali.com\/2021\/05\/31\/mor-ndao-pca-cms-le-credit-mutuel-du-senegal-a-une-bonne-sante-financiere\/#webpage\",\"url\":\"https:\/\/www.nettali.com\/2021\/05\/31\/mor-ndao-pca-cms-le-credit-mutuel-du-senegal-a-une-bonne-sante-financiere\/\",\"name\":\"CREDIT MUTUEL \\u2013 Le PCA lave le DG \\u00e0 grande eau | Nettali.com\",\"isPartOf\":{\"@id\":\"https:\/\/www.nettali.com\/#website\"},\"primaryImageOfPage\":{\"@id\":\"https:\/\/www.nettali.com\/2021\/05\/31\/mor-ndao-pca-cms-le-credit-mutuel-du-senegal-a-une-bonne-sante-financiere\/#primaryimage\"},\"datePublished\":\"2021-05-31T22:46:17+00:00\",\"dateModified\":\"2021-06-03T18:36:12+00:00\",\"author\":{\"@id\":\"https:\/\/www.nettali.com\/#\/schema\/person\/418274a86bdf87caff7a3ef476bd0bbf\"},\"breadcrumb\":{\"@id\":\"https:\/\/www.nettali.com\/2021\/05\/31\/mor-ndao-pca-cms-le-credit-mutuel-du-senegal-a-une-bonne-sante-financiere\/#breadcrumb\"},\"inLanguage\":\"fr-FR\",\"potentialAction\":[{\"@type\":\"ReadAction\",\"target\":[\"https:\/\/www.nettali.com\/2021\/05\/31\/mor-ndao-pca-cms-le-credit-mutuel-du-senegal-a-une-bonne-sante-financiere\/\"]}]},{\"@type\":\"BreadcrumbList\",\"@id\":\"https:\/\/www.nettali.com\/2021\/05\/31\/mor-ndao-pca-cms-le-credit-mutuel-du-senegal-a-une-bonne-sante-financiere\/#breadcrumb\",\"itemListElement\":[{\"@type\":\"ListItem\",\"position\":1,\"name\":\"Accueil\",\"item\":\"https:\/\/www.nettali.com\/\"},{\"@type\":\"ListItem\",\"position\":2,\"name\":\"CREDIT MUTUEL \\u2013 Le PCA lave le DG \\u00e0 grande eau\"}]},{\"@type\":\"Person\",\"@id\":\"https:\/\/www.nettali.com\/#\/schema\/person\/418274a86bdf87caff7a3ef476bd0bbf\",\"name\":\"Fatou\",\"image\":{\"@type\":\"ImageObject\",\"@id\":\"https:\/\/www.nettali.com\/#personlogo\",\"inLanguage\":\"fr-FR\",\"url\":\"https:\/\/secure.gravatar.com\/avatar\/5a9442a2bee7b4dcf167cab035858e9a?s=96&d=mm&r=g\",\"contentUrl\":\"https:\/\/secure.gravatar.com\/avatar\/5a9442a2bee7b4dcf167cab035858e9a?s=96&d=mm&r=g\",\"caption\":\"Fatou\"},\"sameAs\":[\"https:\/\/www.nettali.com\"]}]}<\/script>\n<!-- \/ Yoast SEO Premium plugin. -->","yoast_head_json":{"title":"CREDIT MUTUEL \u2013 Le PCA lave le DG \u00e0 grande eau | Nettali.com","robots":{"index":"index","follow":"follow","max-snippet":"max-snippet:-1","max-image-preview":"max-image-preview:large","max-video-preview":"max-video-preview:-1"},"canonical":"https:\/\/www.nettali.com\/2021\/05\/31\/mor-ndao-pca-cms-le-credit-mutuel-du-senegal-a-une-bonne-sante-financiere\/","og_locale":"fr_FR","og_type":"article","og_title":"CREDIT MUTUEL \u2013 Le PCA lave le DG \u00e0 grande eau","og_description":"NETTALI.COM- Les accusations port\u00e9es sur la personne du directeur g\u00e9n\u00e9ral du Cr\u00e9dit Mutuel du S\u00e9n\u00e9gal ne sont pas av\u00e9r\u00e9es. La pr\u00e9cision a \u00e9t\u00e9 faite par le Pr\u00e9sident du Conseil d\u2019administration de l\u2019Institution, Mor Ndao. Qui, face \u00e0 la presse, a fait savoir qu\u2019il n\u2019y a pas de crise au sein de leur institution qui, selon [&hellip;]","og_url":"https:\/\/www.nettali.com\/2021\/05\/31\/mor-ndao-pca-cms-le-credit-mutuel-du-senegal-a-une-bonne-sante-financiere\/","og_site_name":"Nettali.com","article_publisher":"https:\/\/www.facebook.com\/nettalicom","article_published_time":"2021-05-31T22:46:17+00:00","article_modified_time":"2021-06-03T18:36:12+00:00","og_image":[{"width":301,"height":167,"url":"https:\/\/www.nettali.com\/wp-content\/uploads\/2020\/04\/credit-mutuel.jpg","type":"image\/jpeg"}],"twitter_card":"summary_large_image","twitter_misc":{"\u00c9crit par":"Fatou","Dur\u00e9e de lecture estim\u00e9e":"3 minutes"},"schema":{"@context":"https:\/\/schema.org","@graph":[{"@type":"WebSite","@id":"https:\/\/www.nettali.com\/#website","url":"https:\/\/www.nettali.com\/","name":"Nettali.com","description":"Le rendez-vous critique du Net","potentialAction":[{"@type":"SearchAction","target":{"@type":"EntryPoint","urlTemplate":"https:\/\/www.nettali.com\/?s={search_term_string}"},"query-input":"required name=search_term_string"}],"inLanguage":"fr-FR"},{"@type":"ImageObject","@id":"https:\/\/www.nettali.com\/2021\/05\/31\/mor-ndao-pca-cms-le-credit-mutuel-du-senegal-a-une-bonne-sante-financiere\/#primaryimage","inLanguage":"fr-FR","url":"https:\/\/www.nettali.com\/wp-content\/uploads\/2020\/04\/credit-mutuel.jpg","contentUrl":"https:\/\/www.nettali.com\/wp-content\/uploads\/2020\/04\/credit-mutuel.jpg","width":301,"height":167},{"@type":"WebPage","@id":"https:\/\/www.nettali.com\/2021\/05\/31\/mor-ndao-pca-cms-le-credit-mutuel-du-senegal-a-une-bonne-sante-financiere\/#webpage","url":"https:\/\/www.nettali.com\/2021\/05\/31\/mor-ndao-pca-cms-le-credit-mutuel-du-senegal-a-une-bonne-sante-financiere\/","name":"CREDIT MUTUEL \u2013 Le PCA lave le DG \u00e0 grande eau | Nettali.com","isPartOf":{"@id":"https:\/\/www.nettali.com\/#website"},"primaryImageOfPage":{"@id":"https:\/\/www.nettali.com\/2021\/05\/31\/mor-ndao-pca-cms-le-credit-mutuel-du-senegal-a-une-bonne-sante-financiere\/#primaryimage"},"datePublished":"2021-05-31T22:46:17+00:00","dateModified":"2021-06-03T18:36:12+00:00","author":{"@id":"https:\/\/www.nettali.com\/#\/schema\/person\/418274a86bdf87caff7a3ef476bd0bbf"},"breadcrumb":{"@id":"https:\/\/www.nettali.com\/2021\/05\/31\/mor-ndao-pca-cms-le-credit-mutuel-du-senegal-a-une-bonne-sante-financiere\/#breadcrumb"},"inLanguage":"fr-FR","potentialAction":[{"@type":"ReadAction","target":["https:\/\/www.nettali.com\/2021\/05\/31\/mor-ndao-pca-cms-le-credit-mutuel-du-senegal-a-une-bonne-sante-financiere\/"]}]},{"@type":"BreadcrumbList","@id":"https:\/\/www.nettali.com\/2021\/05\/31\/mor-ndao-pca-cms-le-credit-mutuel-du-senegal-a-une-bonne-sante-financiere\/#breadcrumb","itemListElement":[{"@type":"ListItem","position":1,"name":"Accueil","item":"https:\/\/www.nettali.com\/"},{"@type":"ListItem","position":2,"name":"CREDIT MUTUEL \u2013 Le PCA lave le DG \u00e0 grande eau"}]},{"@type":"Person","@id":"https:\/\/www.nettali.com\/#\/schema\/person\/418274a86bdf87caff7a3ef476bd0bbf","name":"Fatou","image":{"@type":"ImageObject","@id":"https:\/\/www.nettali.com\/#personlogo","inLanguage":"fr-FR","url":"https:\/\/secure.gravatar.com\/avatar\/5a9442a2bee7b4dcf167cab035858e9a?s=96&d=mm&r=g","contentUrl":"https:\/\/secure.gravatar.com\/avatar\/5a9442a2bee7b4dcf167cab035858e9a?s=96&d=mm&r=g","caption":"Fatou"},"sameAs":["https:\/\/www.nettali.com"]}]}},"_links":{"self":[{"href":"https:\/\/www.nettali.com\/rest\/wp\/v2\/posts\/65077"}],"collection":[{"href":"https:\/\/www.nettali.com\/rest\/wp\/v2\/posts"}],"about":[{"href":"https:\/\/www.nettali.com\/rest\/wp\/v2\/types\/post"}],"author":[{"embeddable":true,"href":"https:\/\/www.nettali.com\/rest\/wp\/v2\/users\/6"}],"replies":[{"embeddable":true,"href":"https:\/\/www.nettali.com\/rest\/wp\/v2\/comments?post=65077"}],"version-history":[{"count":5,"href":"https:\/\/www.nettali.com\/rest\/wp\/v2\/posts\/65077\/revisions"}],"predecessor-version":[{"id":65094,"href":"https:\/\/www.nettali.com\/rest\/wp\/v2\/posts\/65077\/revisions\/65094"}],"wp:featuredmedia":[{"embeddable":true,"href":"https:\/\/www.nettali.com\/rest\/wp\/v2\/media\/33245"}],"wp:attachment":[{"href":"https:\/\/www.nettali.com\/rest\/wp\/v2\/media?parent=65077"}],"wp:term":[{"taxonomy":"category","embeddable":true,"href":"https:\/\/www.nettali.com\/rest\/wp\/v2\/categories?post=65077"},{"taxonomy":"post_tag","embeddable":true,"href":"https:\/\/www.nettali.com\/rest\/wp\/v2\/tags?post=65077"}],"curies":[{"name":"wp","href":"https:\/\/api.w.org\/{rel}","templated":true}]}}