{"id":65068,"date":"2021-05-31T23:56:27","date_gmt":"2021-05-31T23:56:27","guid":{"rendered":"https:\/\/www.nettali.com\/?p=65068"},"modified":"2021-06-02T19:19:11","modified_gmt":"2021-06-02T19:19:11","slug":"video-vice-president-ca-credit-mutuel-4-des-membres-9-du-collectif-ont-ete-epingles","status":"publish","type":"post","link":"https:\/\/www.nettali.com\/2021\/05\/31\/video-vice-president-ca-credit-mutuel-4-des-membres-9-du-collectif-ont-ete-epingles\/","title":{"rendered":"VIDEO - Vice-Pr\u00e9sident CA Cr\u00e9dit Mutuel : \" 4 des membres 9 du collectif, ont \u00e9t\u00e9 \u00e9pingl\u00e9s... \""},"content":{"rendered":"<p><strong>NETTALI.COM -<\/strong> Suite aux r\u00e9centes sorties d'un collectif au Cr\u00e9dit Mutuel, s'insurgeant contre la gestion de la Direction g\u00e9n\u00e9rale, le Vice-Pr\u00e9sident du Conseil d'administration Bourama Di\u00e9m\u00e9, lisant un rapport du Conseil d'Administration produit, suite \u00e0 des enqu\u00eates du Conseil de surveillance, a relev\u00e9 que parmi les 9 membres du collectif, 4 ont \u00e9t\u00e9 \u00e9pingl\u00e9s dans des rapports internes. C'\u00e9tait au cours d'un point de presse qui a eu lieu\u00a0 au si\u00e8ge du Cr\u00e9dit Mutuel. Regardez....<\/p>\n<p><iframe loading=\"lazy\" title=\"YouTube video player\" src=\"https:\/\/www.youtube.com\/embed\/nTWh-egZZRg\" width=\"560\" height=\"315\" frameborder=\"0\" allowfullscreen=\"allowfullscreen\"><\/iframe><\/p>\n<div class='share-to-whatsapp-wrapper'><div class='share-on-whsp'>PARTAGER SUR : <\/div><a data-text='VIDEO - Vice-Pr\u00e9sident CA Cr\u00e9dit Mutuel : \" 4 des membres 9 du collectif, ont \u00e9t\u00e9 \u00e9pingl\u00e9s... \"' data-link='https:\/\/www.nettali.com\/2021\/05\/31\/video-vice-president-ca-credit-mutuel-4-des-membres-9-du-collectif-ont-ete-epingles\/' class='whatsapp-button whatsapp-share'>WhatsApp<\/a><div class='clear '><\/div><\/div>","protected":false},"excerpt":{"rendered":"<p>NETTALI.COM - Suite aux r\u00e9centes sorties d'un collectif au Cr\u00e9dit Mutuel, s'insurgeant contre la gestion de la Direction g\u00e9n\u00e9rale, le Vice-Pr\u00e9sident du Conseil d'administration Bourama Di\u00e9m\u00e9, lisant un rapport du Conseil d'Administration produit, suite \u00e0 des enqu\u00eates du Conseil de surveillance, a relev\u00e9 que parmi les 9 membres du collectif, 4 ont \u00e9t\u00e9 \u00e9pingl\u00e9s dans [&hellip;]<\/p>\n","protected":false},"author":2,"featured_media":65086,"comment_status":"open","ping_status":"open","sticky":false,"template":"","format":"standard","meta":{"_et_pb_use_builder":"","_et_pb_old_content":""},"categories":[3878,4],"tags":[],"yoast_head":"<!-- This site is optimized with the Yoast SEO Premium plugin v17.8 (Yoast SEO v17.8) - https:\/\/yoast.com\/wordpress\/plugins\/seo\/ -->\n<title>VIDEO - Vice-Pr\u00e9sident CA Cr\u00e9dit Mutuel : &quot; 4 des membres 9 du collectif, ont \u00e9t\u00e9 \u00e9pingl\u00e9s... &quot; | Nettali.com<\/title>\n<meta name=\"robots\" content=\"index, follow, max-snippet:-1, max-image-preview:large, max-video-preview:-1\" \/>\n<link rel=\"canonical\" href=\"https:\/\/www.nettali.com\/2021\/05\/31\/video-vice-president-ca-credit-mutuel-4-des-membres-9-du-collectif-ont-ete-epingles\/\" \/>\n<meta property=\"og:locale\" content=\"fr_FR\" \/>\n<meta property=\"og:type\" content=\"article\" \/>\n<meta property=\"og:title\" content=\"VIDEO - Vice-Pr\u00e9sident CA Cr\u00e9dit Mutuel : &quot; 4 des membres 9 du collectif, ont \u00e9t\u00e9 \u00e9pingl\u00e9s... &quot;\" \/>\n<meta property=\"og:description\" content=\"NETTALI.COM - Suite aux r\u00e9centes sorties d&#039;un collectif au Cr\u00e9dit Mutuel, s&#039;insurgeant contre la gestion de la Direction g\u00e9n\u00e9rale, le Vice-Pr\u00e9sident du Conseil d&#039;administration Bourama Di\u00e9m\u00e9, lisant un rapport du Conseil d&#039;Administration produit, suite \u00e0 des enqu\u00eates du Conseil de surveillance, a relev\u00e9 que parmi les 9 membres du collectif, 4 ont \u00e9t\u00e9 \u00e9pingl\u00e9s dans [&hellip;]\" \/>\n<meta property=\"og:url\" content=\"https:\/\/www.nettali.com\/2021\/05\/31\/video-vice-president-ca-credit-mutuel-4-des-membres-9-du-collectif-ont-ete-epingles\/\" \/>\n<meta property=\"og:site_name\" content=\"Nettali.com\" \/>\n<meta property=\"article:publisher\" content=\"https:\/\/www.facebook.com\/nettalicom\" \/>\n<meta property=\"article:published_time\" content=\"2021-05-31T23:56:27+00:00\" \/>\n<meta property=\"article:modified_time\" content=\"2021-06-02T19:19:11+00:00\" \/>\n<meta property=\"og:image\" content=\"https:\/\/www.nettali.com\/wp-content\/uploads\/2021\/05\/cms-conf-presse1.jpeg\" \/>\n\t<meta property=\"og:image:width\" content=\"1280\" \/>\n\t<meta property=\"og:image:height\" content=\"720\" \/>\n<meta name=\"twitter:card\" content=\"summary_large_image\" \/>\n<meta name=\"twitter:label1\" content=\"\u00c9crit par\" \/>\n\t<meta name=\"twitter:data1\" content=\"CK\" \/>\n\t<meta name=\"twitter:label2\" content=\"Dur\u00e9e de lecture estim\u00e9e\" \/>\n\t<meta name=\"twitter:data2\" content=\"1 minute\" \/>\n<script type=\"application\/ld+json\" class=\"yoast-schema-graph\">{\"@context\":\"https:\/\/schema.org\",\"@graph\":[{\"@type\":\"WebSite\",\"@id\":\"https:\/\/www.nettali.com\/#website\",\"url\":\"https:\/\/www.nettali.com\/\",\"name\":\"Nettali.com\",\"description\":\"Le rendez-vous critique du Net\",\"potentialAction\":[{\"@type\":\"SearchAction\",\"target\":{\"@type\":\"EntryPoint\",\"urlTemplate\":\"https:\/\/www.nettali.com\/?s={search_term_string}\"},\"query-input\":\"required name=search_term_string\"}],\"inLanguage\":\"fr-FR\"},{\"@type\":\"ImageObject\",\"@id\":\"https:\/\/www.nettali.com\/2021\/05\/31\/video-vice-president-ca-credit-mutuel-4-des-membres-9-du-collectif-ont-ete-epingles\/#primaryimage\",\"inLanguage\":\"fr-FR\",\"url\":\"https:\/\/www.nettali.com\/wp-content\/uploads\/2021\/05\/cms-conf-presse1.jpeg\",\"contentUrl\":\"https:\/\/www.nettali.com\/wp-content\/uploads\/2021\/05\/cms-conf-presse1.jpeg\",\"width\":1280,\"height\":720},{\"@type\":\"WebPage\",\"@id\":\"https:\/\/www.nettali.com\/2021\/05\/31\/video-vice-president-ca-credit-mutuel-4-des-membres-9-du-collectif-ont-ete-epingles\/#webpage\",\"url\":\"https:\/\/www.nettali.com\/2021\/05\/31\/video-vice-president-ca-credit-mutuel-4-des-membres-9-du-collectif-ont-ete-epingles\/\",\"name\":\"VIDEO - Vice-Pr\\u00e9sident CA Cr\\u00e9dit Mutuel : \\\" 4 des membres 9 du collectif, ont \\u00e9t\\u00e9 \\u00e9pingl\\u00e9s... \\\" | Nettali.com\",\"isPartOf\":{\"@id\":\"https:\/\/www.nettali.com\/#website\"},\"primaryImageOfPage\":{\"@id\":\"https:\/\/www.nettali.com\/2021\/05\/31\/video-vice-president-ca-credit-mutuel-4-des-membres-9-du-collectif-ont-ete-epingles\/#primaryimage\"},\"datePublished\":\"2021-05-31T23:56:27+00:00\",\"dateModified\":\"2021-06-02T19:19:11+00:00\",\"author\":{\"@id\":\"https:\/\/www.nettali.com\/#\/schema\/person\/d8ac7b7e27ddad43f1c0d2ef090d7f71\"},\"breadcrumb\":{\"@id\":\"https:\/\/www.nettali.com\/2021\/05\/31\/video-vice-president-ca-credit-mutuel-4-des-membres-9-du-collectif-ont-ete-epingles\/#breadcrumb\"},\"inLanguage\":\"fr-FR\",\"potentialAction\":[{\"@type\":\"ReadAction\",\"target\":[\"https:\/\/www.nettali.com\/2021\/05\/31\/video-vice-president-ca-credit-mutuel-4-des-membres-9-du-collectif-ont-ete-epingles\/\"]}]},{\"@type\":\"BreadcrumbList\",\"@id\":\"https:\/\/www.nettali.com\/2021\/05\/31\/video-vice-president-ca-credit-mutuel-4-des-membres-9-du-collectif-ont-ete-epingles\/#breadcrumb\",\"itemListElement\":[{\"@type\":\"ListItem\",\"position\":1,\"name\":\"Accueil\",\"item\":\"https:\/\/www.nettali.com\/\"},{\"@type\":\"ListItem\",\"position\":2,\"name\":\"VIDEO &#8211; Vice-Pr\\u00e9sident CA Cr\\u00e9dit Mutuel : \\u00a0\\u00bb 4 des membres 9 du collectif, ont \\u00e9t\\u00e9 \\u00e9pingl\\u00e9s&#8230; \\u00ab\\u00a0\"}]},{\"@type\":\"Person\",\"@id\":\"https:\/\/www.nettali.com\/#\/schema\/person\/d8ac7b7e27ddad43f1c0d2ef090d7f71\",\"name\":\"CK\",\"image\":{\"@type\":\"ImageObject\",\"@id\":\"https:\/\/www.nettali.com\/#personlogo\",\"inLanguage\":\"fr-FR\",\"url\":\"https:\/\/secure.gravatar.com\/avatar\/1d8d5118b9327d94da7cd4ce7f17fec2?s=96&d=mm&r=g\",\"contentUrl\":\"https:\/\/secure.gravatar.com\/avatar\/1d8d5118b9327d94da7cd4ce7f17fec2?s=96&d=mm&r=g\",\"caption\":\"CK\"},\"sameAs\":[\"https:\/\/www.nettali.com\"]}]}<\/script>\n<!-- \/ Yoast SEO Premium plugin. -->","yoast_head_json":{"title":"VIDEO - Vice-Pr\u00e9sident CA Cr\u00e9dit Mutuel : \" 4 des membres 9 du collectif, ont \u00e9t\u00e9 \u00e9pingl\u00e9s... \" | Nettali.com","robots":{"index":"index","follow":"follow","max-snippet":"max-snippet:-1","max-image-preview":"max-image-preview:large","max-video-preview":"max-video-preview:-1"},"canonical":"https:\/\/www.nettali.com\/2021\/05\/31\/video-vice-president-ca-credit-mutuel-4-des-membres-9-du-collectif-ont-ete-epingles\/","og_locale":"fr_FR","og_type":"article","og_title":"VIDEO - Vice-Pr\u00e9sident CA Cr\u00e9dit Mutuel : \" 4 des membres 9 du collectif, ont \u00e9t\u00e9 \u00e9pingl\u00e9s... \"","og_description":"NETTALI.COM - Suite aux r\u00e9centes sorties d'un collectif au Cr\u00e9dit Mutuel, s'insurgeant contre la gestion de la Direction g\u00e9n\u00e9rale, le Vice-Pr\u00e9sident du Conseil d'administration Bourama Di\u00e9m\u00e9, lisant un rapport du Conseil d'Administration produit, suite \u00e0 des enqu\u00eates du Conseil de surveillance, a relev\u00e9 que parmi les 9 membres du collectif, 4 ont \u00e9t\u00e9 \u00e9pingl\u00e9s dans [&hellip;]","og_url":"https:\/\/www.nettali.com\/2021\/05\/31\/video-vice-president-ca-credit-mutuel-4-des-membres-9-du-collectif-ont-ete-epingles\/","og_site_name":"Nettali.com","article_publisher":"https:\/\/www.facebook.com\/nettalicom","article_published_time":"2021-05-31T23:56:27+00:00","article_modified_time":"2021-06-02T19:19:11+00:00","og_image":[{"width":1280,"height":720,"url":"https:\/\/www.nettali.com\/wp-content\/uploads\/2021\/05\/cms-conf-presse1.jpeg","type":"image\/jpeg"}],"twitter_card":"summary_large_image","twitter_misc":{"\u00c9crit par":"CK","Dur\u00e9e de lecture estim\u00e9e":"1 minute"},"schema":{"@context":"https:\/\/schema.org","@graph":[{"@type":"WebSite","@id":"https:\/\/www.nettali.com\/#website","url":"https:\/\/www.nettali.com\/","name":"Nettali.com","description":"Le rendez-vous critique du Net","potentialAction":[{"@type":"SearchAction","target":{"@type":"EntryPoint","urlTemplate":"https:\/\/www.nettali.com\/?s={search_term_string}"},"query-input":"required name=search_term_string"}],"inLanguage":"fr-FR"},{"@type":"ImageObject","@id":"https:\/\/www.nettali.com\/2021\/05\/31\/video-vice-president-ca-credit-mutuel-4-des-membres-9-du-collectif-ont-ete-epingles\/#primaryimage","inLanguage":"fr-FR","url":"https:\/\/www.nettali.com\/wp-content\/uploads\/2021\/05\/cms-conf-presse1.jpeg","contentUrl":"https:\/\/www.nettali.com\/wp-content\/uploads\/2021\/05\/cms-conf-presse1.jpeg","width":1280,"height":720},{"@type":"WebPage","@id":"https:\/\/www.nettali.com\/2021\/05\/31\/video-vice-president-ca-credit-mutuel-4-des-membres-9-du-collectif-ont-ete-epingles\/#webpage","url":"https:\/\/www.nettali.com\/2021\/05\/31\/video-vice-president-ca-credit-mutuel-4-des-membres-9-du-collectif-ont-ete-epingles\/","name":"VIDEO - Vice-Pr\u00e9sident CA Cr\u00e9dit Mutuel : \" 4 des membres 9 du collectif, ont \u00e9t\u00e9 \u00e9pingl\u00e9s... \" | Nettali.com","isPartOf":{"@id":"https:\/\/www.nettali.com\/#website"},"primaryImageOfPage":{"@id":"https:\/\/www.nettali.com\/2021\/05\/31\/video-vice-president-ca-credit-mutuel-4-des-membres-9-du-collectif-ont-ete-epingles\/#primaryimage"},"datePublished":"2021-05-31T23:56:27+00:00","dateModified":"2021-06-02T19:19:11+00:00","author":{"@id":"https:\/\/www.nettali.com\/#\/schema\/person\/d8ac7b7e27ddad43f1c0d2ef090d7f71"},"breadcrumb":{"@id":"https:\/\/www.nettali.com\/2021\/05\/31\/video-vice-president-ca-credit-mutuel-4-des-membres-9-du-collectif-ont-ete-epingles\/#breadcrumb"},"inLanguage":"fr-FR","potentialAction":[{"@type":"ReadAction","target":["https:\/\/www.nettali.com\/2021\/05\/31\/video-vice-president-ca-credit-mutuel-4-des-membres-9-du-collectif-ont-ete-epingles\/"]}]},{"@type":"BreadcrumbList","@id":"https:\/\/www.nettali.com\/2021\/05\/31\/video-vice-president-ca-credit-mutuel-4-des-membres-9-du-collectif-ont-ete-epingles\/#breadcrumb","itemListElement":[{"@type":"ListItem","position":1,"name":"Accueil","item":"https:\/\/www.nettali.com\/"},{"@type":"ListItem","position":2,"name":"VIDEO &#8211; Vice-Pr\u00e9sident CA Cr\u00e9dit Mutuel : \u00a0\u00bb 4 des membres 9 du collectif, ont \u00e9t\u00e9 \u00e9pingl\u00e9s&#8230; \u00ab\u00a0"}]},{"@type":"Person","@id":"https:\/\/www.nettali.com\/#\/schema\/person\/d8ac7b7e27ddad43f1c0d2ef090d7f71","name":"CK","image":{"@type":"ImageObject","@id":"https:\/\/www.nettali.com\/#personlogo","inLanguage":"fr-FR","url":"https:\/\/secure.gravatar.com\/avatar\/1d8d5118b9327d94da7cd4ce7f17fec2?s=96&d=mm&r=g","contentUrl":"https:\/\/secure.gravatar.com\/avatar\/1d8d5118b9327d94da7cd4ce7f17fec2?s=96&d=mm&r=g","caption":"CK"},"sameAs":["https:\/\/www.nettali.com"]}]}},"_links":{"self":[{"href":"https:\/\/www.nettali.com\/rest\/wp\/v2\/posts\/65068"}],"collection":[{"href":"https:\/\/www.nettali.com\/rest\/wp\/v2\/posts"}],"about":[{"href":"https:\/\/www.nettali.com\/rest\/wp\/v2\/types\/post"}],"author":[{"embeddable":true,"href":"https:\/\/www.nettali.com\/rest\/wp\/v2\/users\/2"}],"replies":[{"embeddable":true,"href":"https:\/\/www.nettali.com\/rest\/wp\/v2\/comments?post=65068"}],"version-history":[{"count":3,"href":"https:\/\/www.nettali.com\/rest\/wp\/v2\/posts\/65068\/revisions"}],"predecessor-version":[{"id":65087,"href":"https:\/\/www.nettali.com\/rest\/wp\/v2\/posts\/65068\/revisions\/65087"}],"wp:featuredmedia":[{"embeddable":true,"href":"https:\/\/www.nettali.com\/rest\/wp\/v2\/media\/65086"}],"wp:attachment":[{"href":"https:\/\/www.nettali.com\/rest\/wp\/v2\/media?parent=65068"}],"wp:term":[{"taxonomy":"category","embeddable":true,"href":"https:\/\/www.nettali.com\/rest\/wp\/v2\/categories?post=65068"},{"taxonomy":"post_tag","embeddable":true,"href":"https:\/\/www.nettali.com\/rest\/wp\/v2\/tags?post=65068"}],"curies":[{"name":"wp","href":"https:\/\/api.w.org\/{rel}","templated":true}]}}