{"id":65015,"date":"2021-05-31T10:29:42","date_gmt":"2021-05-31T10:29:42","guid":{"rendered":"https:\/\/www.nettali.com\/?p=65015"},"modified":"2021-05-31T10:29:42","modified_gmt":"2021-05-31T10:29:42","slug":"beyrouth-carlos-ghosn-interroge-par-des-juges-francais","status":"publish","type":"post","link":"https:\/\/www.nettali.com\/2021\/05\/31\/beyrouth-carlos-ghosn-interroge-par-des-juges-francais\/","title":{"rendered":"BEYROUTH - Carlos Ghosn interrog\u00e9 par des juges fran\u00e7ais"},"content":{"rendered":"<p><strong>NETTALI.COM - L'ancien dirigeant de l'Alliance Renault-Nissan, Carlos Ghosn, est interrog\u00e9 \u00e0 Beyrouth \u00e0 partir de lundi par des juges d'instruction fran\u00e7ais qui enqu\u00eatent sur des all\u00e9gations de malversations financi\u00e8res en France qui ont conduit \u00e0 la saisie de millions d'euros de ses actifs, ont annonc\u00e9 ses avocats.<\/strong><\/p>\n<p>Les magistrats et enqu\u00eateurs fran\u00e7ais entendront pour la premi\u00e8re fois l'ex-PDG dans le cadre d'une proc\u00e9dure en cours concernant le financement de deux f\u00eates organis\u00e9es au ch\u00e2teau de Versailles alors que Renault en \u00e9tait m\u00e9c\u00e8ne, sur des paiements vers\u00e9s par la coentreprise bas\u00e9e au Pays-Bas, Nissan-Mitsubishi BV (NMBV), \u00e0 un distributeur \u00e0 Oman, et sur des prestations de conseil pay\u00e9es par cette filiale.<\/p>\n<p>Selon une source cit\u00e9e par L'Orient-Le Jour, Carlos Ghosn est arriv\u00e9 au tribunal accompagn\u00e9 de ses avocats, aux alentours de 09H00 (07H00 GMT).<\/p>\n<p>L'\u00e9quipe de d\u00e9fense de l'ancien patron automobile a fait savoir dans un communiqu\u00e9 qu'elle avait identifi\u00e9 des \"irr\u00e9gularit\u00e9s de proc\u00e9dure graves\" qui compromettent cette proc\u00e9dure organis\u00e9e par les autorit\u00e9s judiciaires libanaises.<\/p>\n<div class=\"BeOpVSlot\"><\/div>\n<div class=\"BeOpPBSlot\">\"Ces anomalies, qui fragilisent le processus judiciaire, proviennent des m\u00e9thodes singuli\u00e8res de l'enqu\u00eate japonaise qui demeure la source principale des dossiers fran\u00e7ais\", \u00e9crit-elle.<\/div>\n<p>Carlos Ghosn sera entendu en tant que t\u00e9moin et ne pourra donc pas contester la l\u00e9galit\u00e9 de la proc\u00e9dure, ajoutent ses avocats dans ce communiqu\u00e9.<\/p>\n<p>Ces derniers souhaitent que Carlos Ghosn se voie accorder le statut de \"mis en examen\", seul moyen pour lui de \"d\u00e9noncer les vices juridiques affectant le dossier et de faire r\u00e9aliser des auditions\", expliquent-ils.<\/p>\n<p>Carlos Ghosn avait \u00e9t\u00e9 arr\u00eat\u00e9 au Japon en novembre 2018 accus\u00e9 de fausse d\u00e9claration de salaire et d'utilisation des fonds de l'entreprise \u00e0 des fins personnelles.<\/p>\n<p>Plusieurs proc\u00e9dures judiciaires sont en cours, notamment sur sa domiciliation fiscale et sur les indemnit\u00e9s de d\u00e9part et de retraite qu'il r\u00e9clame \u00e0 Renault.<\/p>\n<p>Carlos Ghosn, r\u00e9fugi\u00e9 au Liban depuis d\u00e9cembre 2019 apr\u00e8s avoir fui le Japon, a toujours ni\u00e9 avoir commis des actes r\u00e9pr\u00e9hensibles dans toutes les affaires le concernant.<\/p>\n<p>La justice n\u00e9erlandaise lui a n\u00e9anmoins ordonn\u00e9 le 20 mai de restituer \u00e0 Nissan et Mitsubishi pr\u00e8s de cinq millions d'euros de revenus vers\u00e9s en 2018 par NMBV, dans le cadre d'une proc\u00e9dure initi\u00e9e par le patron d\u00e9chu lui-m\u00eame, qui estimait avoir fait l'objet d'un licenciement abusif au regard du droit du travail n\u00e9erlandais.<\/p>\n<p>&nbsp;<\/p>\n<div id=\"pub_inarticle2_ads\"><\/div>\n<p>&nbsp;<\/p>\n<div class='share-to-whatsapp-wrapper'><div class='share-on-whsp'>PARTAGER SUR : <\/div><a data-text='BEYROUTH - Carlos Ghosn interrog\u00e9 par des juges fran\u00e7ais' data-link='https:\/\/www.nettali.com\/2021\/05\/31\/beyrouth-carlos-ghosn-interroge-par-des-juges-francais\/' class='whatsapp-button whatsapp-share'>WhatsApp<\/a><div class='clear '><\/div><\/div>","protected":false},"excerpt":{"rendered":"<p>NETTALI.COM - L'ancien dirigeant de l'Alliance Renault-Nissan, Carlos Ghosn, est interrog\u00e9 \u00e0 Beyrouth \u00e0 partir de lundi par des juges d'instruction fran\u00e7ais qui enqu\u00eatent sur des all\u00e9gations de malversations financi\u00e8res en France qui ont conduit \u00e0 la saisie de millions d'euros de ses actifs, ont annonc\u00e9 ses avocats. Les magistrats et enqu\u00eateurs fran\u00e7ais entendront pour [&hellip;]<\/p>\n","protected":false},"author":11,"featured_media":58292,"comment_status":"open","ping_status":"open","sticky":false,"template":"","format":"standard","meta":{"_et_pb_use_builder":"","_et_pb_old_content":""},"categories":[8],"tags":[],"yoast_head":"<!-- This site is optimized with the Yoast SEO Premium plugin v17.8 (Yoast SEO v17.8) - https:\/\/yoast.com\/wordpress\/plugins\/seo\/ -->\n<title>BEYROUTH - Carlos Ghosn interrog\u00e9 par des juges fran\u00e7ais | Nettali.com<\/title>\n<meta name=\"robots\" content=\"index, follow, max-snippet:-1, max-image-preview:large, max-video-preview:-1\" \/>\n<link rel=\"canonical\" href=\"https:\/\/www.nettali.com\/2021\/05\/31\/beyrouth-carlos-ghosn-interroge-par-des-juges-francais\/\" \/>\n<meta property=\"og:locale\" content=\"fr_FR\" \/>\n<meta property=\"og:type\" content=\"article\" \/>\n<meta property=\"og:title\" content=\"BEYROUTH - Carlos Ghosn interrog\u00e9 par des juges fran\u00e7ais\" \/>\n<meta property=\"og:description\" content=\"NETTALI.COM - L&#039;ancien dirigeant de l&#039;Alliance Renault-Nissan, Carlos Ghosn, est interrog\u00e9 \u00e0 Beyrouth \u00e0 partir de lundi par des juges d&#039;instruction fran\u00e7ais qui enqu\u00eatent sur des all\u00e9gations de malversations financi\u00e8res en France qui ont conduit \u00e0 la saisie de millions d&#039;euros de ses actifs, ont annonc\u00e9 ses avocats. Les magistrats et enqu\u00eateurs fran\u00e7ais entendront pour [&hellip;]\" \/>\n<meta property=\"og:url\" content=\"https:\/\/www.nettali.com\/2021\/05\/31\/beyrouth-carlos-ghosn-interroge-par-des-juges-francais\/\" \/>\n<meta property=\"og:site_name\" content=\"Nettali.com\" \/>\n<meta property=\"article:publisher\" content=\"https:\/\/www.facebook.com\/nettalicom\" \/>\n<meta property=\"article:published_time\" content=\"2021-05-31T10:29:42+00:00\" \/>\n<meta property=\"og:image\" content=\"https:\/\/www.nettali.com\/wp-content\/uploads\/2021\/02\/carlos.jpg\" \/>\n\t<meta property=\"og:image:width\" content=\"1000\" \/>\n\t<meta property=\"og:image:height\" content=\"750\" \/>\n<meta name=\"twitter:card\" content=\"summary_large_image\" \/>\n<meta name=\"twitter:label1\" content=\"\u00c9crit par\" \/>\n\t<meta name=\"twitter:data1\" content=\"Thierno Diop\" \/>\n\t<meta name=\"twitter:label2\" content=\"Dur\u00e9e de lecture estim\u00e9e\" \/>\n\t<meta name=\"twitter:data2\" content=\"2 minutes\" \/>\n<script type=\"application\/ld+json\" class=\"yoast-schema-graph\">{\"@context\":\"https:\/\/schema.org\",\"@graph\":[{\"@type\":\"WebSite\",\"@id\":\"https:\/\/www.nettali.com\/#website\",\"url\":\"https:\/\/www.nettali.com\/\",\"name\":\"Nettali.com\",\"description\":\"Le rendez-vous critique du Net\",\"potentialAction\":[{\"@type\":\"SearchAction\",\"target\":{\"@type\":\"EntryPoint\",\"urlTemplate\":\"https:\/\/www.nettali.com\/?s={search_term_string}\"},\"query-input\":\"required name=search_term_string\"}],\"inLanguage\":\"fr-FR\"},{\"@type\":\"ImageObject\",\"@id\":\"https:\/\/www.nettali.com\/2021\/05\/31\/beyrouth-carlos-ghosn-interroge-par-des-juges-francais\/#primaryimage\",\"inLanguage\":\"fr-FR\",\"url\":\"https:\/\/www.nettali.com\/wp-content\/uploads\/2021\/02\/carlos.jpg\",\"contentUrl\":\"https:\/\/www.nettali.com\/wp-content\/uploads\/2021\/02\/carlos.jpg\",\"width\":1000,\"height\":750},{\"@type\":\"WebPage\",\"@id\":\"https:\/\/www.nettali.com\/2021\/05\/31\/beyrouth-carlos-ghosn-interroge-par-des-juges-francais\/#webpage\",\"url\":\"https:\/\/www.nettali.com\/2021\/05\/31\/beyrouth-carlos-ghosn-interroge-par-des-juges-francais\/\",\"name\":\"BEYROUTH - Carlos Ghosn interrog\\u00e9 par des juges fran\\u00e7ais | Nettali.com\",\"isPartOf\":{\"@id\":\"https:\/\/www.nettali.com\/#website\"},\"primaryImageOfPage\":{\"@id\":\"https:\/\/www.nettali.com\/2021\/05\/31\/beyrouth-carlos-ghosn-interroge-par-des-juges-francais\/#primaryimage\"},\"datePublished\":\"2021-05-31T10:29:42+00:00\",\"dateModified\":\"2021-05-31T10:29:42+00:00\",\"author\":{\"@id\":\"https:\/\/www.nettali.com\/#\/schema\/person\/8a06c6bd7b19304cf4bf985862900b5b\"},\"breadcrumb\":{\"@id\":\"https:\/\/www.nettali.com\/2021\/05\/31\/beyrouth-carlos-ghosn-interroge-par-des-juges-francais\/#breadcrumb\"},\"inLanguage\":\"fr-FR\",\"potentialAction\":[{\"@type\":\"ReadAction\",\"target\":[\"https:\/\/www.nettali.com\/2021\/05\/31\/beyrouth-carlos-ghosn-interroge-par-des-juges-francais\/\"]}]},{\"@type\":\"BreadcrumbList\",\"@id\":\"https:\/\/www.nettali.com\/2021\/05\/31\/beyrouth-carlos-ghosn-interroge-par-des-juges-francais\/#breadcrumb\",\"itemListElement\":[{\"@type\":\"ListItem\",\"position\":1,\"name\":\"Accueil\",\"item\":\"https:\/\/www.nettali.com\/\"},{\"@type\":\"ListItem\",\"position\":2,\"name\":\"BEYROUTH &#8211; Carlos Ghosn interrog\\u00e9 par des juges fran\\u00e7ais\"}]},{\"@type\":\"Person\",\"@id\":\"https:\/\/www.nettali.com\/#\/schema\/person\/8a06c6bd7b19304cf4bf985862900b5b\",\"name\":\"Thierno Diop\",\"image\":{\"@type\":\"ImageObject\",\"@id\":\"https:\/\/www.nettali.com\/#personlogo\",\"inLanguage\":\"fr-FR\",\"url\":\"https:\/\/secure.gravatar.com\/avatar\/c8ca58550c94fd2ac856d27391a6c866?s=96&d=mm&r=g\",\"contentUrl\":\"https:\/\/secure.gravatar.com\/avatar\/c8ca58550c94fd2ac856d27391a6c866?s=96&d=mm&r=g\",\"caption\":\"Thierno Diop\"},\"sameAs\":[\"https:\/\/nettali.com\"]}]}<\/script>\n<!-- \/ Yoast SEO Premium plugin. -->","yoast_head_json":{"title":"BEYROUTH - Carlos Ghosn interrog\u00e9 par des juges fran\u00e7ais | Nettali.com","robots":{"index":"index","follow":"follow","max-snippet":"max-snippet:-1","max-image-preview":"max-image-preview:large","max-video-preview":"max-video-preview:-1"},"canonical":"https:\/\/www.nettali.com\/2021\/05\/31\/beyrouth-carlos-ghosn-interroge-par-des-juges-francais\/","og_locale":"fr_FR","og_type":"article","og_title":"BEYROUTH - Carlos Ghosn interrog\u00e9 par des juges fran\u00e7ais","og_description":"NETTALI.COM - L'ancien dirigeant de l'Alliance Renault-Nissan, Carlos Ghosn, est interrog\u00e9 \u00e0 Beyrouth \u00e0 partir de lundi par des juges d'instruction fran\u00e7ais qui enqu\u00eatent sur des all\u00e9gations de malversations financi\u00e8res en France qui ont conduit \u00e0 la saisie de millions d'euros de ses actifs, ont annonc\u00e9 ses avocats. Les magistrats et enqu\u00eateurs fran\u00e7ais entendront pour [&hellip;]","og_url":"https:\/\/www.nettali.com\/2021\/05\/31\/beyrouth-carlos-ghosn-interroge-par-des-juges-francais\/","og_site_name":"Nettali.com","article_publisher":"https:\/\/www.facebook.com\/nettalicom","article_published_time":"2021-05-31T10:29:42+00:00","og_image":[{"width":1000,"height":750,"url":"https:\/\/www.nettali.com\/wp-content\/uploads\/2021\/02\/carlos.jpg","type":"image\/jpeg"}],"twitter_card":"summary_large_image","twitter_misc":{"\u00c9crit par":"Thierno Diop","Dur\u00e9e de lecture estim\u00e9e":"2 minutes"},"schema":{"@context":"https:\/\/schema.org","@graph":[{"@type":"WebSite","@id":"https:\/\/www.nettali.com\/#website","url":"https:\/\/www.nettali.com\/","name":"Nettali.com","description":"Le rendez-vous critique du Net","potentialAction":[{"@type":"SearchAction","target":{"@type":"EntryPoint","urlTemplate":"https:\/\/www.nettali.com\/?s={search_term_string}"},"query-input":"required name=search_term_string"}],"inLanguage":"fr-FR"},{"@type":"ImageObject","@id":"https:\/\/www.nettali.com\/2021\/05\/31\/beyrouth-carlos-ghosn-interroge-par-des-juges-francais\/#primaryimage","inLanguage":"fr-FR","url":"https:\/\/www.nettali.com\/wp-content\/uploads\/2021\/02\/carlos.jpg","contentUrl":"https:\/\/www.nettali.com\/wp-content\/uploads\/2021\/02\/carlos.jpg","width":1000,"height":750},{"@type":"WebPage","@id":"https:\/\/www.nettali.com\/2021\/05\/31\/beyrouth-carlos-ghosn-interroge-par-des-juges-francais\/#webpage","url":"https:\/\/www.nettali.com\/2021\/05\/31\/beyrouth-carlos-ghosn-interroge-par-des-juges-francais\/","name":"BEYROUTH - Carlos Ghosn interrog\u00e9 par des juges fran\u00e7ais | Nettali.com","isPartOf":{"@id":"https:\/\/www.nettali.com\/#website"},"primaryImageOfPage":{"@id":"https:\/\/www.nettali.com\/2021\/05\/31\/beyrouth-carlos-ghosn-interroge-par-des-juges-francais\/#primaryimage"},"datePublished":"2021-05-31T10:29:42+00:00","dateModified":"2021-05-31T10:29:42+00:00","author":{"@id":"https:\/\/www.nettali.com\/#\/schema\/person\/8a06c6bd7b19304cf4bf985862900b5b"},"breadcrumb":{"@id":"https:\/\/www.nettali.com\/2021\/05\/31\/beyrouth-carlos-ghosn-interroge-par-des-juges-francais\/#breadcrumb"},"inLanguage":"fr-FR","potentialAction":[{"@type":"ReadAction","target":["https:\/\/www.nettali.com\/2021\/05\/31\/beyrouth-carlos-ghosn-interroge-par-des-juges-francais\/"]}]},{"@type":"BreadcrumbList","@id":"https:\/\/www.nettali.com\/2021\/05\/31\/beyrouth-carlos-ghosn-interroge-par-des-juges-francais\/#breadcrumb","itemListElement":[{"@type":"ListItem","position":1,"name":"Accueil","item":"https:\/\/www.nettali.com\/"},{"@type":"ListItem","position":2,"name":"BEYROUTH &#8211; Carlos Ghosn interrog\u00e9 par des juges fran\u00e7ais"}]},{"@type":"Person","@id":"https:\/\/www.nettali.com\/#\/schema\/person\/8a06c6bd7b19304cf4bf985862900b5b","name":"Thierno Diop","image":{"@type":"ImageObject","@id":"https:\/\/www.nettali.com\/#personlogo","inLanguage":"fr-FR","url":"https:\/\/secure.gravatar.com\/avatar\/c8ca58550c94fd2ac856d27391a6c866?s=96&d=mm&r=g","contentUrl":"https:\/\/secure.gravatar.com\/avatar\/c8ca58550c94fd2ac856d27391a6c866?s=96&d=mm&r=g","caption":"Thierno Diop"},"sameAs":["https:\/\/nettali.com"]}]}},"_links":{"self":[{"href":"https:\/\/www.nettali.com\/rest\/wp\/v2\/posts\/65015"}],"collection":[{"href":"https:\/\/www.nettali.com\/rest\/wp\/v2\/posts"}],"about":[{"href":"https:\/\/www.nettali.com\/rest\/wp\/v2\/types\/post"}],"author":[{"embeddable":true,"href":"https:\/\/www.nettali.com\/rest\/wp\/v2\/users\/11"}],"replies":[{"embeddable":true,"href":"https:\/\/www.nettali.com\/rest\/wp\/v2\/comments?post=65015"}],"version-history":[{"count":1,"href":"https:\/\/www.nettali.com\/rest\/wp\/v2\/posts\/65015\/revisions"}],"predecessor-version":[{"id":65016,"href":"https:\/\/www.nettali.com\/rest\/wp\/v2\/posts\/65015\/revisions\/65016"}],"wp:featuredmedia":[{"embeddable":true,"href":"https:\/\/www.nettali.com\/rest\/wp\/v2\/media\/58292"}],"wp:attachment":[{"href":"https:\/\/www.nettali.com\/rest\/wp\/v2\/media?parent=65015"}],"wp:term":[{"taxonomy":"category","embeddable":true,"href":"https:\/\/www.nettali.com\/rest\/wp\/v2\/categories?post=65015"},{"taxonomy":"post_tag","embeddable":true,"href":"https:\/\/www.nettali.com\/rest\/wp\/v2\/tags?post=65015"}],"curies":[{"name":"wp","href":"https:\/\/api.w.org\/{rel}","templated":true}]}}