{"id":65007,"date":"2021-05-31T10:01:05","date_gmt":"2021-05-31T10:01:05","guid":{"rendered":"https:\/\/www.nettali.com\/?p=65007"},"modified":"2021-05-31T13:50:48","modified_gmt":"2021-05-31T13:50:48","slug":"evasion-de-boy-djinne-le-forum-du-justiciable-et-lasred-reclament-des-sanctions","status":"publish","type":"post","link":"https:\/\/www.nettali.com\/2021\/05\/31\/evasion-de-boy-djinne-le-forum-du-justiciable-et-lasred-reclament-des-sanctions\/","title":{"rendered":"EVASION DE BOY DJINNE - Le Forum du justiciable et l'Asred r\u00e9clament des sanctions"},"content":{"rendered":"<p><strong>NETTALI.COM - Si Baye Modou Fall alias Boy Djin\u00e9 a b\u00e9n\u00e9fici\u00e9 de l'aide de complices dans son \u00e9vasion, ces derniers doivent \u00eatre sanctionn\u00e9s. La requ\u00eate est formul\u00e9e par le Forum du justiciable et l\u2019Association pour le soutien et la r\u00e9insertion sociale des d\u00e9tenus (ASRED).<\/strong><\/p>\n<p>&nbsp;<\/p>\n<p>Boy Djin\u00e9 s'est\u00a0 \u00e9vad\u00e9 de la \u00e9ni\u00e8me fois du quartier de haute s\u00e9curit\u00e9 de la prison du Camp p\u00e9nal de Libert\u00e9 VI. Cette \u00e9vasion survenue ce dimanche a fait r\u00e9agir l\u2019Association pour le soutien et la r\u00e9insertion sociale des d\u00e9tenus (ASRED) et le Forum du Justiciable.<\/p>\n<p>\" <em>Nos organisations, pour avoir visit\u00e9 le quartier de haute s\u00e9curit\u00e9 o\u00f9 Boy Djin\u00e9 \u00e9tait d\u00e9tenu, affirment qu\u2019il est impossible pour un quelconque d\u00e9tenu de s\u2019y \u00e9vader<\/em>\", soutiennent-ils \u00e0 travers un communiqu\u00e9 conjoint.<\/p>\n<p>Ainsi les deux organisations invitent-elles\u00a0 les autorit\u00e9s comp\u00e9tentes \u00e0 ouvrir \"<em>tr\u00e8s rapidement<\/em>\" une enqu\u00eate pour d\u00e9terminer les circonstances de cette \u00e9vasion.<\/p>\n<p>\" <em>Si l\u2019enqu\u00eate r\u00e9v\u00e8le effectivement qu\u2019il a b\u00e9n\u00e9fici\u00e9 d\u2019une assistance interne, les autorit\u00e9s habilit\u00e9es doivent prendre les sanctions appropri\u00e9es pour d\u00e9courager ces genres de pratique qui ternissent l\u2019image de l\u2019administration p\u00e9nitentiaire<\/em>\", sugg\u00e8rent-elles.<\/p>\n<div class='share-to-whatsapp-wrapper'><div class='share-on-whsp'>PARTAGER SUR : <\/div><a data-text='EVASION DE BOY DJINNE - Le Forum du justiciable et l'Asred r\u00e9clament des sanctions' data-link='https:\/\/www.nettali.com\/2021\/05\/31\/evasion-de-boy-djinne-le-forum-du-justiciable-et-lasred-reclament-des-sanctions\/' class='whatsapp-button whatsapp-share'>WhatsApp<\/a><div class='clear '><\/div><\/div>","protected":false},"excerpt":{"rendered":"<p>NETTALI.COM - Si Baye Modou Fall alias Boy Djin\u00e9 a b\u00e9n\u00e9fici\u00e9 de l'aide de complices dans son \u00e9vasion, ces derniers doivent \u00eatre sanctionn\u00e9s. La requ\u00eate est formul\u00e9e par le Forum du justiciable et l\u2019Association pour le soutien et la r\u00e9insertion sociale des d\u00e9tenus (ASRED). &nbsp; Boy Djin\u00e9 s'est\u00a0 \u00e9vad\u00e9 de la \u00e9ni\u00e8me fois du quartier [&hellip;]<\/p>\n","protected":false},"author":6,"featured_media":64982,"comment_status":"open","ping_status":"open","sticky":false,"template":"","format":"standard","meta":{"_et_pb_use_builder":"","_et_pb_old_content":""},"categories":[3],"tags":[],"yoast_head":"<!-- This site is optimized with the Yoast SEO Premium plugin v17.8 (Yoast SEO v17.8) - https:\/\/yoast.com\/wordpress\/plugins\/seo\/ -->\n<title>EVASION DE BOY DJINNE - Le Forum du justiciable et l&#039;Asred r\u00e9clament des sanctions | Nettali.com<\/title>\n<meta name=\"robots\" content=\"index, follow, max-snippet:-1, max-image-preview:large, max-video-preview:-1\" \/>\n<link rel=\"canonical\" href=\"https:\/\/www.nettali.com\/2021\/05\/31\/evasion-de-boy-djinne-le-forum-du-justiciable-et-lasred-reclament-des-sanctions\/\" \/>\n<meta property=\"og:locale\" content=\"fr_FR\" \/>\n<meta property=\"og:type\" content=\"article\" \/>\n<meta property=\"og:title\" content=\"EVASION DE BOY DJINNE - Le Forum du justiciable et l&#039;Asred r\u00e9clament des sanctions\" \/>\n<meta property=\"og:description\" content=\"NETTALI.COM - Si Baye Modou Fall alias Boy Djin\u00e9 a b\u00e9n\u00e9fici\u00e9 de l&#039;aide de complices dans son \u00e9vasion, ces derniers doivent \u00eatre sanctionn\u00e9s. La requ\u00eate est formul\u00e9e par le Forum du justiciable et l\u2019Association pour le soutien et la r\u00e9insertion sociale des d\u00e9tenus (ASRED). &nbsp; Boy Djin\u00e9 s&#039;est\u00a0 \u00e9vad\u00e9 de la \u00e9ni\u00e8me fois du quartier [&hellip;]\" \/>\n<meta property=\"og:url\" content=\"https:\/\/www.nettali.com\/2021\/05\/31\/evasion-de-boy-djinne-le-forum-du-justiciable-et-lasred-reclament-des-sanctions\/\" \/>\n<meta property=\"og:site_name\" content=\"Nettali.com\" \/>\n<meta property=\"article:publisher\" content=\"https:\/\/www.facebook.com\/nettalicom\" \/>\n<meta property=\"article:published_time\" content=\"2021-05-31T10:01:05+00:00\" \/>\n<meta property=\"article:modified_time\" content=\"2021-05-31T13:50:48+00:00\" \/>\n<meta property=\"og:image\" content=\"https:\/\/www.nettali.com\/wp-content\/uploads\/2021\/05\/51759450-39655796.jpg\" \/>\n\t<meta property=\"og:image:width\" content=\"800\" \/>\n\t<meta property=\"og:image:height\" content=\"600\" \/>\n<meta name=\"twitter:card\" content=\"summary_large_image\" \/>\n<meta name=\"twitter:label1\" content=\"\u00c9crit par\" \/>\n\t<meta name=\"twitter:data1\" content=\"Fatou\" \/>\n\t<meta name=\"twitter:label2\" content=\"Dur\u00e9e de lecture estim\u00e9e\" \/>\n\t<meta name=\"twitter:data2\" content=\"1 minute\" \/>\n<script type=\"application\/ld+json\" class=\"yoast-schema-graph\">{\"@context\":\"https:\/\/schema.org\",\"@graph\":[{\"@type\":\"WebSite\",\"@id\":\"https:\/\/www.nettali.com\/#website\",\"url\":\"https:\/\/www.nettali.com\/\",\"name\":\"Nettali.com\",\"description\":\"Le rendez-vous critique du Net\",\"potentialAction\":[{\"@type\":\"SearchAction\",\"target\":{\"@type\":\"EntryPoint\",\"urlTemplate\":\"https:\/\/www.nettali.com\/?s={search_term_string}\"},\"query-input\":\"required name=search_term_string\"}],\"inLanguage\":\"fr-FR\"},{\"@type\":\"ImageObject\",\"@id\":\"https:\/\/www.nettali.com\/2021\/05\/31\/evasion-de-boy-djinne-le-forum-du-justiciable-et-lasred-reclament-des-sanctions\/#primaryimage\",\"inLanguage\":\"fr-FR\",\"url\":\"https:\/\/www.nettali.com\/wp-content\/uploads\/2021\/05\/51759450-39655796.jpg\",\"contentUrl\":\"https:\/\/www.nettali.com\/wp-content\/uploads\/2021\/05\/51759450-39655796.jpg\",\"width\":800,\"height\":600},{\"@type\":\"WebPage\",\"@id\":\"https:\/\/www.nettali.com\/2021\/05\/31\/evasion-de-boy-djinne-le-forum-du-justiciable-et-lasred-reclament-des-sanctions\/#webpage\",\"url\":\"https:\/\/www.nettali.com\/2021\/05\/31\/evasion-de-boy-djinne-le-forum-du-justiciable-et-lasred-reclament-des-sanctions\/\",\"name\":\"EVASION DE BOY DJINNE - Le Forum du justiciable et l'Asred r\\u00e9clament des sanctions | Nettali.com\",\"isPartOf\":{\"@id\":\"https:\/\/www.nettali.com\/#website\"},\"primaryImageOfPage\":{\"@id\":\"https:\/\/www.nettali.com\/2021\/05\/31\/evasion-de-boy-djinne-le-forum-du-justiciable-et-lasred-reclament-des-sanctions\/#primaryimage\"},\"datePublished\":\"2021-05-31T10:01:05+00:00\",\"dateModified\":\"2021-05-31T13:50:48+00:00\",\"author\":{\"@id\":\"https:\/\/www.nettali.com\/#\/schema\/person\/418274a86bdf87caff7a3ef476bd0bbf\"},\"breadcrumb\":{\"@id\":\"https:\/\/www.nettali.com\/2021\/05\/31\/evasion-de-boy-djinne-le-forum-du-justiciable-et-lasred-reclament-des-sanctions\/#breadcrumb\"},\"inLanguage\":\"fr-FR\",\"potentialAction\":[{\"@type\":\"ReadAction\",\"target\":[\"https:\/\/www.nettali.com\/2021\/05\/31\/evasion-de-boy-djinne-le-forum-du-justiciable-et-lasred-reclament-des-sanctions\/\"]}]},{\"@type\":\"BreadcrumbList\",\"@id\":\"https:\/\/www.nettali.com\/2021\/05\/31\/evasion-de-boy-djinne-le-forum-du-justiciable-et-lasred-reclament-des-sanctions\/#breadcrumb\",\"itemListElement\":[{\"@type\":\"ListItem\",\"position\":1,\"name\":\"Accueil\",\"item\":\"https:\/\/www.nettali.com\/\"},{\"@type\":\"ListItem\",\"position\":2,\"name\":\"EVASION DE BOY DJINNE &#8211; Le Forum du justiciable et l&rsquo;Asred r\\u00e9clament des sanctions\"}]},{\"@type\":\"Person\",\"@id\":\"https:\/\/www.nettali.com\/#\/schema\/person\/418274a86bdf87caff7a3ef476bd0bbf\",\"name\":\"Fatou\",\"image\":{\"@type\":\"ImageObject\",\"@id\":\"https:\/\/www.nettali.com\/#personlogo\",\"inLanguage\":\"fr-FR\",\"url\":\"https:\/\/secure.gravatar.com\/avatar\/5a9442a2bee7b4dcf167cab035858e9a?s=96&d=mm&r=g\",\"contentUrl\":\"https:\/\/secure.gravatar.com\/avatar\/5a9442a2bee7b4dcf167cab035858e9a?s=96&d=mm&r=g\",\"caption\":\"Fatou\"},\"sameAs\":[\"https:\/\/www.nettali.com\"]}]}<\/script>\n<!-- \/ Yoast SEO Premium plugin. -->","yoast_head_json":{"title":"EVASION DE BOY DJINNE - Le Forum du justiciable et l'Asred r\u00e9clament des sanctions | Nettali.com","robots":{"index":"index","follow":"follow","max-snippet":"max-snippet:-1","max-image-preview":"max-image-preview:large","max-video-preview":"max-video-preview:-1"},"canonical":"https:\/\/www.nettali.com\/2021\/05\/31\/evasion-de-boy-djinne-le-forum-du-justiciable-et-lasred-reclament-des-sanctions\/","og_locale":"fr_FR","og_type":"article","og_title":"EVASION DE BOY DJINNE - Le Forum du justiciable et l'Asred r\u00e9clament des sanctions","og_description":"NETTALI.COM - Si Baye Modou Fall alias Boy Djin\u00e9 a b\u00e9n\u00e9fici\u00e9 de l'aide de complices dans son \u00e9vasion, ces derniers doivent \u00eatre sanctionn\u00e9s. La requ\u00eate est formul\u00e9e par le Forum du justiciable et l\u2019Association pour le soutien et la r\u00e9insertion sociale des d\u00e9tenus (ASRED). &nbsp; Boy Djin\u00e9 s'est\u00a0 \u00e9vad\u00e9 de la \u00e9ni\u00e8me fois du quartier [&hellip;]","og_url":"https:\/\/www.nettali.com\/2021\/05\/31\/evasion-de-boy-djinne-le-forum-du-justiciable-et-lasred-reclament-des-sanctions\/","og_site_name":"Nettali.com","article_publisher":"https:\/\/www.facebook.com\/nettalicom","article_published_time":"2021-05-31T10:01:05+00:00","article_modified_time":"2021-05-31T13:50:48+00:00","og_image":[{"width":800,"height":600,"url":"https:\/\/www.nettali.com\/wp-content\/uploads\/2021\/05\/51759450-39655796.jpg","type":"image\/jpeg"}],"twitter_card":"summary_large_image","twitter_misc":{"\u00c9crit par":"Fatou","Dur\u00e9e de lecture estim\u00e9e":"1 minute"},"schema":{"@context":"https:\/\/schema.org","@graph":[{"@type":"WebSite","@id":"https:\/\/www.nettali.com\/#website","url":"https:\/\/www.nettali.com\/","name":"Nettali.com","description":"Le rendez-vous critique du Net","potentialAction":[{"@type":"SearchAction","target":{"@type":"EntryPoint","urlTemplate":"https:\/\/www.nettali.com\/?s={search_term_string}"},"query-input":"required name=search_term_string"}],"inLanguage":"fr-FR"},{"@type":"ImageObject","@id":"https:\/\/www.nettali.com\/2021\/05\/31\/evasion-de-boy-djinne-le-forum-du-justiciable-et-lasred-reclament-des-sanctions\/#primaryimage","inLanguage":"fr-FR","url":"https:\/\/www.nettali.com\/wp-content\/uploads\/2021\/05\/51759450-39655796.jpg","contentUrl":"https:\/\/www.nettali.com\/wp-content\/uploads\/2021\/05\/51759450-39655796.jpg","width":800,"height":600},{"@type":"WebPage","@id":"https:\/\/www.nettali.com\/2021\/05\/31\/evasion-de-boy-djinne-le-forum-du-justiciable-et-lasred-reclament-des-sanctions\/#webpage","url":"https:\/\/www.nettali.com\/2021\/05\/31\/evasion-de-boy-djinne-le-forum-du-justiciable-et-lasred-reclament-des-sanctions\/","name":"EVASION DE BOY DJINNE - Le Forum du justiciable et l'Asred r\u00e9clament des sanctions | Nettali.com","isPartOf":{"@id":"https:\/\/www.nettali.com\/#website"},"primaryImageOfPage":{"@id":"https:\/\/www.nettali.com\/2021\/05\/31\/evasion-de-boy-djinne-le-forum-du-justiciable-et-lasred-reclament-des-sanctions\/#primaryimage"},"datePublished":"2021-05-31T10:01:05+00:00","dateModified":"2021-05-31T13:50:48+00:00","author":{"@id":"https:\/\/www.nettali.com\/#\/schema\/person\/418274a86bdf87caff7a3ef476bd0bbf"},"breadcrumb":{"@id":"https:\/\/www.nettali.com\/2021\/05\/31\/evasion-de-boy-djinne-le-forum-du-justiciable-et-lasred-reclament-des-sanctions\/#breadcrumb"},"inLanguage":"fr-FR","potentialAction":[{"@type":"ReadAction","target":["https:\/\/www.nettali.com\/2021\/05\/31\/evasion-de-boy-djinne-le-forum-du-justiciable-et-lasred-reclament-des-sanctions\/"]}]},{"@type":"BreadcrumbList","@id":"https:\/\/www.nettali.com\/2021\/05\/31\/evasion-de-boy-djinne-le-forum-du-justiciable-et-lasred-reclament-des-sanctions\/#breadcrumb","itemListElement":[{"@type":"ListItem","position":1,"name":"Accueil","item":"https:\/\/www.nettali.com\/"},{"@type":"ListItem","position":2,"name":"EVASION DE BOY DJINNE &#8211; Le Forum du justiciable et l&rsquo;Asred r\u00e9clament des sanctions"}]},{"@type":"Person","@id":"https:\/\/www.nettali.com\/#\/schema\/person\/418274a86bdf87caff7a3ef476bd0bbf","name":"Fatou","image":{"@type":"ImageObject","@id":"https:\/\/www.nettali.com\/#personlogo","inLanguage":"fr-FR","url":"https:\/\/secure.gravatar.com\/avatar\/5a9442a2bee7b4dcf167cab035858e9a?s=96&d=mm&r=g","contentUrl":"https:\/\/secure.gravatar.com\/avatar\/5a9442a2bee7b4dcf167cab035858e9a?s=96&d=mm&r=g","caption":"Fatou"},"sameAs":["https:\/\/www.nettali.com"]}]}},"_links":{"self":[{"href":"https:\/\/www.nettali.com\/rest\/wp\/v2\/posts\/65007"}],"collection":[{"href":"https:\/\/www.nettali.com\/rest\/wp\/v2\/posts"}],"about":[{"href":"https:\/\/www.nettali.com\/rest\/wp\/v2\/types\/post"}],"author":[{"embeddable":true,"href":"https:\/\/www.nettali.com\/rest\/wp\/v2\/users\/6"}],"replies":[{"embeddable":true,"href":"https:\/\/www.nettali.com\/rest\/wp\/v2\/comments?post=65007"}],"version-history":[{"count":2,"href":"https:\/\/www.nettali.com\/rest\/wp\/v2\/posts\/65007\/revisions"}],"predecessor-version":[{"id":65042,"href":"https:\/\/www.nettali.com\/rest\/wp\/v2\/posts\/65007\/revisions\/65042"}],"wp:featuredmedia":[{"embeddable":true,"href":"https:\/\/www.nettali.com\/rest\/wp\/v2\/media\/64982"}],"wp:attachment":[{"href":"https:\/\/www.nettali.com\/rest\/wp\/v2\/media?parent=65007"}],"wp:term":[{"taxonomy":"category","embeddable":true,"href":"https:\/\/www.nettali.com\/rest\/wp\/v2\/categories?post=65007"},{"taxonomy":"post_tag","embeddable":true,"href":"https:\/\/www.nettali.com\/rest\/wp\/v2\/tags?post=65007"}],"curies":[{"name":"wp","href":"https:\/\/api.w.org\/{rel}","templated":true}]}}