{"id":64949,"date":"2021-05-30T02:15:08","date_gmt":"2021-05-30T02:15:08","guid":{"rendered":"https:\/\/www.nettali.com\/?p=64949"},"modified":"2021-05-30T14:42:18","modified_gmt":"2021-05-30T14:42:18","slug":"c1-chelsea-dedouard-mendy-sur-le-toit-de-leurope","status":"publish","type":"post","link":"https:\/\/www.nettali.com\/2021\/05\/30\/c1-chelsea-dedouard-mendy-sur-le-toit-de-leurope\/","title":{"rendered":"C1 - Chelsea d'Edouard Mendy sur le toit de l'Europe"},"content":{"rendered":"<p><strong>NETTALI.COM - Gr\u00e2ce \u00e0 un but de Kai Havertz et un excellent Edouard Mendy, Chelsea a remport\u00e9 ce samedi la finale de Ligue des champions devant Manchester City (1-0). Les Blues s'offrent ainsi leur 2\u00e8me C1 apr\u00e8s celle de 2012.<\/strong><\/p>\n<p>Neuf ans apr\u00e8s le sacre de la bande \u00e0 Didier Drogba, Chelsea se retrouve encore sur le toit de l'Europe.<br \/>\nLes Blues se sont en effet impos\u00e9s 1-0 face \u00e0 Manchester City et Thomas Tuchel a remport\u00e9 la bataille tactique face \u00e0 Pep Guardiola.<\/p>\n<p>Car pour cette tr\u00e8s belle finale, disput\u00e9e sur un rythme tr\u00e8s \u00e9lev\u00e9, Guardiola avait d\u00e9cid\u00e9 de jouer sans v\u00e9ritable sentinelles au milieu de terrain, optant pour un double pivot Gundogan-De Bruyne tandis que Thomas Tuchel alignait son onze de d\u00e9part habituel.<\/p>\n<p>Cela permettait aux joueurs de Chelsea de profiter de nombreux espaces et de mettre le feu \u00e0 la d\u00e9fense des Citizens dans le premier quart d'heure. Mais Timo Werner, pourtant id\u00e9alement plac\u00e9 \u00e0 chaque fois, vendangeait trois fois avec une reprise manqu\u00e9e (10e), une frappe trop \u00e9cras\u00e9e (14e) puis un tir non cadr\u00e9 (15e).<\/p>\n<p>City n'\u00e9tait pas en reste et se procurait des occasions par Raheem Sterling (8e), Kevin De Bruyne (27e) et Kyle Walker (30e).<\/p>\n<p><strong>Silva bless\u00e9, Havertz buteur<\/strong><\/p>\n<p>Un des faits marquants \u00e9tait la blessure de Thiago Silva, touch\u00e9 aux adducteurs, qui laissait sa place \u00e0 Andreas Christensen (39e).<\/p>\n<p>Ce coup dur n'entravait en rien le moral et la bonne marche des Londoniens. En effet, trois minutes avant la mi-temps, Chelsea ouvrait la marque en profitant d'un trou b\u00e9ant dans la d\u00e9fense de City. Au d\u00e9part de l'action, Edouard Mendy, le portier des Blues, trouvait Mount au milieu de terrain. Ce dernier lan\u00e7ait en profondeur Kai Havertz, totalement oubli\u00e9 par la d\u00e9fense adverse, et qui pouvait filer seul au but pour dribbler Ederson et pousser la balle au fond des filets (1-0, 42e).<\/p>\n<p><strong>Kevin de Bruyne quitte ses partenaires<\/strong><\/p>\n<p>Malgr\u00e9 un but de retard \u00e0 la pause, Pep Guardiola ne modifiait pas ses plans pour la deuxi\u00e8me p\u00e9riode. Mais il allait finalement devoir s'y r\u00e9soudre en raison d'un coup du sort. Apr\u00e8s un duel avec R\u00fcdiger, De Bruyne restait au sol, sonn\u00e9. L'international belge avait re\u00e7u un coup au visage et quittait le terrain avec le visage tum\u00e9fi\u00e9 (59e). Gabriel Jesus le rempla\u00e7ait une minute plus tard.<\/p>\n<p>Manchester City poussait pour arracher l'\u00e9galisation mais Azpilicueta effectuait un tacle salvateur devant Mahrez (69e), puis c'est Ben Chilwell qui d\u00e9gageait son camp en catastrophe (74e).<\/p>\n<p>Entre temps, \u00e0 force de pousser, City s'exposait aux contre-attaques de Chelsea. Pulisic, entr\u00e9 en jeu \u00e0 la place de Werner (\u00e0 la 66e minute) manquait m\u00eame la balle du 2-0 apr\u00e8s avoir b\u00e9n\u00e9fici\u00e9 d'un caviar de Havertz (73e).<\/p>\n<p>La fin de match \u00e9tait irrespirable avec une \u00e9norme occasion pour Mahrez (90+6e) mais Chelsea ne craquait pas et les Londoniens exultaient de joie au coup de sifflet final apr\u00e8s sept minutes d'arr\u00eat de jeu.<\/p>\n<p><strong>Edouard Mendy \u00e9gale Bruce Grobbelaar<\/strong><\/p>\n<p>Avec une bonne d\u00e9fense, Chelsea tient le bon bout et remporte sa deuxi\u00e8me coupe aux grandes oreilles.<br \/>\nPour sa part, Edouard Mendy, lui qui vient de d\u00e9couvrir la comp\u00e9tition d\u00e9croche sa premi\u00e8re \u00e9toile europ\u00e9enne. Une performance qui permet \u00e0 l'ancien Rennais d'\u00eatre le deuxi\u00e8me gardien de but africain \u00e0 gagner la Ligue des champions apr\u00e8s Bruce Grobbelaar en 1984. Le portier zimbabw\u00e9en \u00e9tait d\u00e9cisif aux tirs au but permettant ainsi \u00e0 Liverpool de remporter cette finale devant l'As Roma...au stadio Olympico de Rome.<\/p>\n<div class='share-to-whatsapp-wrapper'><div class='share-on-whsp'>PARTAGER SUR : <\/div><a data-text='C1 - Chelsea d'Edouard Mendy sur le toit de l'Europe' data-link='https:\/\/www.nettali.com\/2021\/05\/30\/c1-chelsea-dedouard-mendy-sur-le-toit-de-leurope\/' class='whatsapp-button whatsapp-share'>WhatsApp<\/a><div class='clear '><\/div><\/div>","protected":false},"excerpt":{"rendered":"<p>NETTALI.COM - Gr\u00e2ce \u00e0 un but de Kai Havertz et un excellent Edouard Mendy, Chelsea a remport\u00e9 ce samedi la finale de Ligue des champions devant Manchester City (1-0). Les Blues s'offrent ainsi leur 2\u00e8me C1 apr\u00e8s celle de 2012. Neuf ans apr\u00e8s le sacre de la bande \u00e0 Didier Drogba, Chelsea se retrouve encore [&hellip;]<\/p>\n","protected":false},"author":5,"featured_media":64950,"comment_status":"open","ping_status":"open","sticky":false,"template":"","format":"standard","meta":{"_et_pb_use_builder":"","_et_pb_old_content":""},"categories":[6],"tags":[],"yoast_head":"<!-- This site is optimized with the Yoast SEO Premium plugin v17.8 (Yoast SEO v17.8) - https:\/\/yoast.com\/wordpress\/plugins\/seo\/ -->\n<title>C1 - Chelsea d&#039;Edouard Mendy sur le toit de l&#039;Europe | Nettali.com<\/title>\n<meta name=\"robots\" content=\"index, follow, max-snippet:-1, max-image-preview:large, max-video-preview:-1\" \/>\n<link rel=\"canonical\" href=\"https:\/\/www.nettali.com\/2021\/05\/30\/c1-chelsea-dedouard-mendy-sur-le-toit-de-leurope\/\" \/>\n<meta property=\"og:locale\" content=\"fr_FR\" \/>\n<meta property=\"og:type\" content=\"article\" \/>\n<meta property=\"og:title\" content=\"C1 - Chelsea d&#039;Edouard Mendy sur le toit de l&#039;Europe\" \/>\n<meta property=\"og:description\" content=\"NETTALI.COM - Gr\u00e2ce \u00e0 un but de Kai Havertz et un excellent Edouard Mendy, Chelsea a remport\u00e9 ce samedi la finale de Ligue des champions devant Manchester City (1-0). Les Blues s&#039;offrent ainsi leur 2\u00e8me C1 apr\u00e8s celle de 2012. Neuf ans apr\u00e8s le sacre de la bande \u00e0 Didier Drogba, Chelsea se retrouve encore [&hellip;]\" \/>\n<meta property=\"og:url\" content=\"https:\/\/www.nettali.com\/2021\/05\/30\/c1-chelsea-dedouard-mendy-sur-le-toit-de-leurope\/\" \/>\n<meta property=\"og:site_name\" content=\"Nettali.com\" \/>\n<meta property=\"article:publisher\" content=\"https:\/\/www.facebook.com\/nettalicom\" \/>\n<meta property=\"article:published_time\" content=\"2021-05-30T02:15:08+00:00\" \/>\n<meta property=\"article:modified_time\" content=\"2021-05-30T14:42:18+00:00\" \/>\n<meta property=\"og:image\" content=\"https:\/\/www.nettali.com\/wp-content\/uploads\/2021\/05\/48aac121627d4e0e8833cdf7042c53ab-1.jpg\" \/>\n\t<meta property=\"og:image:width\" content=\"552\" \/>\n\t<meta property=\"og:image:height\" content=\"394\" \/>\n<meta name=\"twitter:card\" content=\"summary_large_image\" \/>\n<meta name=\"twitter:label1\" content=\"\u00c9crit par\" \/>\n\t<meta name=\"twitter:data1\" content=\"Ibrahima\" \/>\n\t<meta name=\"twitter:label2\" content=\"Dur\u00e9e de lecture estim\u00e9e\" \/>\n\t<meta name=\"twitter:data2\" content=\"3 minutes\" \/>\n<script type=\"application\/ld+json\" class=\"yoast-schema-graph\">{\"@context\":\"https:\/\/schema.org\",\"@graph\":[{\"@type\":\"WebSite\",\"@id\":\"https:\/\/www.nettali.com\/#website\",\"url\":\"https:\/\/www.nettali.com\/\",\"name\":\"Nettali.com\",\"description\":\"Le rendez-vous critique du Net\",\"potentialAction\":[{\"@type\":\"SearchAction\",\"target\":{\"@type\":\"EntryPoint\",\"urlTemplate\":\"https:\/\/www.nettali.com\/?s={search_term_string}\"},\"query-input\":\"required name=search_term_string\"}],\"inLanguage\":\"fr-FR\"},{\"@type\":\"ImageObject\",\"@id\":\"https:\/\/www.nettali.com\/2021\/05\/30\/c1-chelsea-dedouard-mendy-sur-le-toit-de-leurope\/#primaryimage\",\"inLanguage\":\"fr-FR\",\"url\":\"https:\/\/www.nettali.com\/wp-content\/uploads\/2021\/05\/48aac121627d4e0e8833cdf7042c53ab-1.jpg\",\"contentUrl\":\"https:\/\/www.nettali.com\/wp-content\/uploads\/2021\/05\/48aac121627d4e0e8833cdf7042c53ab-1.jpg\",\"width\":552,\"height\":394},{\"@type\":\"WebPage\",\"@id\":\"https:\/\/www.nettali.com\/2021\/05\/30\/c1-chelsea-dedouard-mendy-sur-le-toit-de-leurope\/#webpage\",\"url\":\"https:\/\/www.nettali.com\/2021\/05\/30\/c1-chelsea-dedouard-mendy-sur-le-toit-de-leurope\/\",\"name\":\"C1 - Chelsea d'Edouard Mendy sur le toit de l'Europe | Nettali.com\",\"isPartOf\":{\"@id\":\"https:\/\/www.nettali.com\/#website\"},\"primaryImageOfPage\":{\"@id\":\"https:\/\/www.nettali.com\/2021\/05\/30\/c1-chelsea-dedouard-mendy-sur-le-toit-de-leurope\/#primaryimage\"},\"datePublished\":\"2021-05-30T02:15:08+00:00\",\"dateModified\":\"2021-05-30T14:42:18+00:00\",\"author\":{\"@id\":\"https:\/\/www.nettali.com\/#\/schema\/person\/bb147657c2986240405a608162b9bb23\"},\"breadcrumb\":{\"@id\":\"https:\/\/www.nettali.com\/2021\/05\/30\/c1-chelsea-dedouard-mendy-sur-le-toit-de-leurope\/#breadcrumb\"},\"inLanguage\":\"fr-FR\",\"potentialAction\":[{\"@type\":\"ReadAction\",\"target\":[\"https:\/\/www.nettali.com\/2021\/05\/30\/c1-chelsea-dedouard-mendy-sur-le-toit-de-leurope\/\"]}]},{\"@type\":\"BreadcrumbList\",\"@id\":\"https:\/\/www.nettali.com\/2021\/05\/30\/c1-chelsea-dedouard-mendy-sur-le-toit-de-leurope\/#breadcrumb\",\"itemListElement\":[{\"@type\":\"ListItem\",\"position\":1,\"name\":\"Accueil\",\"item\":\"https:\/\/www.nettali.com\/\"},{\"@type\":\"ListItem\",\"position\":2,\"name\":\"C1 &#8211; Chelsea d&rsquo;Edouard Mendy sur le toit de l&rsquo;Europe\"}]},{\"@type\":\"Person\",\"@id\":\"https:\/\/www.nettali.com\/#\/schema\/person\/bb147657c2986240405a608162b9bb23\",\"name\":\"Ibrahima\",\"image\":{\"@type\":\"ImageObject\",\"@id\":\"https:\/\/www.nettali.com\/#personlogo\",\"inLanguage\":\"fr-FR\",\"url\":\"https:\/\/secure.gravatar.com\/avatar\/26a8a81f09f0dd7624c9d5c36c9ba3a2?s=96&d=mm&r=g\",\"contentUrl\":\"https:\/\/secure.gravatar.com\/avatar\/26a8a81f09f0dd7624c9d5c36c9ba3a2?s=96&d=mm&r=g\",\"caption\":\"Ibrahima\"},\"sameAs\":[\"https:\/\/www.nettali.com\"]}]}<\/script>\n<!-- \/ Yoast SEO Premium plugin. -->","yoast_head_json":{"title":"C1 - Chelsea d'Edouard Mendy sur le toit de l'Europe | Nettali.com","robots":{"index":"index","follow":"follow","max-snippet":"max-snippet:-1","max-image-preview":"max-image-preview:large","max-video-preview":"max-video-preview:-1"},"canonical":"https:\/\/www.nettali.com\/2021\/05\/30\/c1-chelsea-dedouard-mendy-sur-le-toit-de-leurope\/","og_locale":"fr_FR","og_type":"article","og_title":"C1 - Chelsea d'Edouard Mendy sur le toit de l'Europe","og_description":"NETTALI.COM - Gr\u00e2ce \u00e0 un but de Kai Havertz et un excellent Edouard Mendy, Chelsea a remport\u00e9 ce samedi la finale de Ligue des champions devant Manchester City (1-0). Les Blues s'offrent ainsi leur 2\u00e8me C1 apr\u00e8s celle de 2012. Neuf ans apr\u00e8s le sacre de la bande \u00e0 Didier Drogba, Chelsea se retrouve encore [&hellip;]","og_url":"https:\/\/www.nettali.com\/2021\/05\/30\/c1-chelsea-dedouard-mendy-sur-le-toit-de-leurope\/","og_site_name":"Nettali.com","article_publisher":"https:\/\/www.facebook.com\/nettalicom","article_published_time":"2021-05-30T02:15:08+00:00","article_modified_time":"2021-05-30T14:42:18+00:00","og_image":[{"width":552,"height":394,"url":"https:\/\/www.nettali.com\/wp-content\/uploads\/2021\/05\/48aac121627d4e0e8833cdf7042c53ab-1.jpg","type":"image\/jpeg"}],"twitter_card":"summary_large_image","twitter_misc":{"\u00c9crit par":"Ibrahima","Dur\u00e9e de lecture estim\u00e9e":"3 minutes"},"schema":{"@context":"https:\/\/schema.org","@graph":[{"@type":"WebSite","@id":"https:\/\/www.nettali.com\/#website","url":"https:\/\/www.nettali.com\/","name":"Nettali.com","description":"Le rendez-vous critique du Net","potentialAction":[{"@type":"SearchAction","target":{"@type":"EntryPoint","urlTemplate":"https:\/\/www.nettali.com\/?s={search_term_string}"},"query-input":"required name=search_term_string"}],"inLanguage":"fr-FR"},{"@type":"ImageObject","@id":"https:\/\/www.nettali.com\/2021\/05\/30\/c1-chelsea-dedouard-mendy-sur-le-toit-de-leurope\/#primaryimage","inLanguage":"fr-FR","url":"https:\/\/www.nettali.com\/wp-content\/uploads\/2021\/05\/48aac121627d4e0e8833cdf7042c53ab-1.jpg","contentUrl":"https:\/\/www.nettali.com\/wp-content\/uploads\/2021\/05\/48aac121627d4e0e8833cdf7042c53ab-1.jpg","width":552,"height":394},{"@type":"WebPage","@id":"https:\/\/www.nettali.com\/2021\/05\/30\/c1-chelsea-dedouard-mendy-sur-le-toit-de-leurope\/#webpage","url":"https:\/\/www.nettali.com\/2021\/05\/30\/c1-chelsea-dedouard-mendy-sur-le-toit-de-leurope\/","name":"C1 - Chelsea d'Edouard Mendy sur le toit de l'Europe | Nettali.com","isPartOf":{"@id":"https:\/\/www.nettali.com\/#website"},"primaryImageOfPage":{"@id":"https:\/\/www.nettali.com\/2021\/05\/30\/c1-chelsea-dedouard-mendy-sur-le-toit-de-leurope\/#primaryimage"},"datePublished":"2021-05-30T02:15:08+00:00","dateModified":"2021-05-30T14:42:18+00:00","author":{"@id":"https:\/\/www.nettali.com\/#\/schema\/person\/bb147657c2986240405a608162b9bb23"},"breadcrumb":{"@id":"https:\/\/www.nettali.com\/2021\/05\/30\/c1-chelsea-dedouard-mendy-sur-le-toit-de-leurope\/#breadcrumb"},"inLanguage":"fr-FR","potentialAction":[{"@type":"ReadAction","target":["https:\/\/www.nettali.com\/2021\/05\/30\/c1-chelsea-dedouard-mendy-sur-le-toit-de-leurope\/"]}]},{"@type":"BreadcrumbList","@id":"https:\/\/www.nettali.com\/2021\/05\/30\/c1-chelsea-dedouard-mendy-sur-le-toit-de-leurope\/#breadcrumb","itemListElement":[{"@type":"ListItem","position":1,"name":"Accueil","item":"https:\/\/www.nettali.com\/"},{"@type":"ListItem","position":2,"name":"C1 &#8211; Chelsea d&rsquo;Edouard Mendy sur le toit de l&rsquo;Europe"}]},{"@type":"Person","@id":"https:\/\/www.nettali.com\/#\/schema\/person\/bb147657c2986240405a608162b9bb23","name":"Ibrahima","image":{"@type":"ImageObject","@id":"https:\/\/www.nettali.com\/#personlogo","inLanguage":"fr-FR","url":"https:\/\/secure.gravatar.com\/avatar\/26a8a81f09f0dd7624c9d5c36c9ba3a2?s=96&d=mm&r=g","contentUrl":"https:\/\/secure.gravatar.com\/avatar\/26a8a81f09f0dd7624c9d5c36c9ba3a2?s=96&d=mm&r=g","caption":"Ibrahima"},"sameAs":["https:\/\/www.nettali.com"]}]}},"_links":{"self":[{"href":"https:\/\/www.nettali.com\/rest\/wp\/v2\/posts\/64949"}],"collection":[{"href":"https:\/\/www.nettali.com\/rest\/wp\/v2\/posts"}],"about":[{"href":"https:\/\/www.nettali.com\/rest\/wp\/v2\/types\/post"}],"author":[{"embeddable":true,"href":"https:\/\/www.nettali.com\/rest\/wp\/v2\/users\/5"}],"replies":[{"embeddable":true,"href":"https:\/\/www.nettali.com\/rest\/wp\/v2\/comments?post=64949"}],"version-history":[{"count":3,"href":"https:\/\/www.nettali.com\/rest\/wp\/v2\/posts\/64949\/revisions"}],"predecessor-version":[{"id":64955,"href":"https:\/\/www.nettali.com\/rest\/wp\/v2\/posts\/64949\/revisions\/64955"}],"wp:featuredmedia":[{"embeddable":true,"href":"https:\/\/www.nettali.com\/rest\/wp\/v2\/media\/64950"}],"wp:attachment":[{"href":"https:\/\/www.nettali.com\/rest\/wp\/v2\/media?parent=64949"}],"wp:term":[{"taxonomy":"category","embeddable":true,"href":"https:\/\/www.nettali.com\/rest\/wp\/v2\/categories?post=64949"},{"taxonomy":"post_tag","embeddable":true,"href":"https:\/\/www.nettali.com\/rest\/wp\/v2\/tags?post=64949"}],"curies":[{"name":"wp","href":"https:\/\/api.w.org\/{rel}","templated":true}]}}