{"id":64731,"date":"2021-05-26T21:14:01","date_gmt":"2021-05-26T21:14:01","guid":{"rendered":"https:\/\/www.nettali.com\/?p=64731"},"modified":"2021-05-26T21:14:01","modified_gmt":"2021-05-26T21:14:01","slug":"secretariat-permanent-senegalo-gambien-el-hadji-ibou-boye-nomme-secretaire-executif","status":"publish","type":"post","link":"https:\/\/www.nettali.com\/2021\/05\/26\/secretariat-permanent-senegalo-gambien-el-hadji-ibou-boye-nomme-secretaire-executif\/","title":{"rendered":"SECRETARIAT PERMANENT SENEGALO-GAMBIEN - El Hadji Ibou Boye nomm\u00e9 secr\u00e9taire ex\u00e9cutif"},"content":{"rendered":"<p><strong>NETTALI.COM \u2013 Lors de la r\u00e9union du Conseil des ministres, ce mercredi, le chef de l\u2019Etat a proc\u00e9d\u00e9 \u00e0 des plusieurs nominations.<\/strong><\/p>\n<p>C\u2019est ainsi que El Hadji Ibou BOYE, Conseiller des Affaires \u00e9trang\u00e8res, est nomm\u00e9 Secr\u00e9taire ex\u00e9cutif du Secr\u00e9tariat permanent s\u00e9n\u00e9galo-gambien, en remplacement de Fod\u00e9 SECK.<\/p>\n<p>Docteur Ousmane Issa CISSOKHO, Juriste, Expert en r\u00e9gulation des march\u00e9s des T\u00e9l\u00e9communications et Postes, pr\u00e9c\u00e9demment Directeur de Cabinet du Ministre de l\u2019Economie Num\u00e9rique, est nomm\u00e9 Secr\u00e9taire g\u00e9n\u00e9ral du Minist\u00e8re de l\u2019Economie num\u00e9rique et des T\u00e9l\u00e9communications, en remplacement de Yoro Moussa DIALLO, appel\u00e9 \u00e0 d\u2019autres fonctions.<\/p>\n<p>&nbsp;<\/p>\n<p>Moustapha KA, Magistrat, est nomm\u00e9 Secr\u00e9taire g\u00e9n\u00e9ral du Centre de Formation judiciaire (CFJ)\u00a0;<\/p>\n<p>&nbsp;<\/p>\n<p>Alioune Badara LY, Am\u00e9nagiste, est nomm\u00e9 Directeur des Paysages et des Espaces publics au Minist\u00e8re de l\u2019Urbanisme, du Logement et l\u2019Hygi\u00e8ne publique, en remplacement de Mbaye DIOP, appel\u00e9 \u00e0 d\u2019autres fonctions.<\/p>\n<p>&nbsp;<\/p>\n<p>&nbsp;<\/p>\n<p>&nbsp;<\/p>\n<div class='share-to-whatsapp-wrapper'><div class='share-on-whsp'>PARTAGER SUR : <\/div><a data-text='SECRETARIAT PERMANENT SENEGALO-GAMBIEN - El Hadji Ibou Boye nomm\u00e9 secr\u00e9taire ex\u00e9cutif' data-link='https:\/\/www.nettali.com\/2021\/05\/26\/secretariat-permanent-senegalo-gambien-el-hadji-ibou-boye-nomme-secretaire-executif\/' class='whatsapp-button whatsapp-share'>WhatsApp<\/a><div class='clear '><\/div><\/div>","protected":false},"excerpt":{"rendered":"<p>NETTALI.COM \u2013 Lors de la r\u00e9union du Conseil des ministres, ce mercredi, le chef de l\u2019Etat a proc\u00e9d\u00e9 \u00e0 des plusieurs nominations. C\u2019est ainsi que El Hadji Ibou BOYE, Conseiller des Affaires \u00e9trang\u00e8res, est nomm\u00e9 Secr\u00e9taire ex\u00e9cutif du Secr\u00e9tariat permanent s\u00e9n\u00e9galo-gambien, en remplacement de Fod\u00e9 SECK. Docteur Ousmane Issa CISSOKHO, Juriste, Expert en r\u00e9gulation des [&hellip;]<\/p>\n","protected":false},"author":11,"featured_media":64732,"comment_status":"open","ping_status":"open","sticky":false,"template":"","format":"standard","meta":{"_et_pb_use_builder":"","_et_pb_old_content":""},"categories":[2],"tags":[],"yoast_head":"<!-- This site is optimized with the Yoast SEO Premium plugin v17.8 (Yoast SEO v17.8) - https:\/\/yoast.com\/wordpress\/plugins\/seo\/ -->\n<title>SECRETARIAT PERMANENT SENEGALO-GAMBIEN - El Hadji Ibou Boye nomm\u00e9 secr\u00e9taire ex\u00e9cutif | Nettali.com<\/title>\n<meta name=\"robots\" content=\"index, follow, max-snippet:-1, max-image-preview:large, max-video-preview:-1\" \/>\n<link rel=\"canonical\" href=\"https:\/\/www.nettali.com\/2021\/05\/26\/secretariat-permanent-senegalo-gambien-el-hadji-ibou-boye-nomme-secretaire-executif\/\" \/>\n<meta property=\"og:locale\" content=\"fr_FR\" \/>\n<meta property=\"og:type\" content=\"article\" \/>\n<meta property=\"og:title\" content=\"SECRETARIAT PERMANENT SENEGALO-GAMBIEN - El Hadji Ibou Boye nomm\u00e9 secr\u00e9taire ex\u00e9cutif\" \/>\n<meta property=\"og:description\" content=\"NETTALI.COM \u2013 Lors de la r\u00e9union du Conseil des ministres, ce mercredi, le chef de l\u2019Etat a proc\u00e9d\u00e9 \u00e0 des plusieurs nominations. C\u2019est ainsi que El Hadji Ibou BOYE, Conseiller des Affaires \u00e9trang\u00e8res, est nomm\u00e9 Secr\u00e9taire ex\u00e9cutif du Secr\u00e9tariat permanent s\u00e9n\u00e9galo-gambien, en remplacement de Fod\u00e9 SECK. Docteur Ousmane Issa CISSOKHO, Juriste, Expert en r\u00e9gulation des [&hellip;]\" \/>\n<meta property=\"og:url\" content=\"https:\/\/www.nettali.com\/2021\/05\/26\/secretariat-permanent-senegalo-gambien-el-hadji-ibou-boye-nomme-secretaire-executif\/\" \/>\n<meta property=\"og:site_name\" content=\"Nettali.com\" \/>\n<meta property=\"article:publisher\" content=\"https:\/\/www.facebook.com\/nettalicom\" \/>\n<meta property=\"article:published_time\" content=\"2021-05-26T21:14:01+00:00\" \/>\n<meta property=\"og:image\" content=\"https:\/\/www.nettali.com\/wp-content\/uploads\/2021\/05\/sec.jpg\" \/>\n\t<meta property=\"og:image:width\" content=\"700\" \/>\n\t<meta property=\"og:image:height\" content=\"467\" \/>\n<meta name=\"twitter:card\" content=\"summary_large_image\" \/>\n<meta name=\"twitter:label1\" content=\"\u00c9crit par\" \/>\n\t<meta name=\"twitter:data1\" content=\"Thierno Diop\" \/>\n\t<meta name=\"twitter:label2\" content=\"Dur\u00e9e de lecture estim\u00e9e\" \/>\n\t<meta name=\"twitter:data2\" content=\"1 minute\" \/>\n<script type=\"application\/ld+json\" class=\"yoast-schema-graph\">{\"@context\":\"https:\/\/schema.org\",\"@graph\":[{\"@type\":\"WebSite\",\"@id\":\"https:\/\/www.nettali.com\/#website\",\"url\":\"https:\/\/www.nettali.com\/\",\"name\":\"Nettali.com\",\"description\":\"Le rendez-vous critique du Net\",\"potentialAction\":[{\"@type\":\"SearchAction\",\"target\":{\"@type\":\"EntryPoint\",\"urlTemplate\":\"https:\/\/www.nettali.com\/?s={search_term_string}\"},\"query-input\":\"required name=search_term_string\"}],\"inLanguage\":\"fr-FR\"},{\"@type\":\"ImageObject\",\"@id\":\"https:\/\/www.nettali.com\/2021\/05\/26\/secretariat-permanent-senegalo-gambien-el-hadji-ibou-boye-nomme-secretaire-executif\/#primaryimage\",\"inLanguage\":\"fr-FR\",\"url\":\"https:\/\/www.nettali.com\/wp-content\/uploads\/2021\/05\/sec.jpg\",\"contentUrl\":\"https:\/\/www.nettali.com\/wp-content\/uploads\/2021\/05\/sec.jpg\",\"width\":700,\"height\":467},{\"@type\":\"WebPage\",\"@id\":\"https:\/\/www.nettali.com\/2021\/05\/26\/secretariat-permanent-senegalo-gambien-el-hadji-ibou-boye-nomme-secretaire-executif\/#webpage\",\"url\":\"https:\/\/www.nettali.com\/2021\/05\/26\/secretariat-permanent-senegalo-gambien-el-hadji-ibou-boye-nomme-secretaire-executif\/\",\"name\":\"SECRETARIAT PERMANENT SENEGALO-GAMBIEN - El Hadji Ibou Boye nomm\\u00e9 secr\\u00e9taire ex\\u00e9cutif | Nettali.com\",\"isPartOf\":{\"@id\":\"https:\/\/www.nettali.com\/#website\"},\"primaryImageOfPage\":{\"@id\":\"https:\/\/www.nettali.com\/2021\/05\/26\/secretariat-permanent-senegalo-gambien-el-hadji-ibou-boye-nomme-secretaire-executif\/#primaryimage\"},\"datePublished\":\"2021-05-26T21:14:01+00:00\",\"dateModified\":\"2021-05-26T21:14:01+00:00\",\"author\":{\"@id\":\"https:\/\/www.nettali.com\/#\/schema\/person\/8a06c6bd7b19304cf4bf985862900b5b\"},\"breadcrumb\":{\"@id\":\"https:\/\/www.nettali.com\/2021\/05\/26\/secretariat-permanent-senegalo-gambien-el-hadji-ibou-boye-nomme-secretaire-executif\/#breadcrumb\"},\"inLanguage\":\"fr-FR\",\"potentialAction\":[{\"@type\":\"ReadAction\",\"target\":[\"https:\/\/www.nettali.com\/2021\/05\/26\/secretariat-permanent-senegalo-gambien-el-hadji-ibou-boye-nomme-secretaire-executif\/\"]}]},{\"@type\":\"BreadcrumbList\",\"@id\":\"https:\/\/www.nettali.com\/2021\/05\/26\/secretariat-permanent-senegalo-gambien-el-hadji-ibou-boye-nomme-secretaire-executif\/#breadcrumb\",\"itemListElement\":[{\"@type\":\"ListItem\",\"position\":1,\"name\":\"Accueil\",\"item\":\"https:\/\/www.nettali.com\/\"},{\"@type\":\"ListItem\",\"position\":2,\"name\":\"SECRETARIAT PERMANENT SENEGALO-GAMBIEN &#8211; El Hadji Ibou Boye nomm\\u00e9 secr\\u00e9taire ex\\u00e9cutif\"}]},{\"@type\":\"Person\",\"@id\":\"https:\/\/www.nettali.com\/#\/schema\/person\/8a06c6bd7b19304cf4bf985862900b5b\",\"name\":\"Thierno Diop\",\"image\":{\"@type\":\"ImageObject\",\"@id\":\"https:\/\/www.nettali.com\/#personlogo\",\"inLanguage\":\"fr-FR\",\"url\":\"https:\/\/secure.gravatar.com\/avatar\/c8ca58550c94fd2ac856d27391a6c866?s=96&d=mm&r=g\",\"contentUrl\":\"https:\/\/secure.gravatar.com\/avatar\/c8ca58550c94fd2ac856d27391a6c866?s=96&d=mm&r=g\",\"caption\":\"Thierno Diop\"},\"sameAs\":[\"https:\/\/nettali.com\"]}]}<\/script>\n<!-- \/ Yoast SEO Premium plugin. -->","yoast_head_json":{"title":"SECRETARIAT PERMANENT SENEGALO-GAMBIEN - El Hadji Ibou Boye nomm\u00e9 secr\u00e9taire ex\u00e9cutif | Nettali.com","robots":{"index":"index","follow":"follow","max-snippet":"max-snippet:-1","max-image-preview":"max-image-preview:large","max-video-preview":"max-video-preview:-1"},"canonical":"https:\/\/www.nettali.com\/2021\/05\/26\/secretariat-permanent-senegalo-gambien-el-hadji-ibou-boye-nomme-secretaire-executif\/","og_locale":"fr_FR","og_type":"article","og_title":"SECRETARIAT PERMANENT SENEGALO-GAMBIEN - El Hadji Ibou Boye nomm\u00e9 secr\u00e9taire ex\u00e9cutif","og_description":"NETTALI.COM \u2013 Lors de la r\u00e9union du Conseil des ministres, ce mercredi, le chef de l\u2019Etat a proc\u00e9d\u00e9 \u00e0 des plusieurs nominations. C\u2019est ainsi que El Hadji Ibou BOYE, Conseiller des Affaires \u00e9trang\u00e8res, est nomm\u00e9 Secr\u00e9taire ex\u00e9cutif du Secr\u00e9tariat permanent s\u00e9n\u00e9galo-gambien, en remplacement de Fod\u00e9 SECK. Docteur Ousmane Issa CISSOKHO, Juriste, Expert en r\u00e9gulation des [&hellip;]","og_url":"https:\/\/www.nettali.com\/2021\/05\/26\/secretariat-permanent-senegalo-gambien-el-hadji-ibou-boye-nomme-secretaire-executif\/","og_site_name":"Nettali.com","article_publisher":"https:\/\/www.facebook.com\/nettalicom","article_published_time":"2021-05-26T21:14:01+00:00","og_image":[{"width":700,"height":467,"url":"https:\/\/www.nettali.com\/wp-content\/uploads\/2021\/05\/sec.jpg","type":"image\/jpeg"}],"twitter_card":"summary_large_image","twitter_misc":{"\u00c9crit par":"Thierno Diop","Dur\u00e9e de lecture estim\u00e9e":"1 minute"},"schema":{"@context":"https:\/\/schema.org","@graph":[{"@type":"WebSite","@id":"https:\/\/www.nettali.com\/#website","url":"https:\/\/www.nettali.com\/","name":"Nettali.com","description":"Le rendez-vous critique du Net","potentialAction":[{"@type":"SearchAction","target":{"@type":"EntryPoint","urlTemplate":"https:\/\/www.nettali.com\/?s={search_term_string}"},"query-input":"required name=search_term_string"}],"inLanguage":"fr-FR"},{"@type":"ImageObject","@id":"https:\/\/www.nettali.com\/2021\/05\/26\/secretariat-permanent-senegalo-gambien-el-hadji-ibou-boye-nomme-secretaire-executif\/#primaryimage","inLanguage":"fr-FR","url":"https:\/\/www.nettali.com\/wp-content\/uploads\/2021\/05\/sec.jpg","contentUrl":"https:\/\/www.nettali.com\/wp-content\/uploads\/2021\/05\/sec.jpg","width":700,"height":467},{"@type":"WebPage","@id":"https:\/\/www.nettali.com\/2021\/05\/26\/secretariat-permanent-senegalo-gambien-el-hadji-ibou-boye-nomme-secretaire-executif\/#webpage","url":"https:\/\/www.nettali.com\/2021\/05\/26\/secretariat-permanent-senegalo-gambien-el-hadji-ibou-boye-nomme-secretaire-executif\/","name":"SECRETARIAT PERMANENT SENEGALO-GAMBIEN - El Hadji Ibou Boye nomm\u00e9 secr\u00e9taire ex\u00e9cutif | Nettali.com","isPartOf":{"@id":"https:\/\/www.nettali.com\/#website"},"primaryImageOfPage":{"@id":"https:\/\/www.nettali.com\/2021\/05\/26\/secretariat-permanent-senegalo-gambien-el-hadji-ibou-boye-nomme-secretaire-executif\/#primaryimage"},"datePublished":"2021-05-26T21:14:01+00:00","dateModified":"2021-05-26T21:14:01+00:00","author":{"@id":"https:\/\/www.nettali.com\/#\/schema\/person\/8a06c6bd7b19304cf4bf985862900b5b"},"breadcrumb":{"@id":"https:\/\/www.nettali.com\/2021\/05\/26\/secretariat-permanent-senegalo-gambien-el-hadji-ibou-boye-nomme-secretaire-executif\/#breadcrumb"},"inLanguage":"fr-FR","potentialAction":[{"@type":"ReadAction","target":["https:\/\/www.nettali.com\/2021\/05\/26\/secretariat-permanent-senegalo-gambien-el-hadji-ibou-boye-nomme-secretaire-executif\/"]}]},{"@type":"BreadcrumbList","@id":"https:\/\/www.nettali.com\/2021\/05\/26\/secretariat-permanent-senegalo-gambien-el-hadji-ibou-boye-nomme-secretaire-executif\/#breadcrumb","itemListElement":[{"@type":"ListItem","position":1,"name":"Accueil","item":"https:\/\/www.nettali.com\/"},{"@type":"ListItem","position":2,"name":"SECRETARIAT PERMANENT SENEGALO-GAMBIEN &#8211; El Hadji Ibou Boye nomm\u00e9 secr\u00e9taire ex\u00e9cutif"}]},{"@type":"Person","@id":"https:\/\/www.nettali.com\/#\/schema\/person\/8a06c6bd7b19304cf4bf985862900b5b","name":"Thierno Diop","image":{"@type":"ImageObject","@id":"https:\/\/www.nettali.com\/#personlogo","inLanguage":"fr-FR","url":"https:\/\/secure.gravatar.com\/avatar\/c8ca58550c94fd2ac856d27391a6c866?s=96&d=mm&r=g","contentUrl":"https:\/\/secure.gravatar.com\/avatar\/c8ca58550c94fd2ac856d27391a6c866?s=96&d=mm&r=g","caption":"Thierno Diop"},"sameAs":["https:\/\/nettali.com"]}]}},"_links":{"self":[{"href":"https:\/\/www.nettali.com\/rest\/wp\/v2\/posts\/64731"}],"collection":[{"href":"https:\/\/www.nettali.com\/rest\/wp\/v2\/posts"}],"about":[{"href":"https:\/\/www.nettali.com\/rest\/wp\/v2\/types\/post"}],"author":[{"embeddable":true,"href":"https:\/\/www.nettali.com\/rest\/wp\/v2\/users\/11"}],"replies":[{"embeddable":true,"href":"https:\/\/www.nettali.com\/rest\/wp\/v2\/comments?post=64731"}],"version-history":[{"count":1,"href":"https:\/\/www.nettali.com\/rest\/wp\/v2\/posts\/64731\/revisions"}],"predecessor-version":[{"id":64733,"href":"https:\/\/www.nettali.com\/rest\/wp\/v2\/posts\/64731\/revisions\/64733"}],"wp:featuredmedia":[{"embeddable":true,"href":"https:\/\/www.nettali.com\/rest\/wp\/v2\/media\/64732"}],"wp:attachment":[{"href":"https:\/\/www.nettali.com\/rest\/wp\/v2\/media?parent=64731"}],"wp:term":[{"taxonomy":"category","embeddable":true,"href":"https:\/\/www.nettali.com\/rest\/wp\/v2\/categories?post=64731"},{"taxonomy":"post_tag","embeddable":true,"href":"https:\/\/www.nettali.com\/rest\/wp\/v2\/tags?post=64731"}],"curies":[{"name":"wp","href":"https:\/\/api.w.org\/{rel}","templated":true}]}}