{"id":64728,"date":"2021-05-26T21:05:37","date_gmt":"2021-05-26T21:05:37","guid":{"rendered":"https:\/\/www.nettali.com\/?p=64728"},"modified":"2021-05-26T21:05:37","modified_gmt":"2021-05-26T21:05:37","slug":"sante-de-nouvelles-tetes-promues","status":"publish","type":"post","link":"https:\/\/www.nettali.com\/2021\/05\/26\/sante-de-nouvelles-tetes-promues\/","title":{"rendered":"SANTE - De nouvelles t\u00eates promues"},"content":{"rendered":"<p><strong>NETTALI.COM \u2013 Lors de la r\u00e9union du Conseil des ministres, ce mercredi, le chef de l\u2019Etat a proc\u00e9d\u00e9 \u00e0 des nominations \u00e0 la t\u00eate de quelques structures de sant\u00e9.<\/strong><\/p>\n<p>Docteur Amadou NDIAYE, M\u00e9decin-sp\u00e9cialiste, pr\u00e9c\u00e9demment Chef du service des laboratoires au Centre Hospitalier Abass NDAO, est nomm\u00e9 Directeur du Centre hospitalier Abass NDAO, en remplacement de Docteur El Hadji Magatte SECK, appel\u00e9 \u00e0 d\u2019autres fonctions\u00a0;<\/p>\n<p>Docteur Ousmane GUEYE, M\u00e9decin, Economiste de la sant\u00e9, pr\u00e9c\u00e9demment Directeur du Service national de l\u2019Education et de l\u2019Information pour la Sant\u00e9, est nomm\u00e9 Directeur du Centre hospitalier national de Pikine, en remplacement de Mouhamed Abdallah GUEYE\u00a0;<\/p>\n<p>Ndiam\u00e9 DIOP, titulaire d\u2019une Ma\u00eetrise \u00e8s sciences \u00e9conomiques, option gestion des entreprises, pr\u00e9c\u00e9demment Chef des services administratifs et financiers \u00e0 l\u2019H\u00f4pital Aristide Le DANTEC, est nomm\u00e9 Directeur de l\u2019H\u00f4pital r\u00e9gional de Ziguinchor, en remplacement de Martial Coly BOP\u00a0;<\/p>\n<p>Bara GAYE, titulaire d\u2019un Master en communication des entreprises et autres organisations, est nomm\u00e9 Directeur du Service national de l\u2019Education et de l\u2019Information pour la Sant\u00e9 au Minist\u00e8re de la Sant\u00e9 et de l\u2019Action sociale, en remplacement de Docteur Ousmane GUEYE, appel\u00e9 \u00e0 d\u2019autres fonctions.<\/p>\n<p>&nbsp;<\/p>\n<div class='share-to-whatsapp-wrapper'><div class='share-on-whsp'>PARTAGER SUR : <\/div><a data-text='SANTE - De nouvelles t\u00eates promues' data-link='https:\/\/www.nettali.com\/2021\/05\/26\/sante-de-nouvelles-tetes-promues\/' class='whatsapp-button whatsapp-share'>WhatsApp<\/a><div class='clear '><\/div><\/div>","protected":false},"excerpt":{"rendered":"<p>NETTALI.COM \u2013 Lors de la r\u00e9union du Conseil des ministres, ce mercredi, le chef de l\u2019Etat a proc\u00e9d\u00e9 \u00e0 des nominations \u00e0 la t\u00eate de quelques structures de sant\u00e9. Docteur Amadou NDIAYE, M\u00e9decin-sp\u00e9cialiste, pr\u00e9c\u00e9demment Chef du service des laboratoires au Centre Hospitalier Abass NDAO, est nomm\u00e9 Directeur du Centre hospitalier Abass NDAO, en remplacement de [&hellip;]<\/p>\n","protected":false},"author":11,"featured_media":39774,"comment_status":"open","ping_status":"open","sticky":false,"template":"","format":"standard","meta":{"_et_pb_use_builder":"","_et_pb_old_content":""},"categories":[22],"tags":[],"yoast_head":"<!-- This site is optimized with the Yoast SEO Premium plugin v17.8 (Yoast SEO v17.8) - https:\/\/yoast.com\/wordpress\/plugins\/seo\/ -->\n<title>SANTE - De nouvelles t\u00eates promues | Nettali.com<\/title>\n<meta name=\"robots\" content=\"index, follow, max-snippet:-1, max-image-preview:large, max-video-preview:-1\" \/>\n<link rel=\"canonical\" href=\"https:\/\/www.nettali.com\/2021\/05\/26\/sante-de-nouvelles-tetes-promues\/\" \/>\n<meta property=\"og:locale\" content=\"fr_FR\" \/>\n<meta property=\"og:type\" content=\"article\" \/>\n<meta property=\"og:title\" content=\"SANTE - De nouvelles t\u00eates promues\" \/>\n<meta property=\"og:description\" content=\"NETTALI.COM \u2013 Lors de la r\u00e9union du Conseil des ministres, ce mercredi, le chef de l\u2019Etat a proc\u00e9d\u00e9 \u00e0 des nominations \u00e0 la t\u00eate de quelques structures de sant\u00e9. Docteur Amadou NDIAYE, M\u00e9decin-sp\u00e9cialiste, pr\u00e9c\u00e9demment Chef du service des laboratoires au Centre Hospitalier Abass NDAO, est nomm\u00e9 Directeur du Centre hospitalier Abass NDAO, en remplacement de [&hellip;]\" \/>\n<meta property=\"og:url\" content=\"https:\/\/www.nettali.com\/2021\/05\/26\/sante-de-nouvelles-tetes-promues\/\" \/>\n<meta property=\"og:site_name\" content=\"Nettali.com\" \/>\n<meta property=\"article:publisher\" content=\"https:\/\/www.facebook.com\/nettalicom\" \/>\n<meta property=\"article:published_time\" content=\"2021-05-26T21:05:37+00:00\" \/>\n<meta property=\"og:image\" content=\"https:\/\/www.nettali.com\/wp-content\/uploads\/2020\/06\/Diouf-Sarr-2.png\" \/>\n\t<meta property=\"og:image:width\" content=\"694\" \/>\n\t<meta property=\"og:image:height\" content=\"457\" \/>\n<meta name=\"twitter:card\" content=\"summary_large_image\" \/>\n<meta name=\"twitter:label1\" content=\"\u00c9crit par\" \/>\n\t<meta name=\"twitter:data1\" content=\"Thierno Diop\" \/>\n\t<meta name=\"twitter:label2\" content=\"Dur\u00e9e de lecture estim\u00e9e\" \/>\n\t<meta name=\"twitter:data2\" content=\"1 minute\" \/>\n<script type=\"application\/ld+json\" class=\"yoast-schema-graph\">{\"@context\":\"https:\/\/schema.org\",\"@graph\":[{\"@type\":\"WebSite\",\"@id\":\"https:\/\/www.nettali.com\/#website\",\"url\":\"https:\/\/www.nettali.com\/\",\"name\":\"Nettali.com\",\"description\":\"Le rendez-vous critique du Net\",\"potentialAction\":[{\"@type\":\"SearchAction\",\"target\":{\"@type\":\"EntryPoint\",\"urlTemplate\":\"https:\/\/www.nettali.com\/?s={search_term_string}\"},\"query-input\":\"required name=search_term_string\"}],\"inLanguage\":\"fr-FR\"},{\"@type\":\"ImageObject\",\"@id\":\"https:\/\/www.nettali.com\/2021\/05\/26\/sante-de-nouvelles-tetes-promues\/#primaryimage\",\"inLanguage\":\"fr-FR\",\"url\":\"https:\/\/www.nettali.com\/wp-content\/uploads\/2020\/06\/Diouf-Sarr-2.png\",\"contentUrl\":\"https:\/\/www.nettali.com\/wp-content\/uploads\/2020\/06\/Diouf-Sarr-2.png\",\"width\":694,\"height\":457},{\"@type\":\"WebPage\",\"@id\":\"https:\/\/www.nettali.com\/2021\/05\/26\/sante-de-nouvelles-tetes-promues\/#webpage\",\"url\":\"https:\/\/www.nettali.com\/2021\/05\/26\/sante-de-nouvelles-tetes-promues\/\",\"name\":\"SANTE - De nouvelles t\\u00eates promues | Nettali.com\",\"isPartOf\":{\"@id\":\"https:\/\/www.nettali.com\/#website\"},\"primaryImageOfPage\":{\"@id\":\"https:\/\/www.nettali.com\/2021\/05\/26\/sante-de-nouvelles-tetes-promues\/#primaryimage\"},\"datePublished\":\"2021-05-26T21:05:37+00:00\",\"dateModified\":\"2021-05-26T21:05:37+00:00\",\"author\":{\"@id\":\"https:\/\/www.nettali.com\/#\/schema\/person\/8a06c6bd7b19304cf4bf985862900b5b\"},\"breadcrumb\":{\"@id\":\"https:\/\/www.nettali.com\/2021\/05\/26\/sante-de-nouvelles-tetes-promues\/#breadcrumb\"},\"inLanguage\":\"fr-FR\",\"potentialAction\":[{\"@type\":\"ReadAction\",\"target\":[\"https:\/\/www.nettali.com\/2021\/05\/26\/sante-de-nouvelles-tetes-promues\/\"]}]},{\"@type\":\"BreadcrumbList\",\"@id\":\"https:\/\/www.nettali.com\/2021\/05\/26\/sante-de-nouvelles-tetes-promues\/#breadcrumb\",\"itemListElement\":[{\"@type\":\"ListItem\",\"position\":1,\"name\":\"Accueil\",\"item\":\"https:\/\/www.nettali.com\/\"},{\"@type\":\"ListItem\",\"position\":2,\"name\":\"SANTE &#8211; De nouvelles t\\u00eates promues\"}]},{\"@type\":\"Person\",\"@id\":\"https:\/\/www.nettali.com\/#\/schema\/person\/8a06c6bd7b19304cf4bf985862900b5b\",\"name\":\"Thierno Diop\",\"image\":{\"@type\":\"ImageObject\",\"@id\":\"https:\/\/www.nettali.com\/#personlogo\",\"inLanguage\":\"fr-FR\",\"url\":\"https:\/\/secure.gravatar.com\/avatar\/c8ca58550c94fd2ac856d27391a6c866?s=96&d=mm&r=g\",\"contentUrl\":\"https:\/\/secure.gravatar.com\/avatar\/c8ca58550c94fd2ac856d27391a6c866?s=96&d=mm&r=g\",\"caption\":\"Thierno Diop\"},\"sameAs\":[\"https:\/\/nettali.com\"]}]}<\/script>\n<!-- \/ Yoast SEO Premium plugin. -->","yoast_head_json":{"title":"SANTE - De nouvelles t\u00eates promues | Nettali.com","robots":{"index":"index","follow":"follow","max-snippet":"max-snippet:-1","max-image-preview":"max-image-preview:large","max-video-preview":"max-video-preview:-1"},"canonical":"https:\/\/www.nettali.com\/2021\/05\/26\/sante-de-nouvelles-tetes-promues\/","og_locale":"fr_FR","og_type":"article","og_title":"SANTE - De nouvelles t\u00eates promues","og_description":"NETTALI.COM \u2013 Lors de la r\u00e9union du Conseil des ministres, ce mercredi, le chef de l\u2019Etat a proc\u00e9d\u00e9 \u00e0 des nominations \u00e0 la t\u00eate de quelques structures de sant\u00e9. Docteur Amadou NDIAYE, M\u00e9decin-sp\u00e9cialiste, pr\u00e9c\u00e9demment Chef du service des laboratoires au Centre Hospitalier Abass NDAO, est nomm\u00e9 Directeur du Centre hospitalier Abass NDAO, en remplacement de [&hellip;]","og_url":"https:\/\/www.nettali.com\/2021\/05\/26\/sante-de-nouvelles-tetes-promues\/","og_site_name":"Nettali.com","article_publisher":"https:\/\/www.facebook.com\/nettalicom","article_published_time":"2021-05-26T21:05:37+00:00","og_image":[{"width":694,"height":457,"url":"https:\/\/www.nettali.com\/wp-content\/uploads\/2020\/06\/Diouf-Sarr-2.png","type":"image\/png"}],"twitter_card":"summary_large_image","twitter_misc":{"\u00c9crit par":"Thierno Diop","Dur\u00e9e de lecture estim\u00e9e":"1 minute"},"schema":{"@context":"https:\/\/schema.org","@graph":[{"@type":"WebSite","@id":"https:\/\/www.nettali.com\/#website","url":"https:\/\/www.nettali.com\/","name":"Nettali.com","description":"Le rendez-vous critique du Net","potentialAction":[{"@type":"SearchAction","target":{"@type":"EntryPoint","urlTemplate":"https:\/\/www.nettali.com\/?s={search_term_string}"},"query-input":"required name=search_term_string"}],"inLanguage":"fr-FR"},{"@type":"ImageObject","@id":"https:\/\/www.nettali.com\/2021\/05\/26\/sante-de-nouvelles-tetes-promues\/#primaryimage","inLanguage":"fr-FR","url":"https:\/\/www.nettali.com\/wp-content\/uploads\/2020\/06\/Diouf-Sarr-2.png","contentUrl":"https:\/\/www.nettali.com\/wp-content\/uploads\/2020\/06\/Diouf-Sarr-2.png","width":694,"height":457},{"@type":"WebPage","@id":"https:\/\/www.nettali.com\/2021\/05\/26\/sante-de-nouvelles-tetes-promues\/#webpage","url":"https:\/\/www.nettali.com\/2021\/05\/26\/sante-de-nouvelles-tetes-promues\/","name":"SANTE - De nouvelles t\u00eates promues | Nettali.com","isPartOf":{"@id":"https:\/\/www.nettali.com\/#website"},"primaryImageOfPage":{"@id":"https:\/\/www.nettali.com\/2021\/05\/26\/sante-de-nouvelles-tetes-promues\/#primaryimage"},"datePublished":"2021-05-26T21:05:37+00:00","dateModified":"2021-05-26T21:05:37+00:00","author":{"@id":"https:\/\/www.nettali.com\/#\/schema\/person\/8a06c6bd7b19304cf4bf985862900b5b"},"breadcrumb":{"@id":"https:\/\/www.nettali.com\/2021\/05\/26\/sante-de-nouvelles-tetes-promues\/#breadcrumb"},"inLanguage":"fr-FR","potentialAction":[{"@type":"ReadAction","target":["https:\/\/www.nettali.com\/2021\/05\/26\/sante-de-nouvelles-tetes-promues\/"]}]},{"@type":"BreadcrumbList","@id":"https:\/\/www.nettali.com\/2021\/05\/26\/sante-de-nouvelles-tetes-promues\/#breadcrumb","itemListElement":[{"@type":"ListItem","position":1,"name":"Accueil","item":"https:\/\/www.nettali.com\/"},{"@type":"ListItem","position":2,"name":"SANTE &#8211; De nouvelles t\u00eates promues"}]},{"@type":"Person","@id":"https:\/\/www.nettali.com\/#\/schema\/person\/8a06c6bd7b19304cf4bf985862900b5b","name":"Thierno Diop","image":{"@type":"ImageObject","@id":"https:\/\/www.nettali.com\/#personlogo","inLanguage":"fr-FR","url":"https:\/\/secure.gravatar.com\/avatar\/c8ca58550c94fd2ac856d27391a6c866?s=96&d=mm&r=g","contentUrl":"https:\/\/secure.gravatar.com\/avatar\/c8ca58550c94fd2ac856d27391a6c866?s=96&d=mm&r=g","caption":"Thierno Diop"},"sameAs":["https:\/\/nettali.com"]}]}},"_links":{"self":[{"href":"https:\/\/www.nettali.com\/rest\/wp\/v2\/posts\/64728"}],"collection":[{"href":"https:\/\/www.nettali.com\/rest\/wp\/v2\/posts"}],"about":[{"href":"https:\/\/www.nettali.com\/rest\/wp\/v2\/types\/post"}],"author":[{"embeddable":true,"href":"https:\/\/www.nettali.com\/rest\/wp\/v2\/users\/11"}],"replies":[{"embeddable":true,"href":"https:\/\/www.nettali.com\/rest\/wp\/v2\/comments?post=64728"}],"version-history":[{"count":2,"href":"https:\/\/www.nettali.com\/rest\/wp\/v2\/posts\/64728\/revisions"}],"predecessor-version":[{"id":64730,"href":"https:\/\/www.nettali.com\/rest\/wp\/v2\/posts\/64728\/revisions\/64730"}],"wp:featuredmedia":[{"embeddable":true,"href":"https:\/\/www.nettali.com\/rest\/wp\/v2\/media\/39774"}],"wp:attachment":[{"href":"https:\/\/www.nettali.com\/rest\/wp\/v2\/media?parent=64728"}],"wp:term":[{"taxonomy":"category","embeddable":true,"href":"https:\/\/www.nettali.com\/rest\/wp\/v2\/categories?post=64728"},{"taxonomy":"post_tag","embeddable":true,"href":"https:\/\/www.nettali.com\/rest\/wp\/v2\/tags?post=64728"}],"curies":[{"name":"wp","href":"https:\/\/api.w.org\/{rel}","templated":true}]}}