{"id":64674,"date":"2021-05-26T10:05:57","date_gmt":"2021-05-26T10:05:57","guid":{"rendered":"https:\/\/www.nettali.com\/?p=64674"},"modified":"2021-05-26T10:05:57","modified_gmt":"2021-05-26T10:05:57","slug":"mairie-de-dakar-khalifa-sall-formel-je-ne-designerai-personne","status":"publish","type":"post","link":"https:\/\/www.nettali.com\/2021\/05\/26\/mairie-de-dakar-khalifa-sall-formel-je-ne-designerai-personne\/","title":{"rendered":"Mairie de Dakar- Khalifa Sall formel : \"je ne d\u00e9signerai personne !\""},"content":{"rendered":"<p><strong>NETTALI.COM - L'ancien maire de Dakar, Khalifa Sall, n'a pas de dauphin pour la mairie de Dakar. Il l'a clairement indiqu\u00e9 alors qu'il rencontrait quelques-uns de ses partisans. \"Je ne d\u00e9signerais personne !\", fait-il remarquer.<\/strong><\/p>\n<p>Barth\u00e9l\u00e9my Dias avait annonc\u00e9 la couleur en annon\u00e7ant sa candidature \u00e0 la mairie de Dakar. Il n'aura pas de probl\u00e8me avec Khalifa Sall qui a annonc\u00e9 qu'il n'a pas de dauphin et qu'il ne d\u00e9signera personne pour la succession de Soham Wardini.<br \/>\n\u00ab<em>Je ne d\u00e9signerai personne candidat \u00e0 Dakar lors des \u00e9lections locales de janvier 2022\u00bb<\/em>, a d\u00e9clar\u00e9 le leader de Taxawu S\u00e9n\u00e9gal, lors d\u2019une audience accord\u00e9e \u00e0 ses partisans.<\/p>\n<p>Autrement dit, il veut rester neutre, ne voulant soutenir niBarth\u00e9l\u00e9my Dias ni Soham Wardini. Il ajoute qu'il n'est nullement g\u00ean\u00e9 par les d\u00e9clarations de candidatures des uns et des autres. \u00a0<em>\"On ne m\u2019entendra jamais intervenir dans le d\u00e9bat interne au sein des communes comme celui concernant la mairie de Dakar. Parce que le d\u00e9bat ne concerne pas seulement Taxawu S\u00e9n\u00e9gal\"<\/em>, tranche-t-il.<\/p>\n<div class='share-to-whatsapp-wrapper'><div class='share-on-whsp'>PARTAGER SUR : <\/div><a data-text='Mairie de Dakar- Khalifa Sall formel : \"je ne d\u00e9signerai personne !\"' data-link='https:\/\/www.nettali.com\/2021\/05\/26\/mairie-de-dakar-khalifa-sall-formel-je-ne-designerai-personne\/' class='whatsapp-button whatsapp-share'>WhatsApp<\/a><div class='clear '><\/div><\/div>","protected":false},"excerpt":{"rendered":"<p>NETTALI.COM - L'ancien maire de Dakar, Khalifa Sall, n'a pas de dauphin pour la mairie de Dakar. Il l'a clairement indiqu\u00e9 alors qu'il rencontrait quelques-uns de ses partisans. \"Je ne d\u00e9signerais personne !\", fait-il remarquer. Barth\u00e9l\u00e9my Dias avait annonc\u00e9 la couleur en annon\u00e7ant sa candidature \u00e0 la mairie de Dakar. Il n'aura pas de probl\u00e8me [&hellip;]<\/p>\n","protected":false},"author":4,"featured_media":37086,"comment_status":"open","ping_status":"open","sticky":false,"template":"","format":"standard","meta":{"_et_pb_use_builder":"","_et_pb_old_content":""},"categories":[2],"tags":[],"yoast_head":"<!-- This site is optimized with the Yoast SEO Premium plugin v17.8 (Yoast SEO v17.8) - https:\/\/yoast.com\/wordpress\/plugins\/seo\/ -->\n<title>Mairie de Dakar- Khalifa Sall formel : &quot;je ne d\u00e9signerai personne !&quot; | Nettali.com<\/title>\n<meta name=\"robots\" content=\"index, follow, max-snippet:-1, max-image-preview:large, max-video-preview:-1\" \/>\n<link rel=\"canonical\" href=\"https:\/\/www.nettali.com\/2021\/05\/26\/mairie-de-dakar-khalifa-sall-formel-je-ne-designerai-personne\/\" \/>\n<meta property=\"og:locale\" content=\"fr_FR\" \/>\n<meta property=\"og:type\" content=\"article\" \/>\n<meta property=\"og:title\" content=\"Mairie de Dakar- Khalifa Sall formel : &quot;je ne d\u00e9signerai personne !&quot;\" \/>\n<meta property=\"og:description\" content=\"NETTALI.COM - L&#039;ancien maire de Dakar, Khalifa Sall, n&#039;a pas de dauphin pour la mairie de Dakar. Il l&#039;a clairement indiqu\u00e9 alors qu&#039;il rencontrait quelques-uns de ses partisans. &quot;Je ne d\u00e9signerais personne !&quot;, fait-il remarquer. Barth\u00e9l\u00e9my Dias avait annonc\u00e9 la couleur en annon\u00e7ant sa candidature \u00e0 la mairie de Dakar. Il n&#039;aura pas de probl\u00e8me [&hellip;]\" \/>\n<meta property=\"og:url\" content=\"https:\/\/www.nettali.com\/2021\/05\/26\/mairie-de-dakar-khalifa-sall-formel-je-ne-designerai-personne\/\" \/>\n<meta property=\"og:site_name\" content=\"Nettali.com\" \/>\n<meta property=\"article:publisher\" content=\"https:\/\/www.facebook.com\/nettalicom\" \/>\n<meta property=\"article:published_time\" content=\"2021-05-26T10:05:57+00:00\" \/>\n<meta property=\"og:image\" content=\"https:\/\/www.nettali.com\/wp-content\/uploads\/2020\/05\/Khalifa.jpg\" \/>\n\t<meta property=\"og:image:width\" content=\"660\" \/>\n\t<meta property=\"og:image:height\" content=\"281\" \/>\n<meta name=\"twitter:card\" content=\"summary_large_image\" \/>\n<meta name=\"twitter:label1\" content=\"\u00c9crit par\" \/>\n\t<meta name=\"twitter:data1\" content=\"Daouda\" \/>\n\t<meta name=\"twitter:label2\" content=\"Dur\u00e9e de lecture estim\u00e9e\" \/>\n\t<meta name=\"twitter:data2\" content=\"1 minute\" \/>\n<script type=\"application\/ld+json\" class=\"yoast-schema-graph\">{\"@context\":\"https:\/\/schema.org\",\"@graph\":[{\"@type\":\"WebSite\",\"@id\":\"https:\/\/www.nettali.com\/#website\",\"url\":\"https:\/\/www.nettali.com\/\",\"name\":\"Nettali.com\",\"description\":\"Le rendez-vous critique du Net\",\"potentialAction\":[{\"@type\":\"SearchAction\",\"target\":{\"@type\":\"EntryPoint\",\"urlTemplate\":\"https:\/\/www.nettali.com\/?s={search_term_string}\"},\"query-input\":\"required name=search_term_string\"}],\"inLanguage\":\"fr-FR\"},{\"@type\":\"ImageObject\",\"@id\":\"https:\/\/www.nettali.com\/2021\/05\/26\/mairie-de-dakar-khalifa-sall-formel-je-ne-designerai-personne\/#primaryimage\",\"inLanguage\":\"fr-FR\",\"url\":\"https:\/\/www.nettali.com\/wp-content\/uploads\/2020\/05\/Khalifa.jpg\",\"contentUrl\":\"https:\/\/www.nettali.com\/wp-content\/uploads\/2020\/05\/Khalifa.jpg\",\"width\":660,\"height\":281},{\"@type\":\"WebPage\",\"@id\":\"https:\/\/www.nettali.com\/2021\/05\/26\/mairie-de-dakar-khalifa-sall-formel-je-ne-designerai-personne\/#webpage\",\"url\":\"https:\/\/www.nettali.com\/2021\/05\/26\/mairie-de-dakar-khalifa-sall-formel-je-ne-designerai-personne\/\",\"name\":\"Mairie de Dakar- Khalifa Sall formel : \\\"je ne d\\u00e9signerai personne !\\\" | Nettali.com\",\"isPartOf\":{\"@id\":\"https:\/\/www.nettali.com\/#website\"},\"primaryImageOfPage\":{\"@id\":\"https:\/\/www.nettali.com\/2021\/05\/26\/mairie-de-dakar-khalifa-sall-formel-je-ne-designerai-personne\/#primaryimage\"},\"datePublished\":\"2021-05-26T10:05:57+00:00\",\"dateModified\":\"2021-05-26T10:05:57+00:00\",\"author\":{\"@id\":\"https:\/\/www.nettali.com\/#\/schema\/person\/3317e0bb3aa1da309fbf7b2780901bf4\"},\"breadcrumb\":{\"@id\":\"https:\/\/www.nettali.com\/2021\/05\/26\/mairie-de-dakar-khalifa-sall-formel-je-ne-designerai-personne\/#breadcrumb\"},\"inLanguage\":\"fr-FR\",\"potentialAction\":[{\"@type\":\"ReadAction\",\"target\":[\"https:\/\/www.nettali.com\/2021\/05\/26\/mairie-de-dakar-khalifa-sall-formel-je-ne-designerai-personne\/\"]}]},{\"@type\":\"BreadcrumbList\",\"@id\":\"https:\/\/www.nettali.com\/2021\/05\/26\/mairie-de-dakar-khalifa-sall-formel-je-ne-designerai-personne\/#breadcrumb\",\"itemListElement\":[{\"@type\":\"ListItem\",\"position\":1,\"name\":\"Accueil\",\"item\":\"https:\/\/www.nettali.com\/\"},{\"@type\":\"ListItem\",\"position\":2,\"name\":\"Mairie de Dakar- Khalifa Sall formel : \\u00ab\\u00a0je ne d\\u00e9signerai personne !\\u00a0\\u00bb\"}]},{\"@type\":\"Person\",\"@id\":\"https:\/\/www.nettali.com\/#\/schema\/person\/3317e0bb3aa1da309fbf7b2780901bf4\",\"name\":\"Daouda\",\"image\":{\"@type\":\"ImageObject\",\"@id\":\"https:\/\/www.nettali.com\/#personlogo\",\"inLanguage\":\"fr-FR\",\"url\":\"https:\/\/secure.gravatar.com\/avatar\/8d143b5a49345098ddcfee1c49c2f47c?s=96&d=mm&r=g\",\"contentUrl\":\"https:\/\/secure.gravatar.com\/avatar\/8d143b5a49345098ddcfee1c49c2f47c?s=96&d=mm&r=g\",\"caption\":\"Daouda\"},\"sameAs\":[\"https:\/\/www.nettali.com\"]}]}<\/script>\n<!-- \/ Yoast SEO Premium plugin. -->","yoast_head_json":{"title":"Mairie de Dakar- Khalifa Sall formel : \"je ne d\u00e9signerai personne !\" | Nettali.com","robots":{"index":"index","follow":"follow","max-snippet":"max-snippet:-1","max-image-preview":"max-image-preview:large","max-video-preview":"max-video-preview:-1"},"canonical":"https:\/\/www.nettali.com\/2021\/05\/26\/mairie-de-dakar-khalifa-sall-formel-je-ne-designerai-personne\/","og_locale":"fr_FR","og_type":"article","og_title":"Mairie de Dakar- Khalifa Sall formel : \"je ne d\u00e9signerai personne !\"","og_description":"NETTALI.COM - L'ancien maire de Dakar, Khalifa Sall, n'a pas de dauphin pour la mairie de Dakar. Il l'a clairement indiqu\u00e9 alors qu'il rencontrait quelques-uns de ses partisans. \"Je ne d\u00e9signerais personne !\", fait-il remarquer. Barth\u00e9l\u00e9my Dias avait annonc\u00e9 la couleur en annon\u00e7ant sa candidature \u00e0 la mairie de Dakar. Il n'aura pas de probl\u00e8me [&hellip;]","og_url":"https:\/\/www.nettali.com\/2021\/05\/26\/mairie-de-dakar-khalifa-sall-formel-je-ne-designerai-personne\/","og_site_name":"Nettali.com","article_publisher":"https:\/\/www.facebook.com\/nettalicom","article_published_time":"2021-05-26T10:05:57+00:00","og_image":[{"width":660,"height":281,"url":"https:\/\/www.nettali.com\/wp-content\/uploads\/2020\/05\/Khalifa.jpg","type":"image\/jpeg"}],"twitter_card":"summary_large_image","twitter_misc":{"\u00c9crit par":"Daouda","Dur\u00e9e de lecture estim\u00e9e":"1 minute"},"schema":{"@context":"https:\/\/schema.org","@graph":[{"@type":"WebSite","@id":"https:\/\/www.nettali.com\/#website","url":"https:\/\/www.nettali.com\/","name":"Nettali.com","description":"Le rendez-vous critique du Net","potentialAction":[{"@type":"SearchAction","target":{"@type":"EntryPoint","urlTemplate":"https:\/\/www.nettali.com\/?s={search_term_string}"},"query-input":"required name=search_term_string"}],"inLanguage":"fr-FR"},{"@type":"ImageObject","@id":"https:\/\/www.nettali.com\/2021\/05\/26\/mairie-de-dakar-khalifa-sall-formel-je-ne-designerai-personne\/#primaryimage","inLanguage":"fr-FR","url":"https:\/\/www.nettali.com\/wp-content\/uploads\/2020\/05\/Khalifa.jpg","contentUrl":"https:\/\/www.nettali.com\/wp-content\/uploads\/2020\/05\/Khalifa.jpg","width":660,"height":281},{"@type":"WebPage","@id":"https:\/\/www.nettali.com\/2021\/05\/26\/mairie-de-dakar-khalifa-sall-formel-je-ne-designerai-personne\/#webpage","url":"https:\/\/www.nettali.com\/2021\/05\/26\/mairie-de-dakar-khalifa-sall-formel-je-ne-designerai-personne\/","name":"Mairie de Dakar- Khalifa Sall formel : \"je ne d\u00e9signerai personne !\" | Nettali.com","isPartOf":{"@id":"https:\/\/www.nettali.com\/#website"},"primaryImageOfPage":{"@id":"https:\/\/www.nettali.com\/2021\/05\/26\/mairie-de-dakar-khalifa-sall-formel-je-ne-designerai-personne\/#primaryimage"},"datePublished":"2021-05-26T10:05:57+00:00","dateModified":"2021-05-26T10:05:57+00:00","author":{"@id":"https:\/\/www.nettali.com\/#\/schema\/person\/3317e0bb3aa1da309fbf7b2780901bf4"},"breadcrumb":{"@id":"https:\/\/www.nettali.com\/2021\/05\/26\/mairie-de-dakar-khalifa-sall-formel-je-ne-designerai-personne\/#breadcrumb"},"inLanguage":"fr-FR","potentialAction":[{"@type":"ReadAction","target":["https:\/\/www.nettali.com\/2021\/05\/26\/mairie-de-dakar-khalifa-sall-formel-je-ne-designerai-personne\/"]}]},{"@type":"BreadcrumbList","@id":"https:\/\/www.nettali.com\/2021\/05\/26\/mairie-de-dakar-khalifa-sall-formel-je-ne-designerai-personne\/#breadcrumb","itemListElement":[{"@type":"ListItem","position":1,"name":"Accueil","item":"https:\/\/www.nettali.com\/"},{"@type":"ListItem","position":2,"name":"Mairie de Dakar- Khalifa Sall formel : \u00ab\u00a0je ne d\u00e9signerai personne !\u00a0\u00bb"}]},{"@type":"Person","@id":"https:\/\/www.nettali.com\/#\/schema\/person\/3317e0bb3aa1da309fbf7b2780901bf4","name":"Daouda","image":{"@type":"ImageObject","@id":"https:\/\/www.nettali.com\/#personlogo","inLanguage":"fr-FR","url":"https:\/\/secure.gravatar.com\/avatar\/8d143b5a49345098ddcfee1c49c2f47c?s=96&d=mm&r=g","contentUrl":"https:\/\/secure.gravatar.com\/avatar\/8d143b5a49345098ddcfee1c49c2f47c?s=96&d=mm&r=g","caption":"Daouda"},"sameAs":["https:\/\/www.nettali.com"]}]}},"_links":{"self":[{"href":"https:\/\/www.nettali.com\/rest\/wp\/v2\/posts\/64674"}],"collection":[{"href":"https:\/\/www.nettali.com\/rest\/wp\/v2\/posts"}],"about":[{"href":"https:\/\/www.nettali.com\/rest\/wp\/v2\/types\/post"}],"author":[{"embeddable":true,"href":"https:\/\/www.nettali.com\/rest\/wp\/v2\/users\/4"}],"replies":[{"embeddable":true,"href":"https:\/\/www.nettali.com\/rest\/wp\/v2\/comments?post=64674"}],"version-history":[{"count":1,"href":"https:\/\/www.nettali.com\/rest\/wp\/v2\/posts\/64674\/revisions"}],"predecessor-version":[{"id":64676,"href":"https:\/\/www.nettali.com\/rest\/wp\/v2\/posts\/64674\/revisions\/64676"}],"wp:featuredmedia":[{"embeddable":true,"href":"https:\/\/www.nettali.com\/rest\/wp\/v2\/media\/37086"}],"wp:attachment":[{"href":"https:\/\/www.nettali.com\/rest\/wp\/v2\/media?parent=64674"}],"wp:term":[{"taxonomy":"category","embeddable":true,"href":"https:\/\/www.nettali.com\/rest\/wp\/v2\/categories?post=64674"},{"taxonomy":"post_tag","embeddable":true,"href":"https:\/\/www.nettali.com\/rest\/wp\/v2\/tags?post=64674"}],"curies":[{"name":"wp","href":"https:\/\/api.w.org\/{rel}","templated":true}]}}