{"id":64673,"date":"2021-05-26T10:00:24","date_gmt":"2021-05-26T10:00:24","guid":{"rendered":"https:\/\/www.nettali.com\/?p=64673"},"modified":"2021-05-26T10:00:24","modified_gmt":"2021-05-26T10:00:24","slug":"sommet-de-paris-le-pr-bathily-liste-les-incoherences","status":"publish","type":"post","link":"https:\/\/www.nettali.com\/2021\/05\/26\/sommet-de-paris-le-pr-bathily-liste-les-incoherences\/","title":{"rendered":"SOMMET DE PARIS \u2013 Le Pr. Bathily liste les incoh\u00e9rences"},"content":{"rendered":"<p><strong>NETTALI.COM - La c\u00e9r\u00e9monie de pr\u00e9sentation, hier, du Rapport alternatif sur l\u2019Afrique num\u00e9ro 01 a \u00e9t\u00e9 l\u2019occasion pour d\u2019\u00e9minents intellectuels du Mouvement altermondialiste de revenir sur les goulots qui \u00e9tranglent l\u2019Afrique. Le principal, si l\u2019on en croit nombre d\u2019intervenants, c\u2019est le d\u00e9faut de souverainet\u00e9 mis \u00e0 nu par la tenue, r\u00e9cemment, d\u2019un sommet \u00e0 Paris pour parler des probl\u00e8mes du Continent.<\/strong><\/p>\n<p>Le professeur Abdoulaye Bathily semble avoir du mal \u00e0 dig\u00e9rer que l\u2019\u00e9tranger soit toujours le th\u00e9\u00e2tre de discussion des questions qui int\u00e9ressent le d\u00e9veloppement du continent. Pr\u00e9sent, hier, \u00e0 la c\u00e9r\u00e9monie de pr\u00e9sentation du Rapport alternatif sur l\u2019Afrique (Rasa), il a, en des termes repris par le quotidien Enqu\u00eate dans sa livraison du jour, exprim\u00e9 toute sa d\u00e9solation. \u201cIl nous faut assurer cette rupture avec la dynamique de Berlin, qui continue de conditionner encore notre destin. R\u00e9cemment, nous en avons eu l\u2019illustration \u00e0 Paris. Nous nous sommes rendu compte que le destin de l\u2019Afrique se d\u00e9finit ailleurs. L\u2019\u00e9conomie africaine se d\u00e9finit ailleurs. Il faut que la souverainet\u00e9 soit le maitre mot de nos actions, de notre pens\u00e9e\u2026.\u2019\u2019.<\/p>\n<p>Malgr\u00e9 sa d\u00e9solation, le professeur Bathily reste tout de m\u00eame toujours optimiste quant \u00e0 un avenir meilleur pour l\u2019Afrique. Il d\u00e9clare : \u201cJe suis optimiste, gr\u00e2ce au travail abattu par toutes ces organisations\u2026. Pour moi, c\u2019est des signes avant-coureurs d\u2019un nouveau soleil qui se l\u00e8ve sur le continent africain. Et nous r\u00eavons de voir ce soleil se lever et briller \u00e0 nouveau sur tout le continent, pour que la Jeunesse d\u2019Afrique prenne en main son destin, forge la souverainet\u00e9 de nos soci\u00e9t\u00e9s. Nous n\u2019avons pas le droit de laisser notre destin \u00eatre d\u00e9fini par d\u2019autres \u00e0 notre place\u2019\u2019, plaide-t-il devant un public venu nombreux suivre la pr\u00e9sentation du Rapport alternatif sur l\u2019Afrique.<\/p>\n<p>Selon l\u2019ancien secr\u00e9taire g\u00e9n\u00e9ral de la Ligue d\u00e9mocratique, la jeunesse doit \u00eatre \u00e0 l\u2019avant-garde de ce combat. Et d\u2019enchainer : \u201cJe voudrais lancer un appel \u00e0 la jeunesse, aux chercheurs et \u00e0 tous les militants pour que revive cette tradition\u2019\u2019.<\/p>\n<p>Moins s\u00e9v\u00e8re contre le sommet de Paris, Dr Ch\u00e9rif Salif Sy a pour sa part estim\u00e9 que cette rencontre de Paris sur le financement de l\u2019Afrique montre toute la pertinence des initiatives comme le Rasa. \u201cCe qui s\u2019est pass\u00e9 \u00e0 Paris, souligne-t-il, montre simplement la pertinence de cette initiative. Cela montre qu\u2019on est sur la bonne voie. On r\u00e9fl\u00e9chit sur le d\u00e9veloppement du continent, mais tout se passe en dehors du continent et sur l\u2019initiative d\u2019autres personnes. Nous, nous pensons que ce qui doit d\u00e9velopper ce continent proc\u00e9dera de l\u2019\u0153uvre des fils et des filles du Continent\u2019\u2019.<\/p>\n<p>Pour y parvenir, le professeur Abdoulaye Bathily estime que le retour aux sciences sociales est essentiel. \u201cPlus que jamais, je crois qu\u2019il est fondamental que nous revenions \u00e0 cette science sociale qui lib\u00e8re, qui ouvre de nouveaux horizons, adoss\u00e9s \u00e0 une vision d\u2019une Afrique ind\u00e9pendante\u2019\u2019.<\/p>\n<div class='share-to-whatsapp-wrapper'><div class='share-on-whsp'>PARTAGER SUR : <\/div><a data-text='SOMMET DE PARIS \u2013 Le Pr. Bathily liste les incoh\u00e9rences' data-link='https:\/\/www.nettali.com\/2021\/05\/26\/sommet-de-paris-le-pr-bathily-liste-les-incoherences\/' class='whatsapp-button whatsapp-share'>WhatsApp<\/a><div class='clear '><\/div><\/div>","protected":false},"excerpt":{"rendered":"<p>NETTALI.COM - La c\u00e9r\u00e9monie de pr\u00e9sentation, hier, du Rapport alternatif sur l\u2019Afrique num\u00e9ro 01 a \u00e9t\u00e9 l\u2019occasion pour d\u2019\u00e9minents intellectuels du Mouvement altermondialiste de revenir sur les goulots qui \u00e9tranglent l\u2019Afrique. Le principal, si l\u2019on en croit nombre d\u2019intervenants, c\u2019est le d\u00e9faut de souverainet\u00e9 mis \u00e0 nu par la tenue, r\u00e9cemment, d\u2019un sommet \u00e0 Paris [&hellip;]<\/p>\n","protected":false},"author":11,"featured_media":16325,"comment_status":"open","ping_status":"open","sticky":false,"template":"","format":"standard","meta":{"_et_pb_use_builder":"","_et_pb_old_content":""},"categories":[3],"tags":[],"yoast_head":"<!-- This site is optimized with the Yoast SEO Premium plugin v17.8 (Yoast SEO v17.8) - https:\/\/yoast.com\/wordpress\/plugins\/seo\/ -->\n<title>SOMMET DE PARIS \u2013 Le Pr. Bathily liste les incoh\u00e9rences | Nettali.com<\/title>\n<meta name=\"robots\" content=\"index, follow, max-snippet:-1, max-image-preview:large, max-video-preview:-1\" \/>\n<link rel=\"canonical\" href=\"https:\/\/www.nettali.com\/2021\/05\/26\/sommet-de-paris-le-pr-bathily-liste-les-incoherences\/\" \/>\n<meta property=\"og:locale\" content=\"fr_FR\" \/>\n<meta property=\"og:type\" content=\"article\" \/>\n<meta property=\"og:title\" content=\"SOMMET DE PARIS \u2013 Le Pr. Bathily liste les incoh\u00e9rences\" \/>\n<meta property=\"og:description\" content=\"NETTALI.COM - La c\u00e9r\u00e9monie de pr\u00e9sentation, hier, du Rapport alternatif sur l\u2019Afrique num\u00e9ro 01 a \u00e9t\u00e9 l\u2019occasion pour d\u2019\u00e9minents intellectuels du Mouvement altermondialiste de revenir sur les goulots qui \u00e9tranglent l\u2019Afrique. Le principal, si l\u2019on en croit nombre d\u2019intervenants, c\u2019est le d\u00e9faut de souverainet\u00e9 mis \u00e0 nu par la tenue, r\u00e9cemment, d\u2019un sommet \u00e0 Paris [&hellip;]\" \/>\n<meta property=\"og:url\" content=\"https:\/\/www.nettali.com\/2021\/05\/26\/sommet-de-paris-le-pr-bathily-liste-les-incoherences\/\" \/>\n<meta property=\"og:site_name\" content=\"Nettali.com\" \/>\n<meta property=\"article:publisher\" content=\"https:\/\/www.facebook.com\/nettalicom\" \/>\n<meta property=\"article:published_time\" content=\"2021-05-26T10:00:24+00:00\" \/>\n<meta property=\"og:image\" content=\"https:\/\/www.nettali.com\/wp-content\/uploads\/2019\/08\/bathily.jpg\" \/>\n\t<meta property=\"og:image:width\" content=\"311\" \/>\n\t<meta property=\"og:image:height\" content=\"162\" \/>\n<meta name=\"twitter:card\" content=\"summary_large_image\" \/>\n<meta name=\"twitter:label1\" content=\"\u00c9crit par\" \/>\n\t<meta name=\"twitter:data1\" content=\"Thierno Diop\" \/>\n\t<meta name=\"twitter:label2\" content=\"Dur\u00e9e de lecture estim\u00e9e\" \/>\n\t<meta name=\"twitter:data2\" content=\"3 minutes\" \/>\n<script type=\"application\/ld+json\" class=\"yoast-schema-graph\">{\"@context\":\"https:\/\/schema.org\",\"@graph\":[{\"@type\":\"WebSite\",\"@id\":\"https:\/\/www.nettali.com\/#website\",\"url\":\"https:\/\/www.nettali.com\/\",\"name\":\"Nettali.com\",\"description\":\"Le rendez-vous critique du Net\",\"potentialAction\":[{\"@type\":\"SearchAction\",\"target\":{\"@type\":\"EntryPoint\",\"urlTemplate\":\"https:\/\/www.nettali.com\/?s={search_term_string}\"},\"query-input\":\"required name=search_term_string\"}],\"inLanguage\":\"fr-FR\"},{\"@type\":\"ImageObject\",\"@id\":\"https:\/\/www.nettali.com\/2021\/05\/26\/sommet-de-paris-le-pr-bathily-liste-les-incoherences\/#primaryimage\",\"inLanguage\":\"fr-FR\",\"url\":\"https:\/\/www.nettali.com\/wp-content\/uploads\/2019\/08\/bathily.jpg\",\"contentUrl\":\"https:\/\/www.nettali.com\/wp-content\/uploads\/2019\/08\/bathily.jpg\",\"width\":311,\"height\":162},{\"@type\":\"WebPage\",\"@id\":\"https:\/\/www.nettali.com\/2021\/05\/26\/sommet-de-paris-le-pr-bathily-liste-les-incoherences\/#webpage\",\"url\":\"https:\/\/www.nettali.com\/2021\/05\/26\/sommet-de-paris-le-pr-bathily-liste-les-incoherences\/\",\"name\":\"SOMMET DE PARIS \\u2013 Le Pr. Bathily liste les incoh\\u00e9rences | Nettali.com\",\"isPartOf\":{\"@id\":\"https:\/\/www.nettali.com\/#website\"},\"primaryImageOfPage\":{\"@id\":\"https:\/\/www.nettali.com\/2021\/05\/26\/sommet-de-paris-le-pr-bathily-liste-les-incoherences\/#primaryimage\"},\"datePublished\":\"2021-05-26T10:00:24+00:00\",\"dateModified\":\"2021-05-26T10:00:24+00:00\",\"author\":{\"@id\":\"https:\/\/www.nettali.com\/#\/schema\/person\/8a06c6bd7b19304cf4bf985862900b5b\"},\"breadcrumb\":{\"@id\":\"https:\/\/www.nettali.com\/2021\/05\/26\/sommet-de-paris-le-pr-bathily-liste-les-incoherences\/#breadcrumb\"},\"inLanguage\":\"fr-FR\",\"potentialAction\":[{\"@type\":\"ReadAction\",\"target\":[\"https:\/\/www.nettali.com\/2021\/05\/26\/sommet-de-paris-le-pr-bathily-liste-les-incoherences\/\"]}]},{\"@type\":\"BreadcrumbList\",\"@id\":\"https:\/\/www.nettali.com\/2021\/05\/26\/sommet-de-paris-le-pr-bathily-liste-les-incoherences\/#breadcrumb\",\"itemListElement\":[{\"@type\":\"ListItem\",\"position\":1,\"name\":\"Accueil\",\"item\":\"https:\/\/www.nettali.com\/\"},{\"@type\":\"ListItem\",\"position\":2,\"name\":\"SOMMET DE PARIS \\u2013 Le Pr. Bathily liste les incoh\\u00e9rences\"}]},{\"@type\":\"Person\",\"@id\":\"https:\/\/www.nettali.com\/#\/schema\/person\/8a06c6bd7b19304cf4bf985862900b5b\",\"name\":\"Thierno Diop\",\"image\":{\"@type\":\"ImageObject\",\"@id\":\"https:\/\/www.nettali.com\/#personlogo\",\"inLanguage\":\"fr-FR\",\"url\":\"https:\/\/secure.gravatar.com\/avatar\/c8ca58550c94fd2ac856d27391a6c866?s=96&d=mm&r=g\",\"contentUrl\":\"https:\/\/secure.gravatar.com\/avatar\/c8ca58550c94fd2ac856d27391a6c866?s=96&d=mm&r=g\",\"caption\":\"Thierno Diop\"},\"sameAs\":[\"https:\/\/nettali.com\"]}]}<\/script>\n<!-- \/ Yoast SEO Premium plugin. -->","yoast_head_json":{"title":"SOMMET DE PARIS \u2013 Le Pr. Bathily liste les incoh\u00e9rences | Nettali.com","robots":{"index":"index","follow":"follow","max-snippet":"max-snippet:-1","max-image-preview":"max-image-preview:large","max-video-preview":"max-video-preview:-1"},"canonical":"https:\/\/www.nettali.com\/2021\/05\/26\/sommet-de-paris-le-pr-bathily-liste-les-incoherences\/","og_locale":"fr_FR","og_type":"article","og_title":"SOMMET DE PARIS \u2013 Le Pr. Bathily liste les incoh\u00e9rences","og_description":"NETTALI.COM - La c\u00e9r\u00e9monie de pr\u00e9sentation, hier, du Rapport alternatif sur l\u2019Afrique num\u00e9ro 01 a \u00e9t\u00e9 l\u2019occasion pour d\u2019\u00e9minents intellectuels du Mouvement altermondialiste de revenir sur les goulots qui \u00e9tranglent l\u2019Afrique. Le principal, si l\u2019on en croit nombre d\u2019intervenants, c\u2019est le d\u00e9faut de souverainet\u00e9 mis \u00e0 nu par la tenue, r\u00e9cemment, d\u2019un sommet \u00e0 Paris [&hellip;]","og_url":"https:\/\/www.nettali.com\/2021\/05\/26\/sommet-de-paris-le-pr-bathily-liste-les-incoherences\/","og_site_name":"Nettali.com","article_publisher":"https:\/\/www.facebook.com\/nettalicom","article_published_time":"2021-05-26T10:00:24+00:00","og_image":[{"width":311,"height":162,"url":"https:\/\/www.nettali.com\/wp-content\/uploads\/2019\/08\/bathily.jpg","type":"image\/jpeg"}],"twitter_card":"summary_large_image","twitter_misc":{"\u00c9crit par":"Thierno Diop","Dur\u00e9e de lecture estim\u00e9e":"3 minutes"},"schema":{"@context":"https:\/\/schema.org","@graph":[{"@type":"WebSite","@id":"https:\/\/www.nettali.com\/#website","url":"https:\/\/www.nettali.com\/","name":"Nettali.com","description":"Le rendez-vous critique du Net","potentialAction":[{"@type":"SearchAction","target":{"@type":"EntryPoint","urlTemplate":"https:\/\/www.nettali.com\/?s={search_term_string}"},"query-input":"required name=search_term_string"}],"inLanguage":"fr-FR"},{"@type":"ImageObject","@id":"https:\/\/www.nettali.com\/2021\/05\/26\/sommet-de-paris-le-pr-bathily-liste-les-incoherences\/#primaryimage","inLanguage":"fr-FR","url":"https:\/\/www.nettali.com\/wp-content\/uploads\/2019\/08\/bathily.jpg","contentUrl":"https:\/\/www.nettali.com\/wp-content\/uploads\/2019\/08\/bathily.jpg","width":311,"height":162},{"@type":"WebPage","@id":"https:\/\/www.nettali.com\/2021\/05\/26\/sommet-de-paris-le-pr-bathily-liste-les-incoherences\/#webpage","url":"https:\/\/www.nettali.com\/2021\/05\/26\/sommet-de-paris-le-pr-bathily-liste-les-incoherences\/","name":"SOMMET DE PARIS \u2013 Le Pr. Bathily liste les incoh\u00e9rences | Nettali.com","isPartOf":{"@id":"https:\/\/www.nettali.com\/#website"},"primaryImageOfPage":{"@id":"https:\/\/www.nettali.com\/2021\/05\/26\/sommet-de-paris-le-pr-bathily-liste-les-incoherences\/#primaryimage"},"datePublished":"2021-05-26T10:00:24+00:00","dateModified":"2021-05-26T10:00:24+00:00","author":{"@id":"https:\/\/www.nettali.com\/#\/schema\/person\/8a06c6bd7b19304cf4bf985862900b5b"},"breadcrumb":{"@id":"https:\/\/www.nettali.com\/2021\/05\/26\/sommet-de-paris-le-pr-bathily-liste-les-incoherences\/#breadcrumb"},"inLanguage":"fr-FR","potentialAction":[{"@type":"ReadAction","target":["https:\/\/www.nettali.com\/2021\/05\/26\/sommet-de-paris-le-pr-bathily-liste-les-incoherences\/"]}]},{"@type":"BreadcrumbList","@id":"https:\/\/www.nettali.com\/2021\/05\/26\/sommet-de-paris-le-pr-bathily-liste-les-incoherences\/#breadcrumb","itemListElement":[{"@type":"ListItem","position":1,"name":"Accueil","item":"https:\/\/www.nettali.com\/"},{"@type":"ListItem","position":2,"name":"SOMMET DE PARIS \u2013 Le Pr. Bathily liste les incoh\u00e9rences"}]},{"@type":"Person","@id":"https:\/\/www.nettali.com\/#\/schema\/person\/8a06c6bd7b19304cf4bf985862900b5b","name":"Thierno Diop","image":{"@type":"ImageObject","@id":"https:\/\/www.nettali.com\/#personlogo","inLanguage":"fr-FR","url":"https:\/\/secure.gravatar.com\/avatar\/c8ca58550c94fd2ac856d27391a6c866?s=96&d=mm&r=g","contentUrl":"https:\/\/secure.gravatar.com\/avatar\/c8ca58550c94fd2ac856d27391a6c866?s=96&d=mm&r=g","caption":"Thierno Diop"},"sameAs":["https:\/\/nettali.com"]}]}},"_links":{"self":[{"href":"https:\/\/www.nettali.com\/rest\/wp\/v2\/posts\/64673"}],"collection":[{"href":"https:\/\/www.nettali.com\/rest\/wp\/v2\/posts"}],"about":[{"href":"https:\/\/www.nettali.com\/rest\/wp\/v2\/types\/post"}],"author":[{"embeddable":true,"href":"https:\/\/www.nettali.com\/rest\/wp\/v2\/users\/11"}],"replies":[{"embeddable":true,"href":"https:\/\/www.nettali.com\/rest\/wp\/v2\/comments?post=64673"}],"version-history":[{"count":1,"href":"https:\/\/www.nettali.com\/rest\/wp\/v2\/posts\/64673\/revisions"}],"predecessor-version":[{"id":64675,"href":"https:\/\/www.nettali.com\/rest\/wp\/v2\/posts\/64673\/revisions\/64675"}],"wp:featuredmedia":[{"embeddable":true,"href":"https:\/\/www.nettali.com\/rest\/wp\/v2\/media\/16325"}],"wp:attachment":[{"href":"https:\/\/www.nettali.com\/rest\/wp\/v2\/media?parent=64673"}],"wp:term":[{"taxonomy":"category","embeddable":true,"href":"https:\/\/www.nettali.com\/rest\/wp\/v2\/categories?post=64673"},{"taxonomy":"post_tag","embeddable":true,"href":"https:\/\/www.nettali.com\/rest\/wp\/v2\/tags?post=64673"}],"curies":[{"name":"wp","href":"https:\/\/api.w.org\/{rel}","templated":true}]}}