{"id":64638,"date":"2021-05-25T18:39:33","date_gmt":"2021-05-25T18:39:33","guid":{"rendered":"https:\/\/www.nettali.com\/?p=64638"},"modified":"2021-05-26T01:26:54","modified_gmt":"2021-05-26T01:26:54","slug":"nouvel-avion-presidentiel-noo-lank-pour-son-affectation-a-la-flotte-de-air-senegal","status":"publish","type":"post","link":"https:\/\/www.nettali.com\/2021\/05\/25\/nouvel-avion-presidentiel-noo-lank-pour-son-affectation-a-la-flotte-de-air-senegal\/","title":{"rendered":"NOUVEL AVION PRESIDENTIEL - Noo Lank pour son affectation \u00e0 la flotte de Air S\u00e9n\u00e9gal"},"content":{"rendered":"<p><strong>NETTALI.COM \u2013 La pol\u00e9mique enfle, au sujet de l\u2019acquisition d\u2019un nouvel avion pr\u00e9sidentiel. Le collectif Noo Lank demande au chef de l\u2019Etat de verser l\u2019appareil dans la flotte de la compagnie nationale, Air S\u00e9n\u00e9gal. Cela, pour en amortir le prix dans les meilleurs d\u00e9lais. <\/strong><\/p>\n<p>Noo Lank ne souscrit pas \u00e0 l\u2019achat d\u2019un nouvel avion pr\u00e9sidentiel. Dans un communiqu\u00e9, l\u2019organisation demande au chef de l\u2019Etat de verser l\u2019appareil dans la flotte de la compagnie nationale, Air S\u00e9n\u00e9gal. Ainsi, selon Noo Lank, Macky Sall pourrait utiliser l\u2019avion pour ses voyages.<\/p>\n<p>\u00ab<em>\u00a0Pour rentabiliser cette d\u00e9pense, tout en permettant au pr\u00e9sident de la R\u00e9publique de pouvoir faire ses d\u00e9placements internationaux, Noo Lank sugg\u00e8re d\u2019affecter cet avion \u00e0 Air Senegal pour l\u2019exploiter pendant ses p\u00e9riodes d\u2019immobilisation o\u00f9 le pr\u00e9sident ne voyage pas. Cela rendrait par ailleurs inutile des am\u00e9nagements additionnels co\u00fbteux de luxure pr\u00e9sidentielle. La compagnie nationale, durement affect\u00e9e par la crise sanitaire, pourrait ainsi renforcer ses capacit\u00e9s et revenus commerciaux<\/em>\u00a0\u00bb, ont d\u00e9nonc\u00e9 les membres du collectif.<\/p>\n<p>Noo Lank a ainsi donn\u00e9 un tableau d\u2019amortissement. C\u2019est pour expliquer que le S\u00e9n\u00e9gal va payer... 7 millions F CFA tous les jours pendant 20 ans.<\/p>\n<p>.<\/p>\n<div class='share-to-whatsapp-wrapper'><div class='share-on-whsp'>PARTAGER SUR : <\/div><a data-text='NOUVEL AVION PRESIDENTIEL - Noo Lank pour son affectation \u00e0 la flotte de Air S\u00e9n\u00e9gal' data-link='https:\/\/www.nettali.com\/2021\/05\/25\/nouvel-avion-presidentiel-noo-lank-pour-son-affectation-a-la-flotte-de-air-senegal\/' class='whatsapp-button whatsapp-share'>WhatsApp<\/a><div class='clear '><\/div><\/div>","protected":false},"excerpt":{"rendered":"<p>NETTALI.COM \u2013 La pol\u00e9mique enfle, au sujet de l\u2019acquisition d\u2019un nouvel avion pr\u00e9sidentiel. Le collectif Noo Lank demande au chef de l\u2019Etat de verser l\u2019appareil dans la flotte de la compagnie nationale, Air S\u00e9n\u00e9gal. Cela, pour en amortir le prix dans les meilleurs d\u00e9lais. Noo Lank ne souscrit pas \u00e0 l\u2019achat d\u2019un nouvel avion pr\u00e9sidentiel. [&hellip;]<\/p>\n","protected":false},"author":11,"featured_media":64558,"comment_status":"open","ping_status":"open","sticky":false,"template":"","format":"standard","meta":{"_et_pb_use_builder":"","_et_pb_old_content":""},"categories":[2],"tags":[],"yoast_head":"<!-- This site is optimized with the Yoast SEO Premium plugin v17.8 (Yoast SEO v17.8) - https:\/\/yoast.com\/wordpress\/plugins\/seo\/ -->\n<title>NOUVEL AVION PRESIDENTIEL - Noo Lank pour son affectation \u00e0 la flotte de Air S\u00e9n\u00e9gal | Nettali.com<\/title>\n<meta name=\"robots\" content=\"index, follow, max-snippet:-1, max-image-preview:large, max-video-preview:-1\" \/>\n<link rel=\"canonical\" href=\"https:\/\/www.nettali.com\/2021\/05\/25\/nouvel-avion-presidentiel-noo-lank-pour-son-affectation-a-la-flotte-de-air-senegal\/\" \/>\n<meta property=\"og:locale\" content=\"fr_FR\" \/>\n<meta property=\"og:type\" content=\"article\" \/>\n<meta property=\"og:title\" content=\"NOUVEL AVION PRESIDENTIEL - Noo Lank pour son affectation \u00e0 la flotte de Air S\u00e9n\u00e9gal\" \/>\n<meta property=\"og:description\" content=\"NETTALI.COM \u2013 La pol\u00e9mique enfle, au sujet de l\u2019acquisition d\u2019un nouvel avion pr\u00e9sidentiel. Le collectif Noo Lank demande au chef de l\u2019Etat de verser l\u2019appareil dans la flotte de la compagnie nationale, Air S\u00e9n\u00e9gal. Cela, pour en amortir le prix dans les meilleurs d\u00e9lais. Noo Lank ne souscrit pas \u00e0 l\u2019achat d\u2019un nouvel avion pr\u00e9sidentiel. [&hellip;]\" \/>\n<meta property=\"og:url\" content=\"https:\/\/www.nettali.com\/2021\/05\/25\/nouvel-avion-presidentiel-noo-lank-pour-son-affectation-a-la-flotte-de-air-senegal\/\" \/>\n<meta property=\"og:site_name\" content=\"Nettali.com\" \/>\n<meta property=\"article:publisher\" content=\"https:\/\/www.facebook.com\/nettalicom\" \/>\n<meta property=\"article:published_time\" content=\"2021-05-25T18:39:33+00:00\" \/>\n<meta property=\"article:modified_time\" content=\"2021-05-26T01:26:54+00:00\" \/>\n<meta property=\"og:image\" content=\"https:\/\/www.nettali.com\/wp-content\/uploads\/2021\/05\/Macky.jpeg\" \/>\n\t<meta property=\"og:image:width\" content=\"1275\" \/>\n\t<meta property=\"og:image:height\" content=\"552\" \/>\n<meta name=\"twitter:card\" content=\"summary_large_image\" \/>\n<meta name=\"twitter:label1\" content=\"\u00c9crit par\" \/>\n\t<meta name=\"twitter:data1\" content=\"Thierno Diop\" \/>\n\t<meta name=\"twitter:label2\" content=\"Dur\u00e9e de lecture estim\u00e9e\" \/>\n\t<meta name=\"twitter:data2\" content=\"1 minute\" \/>\n<script type=\"application\/ld+json\" class=\"yoast-schema-graph\">{\"@context\":\"https:\/\/schema.org\",\"@graph\":[{\"@type\":\"WebSite\",\"@id\":\"https:\/\/www.nettali.com\/#website\",\"url\":\"https:\/\/www.nettali.com\/\",\"name\":\"Nettali.com\",\"description\":\"Le rendez-vous critique du Net\",\"potentialAction\":[{\"@type\":\"SearchAction\",\"target\":{\"@type\":\"EntryPoint\",\"urlTemplate\":\"https:\/\/www.nettali.com\/?s={search_term_string}\"},\"query-input\":\"required name=search_term_string\"}],\"inLanguage\":\"fr-FR\"},{\"@type\":\"ImageObject\",\"@id\":\"https:\/\/www.nettali.com\/2021\/05\/25\/nouvel-avion-presidentiel-noo-lank-pour-son-affectation-a-la-flotte-de-air-senegal\/#primaryimage\",\"inLanguage\":\"fr-FR\",\"url\":\"https:\/\/www.nettali.com\/wp-content\/uploads\/2021\/05\/Macky.jpeg\",\"contentUrl\":\"https:\/\/www.nettali.com\/wp-content\/uploads\/2021\/05\/Macky.jpeg\",\"width\":1275,\"height\":552},{\"@type\":\"WebPage\",\"@id\":\"https:\/\/www.nettali.com\/2021\/05\/25\/nouvel-avion-presidentiel-noo-lank-pour-son-affectation-a-la-flotte-de-air-senegal\/#webpage\",\"url\":\"https:\/\/www.nettali.com\/2021\/05\/25\/nouvel-avion-presidentiel-noo-lank-pour-son-affectation-a-la-flotte-de-air-senegal\/\",\"name\":\"NOUVEL AVION PRESIDENTIEL - Noo Lank pour son affectation \\u00e0 la flotte de Air S\\u00e9n\\u00e9gal | Nettali.com\",\"isPartOf\":{\"@id\":\"https:\/\/www.nettali.com\/#website\"},\"primaryImageOfPage\":{\"@id\":\"https:\/\/www.nettali.com\/2021\/05\/25\/nouvel-avion-presidentiel-noo-lank-pour-son-affectation-a-la-flotte-de-air-senegal\/#primaryimage\"},\"datePublished\":\"2021-05-25T18:39:33+00:00\",\"dateModified\":\"2021-05-26T01:26:54+00:00\",\"author\":{\"@id\":\"https:\/\/www.nettali.com\/#\/schema\/person\/8a06c6bd7b19304cf4bf985862900b5b\"},\"breadcrumb\":{\"@id\":\"https:\/\/www.nettali.com\/2021\/05\/25\/nouvel-avion-presidentiel-noo-lank-pour-son-affectation-a-la-flotte-de-air-senegal\/#breadcrumb\"},\"inLanguage\":\"fr-FR\",\"potentialAction\":[{\"@type\":\"ReadAction\",\"target\":[\"https:\/\/www.nettali.com\/2021\/05\/25\/nouvel-avion-presidentiel-noo-lank-pour-son-affectation-a-la-flotte-de-air-senegal\/\"]}]},{\"@type\":\"BreadcrumbList\",\"@id\":\"https:\/\/www.nettali.com\/2021\/05\/25\/nouvel-avion-presidentiel-noo-lank-pour-son-affectation-a-la-flotte-de-air-senegal\/#breadcrumb\",\"itemListElement\":[{\"@type\":\"ListItem\",\"position\":1,\"name\":\"Accueil\",\"item\":\"https:\/\/www.nettali.com\/\"},{\"@type\":\"ListItem\",\"position\":2,\"name\":\"NOUVEL AVION PRESIDENTIEL &#8211; Noo Lank pour son affectation \\u00e0 la flotte de Air S\\u00e9n\\u00e9gal\"}]},{\"@type\":\"Person\",\"@id\":\"https:\/\/www.nettali.com\/#\/schema\/person\/8a06c6bd7b19304cf4bf985862900b5b\",\"name\":\"Thierno Diop\",\"image\":{\"@type\":\"ImageObject\",\"@id\":\"https:\/\/www.nettali.com\/#personlogo\",\"inLanguage\":\"fr-FR\",\"url\":\"https:\/\/secure.gravatar.com\/avatar\/c8ca58550c94fd2ac856d27391a6c866?s=96&d=mm&r=g\",\"contentUrl\":\"https:\/\/secure.gravatar.com\/avatar\/c8ca58550c94fd2ac856d27391a6c866?s=96&d=mm&r=g\",\"caption\":\"Thierno Diop\"},\"sameAs\":[\"https:\/\/nettali.com\"]}]}<\/script>\n<!-- \/ Yoast SEO Premium plugin. -->","yoast_head_json":{"title":"NOUVEL AVION PRESIDENTIEL - Noo Lank pour son affectation \u00e0 la flotte de Air S\u00e9n\u00e9gal | Nettali.com","robots":{"index":"index","follow":"follow","max-snippet":"max-snippet:-1","max-image-preview":"max-image-preview:large","max-video-preview":"max-video-preview:-1"},"canonical":"https:\/\/www.nettali.com\/2021\/05\/25\/nouvel-avion-presidentiel-noo-lank-pour-son-affectation-a-la-flotte-de-air-senegal\/","og_locale":"fr_FR","og_type":"article","og_title":"NOUVEL AVION PRESIDENTIEL - Noo Lank pour son affectation \u00e0 la flotte de Air S\u00e9n\u00e9gal","og_description":"NETTALI.COM \u2013 La pol\u00e9mique enfle, au sujet de l\u2019acquisition d\u2019un nouvel avion pr\u00e9sidentiel. Le collectif Noo Lank demande au chef de l\u2019Etat de verser l\u2019appareil dans la flotte de la compagnie nationale, Air S\u00e9n\u00e9gal. Cela, pour en amortir le prix dans les meilleurs d\u00e9lais. Noo Lank ne souscrit pas \u00e0 l\u2019achat d\u2019un nouvel avion pr\u00e9sidentiel. [&hellip;]","og_url":"https:\/\/www.nettali.com\/2021\/05\/25\/nouvel-avion-presidentiel-noo-lank-pour-son-affectation-a-la-flotte-de-air-senegal\/","og_site_name":"Nettali.com","article_publisher":"https:\/\/www.facebook.com\/nettalicom","article_published_time":"2021-05-25T18:39:33+00:00","article_modified_time":"2021-05-26T01:26:54+00:00","og_image":[{"width":1275,"height":552,"url":"https:\/\/www.nettali.com\/wp-content\/uploads\/2021\/05\/Macky.jpeg","type":"image\/jpeg"}],"twitter_card":"summary_large_image","twitter_misc":{"\u00c9crit par":"Thierno Diop","Dur\u00e9e de lecture estim\u00e9e":"1 minute"},"schema":{"@context":"https:\/\/schema.org","@graph":[{"@type":"WebSite","@id":"https:\/\/www.nettali.com\/#website","url":"https:\/\/www.nettali.com\/","name":"Nettali.com","description":"Le rendez-vous critique du Net","potentialAction":[{"@type":"SearchAction","target":{"@type":"EntryPoint","urlTemplate":"https:\/\/www.nettali.com\/?s={search_term_string}"},"query-input":"required name=search_term_string"}],"inLanguage":"fr-FR"},{"@type":"ImageObject","@id":"https:\/\/www.nettali.com\/2021\/05\/25\/nouvel-avion-presidentiel-noo-lank-pour-son-affectation-a-la-flotte-de-air-senegal\/#primaryimage","inLanguage":"fr-FR","url":"https:\/\/www.nettali.com\/wp-content\/uploads\/2021\/05\/Macky.jpeg","contentUrl":"https:\/\/www.nettali.com\/wp-content\/uploads\/2021\/05\/Macky.jpeg","width":1275,"height":552},{"@type":"WebPage","@id":"https:\/\/www.nettali.com\/2021\/05\/25\/nouvel-avion-presidentiel-noo-lank-pour-son-affectation-a-la-flotte-de-air-senegal\/#webpage","url":"https:\/\/www.nettali.com\/2021\/05\/25\/nouvel-avion-presidentiel-noo-lank-pour-son-affectation-a-la-flotte-de-air-senegal\/","name":"NOUVEL AVION PRESIDENTIEL - Noo Lank pour son affectation \u00e0 la flotte de Air S\u00e9n\u00e9gal | Nettali.com","isPartOf":{"@id":"https:\/\/www.nettali.com\/#website"},"primaryImageOfPage":{"@id":"https:\/\/www.nettali.com\/2021\/05\/25\/nouvel-avion-presidentiel-noo-lank-pour-son-affectation-a-la-flotte-de-air-senegal\/#primaryimage"},"datePublished":"2021-05-25T18:39:33+00:00","dateModified":"2021-05-26T01:26:54+00:00","author":{"@id":"https:\/\/www.nettali.com\/#\/schema\/person\/8a06c6bd7b19304cf4bf985862900b5b"},"breadcrumb":{"@id":"https:\/\/www.nettali.com\/2021\/05\/25\/nouvel-avion-presidentiel-noo-lank-pour-son-affectation-a-la-flotte-de-air-senegal\/#breadcrumb"},"inLanguage":"fr-FR","potentialAction":[{"@type":"ReadAction","target":["https:\/\/www.nettali.com\/2021\/05\/25\/nouvel-avion-presidentiel-noo-lank-pour-son-affectation-a-la-flotte-de-air-senegal\/"]}]},{"@type":"BreadcrumbList","@id":"https:\/\/www.nettali.com\/2021\/05\/25\/nouvel-avion-presidentiel-noo-lank-pour-son-affectation-a-la-flotte-de-air-senegal\/#breadcrumb","itemListElement":[{"@type":"ListItem","position":1,"name":"Accueil","item":"https:\/\/www.nettali.com\/"},{"@type":"ListItem","position":2,"name":"NOUVEL AVION PRESIDENTIEL &#8211; Noo Lank pour son affectation \u00e0 la flotte de Air S\u00e9n\u00e9gal"}]},{"@type":"Person","@id":"https:\/\/www.nettali.com\/#\/schema\/person\/8a06c6bd7b19304cf4bf985862900b5b","name":"Thierno Diop","image":{"@type":"ImageObject","@id":"https:\/\/www.nettali.com\/#personlogo","inLanguage":"fr-FR","url":"https:\/\/secure.gravatar.com\/avatar\/c8ca58550c94fd2ac856d27391a6c866?s=96&d=mm&r=g","contentUrl":"https:\/\/secure.gravatar.com\/avatar\/c8ca58550c94fd2ac856d27391a6c866?s=96&d=mm&r=g","caption":"Thierno Diop"},"sameAs":["https:\/\/nettali.com"]}]}},"_links":{"self":[{"href":"https:\/\/www.nettali.com\/rest\/wp\/v2\/posts\/64638"}],"collection":[{"href":"https:\/\/www.nettali.com\/rest\/wp\/v2\/posts"}],"about":[{"href":"https:\/\/www.nettali.com\/rest\/wp\/v2\/types\/post"}],"author":[{"embeddable":true,"href":"https:\/\/www.nettali.com\/rest\/wp\/v2\/users\/11"}],"replies":[{"embeddable":true,"href":"https:\/\/www.nettali.com\/rest\/wp\/v2\/comments?post=64638"}],"version-history":[{"count":1,"href":"https:\/\/www.nettali.com\/rest\/wp\/v2\/posts\/64638\/revisions"}],"predecessor-version":[{"id":64639,"href":"https:\/\/www.nettali.com\/rest\/wp\/v2\/posts\/64638\/revisions\/64639"}],"wp:featuredmedia":[{"embeddable":true,"href":"https:\/\/www.nettali.com\/rest\/wp\/v2\/media\/64558"}],"wp:attachment":[{"href":"https:\/\/www.nettali.com\/rest\/wp\/v2\/media?parent=64638"}],"wp:term":[{"taxonomy":"category","embeddable":true,"href":"https:\/\/www.nettali.com\/rest\/wp\/v2\/categories?post=64638"},{"taxonomy":"post_tag","embeddable":true,"href":"https:\/\/www.nettali.com\/rest\/wp\/v2\/tags?post=64638"}],"curies":[{"name":"wp","href":"https:\/\/api.w.org\/{rel}","templated":true}]}}