{"id":64585,"date":"2021-05-25T06:05:03","date_gmt":"2021-05-25T06:05:03","guid":{"rendered":"https:\/\/www.nettali.com\/?p=64585"},"modified":"2021-05-25T06:06:46","modified_gmt":"2021-05-25T06:06:46","slug":"nouvel-avion-presidentiel-la-colere-de-thierno-alassane-sall","status":"publish","type":"post","link":"https:\/\/www.nettali.com\/2021\/05\/25\/nouvel-avion-presidentiel-la-colere-de-thierno-alassane-sall\/","title":{"rendered":"NOUVEL AVION PRESIDENTIEL  - Thierno Alassane Sall en col\u00e8re"},"content":{"rendered":"<p><strong>NETTALI.COM\u00a0 - Thierno Alassane Sall ne m\u00e2che pas ses mots. Pour l'ancien ministre de l'Energie, l'achat d'un nouvel avion par le Pr\u00e9sident Macky Sall est tout simplement un scandale.<\/strong><\/p>\n<p>\"<em>L'achat d'un avion n'est ni n\u00e9cessaire, ni prioritaire<\/em>\", a r\u00e9agi Thierno Alassane Sall \u00e0 l'annonce de l'acquisition, par le gouvernement du S\u00e9n\u00e9gal, d'un nouvel avion de commandement pr\u00e9sidentiel. \"<em>Macky Sall n'aurait pas pu choisir pire moment pour, encore, d\u00e9cevoir les S\u00e9n\u00e9galais. Le pays est gangren\u00e9 par la violence ; la jeunesse est d\u00e9sempar\u00e9e ; les litiges fonciers se multiplient, la dette publique flambe ; l'ins\u00e9curit\u00e9 et le vol de b\u00e9tail sont insupportables dans certaines zones du pays<\/em>\", a poursuivi l'ancien ministre de l'Energie. Selon lui, l'achat d'un avion n'est ni n\u00e9cessaire, ni prioritaire. Et, dit-il, \"<em>l'argument de la v\u00e9tust\u00e9 est fallacieux<\/em>\".<\/p>\n<p>\"<em>C'est encore une d\u00e9pense de prestige engag\u00e9e sans transparence, sur le dos du peuple s\u00e9n\u00e9galais. Tout cela est profond\u00e9ment ind\u00e9cent<\/em>\", peste le pr\u00e9sident du parti \"La R\u00e9publique des valeurs\".<\/p>\n<div class='share-to-whatsapp-wrapper'><div class='share-on-whsp'>PARTAGER SUR : <\/div><a data-text='NOUVEL AVION PRESIDENTIEL  - Thierno Alassane Sall en col\u00e8re' data-link='https:\/\/www.nettali.com\/2021\/05\/25\/nouvel-avion-presidentiel-la-colere-de-thierno-alassane-sall\/' class='whatsapp-button whatsapp-share'>WhatsApp<\/a><div class='clear '><\/div><\/div>","protected":false},"excerpt":{"rendered":"<p>NETTALI.COM\u00a0 - Thierno Alassane Sall ne m\u00e2che pas ses mots. Pour l'ancien ministre de l'Energie, l'achat d'un nouvel avion par le Pr\u00e9sident Macky Sall est tout simplement un scandale. \"L'achat d'un avion n'est ni n\u00e9cessaire, ni prioritaire\", a r\u00e9agi Thierno Alassane Sall \u00e0 l'annonce de l'acquisition, par le gouvernement du S\u00e9n\u00e9gal, d'un nouvel avion de [&hellip;]<\/p>\n","protected":false},"author":3,"featured_media":61579,"comment_status":"open","ping_status":"open","sticky":false,"template":"","format":"standard","meta":{"_et_pb_use_builder":"","_et_pb_old_content":""},"categories":[2],"tags":[],"yoast_head":"<!-- This site is optimized with the Yoast SEO Premium plugin v17.8 (Yoast SEO v17.8) - https:\/\/yoast.com\/wordpress\/plugins\/seo\/ -->\n<title>NOUVEL AVION PRESIDENTIEL - Thierno Alassane Sall en col\u00e8re | Nettali.com<\/title>\n<meta name=\"robots\" content=\"index, follow, max-snippet:-1, max-image-preview:large, max-video-preview:-1\" \/>\n<link rel=\"canonical\" href=\"https:\/\/www.nettali.com\/2021\/05\/25\/nouvel-avion-presidentiel-la-colere-de-thierno-alassane-sall\/\" \/>\n<meta property=\"og:locale\" content=\"fr_FR\" \/>\n<meta property=\"og:type\" content=\"article\" \/>\n<meta property=\"og:title\" content=\"NOUVEL AVION PRESIDENTIEL - Thierno Alassane Sall en col\u00e8re\" \/>\n<meta property=\"og:description\" content=\"NETTALI.COM\u00a0 - Thierno Alassane Sall ne m\u00e2che pas ses mots. Pour l&#039;ancien ministre de l&#039;Energie, l&#039;achat d&#039;un nouvel avion par le Pr\u00e9sident Macky Sall est tout simplement un scandale. &quot;L&#039;achat d&#039;un avion n&#039;est ni n\u00e9cessaire, ni prioritaire&quot;, a r\u00e9agi Thierno Alassane Sall \u00e0 l&#039;annonce de l&#039;acquisition, par le gouvernement du S\u00e9n\u00e9gal, d&#039;un nouvel avion de [&hellip;]\" \/>\n<meta property=\"og:url\" content=\"https:\/\/www.nettali.com\/2021\/05\/25\/nouvel-avion-presidentiel-la-colere-de-thierno-alassane-sall\/\" \/>\n<meta property=\"og:site_name\" content=\"Nettali.com\" \/>\n<meta property=\"article:publisher\" content=\"https:\/\/www.facebook.com\/nettalicom\" \/>\n<meta property=\"article:published_time\" content=\"2021-05-25T06:05:03+00:00\" \/>\n<meta property=\"article:modified_time\" content=\"2021-05-25T06:06:46+00:00\" \/>\n<meta property=\"og:image\" content=\"https:\/\/www.nettali.com\/wp-content\/uploads\/2021\/04\/Thierno-Alassane-Sall.jpg\" \/>\n\t<meta property=\"og:image:width\" content=\"755\" \/>\n\t<meta property=\"og:image:height\" content=\"449\" \/>\n<meta name=\"twitter:card\" content=\"summary_large_image\" \/>\n<meta name=\"twitter:label1\" content=\"\u00c9crit par\" \/>\n\t<meta name=\"twitter:data1\" content=\"Moustapha\" \/>\n\t<meta name=\"twitter:label2\" content=\"Dur\u00e9e de lecture estim\u00e9e\" \/>\n\t<meta name=\"twitter:data2\" content=\"1 minute\" \/>\n<script type=\"application\/ld+json\" class=\"yoast-schema-graph\">{\"@context\":\"https:\/\/schema.org\",\"@graph\":[{\"@type\":\"WebSite\",\"@id\":\"https:\/\/www.nettali.com\/#website\",\"url\":\"https:\/\/www.nettali.com\/\",\"name\":\"Nettali.com\",\"description\":\"Le rendez-vous critique du Net\",\"potentialAction\":[{\"@type\":\"SearchAction\",\"target\":{\"@type\":\"EntryPoint\",\"urlTemplate\":\"https:\/\/www.nettali.com\/?s={search_term_string}\"},\"query-input\":\"required name=search_term_string\"}],\"inLanguage\":\"fr-FR\"},{\"@type\":\"ImageObject\",\"@id\":\"https:\/\/www.nettali.com\/2021\/05\/25\/nouvel-avion-presidentiel-la-colere-de-thierno-alassane-sall\/#primaryimage\",\"inLanguage\":\"fr-FR\",\"url\":\"https:\/\/www.nettali.com\/wp-content\/uploads\/2021\/04\/Thierno-Alassane-Sall.jpg\",\"contentUrl\":\"https:\/\/www.nettali.com\/wp-content\/uploads\/2021\/04\/Thierno-Alassane-Sall.jpg\",\"width\":755,\"height\":449},{\"@type\":\"WebPage\",\"@id\":\"https:\/\/www.nettali.com\/2021\/05\/25\/nouvel-avion-presidentiel-la-colere-de-thierno-alassane-sall\/#webpage\",\"url\":\"https:\/\/www.nettali.com\/2021\/05\/25\/nouvel-avion-presidentiel-la-colere-de-thierno-alassane-sall\/\",\"name\":\"NOUVEL AVION PRESIDENTIEL - Thierno Alassane Sall en col\\u00e8re | Nettali.com\",\"isPartOf\":{\"@id\":\"https:\/\/www.nettali.com\/#website\"},\"primaryImageOfPage\":{\"@id\":\"https:\/\/www.nettali.com\/2021\/05\/25\/nouvel-avion-presidentiel-la-colere-de-thierno-alassane-sall\/#primaryimage\"},\"datePublished\":\"2021-05-25T06:05:03+00:00\",\"dateModified\":\"2021-05-25T06:06:46+00:00\",\"author\":{\"@id\":\"https:\/\/www.nettali.com\/#\/schema\/person\/7962a12a6e0267f88f0ffa544c36469a\"},\"breadcrumb\":{\"@id\":\"https:\/\/www.nettali.com\/2021\/05\/25\/nouvel-avion-presidentiel-la-colere-de-thierno-alassane-sall\/#breadcrumb\"},\"inLanguage\":\"fr-FR\",\"potentialAction\":[{\"@type\":\"ReadAction\",\"target\":[\"https:\/\/www.nettali.com\/2021\/05\/25\/nouvel-avion-presidentiel-la-colere-de-thierno-alassane-sall\/\"]}]},{\"@type\":\"BreadcrumbList\",\"@id\":\"https:\/\/www.nettali.com\/2021\/05\/25\/nouvel-avion-presidentiel-la-colere-de-thierno-alassane-sall\/#breadcrumb\",\"itemListElement\":[{\"@type\":\"ListItem\",\"position\":1,\"name\":\"Accueil\",\"item\":\"https:\/\/www.nettali.com\/\"},{\"@type\":\"ListItem\",\"position\":2,\"name\":\"NOUVEL AVION PRESIDENTIEL &#8211; Thierno Alassane Sall en col\\u00e8re\"}]},{\"@type\":\"Person\",\"@id\":\"https:\/\/www.nettali.com\/#\/schema\/person\/7962a12a6e0267f88f0ffa544c36469a\",\"name\":\"Moustapha\",\"image\":{\"@type\":\"ImageObject\",\"@id\":\"https:\/\/www.nettali.com\/#personlogo\",\"inLanguage\":\"fr-FR\",\"url\":\"https:\/\/secure.gravatar.com\/avatar\/10fdf6a071cccdcf374e3dbe45159590?s=96&d=mm&r=g\",\"contentUrl\":\"https:\/\/secure.gravatar.com\/avatar\/10fdf6a071cccdcf374e3dbe45159590?s=96&d=mm&r=g\",\"caption\":\"Moustapha\"},\"sameAs\":[\"https:\/\/www.nettali.com\"]}]}<\/script>\n<!-- \/ Yoast SEO Premium plugin. -->","yoast_head_json":{"title":"NOUVEL AVION PRESIDENTIEL - Thierno Alassane Sall en col\u00e8re | Nettali.com","robots":{"index":"index","follow":"follow","max-snippet":"max-snippet:-1","max-image-preview":"max-image-preview:large","max-video-preview":"max-video-preview:-1"},"canonical":"https:\/\/www.nettali.com\/2021\/05\/25\/nouvel-avion-presidentiel-la-colere-de-thierno-alassane-sall\/","og_locale":"fr_FR","og_type":"article","og_title":"NOUVEL AVION PRESIDENTIEL - Thierno Alassane Sall en col\u00e8re","og_description":"NETTALI.COM\u00a0 - Thierno Alassane Sall ne m\u00e2che pas ses mots. Pour l'ancien ministre de l'Energie, l'achat d'un nouvel avion par le Pr\u00e9sident Macky Sall est tout simplement un scandale. \"L'achat d'un avion n'est ni n\u00e9cessaire, ni prioritaire\", a r\u00e9agi Thierno Alassane Sall \u00e0 l'annonce de l'acquisition, par le gouvernement du S\u00e9n\u00e9gal, d'un nouvel avion de [&hellip;]","og_url":"https:\/\/www.nettali.com\/2021\/05\/25\/nouvel-avion-presidentiel-la-colere-de-thierno-alassane-sall\/","og_site_name":"Nettali.com","article_publisher":"https:\/\/www.facebook.com\/nettalicom","article_published_time":"2021-05-25T06:05:03+00:00","article_modified_time":"2021-05-25T06:06:46+00:00","og_image":[{"width":755,"height":449,"url":"https:\/\/www.nettali.com\/wp-content\/uploads\/2021\/04\/Thierno-Alassane-Sall.jpg","type":"image\/jpeg"}],"twitter_card":"summary_large_image","twitter_misc":{"\u00c9crit par":"Moustapha","Dur\u00e9e de lecture estim\u00e9e":"1 minute"},"schema":{"@context":"https:\/\/schema.org","@graph":[{"@type":"WebSite","@id":"https:\/\/www.nettali.com\/#website","url":"https:\/\/www.nettali.com\/","name":"Nettali.com","description":"Le rendez-vous critique du Net","potentialAction":[{"@type":"SearchAction","target":{"@type":"EntryPoint","urlTemplate":"https:\/\/www.nettali.com\/?s={search_term_string}"},"query-input":"required name=search_term_string"}],"inLanguage":"fr-FR"},{"@type":"ImageObject","@id":"https:\/\/www.nettali.com\/2021\/05\/25\/nouvel-avion-presidentiel-la-colere-de-thierno-alassane-sall\/#primaryimage","inLanguage":"fr-FR","url":"https:\/\/www.nettali.com\/wp-content\/uploads\/2021\/04\/Thierno-Alassane-Sall.jpg","contentUrl":"https:\/\/www.nettali.com\/wp-content\/uploads\/2021\/04\/Thierno-Alassane-Sall.jpg","width":755,"height":449},{"@type":"WebPage","@id":"https:\/\/www.nettali.com\/2021\/05\/25\/nouvel-avion-presidentiel-la-colere-de-thierno-alassane-sall\/#webpage","url":"https:\/\/www.nettali.com\/2021\/05\/25\/nouvel-avion-presidentiel-la-colere-de-thierno-alassane-sall\/","name":"NOUVEL AVION PRESIDENTIEL - Thierno Alassane Sall en col\u00e8re | Nettali.com","isPartOf":{"@id":"https:\/\/www.nettali.com\/#website"},"primaryImageOfPage":{"@id":"https:\/\/www.nettali.com\/2021\/05\/25\/nouvel-avion-presidentiel-la-colere-de-thierno-alassane-sall\/#primaryimage"},"datePublished":"2021-05-25T06:05:03+00:00","dateModified":"2021-05-25T06:06:46+00:00","author":{"@id":"https:\/\/www.nettali.com\/#\/schema\/person\/7962a12a6e0267f88f0ffa544c36469a"},"breadcrumb":{"@id":"https:\/\/www.nettali.com\/2021\/05\/25\/nouvel-avion-presidentiel-la-colere-de-thierno-alassane-sall\/#breadcrumb"},"inLanguage":"fr-FR","potentialAction":[{"@type":"ReadAction","target":["https:\/\/www.nettali.com\/2021\/05\/25\/nouvel-avion-presidentiel-la-colere-de-thierno-alassane-sall\/"]}]},{"@type":"BreadcrumbList","@id":"https:\/\/www.nettali.com\/2021\/05\/25\/nouvel-avion-presidentiel-la-colere-de-thierno-alassane-sall\/#breadcrumb","itemListElement":[{"@type":"ListItem","position":1,"name":"Accueil","item":"https:\/\/www.nettali.com\/"},{"@type":"ListItem","position":2,"name":"NOUVEL AVION PRESIDENTIEL &#8211; Thierno Alassane Sall en col\u00e8re"}]},{"@type":"Person","@id":"https:\/\/www.nettali.com\/#\/schema\/person\/7962a12a6e0267f88f0ffa544c36469a","name":"Moustapha","image":{"@type":"ImageObject","@id":"https:\/\/www.nettali.com\/#personlogo","inLanguage":"fr-FR","url":"https:\/\/secure.gravatar.com\/avatar\/10fdf6a071cccdcf374e3dbe45159590?s=96&d=mm&r=g","contentUrl":"https:\/\/secure.gravatar.com\/avatar\/10fdf6a071cccdcf374e3dbe45159590?s=96&d=mm&r=g","caption":"Moustapha"},"sameAs":["https:\/\/www.nettali.com"]}]}},"_links":{"self":[{"href":"https:\/\/www.nettali.com\/rest\/wp\/v2\/posts\/64585"}],"collection":[{"href":"https:\/\/www.nettali.com\/rest\/wp\/v2\/posts"}],"about":[{"href":"https:\/\/www.nettali.com\/rest\/wp\/v2\/types\/post"}],"author":[{"embeddable":true,"href":"https:\/\/www.nettali.com\/rest\/wp\/v2\/users\/3"}],"replies":[{"embeddable":true,"href":"https:\/\/www.nettali.com\/rest\/wp\/v2\/comments?post=64585"}],"version-history":[{"count":2,"href":"https:\/\/www.nettali.com\/rest\/wp\/v2\/posts\/64585\/revisions"}],"predecessor-version":[{"id":64587,"href":"https:\/\/www.nettali.com\/rest\/wp\/v2\/posts\/64585\/revisions\/64587"}],"wp:featuredmedia":[{"embeddable":true,"href":"https:\/\/www.nettali.com\/rest\/wp\/v2\/media\/61579"}],"wp:attachment":[{"href":"https:\/\/www.nettali.com\/rest\/wp\/v2\/media?parent=64585"}],"wp:term":[{"taxonomy":"category","embeddable":true,"href":"https:\/\/www.nettali.com\/rest\/wp\/v2\/categories?post=64585"},{"taxonomy":"post_tag","embeddable":true,"href":"https:\/\/www.nettali.com\/rest\/wp\/v2\/tags?post=64585"}],"curies":[{"name":"wp","href":"https:\/\/api.w.org\/{rel}","templated":true}]}}