{"id":64417,"date":"2021-05-22T01:41:40","date_gmt":"2021-05-22T01:41:40","guid":{"rendered":"https:\/\/www.nettali.com\/?p=64417"},"modified":"2021-05-22T10:41:50","modified_gmt":"2021-05-22T10:41:50","slug":"nigeria-le-chef-de-larmee-meurt-dans-un-crash-davion","status":"publish","type":"post","link":"https:\/\/www.nettali.com\/2021\/05\/22\/nigeria-le-chef-de-larmee-meurt-dans-un-crash-davion\/","title":{"rendered":"NIGERIA - Le chef de l'arm\u00e9e meurt dans un crash d'avion"},"content":{"rendered":"<p><strong>NETTALI.COM . Le chef de l\u2019arm\u00e9e nig\u00e9riane, le lieutenant g\u00e9n\u00e9ral Ibrahim Attahiru, est mort dans le crash d\u2019un avion militaire avec dix autres officiers vendredi en fin d\u2019apr\u00e8s-midi autour de l\u2019a\u00e9roport de Kaduna dans le nord du Nigeria, ont annonc\u00e9 les autorit\u00e9s.<\/strong><\/p>\n<p>Le militaire \u00e2g\u00e9 de 54 ans avait \u00e9t\u00e9 nomm\u00e9 \u00e0 la t\u00eate de l\u2019arm\u00e9e le 26 janvier dernier par le pr\u00e9sident nig\u00e9rian Muhammadu Buhari, sous le feu des critiques apr\u00e8s des mois de grave d\u00e9t\u00e9rioration de la situation s\u00e9curitaire dans le pays le plus peupl\u00e9 d\u2019Afrique, en proie notamment \u00e0 une insurrection jihadiste.<\/p>\n<p>L'annonce de son d\u00e9c\u00e8s intervient alors que des informations sur la possible mort du chef du groupe jihadiste Boko Haram Abubakar Shekau, gri\u00e8vement bless\u00e9 mercredi soir apr\u00e8s des affrontements avec des jihadistes rivaux, ne cessent de circuler.<\/p>\n<p>Le pr\u00e9sident Buhari a exprim\u00e9 \"sa profonde tristesse\" apr\u00e8s le crash de l'avion militaire \"qui a enlev\u00e9 la vie au chef de l'arm\u00e9e, le lieutenant g\u00e9n\u00e9ral Ibrahim Attahiru et \u00e0 d'autres officiers militaires\", dans un communiqu\u00e9 vendredi soir.<\/p>\n<p>Dix autres officiers sont morts dans ce crash \"qui a eu lieu peu apr\u00e8s le d\u00e9collage \u00e0 l'a\u00e9roport de Kaduna \u00e0 cause du mauvais temps\", selon l'arm\u00e9e, qui pr\u00e9cise dans un communiqu\u00e9, qu'une enqu\u00eate a \u00e9t\u00e9 ouverte.<\/p>\n<p>\"C'est un coup mortel qui nous est port\u00e9 \u00e0 un moment o\u00f9 nos forces arm\u00e9s sont sur le point de mettre fin aux d\u00e9fis s\u00e9curitaires auxquels le pays est confront\u00e9\", a ajout\u00e9 le pr\u00e9sident dans son communiqu\u00e9.<\/p>\n<p>L'arm\u00e9e nig\u00e9riane combat une insurrection jihadiste dans le nord-est du pays depuis 2009, un conflit qui a fait plus de 40.000 morts et a forc\u00e9 \u00e0 la fuite plus de deux millions de personnes.<\/p>\n<p>En mai 2017, M. Attahiru avait pris la t\u00eate des op\u00e9rations contre le groupe jihadiste dans le nord-est du pays, mais il avait \u00e9t\u00e9 limog\u00e9 sept mois plus tard alors que les attaques de Boko Haram n'avaient pas diminu\u00e9.<\/p>\n<p><strong>- Neutraliser Shekau -<\/strong><\/p>\n<p>L'arm\u00e9e nig\u00e9riane, sous financ\u00e9e et accus\u00e9e de mauvaise gestion, est critiqu\u00e9e de toute part pour son incapacit\u00e9 \u00e0 mettre un terme aux violences dans le pays, et particuli\u00e8rement \u00e0 l'insurrection jihadiste.<\/p>\n<p>Depuis des ann\u00e9es, elle tente notamment de neutraliser le leader de Boko Haram, Abubakar Shekau en vain. Elle avait m\u00eame annonc\u00e9 \u00e0 plusieurs reprises sa mort, \u00e0 tort.<\/p>\n<p>Mercredi, ce sont des jihadistes du groupe Etat islamique en Afrique de l'Ouest (Iswap) qui ont r\u00e9ussi \u00e0 encercler la maison o\u00f9 se trouvait Abubakar Shekau dans la for\u00eat de Sambisa, dans le nord-est du Nigeria.<\/p>\n<p>Selon deux sources proche des services de renseignement, le leader s'est gri\u00e8vement bless\u00e9 en tentant de se suicider pour \u00e9viter d'\u00eatre captur\u00e9 par les jihadistes rivaux li\u00e9s \u00e0 l'Etat islamique (EI).<\/p>\n<p>L'une de ces sources a affirm\u00e9 vendredi soir \u00e0 l'AFP que Abubakar Shekau \u00e9tait finalement d\u00e9c\u00e9d\u00e9 jeudi des suites de ses blessures.<\/p>\n<p>\"Shekau est mort hier soir dans le village de Nainawa, il a \u00e9t\u00e9 enterr\u00e9 dans la nuit, mais sa tombe n'a pas \u00e9t\u00e9 marqu\u00e9e pour \u00e9viter que l'arm\u00e9e nig\u00e9riane ou les jihadistes rivaux ne puissent l'exhumer\", a affirm\u00e9 \u00e0 l'AFP cette source.<\/p>\n<p>Un habitant de ce village, situ\u00e9 dans le for\u00eat de Sambisa, a confirm\u00e9 \u00e0 l'AFP avoir vu une vingtaine de v\u00e9hicules de Boko Haram, dont l'un transportant un corps, arriver jeudi soir dans sa localit\u00e9.<\/p>\n<p>\"Nous avons appris aujourd'hui que c'\u00e9tait Shekau qui \u00e9tait dans le v\u00e9hicule, qu'il est mort hier et qu'il a \u00e9t\u00e9 enterr\u00e9 dans la nuit\", a-t-il d\u00e9clar\u00e9 \u00e0 l'AFP au t\u00e9l\u00e9phone.<\/p>\n<p>Ni Boko Haram, ni l'Iswap n'ont pour l'heure annonc\u00e9 la mort de Abubakar Shekau, mais pour plusieurs m\u00e9dias nig\u00e9rians et sp\u00e9cialistes de la r\u00e9gion, son d\u00e9c\u00e8s ne fait plus de doute.<\/p>\n<p>La perte de Shekau serait un coup dur pour Boko Haram dont il a \u00e9t\u00e9 la figure centrale pendant onze ans, mais elle ne signifierait pas la fin de l'insurrection jihadiste.<\/p>\n<p>Au contraire, la prise du fief de Shekau pourrait permettre \u00e0 l'Iswap, devenu le groupe le plus puissant dans la r\u00e9gion, de consolider son emprise sur le territoire, et de mener des attaques encore plus sophistiqu\u00e9es contre l'arm\u00e9e nig\u00e9riane.<\/p>\n<p>(AFP)<\/p>\n<div class='share-to-whatsapp-wrapper'><div class='share-on-whsp'>PARTAGER SUR : <\/div><a data-text='NIGERIA - Le chef de l'arm\u00e9e meurt dans un crash d'avion' data-link='https:\/\/www.nettali.com\/2021\/05\/22\/nigeria-le-chef-de-larmee-meurt-dans-un-crash-davion\/' class='whatsapp-button whatsapp-share'>WhatsApp<\/a><div class='clear '><\/div><\/div>","protected":false},"excerpt":{"rendered":"<p>NETTALI.COM . Le chef de l\u2019arm\u00e9e nig\u00e9riane, le lieutenant g\u00e9n\u00e9ral Ibrahim Attahiru, est mort dans le crash d\u2019un avion militaire avec dix autres officiers vendredi en fin d\u2019apr\u00e8s-midi autour de l\u2019a\u00e9roport de Kaduna dans le nord du Nigeria, ont annonc\u00e9 les autorit\u00e9s. Le militaire \u00e2g\u00e9 de 54 ans avait \u00e9t\u00e9 nomm\u00e9 \u00e0 la t\u00eate de [&hellip;]<\/p>\n","protected":false},"author":11,"featured_media":64418,"comment_status":"open","ping_status":"open","sticky":false,"template":"","format":"standard","meta":{"_et_pb_use_builder":"","_et_pb_old_content":""},"categories":[8],"tags":[],"yoast_head":"<!-- This site is optimized with the Yoast SEO Premium plugin v17.8 (Yoast SEO v17.8) - https:\/\/yoast.com\/wordpress\/plugins\/seo\/ -->\n<title>NIGERIA - Le chef de l&#039;arm\u00e9e meurt dans un crash d&#039;avion | Nettali.com<\/title>\n<meta name=\"robots\" content=\"index, follow, max-snippet:-1, max-image-preview:large, max-video-preview:-1\" \/>\n<link rel=\"canonical\" href=\"https:\/\/www.nettali.com\/2021\/05\/22\/nigeria-le-chef-de-larmee-meurt-dans-un-crash-davion\/\" \/>\n<meta property=\"og:locale\" content=\"fr_FR\" \/>\n<meta property=\"og:type\" content=\"article\" \/>\n<meta property=\"og:title\" content=\"NIGERIA - Le chef de l&#039;arm\u00e9e meurt dans un crash d&#039;avion\" \/>\n<meta property=\"og:description\" content=\"NETTALI.COM . Le chef de l\u2019arm\u00e9e nig\u00e9riane, le lieutenant g\u00e9n\u00e9ral Ibrahim Attahiru, est mort dans le crash d\u2019un avion militaire avec dix autres officiers vendredi en fin d\u2019apr\u00e8s-midi autour de l\u2019a\u00e9roport de Kaduna dans le nord du Nigeria, ont annonc\u00e9 les autorit\u00e9s. Le militaire \u00e2g\u00e9 de 54 ans avait \u00e9t\u00e9 nomm\u00e9 \u00e0 la t\u00eate de [&hellip;]\" \/>\n<meta property=\"og:url\" content=\"https:\/\/www.nettali.com\/2021\/05\/22\/nigeria-le-chef-de-larmee-meurt-dans-un-crash-davion\/\" \/>\n<meta property=\"og:site_name\" content=\"Nettali.com\" \/>\n<meta property=\"article:publisher\" content=\"https:\/\/www.facebook.com\/nettalicom\" \/>\n<meta property=\"article:published_time\" content=\"2021-05-22T01:41:40+00:00\" \/>\n<meta property=\"article:modified_time\" content=\"2021-05-22T10:41:50+00:00\" \/>\n<meta property=\"og:image\" content=\"https:\/\/www.nettali.com\/wp-content\/uploads\/2021\/05\/NIGERIAS.jpg\" \/>\n\t<meta property=\"og:image:width\" content=\"1000\" \/>\n\t<meta property=\"og:image:height\" content=\"750\" \/>\n<meta name=\"twitter:card\" content=\"summary_large_image\" \/>\n<meta name=\"twitter:label1\" content=\"\u00c9crit par\" \/>\n\t<meta name=\"twitter:data1\" content=\"Thierno Diop\" \/>\n\t<meta name=\"twitter:label2\" content=\"Dur\u00e9e de lecture estim\u00e9e\" \/>\n\t<meta name=\"twitter:data2\" content=\"4 minutes\" \/>\n<script type=\"application\/ld+json\" class=\"yoast-schema-graph\">{\"@context\":\"https:\/\/schema.org\",\"@graph\":[{\"@type\":\"WebSite\",\"@id\":\"https:\/\/www.nettali.com\/#website\",\"url\":\"https:\/\/www.nettali.com\/\",\"name\":\"Nettali.com\",\"description\":\"Le rendez-vous critique du Net\",\"potentialAction\":[{\"@type\":\"SearchAction\",\"target\":{\"@type\":\"EntryPoint\",\"urlTemplate\":\"https:\/\/www.nettali.com\/?s={search_term_string}\"},\"query-input\":\"required name=search_term_string\"}],\"inLanguage\":\"fr-FR\"},{\"@type\":\"ImageObject\",\"@id\":\"https:\/\/www.nettali.com\/2021\/05\/22\/nigeria-le-chef-de-larmee-meurt-dans-un-crash-davion\/#primaryimage\",\"inLanguage\":\"fr-FR\",\"url\":\"https:\/\/www.nettali.com\/wp-content\/uploads\/2021\/05\/NIGERIAS.jpg\",\"contentUrl\":\"https:\/\/www.nettali.com\/wp-content\/uploads\/2021\/05\/NIGERIAS.jpg\",\"width\":1000,\"height\":750},{\"@type\":\"WebPage\",\"@id\":\"https:\/\/www.nettali.com\/2021\/05\/22\/nigeria-le-chef-de-larmee-meurt-dans-un-crash-davion\/#webpage\",\"url\":\"https:\/\/www.nettali.com\/2021\/05\/22\/nigeria-le-chef-de-larmee-meurt-dans-un-crash-davion\/\",\"name\":\"NIGERIA - Le chef de l'arm\\u00e9e meurt dans un crash d'avion | Nettali.com\",\"isPartOf\":{\"@id\":\"https:\/\/www.nettali.com\/#website\"},\"primaryImageOfPage\":{\"@id\":\"https:\/\/www.nettali.com\/2021\/05\/22\/nigeria-le-chef-de-larmee-meurt-dans-un-crash-davion\/#primaryimage\"},\"datePublished\":\"2021-05-22T01:41:40+00:00\",\"dateModified\":\"2021-05-22T10:41:50+00:00\",\"author\":{\"@id\":\"https:\/\/www.nettali.com\/#\/schema\/person\/8a06c6bd7b19304cf4bf985862900b5b\"},\"breadcrumb\":{\"@id\":\"https:\/\/www.nettali.com\/2021\/05\/22\/nigeria-le-chef-de-larmee-meurt-dans-un-crash-davion\/#breadcrumb\"},\"inLanguage\":\"fr-FR\",\"potentialAction\":[{\"@type\":\"ReadAction\",\"target\":[\"https:\/\/www.nettali.com\/2021\/05\/22\/nigeria-le-chef-de-larmee-meurt-dans-un-crash-davion\/\"]}]},{\"@type\":\"BreadcrumbList\",\"@id\":\"https:\/\/www.nettali.com\/2021\/05\/22\/nigeria-le-chef-de-larmee-meurt-dans-un-crash-davion\/#breadcrumb\",\"itemListElement\":[{\"@type\":\"ListItem\",\"position\":1,\"name\":\"Accueil\",\"item\":\"https:\/\/www.nettali.com\/\"},{\"@type\":\"ListItem\",\"position\":2,\"name\":\"NIGERIA &#8211; Le chef de l&rsquo;arm\\u00e9e meurt dans un crash d&rsquo;avion\"}]},{\"@type\":\"Person\",\"@id\":\"https:\/\/www.nettali.com\/#\/schema\/person\/8a06c6bd7b19304cf4bf985862900b5b\",\"name\":\"Thierno Diop\",\"image\":{\"@type\":\"ImageObject\",\"@id\":\"https:\/\/www.nettali.com\/#personlogo\",\"inLanguage\":\"fr-FR\",\"url\":\"https:\/\/secure.gravatar.com\/avatar\/c8ca58550c94fd2ac856d27391a6c866?s=96&d=mm&r=g\",\"contentUrl\":\"https:\/\/secure.gravatar.com\/avatar\/c8ca58550c94fd2ac856d27391a6c866?s=96&d=mm&r=g\",\"caption\":\"Thierno Diop\"},\"sameAs\":[\"https:\/\/nettali.com\"]}]}<\/script>\n<!-- \/ Yoast SEO Premium plugin. -->","yoast_head_json":{"title":"NIGERIA - Le chef de l'arm\u00e9e meurt dans un crash d'avion | Nettali.com","robots":{"index":"index","follow":"follow","max-snippet":"max-snippet:-1","max-image-preview":"max-image-preview:large","max-video-preview":"max-video-preview:-1"},"canonical":"https:\/\/www.nettali.com\/2021\/05\/22\/nigeria-le-chef-de-larmee-meurt-dans-un-crash-davion\/","og_locale":"fr_FR","og_type":"article","og_title":"NIGERIA - Le chef de l'arm\u00e9e meurt dans un crash d'avion","og_description":"NETTALI.COM . Le chef de l\u2019arm\u00e9e nig\u00e9riane, le lieutenant g\u00e9n\u00e9ral Ibrahim Attahiru, est mort dans le crash d\u2019un avion militaire avec dix autres officiers vendredi en fin d\u2019apr\u00e8s-midi autour de l\u2019a\u00e9roport de Kaduna dans le nord du Nigeria, ont annonc\u00e9 les autorit\u00e9s. Le militaire \u00e2g\u00e9 de 54 ans avait \u00e9t\u00e9 nomm\u00e9 \u00e0 la t\u00eate de [&hellip;]","og_url":"https:\/\/www.nettali.com\/2021\/05\/22\/nigeria-le-chef-de-larmee-meurt-dans-un-crash-davion\/","og_site_name":"Nettali.com","article_publisher":"https:\/\/www.facebook.com\/nettalicom","article_published_time":"2021-05-22T01:41:40+00:00","article_modified_time":"2021-05-22T10:41:50+00:00","og_image":[{"width":1000,"height":750,"url":"https:\/\/www.nettali.com\/wp-content\/uploads\/2021\/05\/NIGERIAS.jpg","type":"image\/jpeg"}],"twitter_card":"summary_large_image","twitter_misc":{"\u00c9crit par":"Thierno Diop","Dur\u00e9e de lecture estim\u00e9e":"4 minutes"},"schema":{"@context":"https:\/\/schema.org","@graph":[{"@type":"WebSite","@id":"https:\/\/www.nettali.com\/#website","url":"https:\/\/www.nettali.com\/","name":"Nettali.com","description":"Le rendez-vous critique du Net","potentialAction":[{"@type":"SearchAction","target":{"@type":"EntryPoint","urlTemplate":"https:\/\/www.nettali.com\/?s={search_term_string}"},"query-input":"required name=search_term_string"}],"inLanguage":"fr-FR"},{"@type":"ImageObject","@id":"https:\/\/www.nettali.com\/2021\/05\/22\/nigeria-le-chef-de-larmee-meurt-dans-un-crash-davion\/#primaryimage","inLanguage":"fr-FR","url":"https:\/\/www.nettali.com\/wp-content\/uploads\/2021\/05\/NIGERIAS.jpg","contentUrl":"https:\/\/www.nettali.com\/wp-content\/uploads\/2021\/05\/NIGERIAS.jpg","width":1000,"height":750},{"@type":"WebPage","@id":"https:\/\/www.nettali.com\/2021\/05\/22\/nigeria-le-chef-de-larmee-meurt-dans-un-crash-davion\/#webpage","url":"https:\/\/www.nettali.com\/2021\/05\/22\/nigeria-le-chef-de-larmee-meurt-dans-un-crash-davion\/","name":"NIGERIA - Le chef de l'arm\u00e9e meurt dans un crash d'avion | Nettali.com","isPartOf":{"@id":"https:\/\/www.nettali.com\/#website"},"primaryImageOfPage":{"@id":"https:\/\/www.nettali.com\/2021\/05\/22\/nigeria-le-chef-de-larmee-meurt-dans-un-crash-davion\/#primaryimage"},"datePublished":"2021-05-22T01:41:40+00:00","dateModified":"2021-05-22T10:41:50+00:00","author":{"@id":"https:\/\/www.nettali.com\/#\/schema\/person\/8a06c6bd7b19304cf4bf985862900b5b"},"breadcrumb":{"@id":"https:\/\/www.nettali.com\/2021\/05\/22\/nigeria-le-chef-de-larmee-meurt-dans-un-crash-davion\/#breadcrumb"},"inLanguage":"fr-FR","potentialAction":[{"@type":"ReadAction","target":["https:\/\/www.nettali.com\/2021\/05\/22\/nigeria-le-chef-de-larmee-meurt-dans-un-crash-davion\/"]}]},{"@type":"BreadcrumbList","@id":"https:\/\/www.nettali.com\/2021\/05\/22\/nigeria-le-chef-de-larmee-meurt-dans-un-crash-davion\/#breadcrumb","itemListElement":[{"@type":"ListItem","position":1,"name":"Accueil","item":"https:\/\/www.nettali.com\/"},{"@type":"ListItem","position":2,"name":"NIGERIA &#8211; Le chef de l&rsquo;arm\u00e9e meurt dans un crash d&rsquo;avion"}]},{"@type":"Person","@id":"https:\/\/www.nettali.com\/#\/schema\/person\/8a06c6bd7b19304cf4bf985862900b5b","name":"Thierno Diop","image":{"@type":"ImageObject","@id":"https:\/\/www.nettali.com\/#personlogo","inLanguage":"fr-FR","url":"https:\/\/secure.gravatar.com\/avatar\/c8ca58550c94fd2ac856d27391a6c866?s=96&d=mm&r=g","contentUrl":"https:\/\/secure.gravatar.com\/avatar\/c8ca58550c94fd2ac856d27391a6c866?s=96&d=mm&r=g","caption":"Thierno Diop"},"sameAs":["https:\/\/nettali.com"]}]}},"_links":{"self":[{"href":"https:\/\/www.nettali.com\/rest\/wp\/v2\/posts\/64417"}],"collection":[{"href":"https:\/\/www.nettali.com\/rest\/wp\/v2\/posts"}],"about":[{"href":"https:\/\/www.nettali.com\/rest\/wp\/v2\/types\/post"}],"author":[{"embeddable":true,"href":"https:\/\/www.nettali.com\/rest\/wp\/v2\/users\/11"}],"replies":[{"embeddable":true,"href":"https:\/\/www.nettali.com\/rest\/wp\/v2\/comments?post=64417"}],"version-history":[{"count":2,"href":"https:\/\/www.nettali.com\/rest\/wp\/v2\/posts\/64417\/revisions"}],"predecessor-version":[{"id":64420,"href":"https:\/\/www.nettali.com\/rest\/wp\/v2\/posts\/64417\/revisions\/64420"}],"wp:featuredmedia":[{"embeddable":true,"href":"https:\/\/www.nettali.com\/rest\/wp\/v2\/media\/64418"}],"wp:attachment":[{"href":"https:\/\/www.nettali.com\/rest\/wp\/v2\/media?parent=64417"}],"wp:term":[{"taxonomy":"category","embeddable":true,"href":"https:\/\/www.nettali.com\/rest\/wp\/v2\/categories?post=64417"},{"taxonomy":"post_tag","embeddable":true,"href":"https:\/\/www.nettali.com\/rest\/wp\/v2\/tags?post=64417"}],"curies":[{"name":"wp","href":"https:\/\/api.w.org\/{rel}","templated":true}]}}