{"id":64381,"date":"2021-05-21T19:54:01","date_gmt":"2021-05-21T19:54:01","guid":{"rendered":"https:\/\/www.nettali.com\/?p=64381"},"modified":"2021-05-21T19:54:01","modified_gmt":"2021-05-21T19:54:01","slug":"refonte-du-calendrier-international-la-fifa-ouverte-a-toute-proposition","status":"publish","type":"post","link":"https:\/\/www.nettali.com\/2021\/05\/21\/refonte-du-calendrier-international-la-fifa-ouverte-a-toute-proposition\/","title":{"rendered":"REFONTE DU CALENDRIER INTERNATIONAL \u2013 La FIFA ouverte \u00e0 toute proposition"},"content":{"rendered":"<p><strong>NETTALI.COM - La Fifa a lanc\u00e9 vendredi la refonte du calendrier international au-del\u00e0 de 2024, se disant ouverte \u00e0 \"tout\" y compris l'organisation d'une Coupe du monde tous les deux ans, alors que les acteurs du football se d\u00e9chirent d\u00e9j\u00e0 pour caser leurs comp\u00e9titions et d\u00e9noncent la fatigue des joueurs.<\/strong><\/p>\n<p>\"Le point de d\u00e9part n'est pas: le calendrier est plein, donc rien ne change\", a d'embl\u00e9e balay\u00e9 le patron de la Fifa Gianni Infantino, \u00e0 l'entame du 71e congr\u00e8s de l'instance organis\u00e9 en visioconf\u00e9rence.<\/p>\n<p>\"Le point de d\u00e9part est l'exact inverse. Nous partons d'une page blanche et nous sommes ouverts \u00e0 tous les points de vue et opinions pour am\u00e9liorer le calendrier international\", a-t-il ajout\u00e9.<\/p>\n<p>Gianni Infantino s'est gard\u00e9 de d\u00e9fendre des positions personnelles sur ce terrain min\u00e9, se contentant de r\u00e9it\u00e9rer son intention de \"trouver une date\" pour son Mondial des clubs \u00e9largi \u00e0 24 \u00e9quipes, malgr\u00e9 les r\u00e9ticences que suscite ce tournoi.<\/p>\n<p>Mais il a longuement plaid\u00e9 pour que la Fifa joue un r\u00f4le cl\u00e9 dans la r\u00e9\u00e9criture du calendrier, en tant que \"seul organe\" qui \"redistribue\" ses revenus \"dans le monde entier\", \u00e0 la diff\u00e9rence des conf\u00e9d\u00e9rations continentales et des ligues.<\/p>\n<p><strong>- Wenger en \u00e9claireur -<\/strong><\/p>\n<p>\"A la Fifa, nous devons prot\u00e9ger l'int\u00e9r\u00eat de tous\", a-t-il assur\u00e9, se posant en unique rempart face au creusement des in\u00e9galit\u00e9s sportives dans le football, o\u00f9 \"de moins en moins de pays et de moins en moins de clubs\" se partagent les troph\u00e9es.<\/p>\n<p>Promettant de \"discuter avec tout le monde\", il a dit vouloir trouver \"un \u00e9quilibre entre le football de clubs et le football de s\u00e9lections\", privil\u00e9gier \"l'\u00e9l\u00e9ment sportif sur l'\u00e9l\u00e9ment financier\", et d\u00e9finir \"combien de matches un joueur peut disputer\".<\/p>\n<p>Mais le Congr\u00e8s a dans le m\u00eame temps vot\u00e9 une proposition de la f\u00e9d\u00e9ration saoudienne, \u00e0 une large majorit\u00e9, pour mener \"une \u00e9tude de faisabilit\u00e9 sur les cons\u00e9quences de l'organisation\" de Mondiaux masculin et f\u00e9minin \"tous les deux ans\".<\/p>\n<p>Aucune \u00e9ch\u00e9ance n'a \u00e9t\u00e9 fournie pour toucher au joyau du foot mondial, principale rente de la Fifa, qui se dispute tous les quatre ans depuis 1930 chez les hommes et 1991 chez les femme Loin d'\u00eatre une pure initiative saoudienne, l'id\u00e9e vient du directeur du d\u00e9veloppement de la Fifa, le Fran\u00e7ais Ars\u00e8ne Wenger, qui pr\u00e9conisait d\u00e9j\u00e0 en mars d'alterner chaque ann\u00e9e Coupe du monde et championnat continental, \"et d'arr\u00eater tout le reste\".<\/p>\n<p><strong>- \"Ressources limit\u00e9es\" -<\/strong><\/p>\n<p>Ce Mondial biennal a de quoi all\u00e9cher les diffuseurs mais crisper les championnats nationaux, les conf\u00e9d\u00e9rations et tous les clubs qui constatent d\u00e9j\u00e0 l'\u00e9puisement des joueurs, sans parler des supporteurs m\u00e9fiants face aux manoeuvres du foot-business.<\/p>\n<p>\"Peut-\u00eatre devons-nous demander \u00e0 l'UEFA et \u00e0 la Fifa de prolonger l'ann\u00e9e. Peut-\u00eatre que nous pourrions avoir 400 jours par an\", ironisait ainsi mi-avril Pep Guardiola, l'entra\u00eeneur de Manchester City.<\/p>\n<p>Une telle refonte sonnerait le glas des matches amicaux, r\u00e9organiserait les phases de qualification, d\u00e9calerait les tournois continentaux programm\u00e9s deux ans apr\u00e8s le Mondial, et imposerait aux clubs de lib\u00e9rer leurs internationaux chaque \u00e9t\u00e9 - donc de retarder leur reprise et d'assumer un risque suppl\u00e9mentaire de blessure.<\/p>\n<p>D'autant que l'ann\u00e9e 2024 co\u00efncide \u00e9galement avec l'entr\u00e9e en vigueur du nouveau format de la Ligue des champions, pr\u00e9voyant cent rencontres suppl\u00e9mentaires que l'UEFA ne sait encore comment programmer.<\/p>\n<p>\"Comme les ressources dans le foot sont limit\u00e9es\", notamment dans le march\u00e9 des droits TV, \"le premier qui recule a perdu et personne ne prend le risque d'organiser moins de matches\", expliquait jeudi \u00e0 l'AFP Raffaele Poli, responsable de l'Observatoire du football CIES \u00e0 Neuch\u00e2tel.<\/p>\n<p>&nbsp;<\/p>\n<div class='share-to-whatsapp-wrapper'><div class='share-on-whsp'>PARTAGER SUR : <\/div><a data-text='REFONTE DU CALENDRIER INTERNATIONAL \u2013 La FIFA ouverte \u00e0 toute proposition' data-link='https:\/\/www.nettali.com\/2021\/05\/21\/refonte-du-calendrier-international-la-fifa-ouverte-a-toute-proposition\/' class='whatsapp-button whatsapp-share'>WhatsApp<\/a><div class='clear '><\/div><\/div>","protected":false},"excerpt":{"rendered":"<p>NETTALI.COM - La Fifa a lanc\u00e9 vendredi la refonte du calendrier international au-del\u00e0 de 2024, se disant ouverte \u00e0 \"tout\" y compris l'organisation d'une Coupe du monde tous les deux ans, alors que les acteurs du football se d\u00e9chirent d\u00e9j\u00e0 pour caser leurs comp\u00e9titions et d\u00e9noncent la fatigue des joueurs. \"Le point de d\u00e9part n'est [&hellip;]<\/p>\n","protected":false},"author":11,"featured_media":20217,"comment_status":"open","ping_status":"open","sticky":false,"template":"","format":"standard","meta":{"_et_pb_use_builder":"","_et_pb_old_content":""},"categories":[6],"tags":[],"yoast_head":"<!-- This site is optimized with the Yoast SEO Premium plugin v17.8 (Yoast SEO v17.8) - https:\/\/yoast.com\/wordpress\/plugins\/seo\/ -->\n<title>REFONTE DU CALENDRIER INTERNATIONAL \u2013 La FIFA ouverte \u00e0 toute proposition | Nettali.com<\/title>\n<meta name=\"robots\" content=\"index, follow, max-snippet:-1, max-image-preview:large, max-video-preview:-1\" \/>\n<link rel=\"canonical\" href=\"https:\/\/www.nettali.com\/2021\/05\/21\/refonte-du-calendrier-international-la-fifa-ouverte-a-toute-proposition\/\" \/>\n<meta property=\"og:locale\" content=\"fr_FR\" \/>\n<meta property=\"og:type\" content=\"article\" \/>\n<meta property=\"og:title\" content=\"REFONTE DU CALENDRIER INTERNATIONAL \u2013 La FIFA ouverte \u00e0 toute proposition\" \/>\n<meta property=\"og:description\" content=\"NETTALI.COM - La Fifa a lanc\u00e9 vendredi la refonte du calendrier international au-del\u00e0 de 2024, se disant ouverte \u00e0 &quot;tout&quot; y compris l&#039;organisation d&#039;une Coupe du monde tous les deux ans, alors que les acteurs du football se d\u00e9chirent d\u00e9j\u00e0 pour caser leurs comp\u00e9titions et d\u00e9noncent la fatigue des joueurs. &quot;Le point de d\u00e9part n&#039;est [&hellip;]\" \/>\n<meta property=\"og:url\" content=\"https:\/\/www.nettali.com\/2021\/05\/21\/refonte-du-calendrier-international-la-fifa-ouverte-a-toute-proposition\/\" \/>\n<meta property=\"og:site_name\" content=\"Nettali.com\" \/>\n<meta property=\"article:publisher\" content=\"https:\/\/www.facebook.com\/nettalicom\" \/>\n<meta property=\"article:published_time\" content=\"2021-05-21T19:54:01+00:00\" \/>\n<meta property=\"og:image\" content=\"https:\/\/www.nettali.com\/wp-content\/uploads\/2019\/10\/infantino.jpg\" \/>\n\t<meta property=\"og:image:width\" content=\"688\" \/>\n\t<meta property=\"og:image:height\" content=\"459\" \/>\n<meta name=\"twitter:card\" content=\"summary_large_image\" \/>\n<meta name=\"twitter:label1\" content=\"\u00c9crit par\" \/>\n\t<meta name=\"twitter:data1\" content=\"Thierno Diop\" \/>\n\t<meta name=\"twitter:label2\" content=\"Dur\u00e9e de lecture estim\u00e9e\" \/>\n\t<meta name=\"twitter:data2\" content=\"3 minutes\" \/>\n<script type=\"application\/ld+json\" class=\"yoast-schema-graph\">{\"@context\":\"https:\/\/schema.org\",\"@graph\":[{\"@type\":\"WebSite\",\"@id\":\"https:\/\/www.nettali.com\/#website\",\"url\":\"https:\/\/www.nettali.com\/\",\"name\":\"Nettali.com\",\"description\":\"Le rendez-vous critique du Net\",\"potentialAction\":[{\"@type\":\"SearchAction\",\"target\":{\"@type\":\"EntryPoint\",\"urlTemplate\":\"https:\/\/www.nettali.com\/?s={search_term_string}\"},\"query-input\":\"required name=search_term_string\"}],\"inLanguage\":\"fr-FR\"},{\"@type\":\"ImageObject\",\"@id\":\"https:\/\/www.nettali.com\/2021\/05\/21\/refonte-du-calendrier-international-la-fifa-ouverte-a-toute-proposition\/#primaryimage\",\"inLanguage\":\"fr-FR\",\"url\":\"https:\/\/www.nettali.com\/wp-content\/uploads\/2019\/10\/infantino.jpg\",\"contentUrl\":\"https:\/\/www.nettali.com\/wp-content\/uploads\/2019\/10\/infantino.jpg\",\"width\":688,\"height\":459,\"caption\":\"President of the International Federation of Association Football (FIFA) Gianni Infantino speaks during a press conference on October 26, 2018, after a FIFA Council meeting at the Convention Center in Kigali. \/ AFP \/ Cyril NDEGEYA\"},{\"@type\":\"WebPage\",\"@id\":\"https:\/\/www.nettali.com\/2021\/05\/21\/refonte-du-calendrier-international-la-fifa-ouverte-a-toute-proposition\/#webpage\",\"url\":\"https:\/\/www.nettali.com\/2021\/05\/21\/refonte-du-calendrier-international-la-fifa-ouverte-a-toute-proposition\/\",\"name\":\"REFONTE DU CALENDRIER INTERNATIONAL \\u2013 La FIFA ouverte \\u00e0 toute proposition | Nettali.com\",\"isPartOf\":{\"@id\":\"https:\/\/www.nettali.com\/#website\"},\"primaryImageOfPage\":{\"@id\":\"https:\/\/www.nettali.com\/2021\/05\/21\/refonte-du-calendrier-international-la-fifa-ouverte-a-toute-proposition\/#primaryimage\"},\"datePublished\":\"2021-05-21T19:54:01+00:00\",\"dateModified\":\"2021-05-21T19:54:01+00:00\",\"author\":{\"@id\":\"https:\/\/www.nettali.com\/#\/schema\/person\/8a06c6bd7b19304cf4bf985862900b5b\"},\"breadcrumb\":{\"@id\":\"https:\/\/www.nettali.com\/2021\/05\/21\/refonte-du-calendrier-international-la-fifa-ouverte-a-toute-proposition\/#breadcrumb\"},\"inLanguage\":\"fr-FR\",\"potentialAction\":[{\"@type\":\"ReadAction\",\"target\":[\"https:\/\/www.nettali.com\/2021\/05\/21\/refonte-du-calendrier-international-la-fifa-ouverte-a-toute-proposition\/\"]}]},{\"@type\":\"BreadcrumbList\",\"@id\":\"https:\/\/www.nettali.com\/2021\/05\/21\/refonte-du-calendrier-international-la-fifa-ouverte-a-toute-proposition\/#breadcrumb\",\"itemListElement\":[{\"@type\":\"ListItem\",\"position\":1,\"name\":\"Accueil\",\"item\":\"https:\/\/www.nettali.com\/\"},{\"@type\":\"ListItem\",\"position\":2,\"name\":\"REFONTE DU CALENDRIER INTERNATIONAL \\u2013 La FIFA ouverte \\u00e0 toute proposition\"}]},{\"@type\":\"Person\",\"@id\":\"https:\/\/www.nettali.com\/#\/schema\/person\/8a06c6bd7b19304cf4bf985862900b5b\",\"name\":\"Thierno Diop\",\"image\":{\"@type\":\"ImageObject\",\"@id\":\"https:\/\/www.nettali.com\/#personlogo\",\"inLanguage\":\"fr-FR\",\"url\":\"https:\/\/secure.gravatar.com\/avatar\/c8ca58550c94fd2ac856d27391a6c866?s=96&d=mm&r=g\",\"contentUrl\":\"https:\/\/secure.gravatar.com\/avatar\/c8ca58550c94fd2ac856d27391a6c866?s=96&d=mm&r=g\",\"caption\":\"Thierno Diop\"},\"sameAs\":[\"https:\/\/nettali.com\"]}]}<\/script>\n<!-- \/ Yoast SEO Premium plugin. -->","yoast_head_json":{"title":"REFONTE DU CALENDRIER INTERNATIONAL \u2013 La FIFA ouverte \u00e0 toute proposition | Nettali.com","robots":{"index":"index","follow":"follow","max-snippet":"max-snippet:-1","max-image-preview":"max-image-preview:large","max-video-preview":"max-video-preview:-1"},"canonical":"https:\/\/www.nettali.com\/2021\/05\/21\/refonte-du-calendrier-international-la-fifa-ouverte-a-toute-proposition\/","og_locale":"fr_FR","og_type":"article","og_title":"REFONTE DU CALENDRIER INTERNATIONAL \u2013 La FIFA ouverte \u00e0 toute proposition","og_description":"NETTALI.COM - La Fifa a lanc\u00e9 vendredi la refonte du calendrier international au-del\u00e0 de 2024, se disant ouverte \u00e0 \"tout\" y compris l'organisation d'une Coupe du monde tous les deux ans, alors que les acteurs du football se d\u00e9chirent d\u00e9j\u00e0 pour caser leurs comp\u00e9titions et d\u00e9noncent la fatigue des joueurs. \"Le point de d\u00e9part n'est [&hellip;]","og_url":"https:\/\/www.nettali.com\/2021\/05\/21\/refonte-du-calendrier-international-la-fifa-ouverte-a-toute-proposition\/","og_site_name":"Nettali.com","article_publisher":"https:\/\/www.facebook.com\/nettalicom","article_published_time":"2021-05-21T19:54:01+00:00","og_image":[{"width":688,"height":459,"url":"https:\/\/www.nettali.com\/wp-content\/uploads\/2019\/10\/infantino.jpg","type":"image\/jpeg"}],"twitter_card":"summary_large_image","twitter_misc":{"\u00c9crit par":"Thierno Diop","Dur\u00e9e de lecture estim\u00e9e":"3 minutes"},"schema":{"@context":"https:\/\/schema.org","@graph":[{"@type":"WebSite","@id":"https:\/\/www.nettali.com\/#website","url":"https:\/\/www.nettali.com\/","name":"Nettali.com","description":"Le rendez-vous critique du Net","potentialAction":[{"@type":"SearchAction","target":{"@type":"EntryPoint","urlTemplate":"https:\/\/www.nettali.com\/?s={search_term_string}"},"query-input":"required name=search_term_string"}],"inLanguage":"fr-FR"},{"@type":"ImageObject","@id":"https:\/\/www.nettali.com\/2021\/05\/21\/refonte-du-calendrier-international-la-fifa-ouverte-a-toute-proposition\/#primaryimage","inLanguage":"fr-FR","url":"https:\/\/www.nettali.com\/wp-content\/uploads\/2019\/10\/infantino.jpg","contentUrl":"https:\/\/www.nettali.com\/wp-content\/uploads\/2019\/10\/infantino.jpg","width":688,"height":459,"caption":"President of the International Federation of Association Football (FIFA) Gianni Infantino speaks during a press conference on October 26, 2018, after a FIFA Council meeting at the Convention Center in Kigali. \/ AFP \/ Cyril NDEGEYA"},{"@type":"WebPage","@id":"https:\/\/www.nettali.com\/2021\/05\/21\/refonte-du-calendrier-international-la-fifa-ouverte-a-toute-proposition\/#webpage","url":"https:\/\/www.nettali.com\/2021\/05\/21\/refonte-du-calendrier-international-la-fifa-ouverte-a-toute-proposition\/","name":"REFONTE DU CALENDRIER INTERNATIONAL \u2013 La FIFA ouverte \u00e0 toute proposition | Nettali.com","isPartOf":{"@id":"https:\/\/www.nettali.com\/#website"},"primaryImageOfPage":{"@id":"https:\/\/www.nettali.com\/2021\/05\/21\/refonte-du-calendrier-international-la-fifa-ouverte-a-toute-proposition\/#primaryimage"},"datePublished":"2021-05-21T19:54:01+00:00","dateModified":"2021-05-21T19:54:01+00:00","author":{"@id":"https:\/\/www.nettali.com\/#\/schema\/person\/8a06c6bd7b19304cf4bf985862900b5b"},"breadcrumb":{"@id":"https:\/\/www.nettali.com\/2021\/05\/21\/refonte-du-calendrier-international-la-fifa-ouverte-a-toute-proposition\/#breadcrumb"},"inLanguage":"fr-FR","potentialAction":[{"@type":"ReadAction","target":["https:\/\/www.nettali.com\/2021\/05\/21\/refonte-du-calendrier-international-la-fifa-ouverte-a-toute-proposition\/"]}]},{"@type":"BreadcrumbList","@id":"https:\/\/www.nettali.com\/2021\/05\/21\/refonte-du-calendrier-international-la-fifa-ouverte-a-toute-proposition\/#breadcrumb","itemListElement":[{"@type":"ListItem","position":1,"name":"Accueil","item":"https:\/\/www.nettali.com\/"},{"@type":"ListItem","position":2,"name":"REFONTE DU CALENDRIER INTERNATIONAL \u2013 La FIFA ouverte \u00e0 toute proposition"}]},{"@type":"Person","@id":"https:\/\/www.nettali.com\/#\/schema\/person\/8a06c6bd7b19304cf4bf985862900b5b","name":"Thierno Diop","image":{"@type":"ImageObject","@id":"https:\/\/www.nettali.com\/#personlogo","inLanguage":"fr-FR","url":"https:\/\/secure.gravatar.com\/avatar\/c8ca58550c94fd2ac856d27391a6c866?s=96&d=mm&r=g","contentUrl":"https:\/\/secure.gravatar.com\/avatar\/c8ca58550c94fd2ac856d27391a6c866?s=96&d=mm&r=g","caption":"Thierno Diop"},"sameAs":["https:\/\/nettali.com"]}]}},"_links":{"self":[{"href":"https:\/\/www.nettali.com\/rest\/wp\/v2\/posts\/64381"}],"collection":[{"href":"https:\/\/www.nettali.com\/rest\/wp\/v2\/posts"}],"about":[{"href":"https:\/\/www.nettali.com\/rest\/wp\/v2\/types\/post"}],"author":[{"embeddable":true,"href":"https:\/\/www.nettali.com\/rest\/wp\/v2\/users\/11"}],"replies":[{"embeddable":true,"href":"https:\/\/www.nettali.com\/rest\/wp\/v2\/comments?post=64381"}],"version-history":[{"count":1,"href":"https:\/\/www.nettali.com\/rest\/wp\/v2\/posts\/64381\/revisions"}],"predecessor-version":[{"id":64382,"href":"https:\/\/www.nettali.com\/rest\/wp\/v2\/posts\/64381\/revisions\/64382"}],"wp:featuredmedia":[{"embeddable":true,"href":"https:\/\/www.nettali.com\/rest\/wp\/v2\/media\/20217"}],"wp:attachment":[{"href":"https:\/\/www.nettali.com\/rest\/wp\/v2\/media?parent=64381"}],"wp:term":[{"taxonomy":"category","embeddable":true,"href":"https:\/\/www.nettali.com\/rest\/wp\/v2\/categories?post=64381"},{"taxonomy":"post_tag","embeddable":true,"href":"https:\/\/www.nettali.com\/rest\/wp\/v2\/tags?post=64381"}],"curies":[{"name":"wp","href":"https:\/\/api.w.org\/{rel}","templated":true}]}}