{"id":64378,"date":"2021-05-21T17:13:45","date_gmt":"2021-05-21T17:13:45","guid":{"rendered":"https:\/\/www.nettali.com\/?p=64378"},"modified":"2021-05-21T17:13:45","modified_gmt":"2021-05-21T17:13:45","slug":"par-mamadou-oumar-ndiaye-hommage-a-vieux-seye-qui-minocula-le-virus-du-journalisme","status":"publish","type":"post","link":"https:\/\/www.nettali.com\/2021\/05\/21\/par-mamadou-oumar-ndiaye-hommage-a-vieux-seye-qui-minocula-le-virus-du-journalisme\/","title":{"rendered":"PAR MAMADOU OUMAR NDIAYE - Hommage \u00e0 Vieux Seye qui m\u2019inocula le virus du journalisme"},"content":{"rendered":"<p><strong>CONTRIBUTION - Entre \u00ab Vieux S\u00e8ye \u00bb et moi, c\u2019est une relation de plus de 50 ans qui vient de s\u2019achever avec sa mort, le weekend dernier, sur les bords de la lagune Ebri\u00e9, \u00e0 Abidjan, capitale d\u2019un pays, le C\u00f4te d\u2019Ivoire, qui \u00e9tait celui de son c\u0153ur. On s\u2019est connus alors que moi, gamin, j\u2019\u00e9tais en culottes courtes et n\u2019avais pas probablement dix ans tandis que lui \u00e9tait d\u00e9j\u00e0 au lyc\u00e9e.<\/strong><\/p>\n<p>C\u2019est dans le mouvement scout, plus pr\u00e9cis\u00e9ment celui des \u00e9claireurs et \u00e9claireuses du S\u00e9n\u00e9gal, au sein de la troupe Bour Sine Salmone Faye que nos chemins se sont crois\u00e9s. Formidable \u00e9cole de la vie, le mouvement des \u00e9claireurs avait \u00e9t\u00e9 form\u00e9 par un aristocrate anglais, Lord Robert Baden Powell et introduit dans notre pays par un enseignant saint-louisien, Sarr Ousmane Thian\u00e9 dit Sanglier.<\/p>\n<p>A la fin des ann\u00e9es 60, dans la lointaine banlieue de Dakar, Diamagu\u00e8ne, o\u00f9 j\u2019habitais je voyais un groupe d\u2019adolescents et d\u2019adultes qui se r\u00e9unissaient les jeudis ou samedis et dimanches dans une des clases de l\u2019\u00e9cole. Ils chantaient souvent, jouaient au th\u00e9\u00e2tre s\u2019ils ne jardinaient pas. A certaines occasions, ils portaient des tenues kaki, avaient des foulards nou\u00e9s autour du cou, des sortes d\u2019\u00e9paulettes dont j\u2019ai appris plus tard qu\u2019ils s\u2019appelaient flots de patrouilles et aussi arboraient des \u00e9cussons qui \u00e9taient des \u00ab insignes de province \u00bb. Admiratifs de ces \u00ab grands \u00bb, je m\u2019approchai craintivement d\u2019eux un jour et leur fis part de ma volont\u00e9 d\u2019adh\u00e9rer \u00e0 leur mouvement. Naturellement, c\u2019est avec enthousiasme qu\u2019ils m\u2019ont accueilli m\u00eame si mon tr\u00e8s jeune \u00e2ge et, aussi, mon allure ch\u00e9tive les ont beaucoup fait h\u00e9siter.<\/p>\n<p>N\u00e9anmoins, ils ont constitu\u00e9 une petite d\u00e9l\u00e9gation pour aller solliciter l\u2019autorisation de mon p\u00e8re qui n\u2019y vit aucun inconv\u00e9nient. C\u2019est ainsi que je devins \u00e9claireur ou, plus pr\u00e9cis\u00e9ment, un louveteau du fait que je n\u2019avais pas l\u2019\u00e2ge requis pour \u00eatre un vrai \u00e9claireur.<\/p>\n<p>A l\u2019\u00e9poque, la troupe Boursine Salmone Faye comptait quatre \u00ab patrouilles \u00bb dont l\u2019une, celle des faucons, \u00e9tait dirig\u00e9e par celui dont j\u2019ai d\u00e9couvert quelques ann\u00e9es plus tard qu\u2019il s\u2019appelait en r\u00e9alit\u00e9 Moriba Magassouba. C\u2019est vrai que j\u2019\u00e9tais dans la m\u00eame classe que son jeune fr\u00e8re, Massamba Magassouba, mort il y a quelques ann\u00e9es, mais je pensais que ce dernier n\u2019avait pas le m\u00eame p\u00e8re que lui. J\u2019avais donc d\u2019autant plus de raisons de penser que l\u2019homme qui vient de nous quitter s\u2019appelait r\u00e9ellement \u00ab Vieux S\u00e8ye \u00bb que non seulement sa m\u00e8re \u2014 qui me consid\u00e9rait comme son propre fils \u2014 l\u2019appelait ainsi et qu\u2019une de ses s\u0153urs se nommait Nd\u00e8ye S\u00e8ye. Etant donc le benjamin de la troupe, le chef de celle-ci, Pape Mamadou S\u00e8ne dit Epervier, un homme d\u2019une bont\u00e9 exceptionnelle qui lui aussi me couvrait de mille attentions, m\u2019avait confi\u00e9 \u00e0 \u00ab Cobra \u00bb \u2014 tel \u00e9tait le nom de totem de Magass car, dans les r\u00e8gles du mouvement \u00e9claireur, chaque membre devait \u00eatre totemis\u00e9 et porter g\u00e9n\u00e9ralement un nom d\u2019animal ou d\u2019oiseau. C\u2019est ainsi que j\u2019ai int\u00e9gr\u00e9 la patrouille des \u00ab faucons \u00bb dont le chef de patrouille ou CP n\u2019\u00e9tait autre que \u00ab Cobra \u00bb alias Vieux S\u00e8ye.<\/p>\n<p>En compagnie de ces \u00ab grands \u00bb g\u00e9n\u00e9reux, altruistes, bons, de ces joyeux drilles, j\u2019ai pu d\u00e9couvrir la joie des campements en pleine brousse o\u00f9 nous passions des jours sous des tentes, cuisinant nous-m\u00eames \u2014 enfin, ce sont les \u00ab grands \u00bb qui le faisaient \u2014, faisant la vaisselle ou la lessive, aidant les populations des villages voisins \u00e0 accomplir diverses t\u00e2ches dans le cadre des \u00ab BA \u00bb (bonnes actions) que chaque \u00e9claireur \u00e9tait tenu d\u2019effectuer chaque jour.<\/p>\n<p>On a \u00e0 l\u2019\u00e9poque camp\u00e9 \u00e0 Bambilor, Sangalkam, Kounoune, S\u00e9bikotane etc. Pas dans les localit\u00e9s elles-m\u00eames mais en pleine brousse car \u00e0 l\u2019\u00e9poque, la fr\u00e9n\u00e9sie immobili\u00e8re n\u2019avait pas tout pris. Le soir, nous chantions et faisions des sketchs dans le cadre des \u00ab feux de camp \u00bb qui divertissaient quelque peu les villageois. Apr\u00e8s le lyc\u00e9e, \u00ab Vieux S\u00e8ye \u00bb est entr\u00e9 \u00e0 l\u2019Universit\u00e9, plus pr\u00e9cis\u00e9ment au Cesti, avant d\u2019en sortir quelques ann\u00e9es plus tard comme journaliste. Inutile de dire que c\u2019est lui qui m\u2019a donn\u00e9 la vocation. Dans ces ann\u00e9es-l\u00e0, en banlieue, c\u2019est sans doute valable aujourd\u2019hui encore, les chemins de la perdition \u00e9taient beaucoup plus accessibles aux gavroches que nous \u00e9tions que les voies de la r\u00e9ussite scolaire. Il nous a donc fallu des symboles forts comme, justement, Moriba Magassouba pour nous inspirer et guider nos pas.<\/p>\n<p>L\u2019envie de leur rassembler, de devenir comme eux nous a stimul\u00e9s. Si, donc, je suis devenu journaliste, c\u2019est \u00e0 \u00ab Magass \u00bb que je le dois et je lui en ai \u00e9t\u00e9 \u00e9ternellement reconnaissant. La m\u00eame admiration que j\u2019avais pour lui s\u2019est poursuivie lorsqu\u2019il travaillait au \u00ab Soleil \u00bb, d\u2019abord, o\u00f9 il signait \u00ab Magass \u00bb puis \u00e0 \u00ab Jeune Afrique \u00bb et \u00ab Demain l\u2019Afrique \u00bb, des journaux prestigieux pour les lyc\u00e9ens ou les \u00e9tudiants que nous \u00e9tions alors. Naturellement, c\u2019est toujours avec ravissement, fiert\u00e9 et un brin d\u2019envie que je le rencontrais \u00e0 chaque fois qu\u2019il venait \u00e0 Dakar en provenance de Paris, s\u2019il ne faisait pas escale dans notre capitale en partance ou en venant d\u2019un pays au bout du monde. D\u00e8s qu\u2019il \u00e9tait de passage dans sa maison familiale, sa maman ou ses soeurs me faisaient pr\u00e9venir pour dire \u00ab Vieux S\u00e8ye nieuwna \u00bb (Vieux est l\u00e0). J\u2019accourais pour venir discuter avec le \u00ab grand \u00bb. La parution de son livre \u00ab L\u2019Islam au S\u00e9n\u00e9gal, demain les Mollahs \u00bb m\u2019avait rempli d\u2019aise. Je m\u2019\u00e9criais avec admiration : Waw, voil\u00e0 un grand qui est non seulement journaliste \u00e0 Paris mais qui, en plus, \u00e9crit des livres ! \u00bb Lorsque je l\u2019ai rejoint dans le m\u00e9tier, il ne n\u2019a jamais m\u00e9nag\u00e9 ses encouragements, ses conseils et son appui quand il le fallait.<\/p>\n<p>Ainsi, lorsque le journal \u00ab Takusaan \u00bb a ferm\u00e9 en 1984, et jusqu\u2019au lancement de \u00ab Sopi \u00bb cinq ans plus tard, alors que je traversais le d\u00e9sert, il m\u2019a beaucoup soutenu en me faisant travailler. En tant que r\u00e9dacteur en chef d\u2019 \u00ab Africa International \u00bb, le grand magazine panafricain de Jo\u00ebl Decupper \u00e9dit\u00e9 \u00e0 Dakar, il m\u2019a command\u00e9 beaucoup de \u00ab papiers \u00bb, comme on dit, bien pay\u00e9s et qui m\u2019ont permis de survivre \u00e0 ce moment-l\u00e0. Par la suite, Magass s\u2019est install\u00e9 au Pays des El\u00e9phants, en C\u00f4te d\u2019Ivoire, o\u00f9 il a rejoint deux autres talentueux journalistes s\u00e9n\u00e9galais : Henry Mendy, qui dirigeait le bureau de l\u2019agence de presse britannique Reuter\u2019s, et Babacar Diack, correspondant de plusieurs journaux et agences. Ce dernier \u00e9tait aussi le p\u00e8re de notre jeune consoeur et ni\u00e8ce, Toutane.<\/p>\n<p>A eux trois, ils formaient une l\u00e9gion de journalistes \u00ab gorguis \u00bb parfaitement int\u00e9gr\u00e9s chez nos cousins baoul\u00e9s. Ou Dioulas ! Et s\u2019ils \u00e9taient S\u00e9n\u00e9galais de naissance, ils \u00e9taient incontestablement ivoiriens de c\u0153ur. Preuve de leur parfaite int\u00e9gration au pays du Pr\u00e9sident Houphou\u00ebt-Boigny, un pays havre de paix et mod\u00e8le d\u2019ouverture aux \u00e9trangers au point que les \u00e9trangers ont pu y b\u00e2tir fortune et y occuper les plus hautes responsabilit\u00e9s.<\/p>\n<p>A propos d\u2019int\u00e9gration, justement, le dernier titre figurant sur la carte de visite que Magass m\u2019avait remise, c\u2019\u00e9tait celui de \u00ab conseiller sp\u00e9cial du ministre de l\u2019Int\u00e9gration africaine M. Aly Coulibaly \u00bb. Aly Coulibaly qui, comme par hasard, est celui-l\u00e0 m\u00eame qui a escort\u00e9 le corps de notre talentueux confr\u00e8re et doyen, Moriba Magassouba, qui a effectu\u00e9 son dernier voyage hier sur l\u2019itin\u00e9raire Abidjan-Dakar\u2026<\/p>\n<p>Il reposera \u00e0 partir d\u2019aujourd\u2019hui, et pour l\u2019\u00e9ternit\u00e9, au cimeti\u00e8re de Yoff. Adieu, Vieux S\u00e8ye\u00a0et que Dieu t\u2019accueille dans Son paradis !<\/p>\n<p>(Avec LE TEMOIN)<\/p>\n<div class='share-to-whatsapp-wrapper'><div class='share-on-whsp'>PARTAGER SUR : <\/div><a data-text='PAR MAMADOU OUMAR NDIAYE - Hommage \u00e0 Vieux Seye qui m\u2019inocula le virus du journalisme' data-link='https:\/\/www.nettali.com\/2021\/05\/21\/par-mamadou-oumar-ndiaye-hommage-a-vieux-seye-qui-minocula-le-virus-du-journalisme\/' class='whatsapp-button whatsapp-share'>WhatsApp<\/a><div class='clear '><\/div><\/div>","protected":false},"excerpt":{"rendered":"<p>CONTRIBUTION - Entre \u00ab Vieux S\u00e8ye \u00bb et moi, c\u2019est une relation de plus de 50 ans qui vient de s\u2019achever avec sa mort, le weekend dernier, sur les bords de la lagune Ebri\u00e9, \u00e0 Abidjan, capitale d\u2019un pays, le C\u00f4te d\u2019Ivoire, qui \u00e9tait celui de son c\u0153ur. On s\u2019est connus alors que moi, gamin, [&hellip;]<\/p>\n","protected":false},"author":11,"featured_media":64379,"comment_status":"open","ping_status":"open","sticky":false,"template":"","format":"standard","meta":{"_et_pb_use_builder":"","_et_pb_old_content":""},"categories":[23,34934],"tags":[],"yoast_head":"<!-- This site is optimized with the Yoast SEO Premium plugin v17.8 (Yoast SEO v17.8) - https:\/\/yoast.com\/wordpress\/plugins\/seo\/ -->\n<title>PAR MAMADOU OUMAR NDIAYE - Hommage \u00e0 Vieux Seye qui m\u2019inocula le virus du journalisme | Nettali.com<\/title>\n<meta name=\"robots\" content=\"index, follow, max-snippet:-1, max-image-preview:large, max-video-preview:-1\" \/>\n<link rel=\"canonical\" href=\"https:\/\/www.nettali.com\/2021\/05\/21\/par-mamadou-oumar-ndiaye-hommage-a-vieux-seye-qui-minocula-le-virus-du-journalisme\/\" \/>\n<meta property=\"og:locale\" content=\"fr_FR\" \/>\n<meta property=\"og:type\" content=\"article\" \/>\n<meta property=\"og:title\" content=\"PAR MAMADOU OUMAR NDIAYE - Hommage \u00e0 Vieux Seye qui m\u2019inocula le virus du journalisme\" \/>\n<meta property=\"og:description\" content=\"CONTRIBUTION - Entre \u00ab Vieux S\u00e8ye \u00bb et moi, c\u2019est une relation de plus de 50 ans qui vient de s\u2019achever avec sa mort, le weekend dernier, sur les bords de la lagune Ebri\u00e9, \u00e0 Abidjan, capitale d\u2019un pays, le C\u00f4te d\u2019Ivoire, qui \u00e9tait celui de son c\u0153ur. On s\u2019est connus alors que moi, gamin, [&hellip;]\" \/>\n<meta property=\"og:url\" content=\"https:\/\/www.nettali.com\/2021\/05\/21\/par-mamadou-oumar-ndiaye-hommage-a-vieux-seye-qui-minocula-le-virus-du-journalisme\/\" \/>\n<meta property=\"og:site_name\" content=\"Nettali.com\" \/>\n<meta property=\"article:publisher\" content=\"https:\/\/www.facebook.com\/nettalicom\" \/>\n<meta property=\"article:published_time\" content=\"2021-05-21T17:13:45+00:00\" \/>\n<meta property=\"og:image\" content=\"https:\/\/www.nettali.com\/wp-content\/uploads\/2021\/05\/maga.png\" \/>\n\t<meta property=\"og:image:width\" content=\"382\" \/>\n\t<meta property=\"og:image:height\" content=\"276\" \/>\n<meta name=\"twitter:card\" content=\"summary_large_image\" \/>\n<meta name=\"twitter:label1\" content=\"\u00c9crit par\" \/>\n\t<meta name=\"twitter:data1\" content=\"Thierno Diop\" \/>\n\t<meta name=\"twitter:label2\" content=\"Dur\u00e9e de lecture estim\u00e9e\" \/>\n\t<meta name=\"twitter:data2\" content=\"7 minutes\" \/>\n<script type=\"application\/ld+json\" class=\"yoast-schema-graph\">{\"@context\":\"https:\/\/schema.org\",\"@graph\":[{\"@type\":\"WebSite\",\"@id\":\"https:\/\/www.nettali.com\/#website\",\"url\":\"https:\/\/www.nettali.com\/\",\"name\":\"Nettali.com\",\"description\":\"Le rendez-vous critique du Net\",\"potentialAction\":[{\"@type\":\"SearchAction\",\"target\":{\"@type\":\"EntryPoint\",\"urlTemplate\":\"https:\/\/www.nettali.com\/?s={search_term_string}\"},\"query-input\":\"required name=search_term_string\"}],\"inLanguage\":\"fr-FR\"},{\"@type\":\"ImageObject\",\"@id\":\"https:\/\/www.nettali.com\/2021\/05\/21\/par-mamadou-oumar-ndiaye-hommage-a-vieux-seye-qui-minocula-le-virus-du-journalisme\/#primaryimage\",\"inLanguage\":\"fr-FR\",\"url\":\"https:\/\/www.nettali.com\/wp-content\/uploads\/2021\/05\/maga.png\",\"contentUrl\":\"https:\/\/www.nettali.com\/wp-content\/uploads\/2021\/05\/maga.png\",\"width\":382,\"height\":276},{\"@type\":\"WebPage\",\"@id\":\"https:\/\/www.nettali.com\/2021\/05\/21\/par-mamadou-oumar-ndiaye-hommage-a-vieux-seye-qui-minocula-le-virus-du-journalisme\/#webpage\",\"url\":\"https:\/\/www.nettali.com\/2021\/05\/21\/par-mamadou-oumar-ndiaye-hommage-a-vieux-seye-qui-minocula-le-virus-du-journalisme\/\",\"name\":\"PAR MAMADOU OUMAR NDIAYE - Hommage \\u00e0 Vieux Seye qui m\\u2019inocula le virus du journalisme | Nettali.com\",\"isPartOf\":{\"@id\":\"https:\/\/www.nettali.com\/#website\"},\"primaryImageOfPage\":{\"@id\":\"https:\/\/www.nettali.com\/2021\/05\/21\/par-mamadou-oumar-ndiaye-hommage-a-vieux-seye-qui-minocula-le-virus-du-journalisme\/#primaryimage\"},\"datePublished\":\"2021-05-21T17:13:45+00:00\",\"dateModified\":\"2021-05-21T17:13:45+00:00\",\"author\":{\"@id\":\"https:\/\/www.nettali.com\/#\/schema\/person\/8a06c6bd7b19304cf4bf985862900b5b\"},\"breadcrumb\":{\"@id\":\"https:\/\/www.nettali.com\/2021\/05\/21\/par-mamadou-oumar-ndiaye-hommage-a-vieux-seye-qui-minocula-le-virus-du-journalisme\/#breadcrumb\"},\"inLanguage\":\"fr-FR\",\"potentialAction\":[{\"@type\":\"ReadAction\",\"target\":[\"https:\/\/www.nettali.com\/2021\/05\/21\/par-mamadou-oumar-ndiaye-hommage-a-vieux-seye-qui-minocula-le-virus-du-journalisme\/\"]}]},{\"@type\":\"BreadcrumbList\",\"@id\":\"https:\/\/www.nettali.com\/2021\/05\/21\/par-mamadou-oumar-ndiaye-hommage-a-vieux-seye-qui-minocula-le-virus-du-journalisme\/#breadcrumb\",\"itemListElement\":[{\"@type\":\"ListItem\",\"position\":1,\"name\":\"Accueil\",\"item\":\"https:\/\/www.nettali.com\/\"},{\"@type\":\"ListItem\",\"position\":2,\"name\":\"PAR MAMADOU OUMAR NDIAYE &#8211; Hommage \\u00e0 Vieux Seye qui m\\u2019inocula le virus du journalisme\"}]},{\"@type\":\"Person\",\"@id\":\"https:\/\/www.nettali.com\/#\/schema\/person\/8a06c6bd7b19304cf4bf985862900b5b\",\"name\":\"Thierno Diop\",\"image\":{\"@type\":\"ImageObject\",\"@id\":\"https:\/\/www.nettali.com\/#personlogo\",\"inLanguage\":\"fr-FR\",\"url\":\"https:\/\/secure.gravatar.com\/avatar\/c8ca58550c94fd2ac856d27391a6c866?s=96&d=mm&r=g\",\"contentUrl\":\"https:\/\/secure.gravatar.com\/avatar\/c8ca58550c94fd2ac856d27391a6c866?s=96&d=mm&r=g\",\"caption\":\"Thierno Diop\"},\"sameAs\":[\"https:\/\/nettali.com\"]}]}<\/script>\n<!-- \/ Yoast SEO Premium plugin. -->","yoast_head_json":{"title":"PAR MAMADOU OUMAR NDIAYE - Hommage \u00e0 Vieux Seye qui m\u2019inocula le virus du journalisme | Nettali.com","robots":{"index":"index","follow":"follow","max-snippet":"max-snippet:-1","max-image-preview":"max-image-preview:large","max-video-preview":"max-video-preview:-1"},"canonical":"https:\/\/www.nettali.com\/2021\/05\/21\/par-mamadou-oumar-ndiaye-hommage-a-vieux-seye-qui-minocula-le-virus-du-journalisme\/","og_locale":"fr_FR","og_type":"article","og_title":"PAR MAMADOU OUMAR NDIAYE - Hommage \u00e0 Vieux Seye qui m\u2019inocula le virus du journalisme","og_description":"CONTRIBUTION - Entre \u00ab Vieux S\u00e8ye \u00bb et moi, c\u2019est une relation de plus de 50 ans qui vient de s\u2019achever avec sa mort, le weekend dernier, sur les bords de la lagune Ebri\u00e9, \u00e0 Abidjan, capitale d\u2019un pays, le C\u00f4te d\u2019Ivoire, qui \u00e9tait celui de son c\u0153ur. On s\u2019est connus alors que moi, gamin, [&hellip;]","og_url":"https:\/\/www.nettali.com\/2021\/05\/21\/par-mamadou-oumar-ndiaye-hommage-a-vieux-seye-qui-minocula-le-virus-du-journalisme\/","og_site_name":"Nettali.com","article_publisher":"https:\/\/www.facebook.com\/nettalicom","article_published_time":"2021-05-21T17:13:45+00:00","og_image":[{"width":382,"height":276,"url":"https:\/\/www.nettali.com\/wp-content\/uploads\/2021\/05\/maga.png","type":"image\/png"}],"twitter_card":"summary_large_image","twitter_misc":{"\u00c9crit par":"Thierno Diop","Dur\u00e9e de lecture estim\u00e9e":"7 minutes"},"schema":{"@context":"https:\/\/schema.org","@graph":[{"@type":"WebSite","@id":"https:\/\/www.nettali.com\/#website","url":"https:\/\/www.nettali.com\/","name":"Nettali.com","description":"Le rendez-vous critique du Net","potentialAction":[{"@type":"SearchAction","target":{"@type":"EntryPoint","urlTemplate":"https:\/\/www.nettali.com\/?s={search_term_string}"},"query-input":"required name=search_term_string"}],"inLanguage":"fr-FR"},{"@type":"ImageObject","@id":"https:\/\/www.nettali.com\/2021\/05\/21\/par-mamadou-oumar-ndiaye-hommage-a-vieux-seye-qui-minocula-le-virus-du-journalisme\/#primaryimage","inLanguage":"fr-FR","url":"https:\/\/www.nettali.com\/wp-content\/uploads\/2021\/05\/maga.png","contentUrl":"https:\/\/www.nettali.com\/wp-content\/uploads\/2021\/05\/maga.png","width":382,"height":276},{"@type":"WebPage","@id":"https:\/\/www.nettali.com\/2021\/05\/21\/par-mamadou-oumar-ndiaye-hommage-a-vieux-seye-qui-minocula-le-virus-du-journalisme\/#webpage","url":"https:\/\/www.nettali.com\/2021\/05\/21\/par-mamadou-oumar-ndiaye-hommage-a-vieux-seye-qui-minocula-le-virus-du-journalisme\/","name":"PAR MAMADOU OUMAR NDIAYE - Hommage \u00e0 Vieux Seye qui m\u2019inocula le virus du journalisme | Nettali.com","isPartOf":{"@id":"https:\/\/www.nettali.com\/#website"},"primaryImageOfPage":{"@id":"https:\/\/www.nettali.com\/2021\/05\/21\/par-mamadou-oumar-ndiaye-hommage-a-vieux-seye-qui-minocula-le-virus-du-journalisme\/#primaryimage"},"datePublished":"2021-05-21T17:13:45+00:00","dateModified":"2021-05-21T17:13:45+00:00","author":{"@id":"https:\/\/www.nettali.com\/#\/schema\/person\/8a06c6bd7b19304cf4bf985862900b5b"},"breadcrumb":{"@id":"https:\/\/www.nettali.com\/2021\/05\/21\/par-mamadou-oumar-ndiaye-hommage-a-vieux-seye-qui-minocula-le-virus-du-journalisme\/#breadcrumb"},"inLanguage":"fr-FR","potentialAction":[{"@type":"ReadAction","target":["https:\/\/www.nettali.com\/2021\/05\/21\/par-mamadou-oumar-ndiaye-hommage-a-vieux-seye-qui-minocula-le-virus-du-journalisme\/"]}]},{"@type":"BreadcrumbList","@id":"https:\/\/www.nettali.com\/2021\/05\/21\/par-mamadou-oumar-ndiaye-hommage-a-vieux-seye-qui-minocula-le-virus-du-journalisme\/#breadcrumb","itemListElement":[{"@type":"ListItem","position":1,"name":"Accueil","item":"https:\/\/www.nettali.com\/"},{"@type":"ListItem","position":2,"name":"PAR MAMADOU OUMAR NDIAYE &#8211; Hommage \u00e0 Vieux Seye qui m\u2019inocula le virus du journalisme"}]},{"@type":"Person","@id":"https:\/\/www.nettali.com\/#\/schema\/person\/8a06c6bd7b19304cf4bf985862900b5b","name":"Thierno Diop","image":{"@type":"ImageObject","@id":"https:\/\/www.nettali.com\/#personlogo","inLanguage":"fr-FR","url":"https:\/\/secure.gravatar.com\/avatar\/c8ca58550c94fd2ac856d27391a6c866?s=96&d=mm&r=g","contentUrl":"https:\/\/secure.gravatar.com\/avatar\/c8ca58550c94fd2ac856d27391a6c866?s=96&d=mm&r=g","caption":"Thierno Diop"},"sameAs":["https:\/\/nettali.com"]}]}},"_links":{"self":[{"href":"https:\/\/www.nettali.com\/rest\/wp\/v2\/posts\/64378"}],"collection":[{"href":"https:\/\/www.nettali.com\/rest\/wp\/v2\/posts"}],"about":[{"href":"https:\/\/www.nettali.com\/rest\/wp\/v2\/types\/post"}],"author":[{"embeddable":true,"href":"https:\/\/www.nettali.com\/rest\/wp\/v2\/users\/11"}],"replies":[{"embeddable":true,"href":"https:\/\/www.nettali.com\/rest\/wp\/v2\/comments?post=64378"}],"version-history":[{"count":1,"href":"https:\/\/www.nettali.com\/rest\/wp\/v2\/posts\/64378\/revisions"}],"predecessor-version":[{"id":64380,"href":"https:\/\/www.nettali.com\/rest\/wp\/v2\/posts\/64378\/revisions\/64380"}],"wp:featuredmedia":[{"embeddable":true,"href":"https:\/\/www.nettali.com\/rest\/wp\/v2\/media\/64379"}],"wp:attachment":[{"href":"https:\/\/www.nettali.com\/rest\/wp\/v2\/media?parent=64378"}],"wp:term":[{"taxonomy":"category","embeddable":true,"href":"https:\/\/www.nettali.com\/rest\/wp\/v2\/categories?post=64378"},{"taxonomy":"post_tag","embeddable":true,"href":"https:\/\/www.nettali.com\/rest\/wp\/v2\/tags?post=64378"}],"curies":[{"name":"wp","href":"https:\/\/api.w.org\/{rel}","templated":true}]}}