{"id":64148,"date":"2021-05-17T22:00:54","date_gmt":"2021-05-17T22:00:54","guid":{"rendered":"https:\/\/www.nettali.com\/?p=64148"},"modified":"2021-05-18T10:23:23","modified_gmt":"2021-05-18T10:23:23","slug":"locales-barthelemy-dias-candidat-a-la-mairie-de-dakar","status":"publish","type":"post","link":"https:\/\/www.nettali.com\/2021\/05\/17\/locales-barthelemy-dias-candidat-a-la-mairie-de-dakar\/","title":{"rendered":"LOCALES- Barth\u00e9l\u00e9my Dias, candidat \u00e0 la mairie de Dakar"},"content":{"rendered":"<p><strong>NETTALI.COM-Barth\u00e9l\u00e9my Dias est candidat \u00e0 la mairie de Dakar. Le concern\u00e9 l'a annonc\u00e9 lors d'une conf\u00e9rence de presse qu'il a anim\u00e9e ce lundi 17 mai 2021.<\/strong><\/p>\n<p>La date des \u00e9lections locales est connue. Elle est pr\u00e9vue le 22 janvier 2022. Les positions commencent \u00e0 se d\u00e9gager. Barth\u00e9l\u00e9my Diaz annonce la couleur d\u00e9j\u00e0. Le maire de Mermoz sacr\u00e9 c\u0153ur a, ce lundi, face \u00e0 la presse, annonc\u00e9 sa candidature \u00e0 la mairie de Dakar. \u00ab <em>Je serai candidat \u00e0 la mairie de Dakar. Je ne suis pas avec Macky Sall et je ne serai jamais avec lui mais, je serai candidat pour la mairie de Dakar<\/em> \u00bb, a-t-il affirm\u00e9.<\/p>\n<p>Pour le moment, le maire de Mermoz Sacr\u00e9 c\u0153ur n\u2019a pas r\u00e9v\u00e9l\u00e9 s\u2019il ira seul ou avec la coalition de l\u2019opposition. \u00ab <em>Il faut que l\u2019opposition se d\u00e9cide \u00e0 se mettre ensemble. Pour se battre, on n\u2019a pas besoin de faire des r\u00e9unions<\/em> \u00bb.<\/p>\n<p>Poursuivant, il ajoute : \u00ab <em>J\u2019ai toujours dit que ce dialogue national ne servait \u00e0 rien. Aujourd\u2019hui, l\u2019histoire est en train de me donner raison. Ce dialogue ne sert \u00e0 rien. Les S\u00e9n\u00e9galais attendent un pouvoir qui dirige et une opposition qui s\u2019oppose. Tout le reste rel\u00e8ve de la litt\u00e9rature<\/em> \u00bb.<\/p>\n<div class='share-to-whatsapp-wrapper'><div class='share-on-whsp'>PARTAGER SUR : <\/div><a data-text='LOCALES- Barth\u00e9l\u00e9my Dias, candidat \u00e0 la mairie de Dakar' data-link='https:\/\/www.nettali.com\/2021\/05\/17\/locales-barthelemy-dias-candidat-a-la-mairie-de-dakar\/' class='whatsapp-button whatsapp-share'>WhatsApp<\/a><div class='clear '><\/div><\/div>","protected":false},"excerpt":{"rendered":"<p>NETTALI.COM-Barth\u00e9l\u00e9my Dias est candidat \u00e0 la mairie de Dakar. Le concern\u00e9 l'a annonc\u00e9 lors d'une conf\u00e9rence de presse qu'il a anim\u00e9e ce lundi 17 mai 2021. La date des \u00e9lections locales est connue. Elle est pr\u00e9vue le 22 janvier 2022. Les positions commencent \u00e0 se d\u00e9gager. Barth\u00e9l\u00e9my Diaz annonce la couleur d\u00e9j\u00e0. Le maire de [&hellip;]<\/p>\n","protected":false},"author":6,"featured_media":49500,"comment_status":"open","ping_status":"open","sticky":false,"template":"","format":"standard","meta":{"_et_pb_use_builder":"","_et_pb_old_content":""},"categories":[2],"tags":[],"yoast_head":"<!-- This site is optimized with the Yoast SEO Premium plugin v17.8 (Yoast SEO v17.8) - https:\/\/yoast.com\/wordpress\/plugins\/seo\/ -->\n<title>LOCALES- Barth\u00e9l\u00e9my Dias, candidat \u00e0 la mairie de Dakar | Nettali.com<\/title>\n<meta name=\"robots\" content=\"index, follow, max-snippet:-1, max-image-preview:large, max-video-preview:-1\" \/>\n<link rel=\"canonical\" href=\"https:\/\/www.nettali.com\/2021\/05\/17\/locales-barthelemy-dias-candidat-a-la-mairie-de-dakar\/\" \/>\n<meta property=\"og:locale\" content=\"fr_FR\" \/>\n<meta property=\"og:type\" content=\"article\" \/>\n<meta property=\"og:title\" content=\"LOCALES- Barth\u00e9l\u00e9my Dias, candidat \u00e0 la mairie de Dakar\" \/>\n<meta property=\"og:description\" content=\"NETTALI.COM-Barth\u00e9l\u00e9my Dias est candidat \u00e0 la mairie de Dakar. Le concern\u00e9 l&#039;a annonc\u00e9 lors d&#039;une conf\u00e9rence de presse qu&#039;il a anim\u00e9e ce lundi 17 mai 2021. La date des \u00e9lections locales est connue. Elle est pr\u00e9vue le 22 janvier 2022. Les positions commencent \u00e0 se d\u00e9gager. Barth\u00e9l\u00e9my Diaz annonce la couleur d\u00e9j\u00e0. Le maire de [&hellip;]\" \/>\n<meta property=\"og:url\" content=\"https:\/\/www.nettali.com\/2021\/05\/17\/locales-barthelemy-dias-candidat-a-la-mairie-de-dakar\/\" \/>\n<meta property=\"og:site_name\" content=\"Nettali.com\" \/>\n<meta property=\"article:publisher\" content=\"https:\/\/www.facebook.com\/nettalicom\" \/>\n<meta property=\"article:published_time\" content=\"2021-05-17T22:00:54+00:00\" \/>\n<meta property=\"article:modified_time\" content=\"2021-05-18T10:23:23+00:00\" \/>\n<meta property=\"og:image\" content=\"https:\/\/www.nettali.com\/wp-content\/uploads\/2020\/11\/barthelemy-dias.jpg\" \/>\n\t<meta property=\"og:image:width\" content=\"2510\" \/>\n\t<meta property=\"og:image:height\" content=\"1370\" \/>\n<meta name=\"twitter:card\" content=\"summary_large_image\" \/>\n<meta name=\"twitter:label1\" content=\"\u00c9crit par\" \/>\n\t<meta name=\"twitter:data1\" content=\"Fatou\" \/>\n\t<meta name=\"twitter:label2\" content=\"Dur\u00e9e de lecture estim\u00e9e\" \/>\n\t<meta name=\"twitter:data2\" content=\"1 minute\" \/>\n<script type=\"application\/ld+json\" class=\"yoast-schema-graph\">{\"@context\":\"https:\/\/schema.org\",\"@graph\":[{\"@type\":\"WebSite\",\"@id\":\"https:\/\/www.nettali.com\/#website\",\"url\":\"https:\/\/www.nettali.com\/\",\"name\":\"Nettali.com\",\"description\":\"Le rendez-vous critique du Net\",\"potentialAction\":[{\"@type\":\"SearchAction\",\"target\":{\"@type\":\"EntryPoint\",\"urlTemplate\":\"https:\/\/www.nettali.com\/?s={search_term_string}\"},\"query-input\":\"required name=search_term_string\"}],\"inLanguage\":\"fr-FR\"},{\"@type\":\"ImageObject\",\"@id\":\"https:\/\/www.nettali.com\/2021\/05\/17\/locales-barthelemy-dias-candidat-a-la-mairie-de-dakar\/#primaryimage\",\"inLanguage\":\"fr-FR\",\"url\":\"https:\/\/www.nettali.com\/wp-content\/uploads\/2020\/11\/barthelemy-dias.jpg\",\"contentUrl\":\"https:\/\/www.nettali.com\/wp-content\/uploads\/2020\/11\/barthelemy-dias.jpg\",\"width\":2510,\"height\":1370},{\"@type\":\"WebPage\",\"@id\":\"https:\/\/www.nettali.com\/2021\/05\/17\/locales-barthelemy-dias-candidat-a-la-mairie-de-dakar\/#webpage\",\"url\":\"https:\/\/www.nettali.com\/2021\/05\/17\/locales-barthelemy-dias-candidat-a-la-mairie-de-dakar\/\",\"name\":\"LOCALES- Barth\\u00e9l\\u00e9my Dias, candidat \\u00e0 la mairie de Dakar | Nettali.com\",\"isPartOf\":{\"@id\":\"https:\/\/www.nettali.com\/#website\"},\"primaryImageOfPage\":{\"@id\":\"https:\/\/www.nettali.com\/2021\/05\/17\/locales-barthelemy-dias-candidat-a-la-mairie-de-dakar\/#primaryimage\"},\"datePublished\":\"2021-05-17T22:00:54+00:00\",\"dateModified\":\"2021-05-18T10:23:23+00:00\",\"author\":{\"@id\":\"https:\/\/www.nettali.com\/#\/schema\/person\/418274a86bdf87caff7a3ef476bd0bbf\"},\"breadcrumb\":{\"@id\":\"https:\/\/www.nettali.com\/2021\/05\/17\/locales-barthelemy-dias-candidat-a-la-mairie-de-dakar\/#breadcrumb\"},\"inLanguage\":\"fr-FR\",\"potentialAction\":[{\"@type\":\"ReadAction\",\"target\":[\"https:\/\/www.nettali.com\/2021\/05\/17\/locales-barthelemy-dias-candidat-a-la-mairie-de-dakar\/\"]}]},{\"@type\":\"BreadcrumbList\",\"@id\":\"https:\/\/www.nettali.com\/2021\/05\/17\/locales-barthelemy-dias-candidat-a-la-mairie-de-dakar\/#breadcrumb\",\"itemListElement\":[{\"@type\":\"ListItem\",\"position\":1,\"name\":\"Accueil\",\"item\":\"https:\/\/www.nettali.com\/\"},{\"@type\":\"ListItem\",\"position\":2,\"name\":\"LOCALES- Barth\\u00e9l\\u00e9my Dias, candidat \\u00e0 la mairie de Dakar\"}]},{\"@type\":\"Person\",\"@id\":\"https:\/\/www.nettali.com\/#\/schema\/person\/418274a86bdf87caff7a3ef476bd0bbf\",\"name\":\"Fatou\",\"image\":{\"@type\":\"ImageObject\",\"@id\":\"https:\/\/www.nettali.com\/#personlogo\",\"inLanguage\":\"fr-FR\",\"url\":\"https:\/\/secure.gravatar.com\/avatar\/5a9442a2bee7b4dcf167cab035858e9a?s=96&d=mm&r=g\",\"contentUrl\":\"https:\/\/secure.gravatar.com\/avatar\/5a9442a2bee7b4dcf167cab035858e9a?s=96&d=mm&r=g\",\"caption\":\"Fatou\"},\"sameAs\":[\"https:\/\/www.nettali.com\"]}]}<\/script>\n<!-- \/ Yoast SEO Premium plugin. -->","yoast_head_json":{"title":"LOCALES- Barth\u00e9l\u00e9my Dias, candidat \u00e0 la mairie de Dakar | Nettali.com","robots":{"index":"index","follow":"follow","max-snippet":"max-snippet:-1","max-image-preview":"max-image-preview:large","max-video-preview":"max-video-preview:-1"},"canonical":"https:\/\/www.nettali.com\/2021\/05\/17\/locales-barthelemy-dias-candidat-a-la-mairie-de-dakar\/","og_locale":"fr_FR","og_type":"article","og_title":"LOCALES- Barth\u00e9l\u00e9my Dias, candidat \u00e0 la mairie de Dakar","og_description":"NETTALI.COM-Barth\u00e9l\u00e9my Dias est candidat \u00e0 la mairie de Dakar. Le concern\u00e9 l'a annonc\u00e9 lors d'une conf\u00e9rence de presse qu'il a anim\u00e9e ce lundi 17 mai 2021. La date des \u00e9lections locales est connue. Elle est pr\u00e9vue le 22 janvier 2022. Les positions commencent \u00e0 se d\u00e9gager. Barth\u00e9l\u00e9my Diaz annonce la couleur d\u00e9j\u00e0. Le maire de [&hellip;]","og_url":"https:\/\/www.nettali.com\/2021\/05\/17\/locales-barthelemy-dias-candidat-a-la-mairie-de-dakar\/","og_site_name":"Nettali.com","article_publisher":"https:\/\/www.facebook.com\/nettalicom","article_published_time":"2021-05-17T22:00:54+00:00","article_modified_time":"2021-05-18T10:23:23+00:00","og_image":[{"width":2510,"height":1370,"url":"https:\/\/www.nettali.com\/wp-content\/uploads\/2020\/11\/barthelemy-dias.jpg","type":"image\/jpeg"}],"twitter_card":"summary_large_image","twitter_misc":{"\u00c9crit par":"Fatou","Dur\u00e9e de lecture estim\u00e9e":"1 minute"},"schema":{"@context":"https:\/\/schema.org","@graph":[{"@type":"WebSite","@id":"https:\/\/www.nettali.com\/#website","url":"https:\/\/www.nettali.com\/","name":"Nettali.com","description":"Le rendez-vous critique du Net","potentialAction":[{"@type":"SearchAction","target":{"@type":"EntryPoint","urlTemplate":"https:\/\/www.nettali.com\/?s={search_term_string}"},"query-input":"required name=search_term_string"}],"inLanguage":"fr-FR"},{"@type":"ImageObject","@id":"https:\/\/www.nettali.com\/2021\/05\/17\/locales-barthelemy-dias-candidat-a-la-mairie-de-dakar\/#primaryimage","inLanguage":"fr-FR","url":"https:\/\/www.nettali.com\/wp-content\/uploads\/2020\/11\/barthelemy-dias.jpg","contentUrl":"https:\/\/www.nettali.com\/wp-content\/uploads\/2020\/11\/barthelemy-dias.jpg","width":2510,"height":1370},{"@type":"WebPage","@id":"https:\/\/www.nettali.com\/2021\/05\/17\/locales-barthelemy-dias-candidat-a-la-mairie-de-dakar\/#webpage","url":"https:\/\/www.nettali.com\/2021\/05\/17\/locales-barthelemy-dias-candidat-a-la-mairie-de-dakar\/","name":"LOCALES- Barth\u00e9l\u00e9my Dias, candidat \u00e0 la mairie de Dakar | Nettali.com","isPartOf":{"@id":"https:\/\/www.nettali.com\/#website"},"primaryImageOfPage":{"@id":"https:\/\/www.nettali.com\/2021\/05\/17\/locales-barthelemy-dias-candidat-a-la-mairie-de-dakar\/#primaryimage"},"datePublished":"2021-05-17T22:00:54+00:00","dateModified":"2021-05-18T10:23:23+00:00","author":{"@id":"https:\/\/www.nettali.com\/#\/schema\/person\/418274a86bdf87caff7a3ef476bd0bbf"},"breadcrumb":{"@id":"https:\/\/www.nettali.com\/2021\/05\/17\/locales-barthelemy-dias-candidat-a-la-mairie-de-dakar\/#breadcrumb"},"inLanguage":"fr-FR","potentialAction":[{"@type":"ReadAction","target":["https:\/\/www.nettali.com\/2021\/05\/17\/locales-barthelemy-dias-candidat-a-la-mairie-de-dakar\/"]}]},{"@type":"BreadcrumbList","@id":"https:\/\/www.nettali.com\/2021\/05\/17\/locales-barthelemy-dias-candidat-a-la-mairie-de-dakar\/#breadcrumb","itemListElement":[{"@type":"ListItem","position":1,"name":"Accueil","item":"https:\/\/www.nettali.com\/"},{"@type":"ListItem","position":2,"name":"LOCALES- Barth\u00e9l\u00e9my Dias, candidat \u00e0 la mairie de Dakar"}]},{"@type":"Person","@id":"https:\/\/www.nettali.com\/#\/schema\/person\/418274a86bdf87caff7a3ef476bd0bbf","name":"Fatou","image":{"@type":"ImageObject","@id":"https:\/\/www.nettali.com\/#personlogo","inLanguage":"fr-FR","url":"https:\/\/secure.gravatar.com\/avatar\/5a9442a2bee7b4dcf167cab035858e9a?s=96&d=mm&r=g","contentUrl":"https:\/\/secure.gravatar.com\/avatar\/5a9442a2bee7b4dcf167cab035858e9a?s=96&d=mm&r=g","caption":"Fatou"},"sameAs":["https:\/\/www.nettali.com"]}]}},"_links":{"self":[{"href":"https:\/\/www.nettali.com\/rest\/wp\/v2\/posts\/64148"}],"collection":[{"href":"https:\/\/www.nettali.com\/rest\/wp\/v2\/posts"}],"about":[{"href":"https:\/\/www.nettali.com\/rest\/wp\/v2\/types\/post"}],"author":[{"embeddable":true,"href":"https:\/\/www.nettali.com\/rest\/wp\/v2\/users\/6"}],"replies":[{"embeddable":true,"href":"https:\/\/www.nettali.com\/rest\/wp\/v2\/comments?post=64148"}],"version-history":[{"count":3,"href":"https:\/\/www.nettali.com\/rest\/wp\/v2\/posts\/64148\/revisions"}],"predecessor-version":[{"id":64150,"href":"https:\/\/www.nettali.com\/rest\/wp\/v2\/posts\/64148\/revisions\/64150"}],"wp:featuredmedia":[{"embeddable":true,"href":"https:\/\/www.nettali.com\/rest\/wp\/v2\/media\/49500"}],"wp:attachment":[{"href":"https:\/\/www.nettali.com\/rest\/wp\/v2\/media?parent=64148"}],"wp:term":[{"taxonomy":"category","embeddable":true,"href":"https:\/\/www.nettali.com\/rest\/wp\/v2\/categories?post=64148"},{"taxonomy":"post_tag","embeddable":true,"href":"https:\/\/www.nettali.com\/rest\/wp\/v2\/tags?post=64148"}],"curies":[{"name":"wp","href":"https:\/\/api.w.org\/{rel}","templated":true}]}}