{"id":64128,"date":"2021-05-17T16:11:20","date_gmt":"2021-05-17T16:11:20","guid":{"rendered":"https:\/\/www.nettali.com\/?p=64128"},"modified":"2021-05-17T19:48:08","modified_gmt":"2021-05-17T19:48:08","slug":"ce-que-nous-ne-comprenons-pas-dans-laffaire-pape-ndiaye","status":"publish","type":"post","link":"https:\/\/www.nettali.com\/2021\/05\/17\/ce-que-nous-ne-comprenons-pas-dans-laffaire-pape-ndiaye\/","title":{"rendered":"\"Ce que nous ne comprenons pas dans l'affaire Pape Ndiaye\""},"content":{"rendered":"<p><strong>NETTALI.COM - Le proc\u00e8s de Pape Ndiaye a \u00e9t\u00e9 renvoy\u00e9 au 31 mai prochain. Au sortir de l\u2019audience de ce lundi, Me Abdoulaye Tall, son avocat, dit n\u2019avoir pas compris de la d\u00e9marche du procureur de la R\u00e9publique qui a refus\u00e9 l'offre de m\u00e9diation p\u00e9nale qu\u2019ils ont formul\u00e9.<\/strong><\/p>\n<p><em>\u00abQuand il faisait face au procureur, nous ses avocats nous avions demand\u00e9 une m\u00e9diation p\u00e9nale. \u00a0C\u2019\u00e9tait mercredi. Ceux qui avaient d\u00e9pos\u00e9 plainte, \u00e9taient venus et l\u2019argent \u00e9tait disponible\"<\/em>, d\u00e9clare l'avocat. Qui ajoute : <em>\"mais ce qu\u2019on ne comprend pas, c\u2019est pourquoi on a rejet\u00e9 l'offre de m\u00e9diation formul\u00e9e par Pape Ndiaye. Puisque c\u2019est de la responsabilit\u00e9 du procureur, nous attendons l\u2019ouverture du proc\u00e8s pour savoir. Nous avons l\u2019esprit tranquille et nous sommes \u00e0 l\u2019aise pour le d\u00e9fendre\u00bb<\/em>,<\/p>\n<p>&nbsp;<\/p>\n<div class='share-to-whatsapp-wrapper'><div class='share-on-whsp'>PARTAGER SUR : <\/div><a data-text='\"Ce que nous ne comprenons pas dans l'affaire Pape Ndiaye\"' data-link='https:\/\/www.nettali.com\/2021\/05\/17\/ce-que-nous-ne-comprenons-pas-dans-laffaire-pape-ndiaye\/' class='whatsapp-button whatsapp-share'>WhatsApp<\/a><div class='clear '><\/div><\/div>","protected":false},"excerpt":{"rendered":"<p>NETTALI.COM - Le proc\u00e8s de Pape Ndiaye a \u00e9t\u00e9 renvoy\u00e9 au 31 mai prochain. Au sortir de l\u2019audience de ce lundi, Me Abdoulaye Tall, son avocat, dit n\u2019avoir pas compris de la d\u00e9marche du procureur de la R\u00e9publique qui a refus\u00e9 l'offre de m\u00e9diation p\u00e9nale qu\u2019ils ont formul\u00e9. \u00abQuand il faisait face au procureur, nous [&hellip;]<\/p>\n","protected":false},"author":4,"featured_media":63770,"comment_status":"open","ping_status":"open","sticky":false,"template":"","format":"standard","meta":{"_et_pb_use_builder":"","_et_pb_old_content":""},"categories":[3],"tags":[],"yoast_head":"<!-- This site is optimized with the Yoast SEO Premium plugin v17.8 (Yoast SEO v17.8) - https:\/\/yoast.com\/wordpress\/plugins\/seo\/ -->\n<title>&quot;Ce que nous ne comprenons pas dans l&#039;affaire Pape Ndiaye&quot; | Nettali.com<\/title>\n<meta name=\"robots\" content=\"index, follow, max-snippet:-1, max-image-preview:large, max-video-preview:-1\" \/>\n<link rel=\"canonical\" href=\"https:\/\/www.nettali.com\/2021\/05\/17\/ce-que-nous-ne-comprenons-pas-dans-laffaire-pape-ndiaye\/\" \/>\n<meta property=\"og:locale\" content=\"fr_FR\" \/>\n<meta property=\"og:type\" content=\"article\" \/>\n<meta property=\"og:title\" content=\"&quot;Ce que nous ne comprenons pas dans l&#039;affaire Pape Ndiaye&quot;\" \/>\n<meta property=\"og:description\" content=\"NETTALI.COM - Le proc\u00e8s de Pape Ndiaye a \u00e9t\u00e9 renvoy\u00e9 au 31 mai prochain. Au sortir de l\u2019audience de ce lundi, Me Abdoulaye Tall, son avocat, dit n\u2019avoir pas compris de la d\u00e9marche du procureur de la R\u00e9publique qui a refus\u00e9 l&#039;offre de m\u00e9diation p\u00e9nale qu\u2019ils ont formul\u00e9. \u00abQuand il faisait face au procureur, nous [&hellip;]\" \/>\n<meta property=\"og:url\" content=\"https:\/\/www.nettali.com\/2021\/05\/17\/ce-que-nous-ne-comprenons-pas-dans-laffaire-pape-ndiaye\/\" \/>\n<meta property=\"og:site_name\" content=\"Nettali.com\" \/>\n<meta property=\"article:publisher\" content=\"https:\/\/www.facebook.com\/nettalicom\" \/>\n<meta property=\"article:published_time\" content=\"2021-05-17T16:11:20+00:00\" \/>\n<meta property=\"article:modified_time\" content=\"2021-05-17T19:48:08+00:00\" \/>\n<meta property=\"og:image\" content=\"https:\/\/www.nettali.com\/wp-content\/uploads\/2021\/05\/20210511_004142-1.jpg\" \/>\n\t<meta property=\"og:image:width\" content=\"720\" \/>\n\t<meta property=\"og:image:height\" content=\"530\" \/>\n<meta name=\"twitter:card\" content=\"summary_large_image\" \/>\n<meta name=\"twitter:label1\" content=\"\u00c9crit par\" \/>\n\t<meta name=\"twitter:data1\" content=\"Daouda\" \/>\n\t<meta name=\"twitter:label2\" content=\"Dur\u00e9e de lecture estim\u00e9e\" \/>\n\t<meta name=\"twitter:data2\" content=\"1 minute\" \/>\n<script type=\"application\/ld+json\" class=\"yoast-schema-graph\">{\"@context\":\"https:\/\/schema.org\",\"@graph\":[{\"@type\":\"WebSite\",\"@id\":\"https:\/\/www.nettali.com\/#website\",\"url\":\"https:\/\/www.nettali.com\/\",\"name\":\"Nettali.com\",\"description\":\"Le rendez-vous critique du Net\",\"potentialAction\":[{\"@type\":\"SearchAction\",\"target\":{\"@type\":\"EntryPoint\",\"urlTemplate\":\"https:\/\/www.nettali.com\/?s={search_term_string}\"},\"query-input\":\"required name=search_term_string\"}],\"inLanguage\":\"fr-FR\"},{\"@type\":\"ImageObject\",\"@id\":\"https:\/\/www.nettali.com\/2021\/05\/17\/ce-que-nous-ne-comprenons-pas-dans-laffaire-pape-ndiaye\/#primaryimage\",\"inLanguage\":\"fr-FR\",\"url\":\"https:\/\/www.nettali.com\/wp-content\/uploads\/2021\/05\/20210511_004142-1.jpg\",\"contentUrl\":\"https:\/\/www.nettali.com\/wp-content\/uploads\/2021\/05\/20210511_004142-1.jpg\",\"width\":720,\"height\":530},{\"@type\":\"WebPage\",\"@id\":\"https:\/\/www.nettali.com\/2021\/05\/17\/ce-que-nous-ne-comprenons-pas-dans-laffaire-pape-ndiaye\/#webpage\",\"url\":\"https:\/\/www.nettali.com\/2021\/05\/17\/ce-que-nous-ne-comprenons-pas-dans-laffaire-pape-ndiaye\/\",\"name\":\"\\\"Ce que nous ne comprenons pas dans l'affaire Pape Ndiaye\\\" | Nettali.com\",\"isPartOf\":{\"@id\":\"https:\/\/www.nettali.com\/#website\"},\"primaryImageOfPage\":{\"@id\":\"https:\/\/www.nettali.com\/2021\/05\/17\/ce-que-nous-ne-comprenons-pas-dans-laffaire-pape-ndiaye\/#primaryimage\"},\"datePublished\":\"2021-05-17T16:11:20+00:00\",\"dateModified\":\"2021-05-17T19:48:08+00:00\",\"author\":{\"@id\":\"https:\/\/www.nettali.com\/#\/schema\/person\/3317e0bb3aa1da309fbf7b2780901bf4\"},\"breadcrumb\":{\"@id\":\"https:\/\/www.nettali.com\/2021\/05\/17\/ce-que-nous-ne-comprenons-pas-dans-laffaire-pape-ndiaye\/#breadcrumb\"},\"inLanguage\":\"fr-FR\",\"potentialAction\":[{\"@type\":\"ReadAction\",\"target\":[\"https:\/\/www.nettali.com\/2021\/05\/17\/ce-que-nous-ne-comprenons-pas-dans-laffaire-pape-ndiaye\/\"]}]},{\"@type\":\"BreadcrumbList\",\"@id\":\"https:\/\/www.nettali.com\/2021\/05\/17\/ce-que-nous-ne-comprenons-pas-dans-laffaire-pape-ndiaye\/#breadcrumb\",\"itemListElement\":[{\"@type\":\"ListItem\",\"position\":1,\"name\":\"Accueil\",\"item\":\"https:\/\/www.nettali.com\/\"},{\"@type\":\"ListItem\",\"position\":2,\"name\":\"\\u00ab\\u00a0Ce que nous ne comprenons pas dans l&rsquo;affaire Pape Ndiaye\\u00a0\\u00bb\"}]},{\"@type\":\"Person\",\"@id\":\"https:\/\/www.nettali.com\/#\/schema\/person\/3317e0bb3aa1da309fbf7b2780901bf4\",\"name\":\"Daouda\",\"image\":{\"@type\":\"ImageObject\",\"@id\":\"https:\/\/www.nettali.com\/#personlogo\",\"inLanguage\":\"fr-FR\",\"url\":\"https:\/\/secure.gravatar.com\/avatar\/8d143b5a49345098ddcfee1c49c2f47c?s=96&d=mm&r=g\",\"contentUrl\":\"https:\/\/secure.gravatar.com\/avatar\/8d143b5a49345098ddcfee1c49c2f47c?s=96&d=mm&r=g\",\"caption\":\"Daouda\"},\"sameAs\":[\"https:\/\/www.nettali.com\"]}]}<\/script>\n<!-- \/ Yoast SEO Premium plugin. -->","yoast_head_json":{"title":"\"Ce que nous ne comprenons pas dans l'affaire Pape Ndiaye\" | Nettali.com","robots":{"index":"index","follow":"follow","max-snippet":"max-snippet:-1","max-image-preview":"max-image-preview:large","max-video-preview":"max-video-preview:-1"},"canonical":"https:\/\/www.nettali.com\/2021\/05\/17\/ce-que-nous-ne-comprenons-pas-dans-laffaire-pape-ndiaye\/","og_locale":"fr_FR","og_type":"article","og_title":"\"Ce que nous ne comprenons pas dans l'affaire Pape Ndiaye\"","og_description":"NETTALI.COM - Le proc\u00e8s de Pape Ndiaye a \u00e9t\u00e9 renvoy\u00e9 au 31 mai prochain. Au sortir de l\u2019audience de ce lundi, Me Abdoulaye Tall, son avocat, dit n\u2019avoir pas compris de la d\u00e9marche du procureur de la R\u00e9publique qui a refus\u00e9 l'offre de m\u00e9diation p\u00e9nale qu\u2019ils ont formul\u00e9. \u00abQuand il faisait face au procureur, nous [&hellip;]","og_url":"https:\/\/www.nettali.com\/2021\/05\/17\/ce-que-nous-ne-comprenons-pas-dans-laffaire-pape-ndiaye\/","og_site_name":"Nettali.com","article_publisher":"https:\/\/www.facebook.com\/nettalicom","article_published_time":"2021-05-17T16:11:20+00:00","article_modified_time":"2021-05-17T19:48:08+00:00","og_image":[{"width":720,"height":530,"url":"https:\/\/www.nettali.com\/wp-content\/uploads\/2021\/05\/20210511_004142-1.jpg","type":"image\/jpeg"}],"twitter_card":"summary_large_image","twitter_misc":{"\u00c9crit par":"Daouda","Dur\u00e9e de lecture estim\u00e9e":"1 minute"},"schema":{"@context":"https:\/\/schema.org","@graph":[{"@type":"WebSite","@id":"https:\/\/www.nettali.com\/#website","url":"https:\/\/www.nettali.com\/","name":"Nettali.com","description":"Le rendez-vous critique du Net","potentialAction":[{"@type":"SearchAction","target":{"@type":"EntryPoint","urlTemplate":"https:\/\/www.nettali.com\/?s={search_term_string}"},"query-input":"required name=search_term_string"}],"inLanguage":"fr-FR"},{"@type":"ImageObject","@id":"https:\/\/www.nettali.com\/2021\/05\/17\/ce-que-nous-ne-comprenons-pas-dans-laffaire-pape-ndiaye\/#primaryimage","inLanguage":"fr-FR","url":"https:\/\/www.nettali.com\/wp-content\/uploads\/2021\/05\/20210511_004142-1.jpg","contentUrl":"https:\/\/www.nettali.com\/wp-content\/uploads\/2021\/05\/20210511_004142-1.jpg","width":720,"height":530},{"@type":"WebPage","@id":"https:\/\/www.nettali.com\/2021\/05\/17\/ce-que-nous-ne-comprenons-pas-dans-laffaire-pape-ndiaye\/#webpage","url":"https:\/\/www.nettali.com\/2021\/05\/17\/ce-que-nous-ne-comprenons-pas-dans-laffaire-pape-ndiaye\/","name":"\"Ce que nous ne comprenons pas dans l'affaire Pape Ndiaye\" | Nettali.com","isPartOf":{"@id":"https:\/\/www.nettali.com\/#website"},"primaryImageOfPage":{"@id":"https:\/\/www.nettali.com\/2021\/05\/17\/ce-que-nous-ne-comprenons-pas-dans-laffaire-pape-ndiaye\/#primaryimage"},"datePublished":"2021-05-17T16:11:20+00:00","dateModified":"2021-05-17T19:48:08+00:00","author":{"@id":"https:\/\/www.nettali.com\/#\/schema\/person\/3317e0bb3aa1da309fbf7b2780901bf4"},"breadcrumb":{"@id":"https:\/\/www.nettali.com\/2021\/05\/17\/ce-que-nous-ne-comprenons-pas-dans-laffaire-pape-ndiaye\/#breadcrumb"},"inLanguage":"fr-FR","potentialAction":[{"@type":"ReadAction","target":["https:\/\/www.nettali.com\/2021\/05\/17\/ce-que-nous-ne-comprenons-pas-dans-laffaire-pape-ndiaye\/"]}]},{"@type":"BreadcrumbList","@id":"https:\/\/www.nettali.com\/2021\/05\/17\/ce-que-nous-ne-comprenons-pas-dans-laffaire-pape-ndiaye\/#breadcrumb","itemListElement":[{"@type":"ListItem","position":1,"name":"Accueil","item":"https:\/\/www.nettali.com\/"},{"@type":"ListItem","position":2,"name":"\u00ab\u00a0Ce que nous ne comprenons pas dans l&rsquo;affaire Pape Ndiaye\u00a0\u00bb"}]},{"@type":"Person","@id":"https:\/\/www.nettali.com\/#\/schema\/person\/3317e0bb3aa1da309fbf7b2780901bf4","name":"Daouda","image":{"@type":"ImageObject","@id":"https:\/\/www.nettali.com\/#personlogo","inLanguage":"fr-FR","url":"https:\/\/secure.gravatar.com\/avatar\/8d143b5a49345098ddcfee1c49c2f47c?s=96&d=mm&r=g","contentUrl":"https:\/\/secure.gravatar.com\/avatar\/8d143b5a49345098ddcfee1c49c2f47c?s=96&d=mm&r=g","caption":"Daouda"},"sameAs":["https:\/\/www.nettali.com"]}]}},"_links":{"self":[{"href":"https:\/\/www.nettali.com\/rest\/wp\/v2\/posts\/64128"}],"collection":[{"href":"https:\/\/www.nettali.com\/rest\/wp\/v2\/posts"}],"about":[{"href":"https:\/\/www.nettali.com\/rest\/wp\/v2\/types\/post"}],"author":[{"embeddable":true,"href":"https:\/\/www.nettali.com\/rest\/wp\/v2\/users\/4"}],"replies":[{"embeddable":true,"href":"https:\/\/www.nettali.com\/rest\/wp\/v2\/comments?post=64128"}],"version-history":[{"count":4,"href":"https:\/\/www.nettali.com\/rest\/wp\/v2\/posts\/64128\/revisions"}],"predecessor-version":[{"id":64140,"href":"https:\/\/www.nettali.com\/rest\/wp\/v2\/posts\/64128\/revisions\/64140"}],"wp:featuredmedia":[{"embeddable":true,"href":"https:\/\/www.nettali.com\/rest\/wp\/v2\/media\/63770"}],"wp:attachment":[{"href":"https:\/\/www.nettali.com\/rest\/wp\/v2\/media?parent=64128"}],"wp:term":[{"taxonomy":"category","embeddable":true,"href":"https:\/\/www.nettali.com\/rest\/wp\/v2\/categories?post=64128"},{"taxonomy":"post_tag","embeddable":true,"href":"https:\/\/www.nettali.com\/rest\/wp\/v2\/tags?post=64128"}],"curies":[{"name":"wp","href":"https:\/\/api.w.org\/{rel}","templated":true}]}}