{"id":64115,"date":"2021-05-17T14:31:31","date_gmt":"2021-05-17T14:31:31","guid":{"rendered":"https:\/\/www.nettali.com\/?p=64115"},"modified":"2021-05-17T16:57:32","modified_gmt":"2021-05-17T16:57:32","slug":"affaire-pape-ndiaye-le-proces-renvoye-au-31-mai","status":"publish","type":"post","link":"https:\/\/www.nettali.com\/2021\/05\/17\/affaire-pape-ndiaye-le-proces-renvoye-au-31-mai\/","title":{"rendered":"AFFAIRE PAPE NDIAYE - Le proc\u00e8s renvoy\u00e9 au 31 mai"},"content":{"rendered":"<p><b>NETTALI.COM - C'est ce lundi 17 mai que devait se tenir le proc\u00e8s du journaliste, Pape Ndiaye accus\u00e9 d'escroquerie. Mais il a \u00e9t\u00e9 finalement renvoy\u00e9 au 31 mai prochain pour convocation des t\u00e9moins et parties civiles.<\/b><\/p>\n<p>Au proc\u00e8s de ce lundi 17 mai dans lequel est poursuivi Pape Ndiaye pour escroquerie pr\u00e9sum\u00e9 et tentative de jeter le discr\u00e9dit sur les institutions, seule une partie civile sur trois (3) \u00e9tait pr\u00e9sente. Les t\u00e9moins non plus. Le tribunal a finalement d\u00e9cid\u00e9 de renvoyer le proc\u00e8s pour convocation des parties civiles et t\u00e9moins \u00e9tant entendu que Pape Ndiaye conteste les faits.<\/p>\n<p>Pour rappel, Pape Ndiaye est poursuivi pour escroquerie pr\u00e9sum\u00e9e et tentative de jeter le discr\u00e9dit sur les institutions. Il aurait us\u00e9 de son titre de chroniqueur judiciaire et de ses fr\u00e9quentations des pr\u00e9toires pour soutirer des sommes d\u2019argent aupr\u00e8s de personnes dont les proches ont des d\u00e9m\u00eal\u00e9s judiciaires.<\/p>\n<div class='share-to-whatsapp-wrapper'><div class='share-on-whsp'>PARTAGER SUR : <\/div><a data-text='AFFAIRE PAPE NDIAYE - Le proc\u00e8s renvoy\u00e9 au 31 mai' data-link='https:\/\/www.nettali.com\/2021\/05\/17\/affaire-pape-ndiaye-le-proces-renvoye-au-31-mai\/' class='whatsapp-button whatsapp-share'>WhatsApp<\/a><div class='clear '><\/div><\/div>","protected":false},"excerpt":{"rendered":"<p>NETTALI.COM - C'est ce lundi 17 mai que devait se tenir le proc\u00e8s du journaliste, Pape Ndiaye accus\u00e9 d'escroquerie. Mais il a \u00e9t\u00e9 finalement renvoy\u00e9 au 31 mai prochain pour convocation des t\u00e9moins et parties civiles. Au proc\u00e8s de ce lundi 17 mai dans lequel est poursuivi Pape Ndiaye pour escroquerie pr\u00e9sum\u00e9 et tentative de [&hellip;]<\/p>\n","protected":false},"author":5,"featured_media":64116,"comment_status":"open","ping_status":"open","sticky":false,"template":"","format":"standard","meta":{"_et_pb_use_builder":"","_et_pb_old_content":""},"categories":[3],"tags":[],"yoast_head":"<!-- This site is optimized with the Yoast SEO Premium plugin v17.8 (Yoast SEO v17.8) - https:\/\/yoast.com\/wordpress\/plugins\/seo\/ -->\n<title>AFFAIRE PAPE NDIAYE - Le proc\u00e8s renvoy\u00e9 au 31 mai | Nettali.com<\/title>\n<meta name=\"robots\" content=\"index, follow, max-snippet:-1, max-image-preview:large, max-video-preview:-1\" \/>\n<link rel=\"canonical\" href=\"https:\/\/www.nettali.com\/2021\/05\/17\/affaire-pape-ndiaye-le-proces-renvoye-au-31-mai\/\" \/>\n<meta property=\"og:locale\" content=\"fr_FR\" \/>\n<meta property=\"og:type\" content=\"article\" \/>\n<meta property=\"og:title\" content=\"AFFAIRE PAPE NDIAYE - Le proc\u00e8s renvoy\u00e9 au 31 mai\" \/>\n<meta property=\"og:description\" content=\"NETTALI.COM - C&#039;est ce lundi 17 mai que devait se tenir le proc\u00e8s du journaliste, Pape Ndiaye accus\u00e9 d&#039;escroquerie. Mais il a \u00e9t\u00e9 finalement renvoy\u00e9 au 31 mai prochain pour convocation des t\u00e9moins et parties civiles. Au proc\u00e8s de ce lundi 17 mai dans lequel est poursuivi Pape Ndiaye pour escroquerie pr\u00e9sum\u00e9 et tentative de [&hellip;]\" \/>\n<meta property=\"og:url\" content=\"https:\/\/www.nettali.com\/2021\/05\/17\/affaire-pape-ndiaye-le-proces-renvoye-au-31-mai\/\" \/>\n<meta property=\"og:site_name\" content=\"Nettali.com\" \/>\n<meta property=\"article:publisher\" content=\"https:\/\/www.facebook.com\/nettalicom\" \/>\n<meta property=\"article:published_time\" content=\"2021-05-17T14:31:31+00:00\" \/>\n<meta property=\"article:modified_time\" content=\"2021-05-17T16:57:32+00:00\" \/>\n<meta property=\"og:image\" content=\"https:\/\/www.nettali.com\/wp-content\/uploads\/2021\/05\/pape-ndiaye-2-696x410-1.jpg\" \/>\n\t<meta property=\"og:image:width\" content=\"696\" \/>\n\t<meta property=\"og:image:height\" content=\"410\" \/>\n<meta name=\"twitter:card\" content=\"summary_large_image\" \/>\n<meta name=\"twitter:label1\" content=\"\u00c9crit par\" \/>\n\t<meta name=\"twitter:data1\" content=\"Ibrahima\" \/>\n\t<meta name=\"twitter:label2\" content=\"Dur\u00e9e de lecture estim\u00e9e\" \/>\n\t<meta name=\"twitter:data2\" content=\"1 minute\" \/>\n<script type=\"application\/ld+json\" class=\"yoast-schema-graph\">{\"@context\":\"https:\/\/schema.org\",\"@graph\":[{\"@type\":\"WebSite\",\"@id\":\"https:\/\/www.nettali.com\/#website\",\"url\":\"https:\/\/www.nettali.com\/\",\"name\":\"Nettali.com\",\"description\":\"Le rendez-vous critique du Net\",\"potentialAction\":[{\"@type\":\"SearchAction\",\"target\":{\"@type\":\"EntryPoint\",\"urlTemplate\":\"https:\/\/www.nettali.com\/?s={search_term_string}\"},\"query-input\":\"required name=search_term_string\"}],\"inLanguage\":\"fr-FR\"},{\"@type\":\"ImageObject\",\"@id\":\"https:\/\/www.nettali.com\/2021\/05\/17\/affaire-pape-ndiaye-le-proces-renvoye-au-31-mai\/#primaryimage\",\"inLanguage\":\"fr-FR\",\"url\":\"https:\/\/www.nettali.com\/wp-content\/uploads\/2021\/05\/pape-ndiaye-2-696x410-1.jpg\",\"contentUrl\":\"https:\/\/www.nettali.com\/wp-content\/uploads\/2021\/05\/pape-ndiaye-2-696x410-1.jpg\",\"width\":696,\"height\":410},{\"@type\":\"WebPage\",\"@id\":\"https:\/\/www.nettali.com\/2021\/05\/17\/affaire-pape-ndiaye-le-proces-renvoye-au-31-mai\/#webpage\",\"url\":\"https:\/\/www.nettali.com\/2021\/05\/17\/affaire-pape-ndiaye-le-proces-renvoye-au-31-mai\/\",\"name\":\"AFFAIRE PAPE NDIAYE - Le proc\\u00e8s renvoy\\u00e9 au 31 mai | Nettali.com\",\"isPartOf\":{\"@id\":\"https:\/\/www.nettali.com\/#website\"},\"primaryImageOfPage\":{\"@id\":\"https:\/\/www.nettali.com\/2021\/05\/17\/affaire-pape-ndiaye-le-proces-renvoye-au-31-mai\/#primaryimage\"},\"datePublished\":\"2021-05-17T14:31:31+00:00\",\"dateModified\":\"2021-05-17T16:57:32+00:00\",\"author\":{\"@id\":\"https:\/\/www.nettali.com\/#\/schema\/person\/bb147657c2986240405a608162b9bb23\"},\"breadcrumb\":{\"@id\":\"https:\/\/www.nettali.com\/2021\/05\/17\/affaire-pape-ndiaye-le-proces-renvoye-au-31-mai\/#breadcrumb\"},\"inLanguage\":\"fr-FR\",\"potentialAction\":[{\"@type\":\"ReadAction\",\"target\":[\"https:\/\/www.nettali.com\/2021\/05\/17\/affaire-pape-ndiaye-le-proces-renvoye-au-31-mai\/\"]}]},{\"@type\":\"BreadcrumbList\",\"@id\":\"https:\/\/www.nettali.com\/2021\/05\/17\/affaire-pape-ndiaye-le-proces-renvoye-au-31-mai\/#breadcrumb\",\"itemListElement\":[{\"@type\":\"ListItem\",\"position\":1,\"name\":\"Accueil\",\"item\":\"https:\/\/www.nettali.com\/\"},{\"@type\":\"ListItem\",\"position\":2,\"name\":\"AFFAIRE PAPE NDIAYE &#8211; Le proc\\u00e8s renvoy\\u00e9 au 31 mai\"}]},{\"@type\":\"Person\",\"@id\":\"https:\/\/www.nettali.com\/#\/schema\/person\/bb147657c2986240405a608162b9bb23\",\"name\":\"Ibrahima\",\"image\":{\"@type\":\"ImageObject\",\"@id\":\"https:\/\/www.nettali.com\/#personlogo\",\"inLanguage\":\"fr-FR\",\"url\":\"https:\/\/secure.gravatar.com\/avatar\/26a8a81f09f0dd7624c9d5c36c9ba3a2?s=96&d=mm&r=g\",\"contentUrl\":\"https:\/\/secure.gravatar.com\/avatar\/26a8a81f09f0dd7624c9d5c36c9ba3a2?s=96&d=mm&r=g\",\"caption\":\"Ibrahima\"},\"sameAs\":[\"https:\/\/www.nettali.com\"]}]}<\/script>\n<!-- \/ Yoast SEO Premium plugin. -->","yoast_head_json":{"title":"AFFAIRE PAPE NDIAYE - Le proc\u00e8s renvoy\u00e9 au 31 mai | Nettali.com","robots":{"index":"index","follow":"follow","max-snippet":"max-snippet:-1","max-image-preview":"max-image-preview:large","max-video-preview":"max-video-preview:-1"},"canonical":"https:\/\/www.nettali.com\/2021\/05\/17\/affaire-pape-ndiaye-le-proces-renvoye-au-31-mai\/","og_locale":"fr_FR","og_type":"article","og_title":"AFFAIRE PAPE NDIAYE - Le proc\u00e8s renvoy\u00e9 au 31 mai","og_description":"NETTALI.COM - C'est ce lundi 17 mai que devait se tenir le proc\u00e8s du journaliste, Pape Ndiaye accus\u00e9 d'escroquerie. Mais il a \u00e9t\u00e9 finalement renvoy\u00e9 au 31 mai prochain pour convocation des t\u00e9moins et parties civiles. Au proc\u00e8s de ce lundi 17 mai dans lequel est poursuivi Pape Ndiaye pour escroquerie pr\u00e9sum\u00e9 et tentative de [&hellip;]","og_url":"https:\/\/www.nettali.com\/2021\/05\/17\/affaire-pape-ndiaye-le-proces-renvoye-au-31-mai\/","og_site_name":"Nettali.com","article_publisher":"https:\/\/www.facebook.com\/nettalicom","article_published_time":"2021-05-17T14:31:31+00:00","article_modified_time":"2021-05-17T16:57:32+00:00","og_image":[{"width":696,"height":410,"url":"https:\/\/www.nettali.com\/wp-content\/uploads\/2021\/05\/pape-ndiaye-2-696x410-1.jpg","type":"image\/jpeg"}],"twitter_card":"summary_large_image","twitter_misc":{"\u00c9crit par":"Ibrahima","Dur\u00e9e de lecture estim\u00e9e":"1 minute"},"schema":{"@context":"https:\/\/schema.org","@graph":[{"@type":"WebSite","@id":"https:\/\/www.nettali.com\/#website","url":"https:\/\/www.nettali.com\/","name":"Nettali.com","description":"Le rendez-vous critique du Net","potentialAction":[{"@type":"SearchAction","target":{"@type":"EntryPoint","urlTemplate":"https:\/\/www.nettali.com\/?s={search_term_string}"},"query-input":"required name=search_term_string"}],"inLanguage":"fr-FR"},{"@type":"ImageObject","@id":"https:\/\/www.nettali.com\/2021\/05\/17\/affaire-pape-ndiaye-le-proces-renvoye-au-31-mai\/#primaryimage","inLanguage":"fr-FR","url":"https:\/\/www.nettali.com\/wp-content\/uploads\/2021\/05\/pape-ndiaye-2-696x410-1.jpg","contentUrl":"https:\/\/www.nettali.com\/wp-content\/uploads\/2021\/05\/pape-ndiaye-2-696x410-1.jpg","width":696,"height":410},{"@type":"WebPage","@id":"https:\/\/www.nettali.com\/2021\/05\/17\/affaire-pape-ndiaye-le-proces-renvoye-au-31-mai\/#webpage","url":"https:\/\/www.nettali.com\/2021\/05\/17\/affaire-pape-ndiaye-le-proces-renvoye-au-31-mai\/","name":"AFFAIRE PAPE NDIAYE - Le proc\u00e8s renvoy\u00e9 au 31 mai | Nettali.com","isPartOf":{"@id":"https:\/\/www.nettali.com\/#website"},"primaryImageOfPage":{"@id":"https:\/\/www.nettali.com\/2021\/05\/17\/affaire-pape-ndiaye-le-proces-renvoye-au-31-mai\/#primaryimage"},"datePublished":"2021-05-17T14:31:31+00:00","dateModified":"2021-05-17T16:57:32+00:00","author":{"@id":"https:\/\/www.nettali.com\/#\/schema\/person\/bb147657c2986240405a608162b9bb23"},"breadcrumb":{"@id":"https:\/\/www.nettali.com\/2021\/05\/17\/affaire-pape-ndiaye-le-proces-renvoye-au-31-mai\/#breadcrumb"},"inLanguage":"fr-FR","potentialAction":[{"@type":"ReadAction","target":["https:\/\/www.nettali.com\/2021\/05\/17\/affaire-pape-ndiaye-le-proces-renvoye-au-31-mai\/"]}]},{"@type":"BreadcrumbList","@id":"https:\/\/www.nettali.com\/2021\/05\/17\/affaire-pape-ndiaye-le-proces-renvoye-au-31-mai\/#breadcrumb","itemListElement":[{"@type":"ListItem","position":1,"name":"Accueil","item":"https:\/\/www.nettali.com\/"},{"@type":"ListItem","position":2,"name":"AFFAIRE PAPE NDIAYE &#8211; Le proc\u00e8s renvoy\u00e9 au 31 mai"}]},{"@type":"Person","@id":"https:\/\/www.nettali.com\/#\/schema\/person\/bb147657c2986240405a608162b9bb23","name":"Ibrahima","image":{"@type":"ImageObject","@id":"https:\/\/www.nettali.com\/#personlogo","inLanguage":"fr-FR","url":"https:\/\/secure.gravatar.com\/avatar\/26a8a81f09f0dd7624c9d5c36c9ba3a2?s=96&d=mm&r=g","contentUrl":"https:\/\/secure.gravatar.com\/avatar\/26a8a81f09f0dd7624c9d5c36c9ba3a2?s=96&d=mm&r=g","caption":"Ibrahima"},"sameAs":["https:\/\/www.nettali.com"]}]}},"_links":{"self":[{"href":"https:\/\/www.nettali.com\/rest\/wp\/v2\/posts\/64115"}],"collection":[{"href":"https:\/\/www.nettali.com\/rest\/wp\/v2\/posts"}],"about":[{"href":"https:\/\/www.nettali.com\/rest\/wp\/v2\/types\/post"}],"author":[{"embeddable":true,"href":"https:\/\/www.nettali.com\/rest\/wp\/v2\/users\/5"}],"replies":[{"embeddable":true,"href":"https:\/\/www.nettali.com\/rest\/wp\/v2\/comments?post=64115"}],"version-history":[{"count":6,"href":"https:\/\/www.nettali.com\/rest\/wp\/v2\/posts\/64115\/revisions"}],"predecessor-version":[{"id":64125,"href":"https:\/\/www.nettali.com\/rest\/wp\/v2\/posts\/64115\/revisions\/64125"}],"wp:featuredmedia":[{"embeddable":true,"href":"https:\/\/www.nettali.com\/rest\/wp\/v2\/media\/64116"}],"wp:attachment":[{"href":"https:\/\/www.nettali.com\/rest\/wp\/v2\/media?parent=64115"}],"wp:term":[{"taxonomy":"category","embeddable":true,"href":"https:\/\/www.nettali.com\/rest\/wp\/v2\/categories?post=64115"},{"taxonomy":"post_tag","embeddable":true,"href":"https:\/\/www.nettali.com\/rest\/wp\/v2\/tags?post=64115"}],"curies":[{"name":"wp","href":"https:\/\/api.w.org\/{rel}","templated":true}]}}