{"id":64004,"date":"2021-05-14T20:23:06","date_gmt":"2021-05-14T20:23:06","guid":{"rendered":"https:\/\/www.nettali.com\/?p=64004"},"modified":"2021-05-15T13:11:16","modified_gmt":"2021-05-15T13:11:16","slug":"mali-demission-du-gouvernement","status":"publish","type":"post","link":"https:\/\/www.nettali.com\/2021\/05\/14\/mali-demission-du-gouvernement\/","title":{"rendered":"MALI - D\u00e9mission du gouvernement"},"content":{"rendered":"<p class=\"t-content__chapo\"><strong>NETTALI.COM - \u00c0 moins d'un an d'importantes \u00e9ch\u00e9ances \u00e9lectorales, le Premier ministre malien, Moctar Ouane, a pr\u00e9sent\u00e9 ce vendredi 16 mai, la d\u00e9mission de son gouvernement. Il a \u00e9t\u00e9 charg\u00e9 de former un nouveau cabinet de \"large ouverture\".<\/strong><button class=\"m-block-ad__label__report-link\" title=\"Signaler cette publicit\u00e9\" data-tms-ad-report=\"\"><\/button><\/p>\n<p class=\"t-content__chapo\">Le Premier ministre du Mali, Moctar Ouane, a pr\u00e9sent\u00e9, vendredi 14 mai, la d\u00e9mission de son gouvernement et a \u00e9t\u00e9 charg\u00e9 de former un nouveau cabinet de \"large ouverture\", dans un climat social d\u00e9grad\u00e9, \u00e0 moins d'un an d'importantes \u00e9ch\u00e9ances \u00e9lectorales, a-t-on appris aupr\u00e8s de la pr\u00e9sidence malienne.<\/p>\n<div class=\"t-content__body u-clearfix\" data-empty-p=\"false\">\n<p>Le Premier ministre, un ancien diplomate qui dirige le gouvernement de transition mis en place fin septembre apr\u00e8s le putsch du mois d'ao\u00fbt, a pr\u00e9sent\u00e9 dans la matin\u00e9e, la d\u00e9mission de son \u00e9quipe au pr\u00e9sident de transition, Bah Ndaw, un colonel \u00e0 la retraite, a indiqu\u00e9 sur Twitter la pr\u00e9sidence.<\/p>\n<p>Moctar\u00a0Ouane a \u00e9t\u00e9 imm\u00e9diatement reconduit dans ses fonctions, selon la m\u00eame source. \"<em>Les \u00e9changes entre le pr\u00e9sident et le Premier ministre ont commenc\u00e9 hier soir sur une \u00e9ventuelle ouverture du gouvernement<\/em>\", a expliqu\u00e9 \u00e0 l'AFP un conseiller du pr\u00e9sident s'exprimant sous couvert d'anonymat.<\/p>\n<p>Moctar Ouane \"<em>doit former un gouvernement de large ouverture en tenant compte de certaines recommandations du pr\u00e9sident, qui a \u00e9cout\u00e9 la classe politique, les forces vives et les leaders religieux la semaine derni\u00e8re<\/em>\", a-t-il ajout\u00e9.<\/p>\n<div id=\"tms-ad-inread-796643941578018\" class=\"tms-ad\" data-tms-ad-type=\"inread\" data-tms-ad-provider=\"invibes\" data-tms-ad-status=\"loaded\">\n<div id=\"divVideoStepAdBottom\" class=\"divVideoStep\">\"<em>Le Premier ministre vient de commencer les consultations pour la formation de la nouvelle \u00e9quipe gouvernementale<\/em>\", a confirm\u00e9 un proche du Premier ministre ayant \u00e9galement requis l'anonymat.<\/div>\n<\/div>\n<p><strong>\u00c9lections en f\u00e9vrier 2022<\/strong><\/p>\n<p>Les militaires qui ont renvers\u00e9 le pr\u00e9sident Ibrahim Boubacar Ke\u00efta, le 18 ao\u00fbt 2020 et qui continuent \u00e0 dominer les autorit\u00e9s de transition install\u00e9es en septembre-octobre, se sont engag\u00e9s \u00e0 rendre au bout de 18 mois le pouvoir \u00e0 des civils \u00e9lus.<\/p>\n<p>Un calendrier \u00e9lectoral vient d'\u00eatre annonc\u00e9, avec\u00a0un premier tour d'\u00e9lections pr\u00e9sidentielle et parlementaires le 27 f\u00e9vrier 2022, ainsi qu'un r\u00e9f\u00e9rendum constitutionnel le 31 octobre pr\u00e9c\u00e9dent.<\/p>\n<p>Le doute persiste toutefois quant \u00e0 leur capacit\u00e9 \u00e0 tenir leur programme, a fortiori dans\u00a0un contexte o\u00f9 les violences jihadistes et autres continuent sans rel\u00e2che, o\u00f9 la contestation politique se fait jour \u00e0 nouveau et o\u00f9 s'accumulent les signes de grogne sociale.<\/p>\n<p>Le Mouvement du 5-Juin, collectif qui fut en 2020 le fer de lance de mois de contestation achev\u00e9s par le putsch, a r\u00e9clam\u00e9 la semaine pass\u00e9e la \"dissolution\" du gouvernement de transition, ou encore la \"relecture\" d'un important accord de paix avec certains groupes arm\u00e9s.<\/p>\n<p><strong>Travailler \"main dans la main\"<\/strong><\/p>\n<p>Le plus grand syndicat du pays, l'UNTM, a pour sa part d\u00e9pos\u00e9 un pr\u00e9avis pour une gr\u00e8ve de quatre jours \u00e0 partir de lundi prochain, reconductible.<\/p>\n<p>Le m\u00e9diateur des \u00c9tats d'Afrique de l'Ouest au Mali, l'ancien pr\u00e9sident nig\u00e9rian Goodluck Jonathan, a indiqu\u00e9, mercredi \u00e0 Bamako, que les autorit\u00e9s risquaient de devoir fixer des priorit\u00e9s \u00e9tant donn\u00e9 le peu de temps qui leur reste pour mener \u00e0 bien cette transition.<\/p>\n<p>Goodluck Jonathan a appel\u00e9 tous les acteurs \u00e0 travailler \"main dans la main\". Dans une p\u00e9riode aussi d\u00e9licate, \"l'int\u00e9r\u00eat sup\u00e9rieur du Mali est ce qui doit pr\u00e9valoir\", et \"n'adoptons pas des positions extr\u00eames\", a-t-il d\u00e9clar\u00e9.<\/p>\n<p><em>Avec AFP<\/em><\/p>\n<\/div>\n<div class='share-to-whatsapp-wrapper'><div class='share-on-whsp'>PARTAGER SUR : <\/div><a data-text='MALI - D\u00e9mission du gouvernement' data-link='https:\/\/www.nettali.com\/2021\/05\/14\/mali-demission-du-gouvernement\/' class='whatsapp-button whatsapp-share'>WhatsApp<\/a><div class='clear '><\/div><\/div>","protected":false},"excerpt":{"rendered":"<p>NETTALI.COM - \u00c0 moins d'un an d'importantes \u00e9ch\u00e9ances \u00e9lectorales, le Premier ministre malien, Moctar Ouane, a pr\u00e9sent\u00e9 ce vendredi 16 mai, la d\u00e9mission de son gouvernement. Il a \u00e9t\u00e9 charg\u00e9 de former un nouveau cabinet de \"large ouverture\". Le Premier ministre du Mali, Moctar Ouane, a pr\u00e9sent\u00e9, vendredi 14 mai, la d\u00e9mission de son gouvernement [&hellip;]<\/p>\n","protected":false},"author":4,"featured_media":64005,"comment_status":"open","ping_status":"open","sticky":false,"template":"","format":"standard","meta":{"_et_pb_use_builder":"","_et_pb_old_content":""},"categories":[8],"tags":[],"yoast_head":"<!-- This site is optimized with the Yoast SEO Premium plugin v17.8 (Yoast SEO v17.8) - https:\/\/yoast.com\/wordpress\/plugins\/seo\/ -->\n<title>MALI - D\u00e9mission du gouvernement | Nettali.com<\/title>\n<meta name=\"robots\" content=\"index, follow, max-snippet:-1, max-image-preview:large, max-video-preview:-1\" \/>\n<link rel=\"canonical\" href=\"https:\/\/www.nettali.com\/2021\/05\/14\/mali-demission-du-gouvernement\/\" \/>\n<meta property=\"og:locale\" content=\"fr_FR\" \/>\n<meta property=\"og:type\" content=\"article\" \/>\n<meta property=\"og:title\" content=\"MALI - D\u00e9mission du gouvernement\" \/>\n<meta property=\"og:description\" content=\"NETTALI.COM - \u00c0 moins d&#039;un an d&#039;importantes \u00e9ch\u00e9ances \u00e9lectorales, le Premier ministre malien, Moctar Ouane, a pr\u00e9sent\u00e9 ce vendredi 16 mai, la d\u00e9mission de son gouvernement. Il a \u00e9t\u00e9 charg\u00e9 de former un nouveau cabinet de &quot;large ouverture&quot;. Le Premier ministre du Mali, Moctar Ouane, a pr\u00e9sent\u00e9, vendredi 14 mai, la d\u00e9mission de son gouvernement [&hellip;]\" \/>\n<meta property=\"og:url\" content=\"https:\/\/www.nettali.com\/2021\/05\/14\/mali-demission-du-gouvernement\/\" \/>\n<meta property=\"og:site_name\" content=\"Nettali.com\" \/>\n<meta property=\"article:publisher\" content=\"https:\/\/www.facebook.com\/nettalicom\" \/>\n<meta property=\"article:published_time\" content=\"2021-05-14T20:23:06+00:00\" \/>\n<meta property=\"article:modified_time\" content=\"2021-05-15T13:11:16+00:00\" \/>\n<meta property=\"og:image\" content=\"https:\/\/www.nettali.com\/wp-content\/uploads\/2021\/05\/Capture-d\u2019e\u0301cran-2021-05-14-a\u0300-20.22.22.png\" \/>\n\t<meta property=\"og:image:width\" content=\"969\" \/>\n\t<meta property=\"og:image:height\" content=\"499\" \/>\n<meta name=\"twitter:card\" content=\"summary_large_image\" \/>\n<meta name=\"twitter:label1\" content=\"\u00c9crit par\" \/>\n\t<meta name=\"twitter:data1\" content=\"Daouda\" \/>\n\t<meta name=\"twitter:label2\" content=\"Dur\u00e9e de lecture estim\u00e9e\" \/>\n\t<meta name=\"twitter:data2\" content=\"3 minutes\" \/>\n<script type=\"application\/ld+json\" class=\"yoast-schema-graph\">{\"@context\":\"https:\/\/schema.org\",\"@graph\":[{\"@type\":\"WebSite\",\"@id\":\"https:\/\/www.nettali.com\/#website\",\"url\":\"https:\/\/www.nettali.com\/\",\"name\":\"Nettali.com\",\"description\":\"Le rendez-vous critique du Net\",\"potentialAction\":[{\"@type\":\"SearchAction\",\"target\":{\"@type\":\"EntryPoint\",\"urlTemplate\":\"https:\/\/www.nettali.com\/?s={search_term_string}\"},\"query-input\":\"required name=search_term_string\"}],\"inLanguage\":\"fr-FR\"},{\"@type\":\"ImageObject\",\"@id\":\"https:\/\/www.nettali.com\/2021\/05\/14\/mali-demission-du-gouvernement\/#primaryimage\",\"inLanguage\":\"fr-FR\",\"url\":\"https:\/\/www.nettali.com\/wp-content\/uploads\/2021\/05\/Capture-d\\u2019e\\u0301cran-2021-05-14-a\\u0300-20.22.22.png\",\"contentUrl\":\"https:\/\/www.nettali.com\/wp-content\/uploads\/2021\/05\/Capture-d\\u2019e\\u0301cran-2021-05-14-a\\u0300-20.22.22.png\",\"width\":969,\"height\":499},{\"@type\":\"WebPage\",\"@id\":\"https:\/\/www.nettali.com\/2021\/05\/14\/mali-demission-du-gouvernement\/#webpage\",\"url\":\"https:\/\/www.nettali.com\/2021\/05\/14\/mali-demission-du-gouvernement\/\",\"name\":\"MALI - D\\u00e9mission du gouvernement | Nettali.com\",\"isPartOf\":{\"@id\":\"https:\/\/www.nettali.com\/#website\"},\"primaryImageOfPage\":{\"@id\":\"https:\/\/www.nettali.com\/2021\/05\/14\/mali-demission-du-gouvernement\/#primaryimage\"},\"datePublished\":\"2021-05-14T20:23:06+00:00\",\"dateModified\":\"2021-05-15T13:11:16+00:00\",\"author\":{\"@id\":\"https:\/\/www.nettali.com\/#\/schema\/person\/3317e0bb3aa1da309fbf7b2780901bf4\"},\"breadcrumb\":{\"@id\":\"https:\/\/www.nettali.com\/2021\/05\/14\/mali-demission-du-gouvernement\/#breadcrumb\"},\"inLanguage\":\"fr-FR\",\"potentialAction\":[{\"@type\":\"ReadAction\",\"target\":[\"https:\/\/www.nettali.com\/2021\/05\/14\/mali-demission-du-gouvernement\/\"]}]},{\"@type\":\"BreadcrumbList\",\"@id\":\"https:\/\/www.nettali.com\/2021\/05\/14\/mali-demission-du-gouvernement\/#breadcrumb\",\"itemListElement\":[{\"@type\":\"ListItem\",\"position\":1,\"name\":\"Accueil\",\"item\":\"https:\/\/www.nettali.com\/\"},{\"@type\":\"ListItem\",\"position\":2,\"name\":\"MALI &#8211; D\\u00e9mission du gouvernement\"}]},{\"@type\":\"Person\",\"@id\":\"https:\/\/www.nettali.com\/#\/schema\/person\/3317e0bb3aa1da309fbf7b2780901bf4\",\"name\":\"Daouda\",\"image\":{\"@type\":\"ImageObject\",\"@id\":\"https:\/\/www.nettali.com\/#personlogo\",\"inLanguage\":\"fr-FR\",\"url\":\"https:\/\/secure.gravatar.com\/avatar\/8d143b5a49345098ddcfee1c49c2f47c?s=96&d=mm&r=g\",\"contentUrl\":\"https:\/\/secure.gravatar.com\/avatar\/8d143b5a49345098ddcfee1c49c2f47c?s=96&d=mm&r=g\",\"caption\":\"Daouda\"},\"sameAs\":[\"https:\/\/www.nettali.com\"]}]}<\/script>\n<!-- \/ Yoast SEO Premium plugin. -->","yoast_head_json":{"title":"MALI - D\u00e9mission du gouvernement | Nettali.com","robots":{"index":"index","follow":"follow","max-snippet":"max-snippet:-1","max-image-preview":"max-image-preview:large","max-video-preview":"max-video-preview:-1"},"canonical":"https:\/\/www.nettali.com\/2021\/05\/14\/mali-demission-du-gouvernement\/","og_locale":"fr_FR","og_type":"article","og_title":"MALI - D\u00e9mission du gouvernement","og_description":"NETTALI.COM - \u00c0 moins d'un an d'importantes \u00e9ch\u00e9ances \u00e9lectorales, le Premier ministre malien, Moctar Ouane, a pr\u00e9sent\u00e9 ce vendredi 16 mai, la d\u00e9mission de son gouvernement. Il a \u00e9t\u00e9 charg\u00e9 de former un nouveau cabinet de \"large ouverture\". Le Premier ministre du Mali, Moctar Ouane, a pr\u00e9sent\u00e9, vendredi 14 mai, la d\u00e9mission de son gouvernement [&hellip;]","og_url":"https:\/\/www.nettali.com\/2021\/05\/14\/mali-demission-du-gouvernement\/","og_site_name":"Nettali.com","article_publisher":"https:\/\/www.facebook.com\/nettalicom","article_published_time":"2021-05-14T20:23:06+00:00","article_modified_time":"2021-05-15T13:11:16+00:00","og_image":[{"width":969,"height":499,"url":"https:\/\/www.nettali.com\/wp-content\/uploads\/2021\/05\/Capture-d\u2019e\u0301cran-2021-05-14-a\u0300-20.22.22.png","type":"image\/png"}],"twitter_card":"summary_large_image","twitter_misc":{"\u00c9crit par":"Daouda","Dur\u00e9e de lecture estim\u00e9e":"3 minutes"},"schema":{"@context":"https:\/\/schema.org","@graph":[{"@type":"WebSite","@id":"https:\/\/www.nettali.com\/#website","url":"https:\/\/www.nettali.com\/","name":"Nettali.com","description":"Le rendez-vous critique du Net","potentialAction":[{"@type":"SearchAction","target":{"@type":"EntryPoint","urlTemplate":"https:\/\/www.nettali.com\/?s={search_term_string}"},"query-input":"required name=search_term_string"}],"inLanguage":"fr-FR"},{"@type":"ImageObject","@id":"https:\/\/www.nettali.com\/2021\/05\/14\/mali-demission-du-gouvernement\/#primaryimage","inLanguage":"fr-FR","url":"https:\/\/www.nettali.com\/wp-content\/uploads\/2021\/05\/Capture-d\u2019e\u0301cran-2021-05-14-a\u0300-20.22.22.png","contentUrl":"https:\/\/www.nettali.com\/wp-content\/uploads\/2021\/05\/Capture-d\u2019e\u0301cran-2021-05-14-a\u0300-20.22.22.png","width":969,"height":499},{"@type":"WebPage","@id":"https:\/\/www.nettali.com\/2021\/05\/14\/mali-demission-du-gouvernement\/#webpage","url":"https:\/\/www.nettali.com\/2021\/05\/14\/mali-demission-du-gouvernement\/","name":"MALI - D\u00e9mission du gouvernement | Nettali.com","isPartOf":{"@id":"https:\/\/www.nettali.com\/#website"},"primaryImageOfPage":{"@id":"https:\/\/www.nettali.com\/2021\/05\/14\/mali-demission-du-gouvernement\/#primaryimage"},"datePublished":"2021-05-14T20:23:06+00:00","dateModified":"2021-05-15T13:11:16+00:00","author":{"@id":"https:\/\/www.nettali.com\/#\/schema\/person\/3317e0bb3aa1da309fbf7b2780901bf4"},"breadcrumb":{"@id":"https:\/\/www.nettali.com\/2021\/05\/14\/mali-demission-du-gouvernement\/#breadcrumb"},"inLanguage":"fr-FR","potentialAction":[{"@type":"ReadAction","target":["https:\/\/www.nettali.com\/2021\/05\/14\/mali-demission-du-gouvernement\/"]}]},{"@type":"BreadcrumbList","@id":"https:\/\/www.nettali.com\/2021\/05\/14\/mali-demission-du-gouvernement\/#breadcrumb","itemListElement":[{"@type":"ListItem","position":1,"name":"Accueil","item":"https:\/\/www.nettali.com\/"},{"@type":"ListItem","position":2,"name":"MALI &#8211; D\u00e9mission du gouvernement"}]},{"@type":"Person","@id":"https:\/\/www.nettali.com\/#\/schema\/person\/3317e0bb3aa1da309fbf7b2780901bf4","name":"Daouda","image":{"@type":"ImageObject","@id":"https:\/\/www.nettali.com\/#personlogo","inLanguage":"fr-FR","url":"https:\/\/secure.gravatar.com\/avatar\/8d143b5a49345098ddcfee1c49c2f47c?s=96&d=mm&r=g","contentUrl":"https:\/\/secure.gravatar.com\/avatar\/8d143b5a49345098ddcfee1c49c2f47c?s=96&d=mm&r=g","caption":"Daouda"},"sameAs":["https:\/\/www.nettali.com"]}]}},"_links":{"self":[{"href":"https:\/\/www.nettali.com\/rest\/wp\/v2\/posts\/64004"}],"collection":[{"href":"https:\/\/www.nettali.com\/rest\/wp\/v2\/posts"}],"about":[{"href":"https:\/\/www.nettali.com\/rest\/wp\/v2\/types\/post"}],"author":[{"embeddable":true,"href":"https:\/\/www.nettali.com\/rest\/wp\/v2\/users\/4"}],"replies":[{"embeddable":true,"href":"https:\/\/www.nettali.com\/rest\/wp\/v2\/comments?post=64004"}],"version-history":[{"count":3,"href":"https:\/\/www.nettali.com\/rest\/wp\/v2\/posts\/64004\/revisions"}],"predecessor-version":[{"id":64023,"href":"https:\/\/www.nettali.com\/rest\/wp\/v2\/posts\/64004\/revisions\/64023"}],"wp:featuredmedia":[{"embeddable":true,"href":"https:\/\/www.nettali.com\/rest\/wp\/v2\/media\/64005"}],"wp:attachment":[{"href":"https:\/\/www.nettali.com\/rest\/wp\/v2\/media?parent=64004"}],"wp:term":[{"taxonomy":"category","embeddable":true,"href":"https:\/\/www.nettali.com\/rest\/wp\/v2\/categories?post=64004"},{"taxonomy":"post_tag","embeddable":true,"href":"https:\/\/www.nettali.com\/rest\/wp\/v2\/tags?post=64004"}],"curies":[{"name":"wp","href":"https:\/\/api.w.org\/{rel}","templated":true}]}}