{"id":63851,"date":"2021-05-12T10:52:10","date_gmt":"2021-05-12T10:52:10","guid":{"rendered":"https:\/\/www.nettali.com\/?p=63851"},"modified":"2021-05-12T16:23:03","modified_gmt":"2021-05-12T16:23:03","slug":"medina-baye-loccupation-de-la-mosquee-dal-aqsa-condamnee","status":"publish","type":"post","link":"https:\/\/www.nettali.com\/2021\/05\/12\/medina-baye-loccupation-de-la-mosquee-dal-aqsa-condamnee\/","title":{"rendered":"OCCUPATION DE LA MOSQUEE D'AL-AQSA \u2013 M\u00e9dina Baye condamne"},"content":{"rendered":"<p>NETTALI.COM - La cit\u00e9 religieuse de Medina Baye condamne \u201cl\u2019irruption des forces d\u2019occupation isra\u00e9lienne dans l\u2019enceinte de la sainte mosqu\u00e9e d\u2019Al-Aqsa ainsi que les pratiques hostiles a l\u2019encontre des musulmans a Jerusalem\u201d, \u00e9crit dans une note le porte-parole du Khalife des niass\u00e8nes Cheikh Mouhamadoul Mahi Aly Ciss\u00e9.<\/p>\n<p>De l\u2019avis de ce guide religieux, \u201cces violences meurtri\u00e8res ne sont qu\u201d\u2019une ni\u00e8me agression a l\u2019encontre d\u2019habitants palestiniens victimes d\u2019une inacceptable privation des droits les plus \u00e9l\u00e9mentaires comme le droit a la vie\u201d.<\/p>\n<p>Il pr\u00e9cise que la mosqu\u00e9e Al-Aqsa, troisieme lieu saint de l\u2019islam, est au c\u0153ur de violences isra\u00e9liennes depuis plusieurs jours, en cette p\u00e9riode de ramadan. Il trouve \u201cqu\u2019il y a l\u00e0 une intention manifeste de faire mal \u00e0 une communaut\u00e9 mondiale musulmane qui compte des milliards de membres\u201d.<\/p>\n<p>En outre, Cheikh Mahi Ciss\u00e9 indique que \u201cles Palestiniens se disent victimes d\u2019une violence entretenue par Tsahal, l\u2019arm\u00e9e isra\u00e9lienne qui fait usage d\u2019un rapport de force disproportionn\u00e9 sur l\u2019esplanade des mosqu\u00e9es \u00e0 Jerusalem-Est, cette partie palestinienne de la ville occup\u00e9e par Isra\u00ebl depuis 1967, avant d'\u00eatre annex\u00e9e\u201d. \u201cLe khalife de Medina Baye, Cheikh Mouhamadoul Mahy Ibrahima Niass, Khalife de la Fayda Tidjania qui compte plusieurs millions de disciples a travers le monde, condamne fermement les violences meurtri\u00e8res dont sont victimes les Palestiniens\u201d.<\/p>\n<p>Il a appel\u00e9 la communaut\u00e9 internationale \u00e0 faire preuve de plus de responsabilit\u00e9, d'engagement et de justice pour trouver les voies et moyens pour une r\u00e9solution pacifique de ce vieux conflit en respectant les droits inali\u00e9nables du peuple palestinien.<\/p>\n<p>Il affirme dans la note que \u201cMe\u0301dina Baye restera toujours fid\u00e8le a\u0300la ligne de d\u00e9fense et de solidarit\u00e9 en faveur du peuple palestinien, trac\u00e9e par son illustre fondateur Mawlana Cheikh Ibrahima Niass dit Baye Niass (1900- 1975) dont les positions courageuses et r\u00e9p\u00e9t\u00e9es pour une Palestine libre et lib\u00e9r\u00e9e sont connues de tous. Infatigable avocat de l\u2019islam, diplomate hors pair, membre fondateur de la Ligue islamique mondiale, Cheikh Ibrahima Niass a toujours affich\u00e9 une position de principe en faveur de la Palestine. Mieux, il avait cr\u00e9\u00e9\u0301, dans les anne\u0301es 1960, une journe\u0301e de solidarit\u00e9 de\u0301die\u0301e au peuple palestinien. D\u00e9nomm\u00e9e \u201cAl-Quds\u201d, du nom de cette ville<\/p>\n<div class='share-to-whatsapp-wrapper'><div class='share-on-whsp'>PARTAGER SUR : <\/div><a data-text='OCCUPATION DE LA MOSQUEE D'AL-AQSA \u2013 M\u00e9dina Baye condamne' data-link='https:\/\/www.nettali.com\/2021\/05\/12\/medina-baye-loccupation-de-la-mosquee-dal-aqsa-condamnee\/' class='whatsapp-button whatsapp-share'>WhatsApp<\/a><div class='clear '><\/div><\/div>","protected":false},"excerpt":{"rendered":"<p>NETTALI.COM - La cit\u00e9 religieuse de Medina Baye condamne \u201cl\u2019irruption des forces d\u2019occupation isra\u00e9lienne dans l\u2019enceinte de la sainte mosqu\u00e9e d\u2019Al-Aqsa ainsi que les pratiques hostiles a l\u2019encontre des musulmans a Jerusalem\u201d, \u00e9crit dans une note le porte-parole du Khalife des niass\u00e8nes Cheikh Mouhamadoul Mahi Aly Ciss\u00e9. De l\u2019avis de ce guide religieux, \u201cces violences [&hellip;]<\/p>\n","protected":false},"author":11,"featured_media":21710,"comment_status":"open","ping_status":"open","sticky":false,"template":"","format":"standard","meta":{"_et_pb_use_builder":"","_et_pb_old_content":""},"categories":[3],"tags":[],"yoast_head":"<!-- This site is optimized with the Yoast SEO Premium plugin v17.8 (Yoast SEO v17.8) - https:\/\/yoast.com\/wordpress\/plugins\/seo\/ -->\n<title>OCCUPATION DE LA MOSQUEE D&#039;AL-AQSA \u2013 M\u00e9dina Baye condamne | Nettali.com<\/title>\n<meta name=\"robots\" content=\"index, follow, max-snippet:-1, max-image-preview:large, max-video-preview:-1\" \/>\n<link rel=\"canonical\" href=\"https:\/\/www.nettali.com\/2021\/05\/12\/medina-baye-loccupation-de-la-mosquee-dal-aqsa-condamnee\/\" \/>\n<meta property=\"og:locale\" content=\"fr_FR\" \/>\n<meta property=\"og:type\" content=\"article\" \/>\n<meta property=\"og:title\" content=\"OCCUPATION DE LA MOSQUEE D&#039;AL-AQSA \u2013 M\u00e9dina Baye condamne\" \/>\n<meta property=\"og:description\" content=\"NETTALI.COM - La cit\u00e9 religieuse de Medina Baye condamne \u201cl\u2019irruption des forces d\u2019occupation isra\u00e9lienne dans l\u2019enceinte de la sainte mosqu\u00e9e d\u2019Al-Aqsa ainsi que les pratiques hostiles a l\u2019encontre des musulmans a Jerusalem\u201d, \u00e9crit dans une note le porte-parole du Khalife des niass\u00e8nes Cheikh Mouhamadoul Mahi Aly Ciss\u00e9. De l\u2019avis de ce guide religieux, \u201cces violences [&hellip;]\" \/>\n<meta property=\"og:url\" content=\"https:\/\/www.nettali.com\/2021\/05\/12\/medina-baye-loccupation-de-la-mosquee-dal-aqsa-condamnee\/\" \/>\n<meta property=\"og:site_name\" content=\"Nettali.com\" \/>\n<meta property=\"article:publisher\" content=\"https:\/\/www.facebook.com\/nettalicom\" \/>\n<meta property=\"article:published_time\" content=\"2021-05-12T10:52:10+00:00\" \/>\n<meta property=\"article:modified_time\" content=\"2021-05-12T16:23:03+00:00\" \/>\n<meta property=\"og:image\" content=\"https:\/\/www.nettali.com\/wp-content\/uploads\/2019\/11\/mosqu\u00e9e-M\u00e9dina-Baye.jpg\" \/>\n\t<meta property=\"og:image:width\" content=\"719\" \/>\n\t<meta property=\"og:image:height\" content=\"502\" \/>\n<meta name=\"twitter:card\" content=\"summary_large_image\" \/>\n<meta name=\"twitter:label1\" content=\"\u00c9crit par\" \/>\n\t<meta name=\"twitter:data1\" content=\"Thierno Diop\" \/>\n\t<meta name=\"twitter:label2\" content=\"Dur\u00e9e de lecture estim\u00e9e\" \/>\n\t<meta name=\"twitter:data2\" content=\"2 minutes\" \/>\n<script type=\"application\/ld+json\" class=\"yoast-schema-graph\">{\"@context\":\"https:\/\/schema.org\",\"@graph\":[{\"@type\":\"WebSite\",\"@id\":\"https:\/\/www.nettali.com\/#website\",\"url\":\"https:\/\/www.nettali.com\/\",\"name\":\"Nettali.com\",\"description\":\"Le rendez-vous critique du Net\",\"potentialAction\":[{\"@type\":\"SearchAction\",\"target\":{\"@type\":\"EntryPoint\",\"urlTemplate\":\"https:\/\/www.nettali.com\/?s={search_term_string}\"},\"query-input\":\"required name=search_term_string\"}],\"inLanguage\":\"fr-FR\"},{\"@type\":\"ImageObject\",\"@id\":\"https:\/\/www.nettali.com\/2021\/05\/12\/medina-baye-loccupation-de-la-mosquee-dal-aqsa-condamnee\/#primaryimage\",\"inLanguage\":\"fr-FR\",\"url\":\"https:\/\/www.nettali.com\/wp-content\/uploads\/2019\/11\/mosqu\\u00e9e-M\\u00e9dina-Baye.jpg\",\"contentUrl\":\"https:\/\/www.nettali.com\/wp-content\/uploads\/2019\/11\/mosqu\\u00e9e-M\\u00e9dina-Baye.jpg\",\"width\":719,\"height\":502},{\"@type\":\"WebPage\",\"@id\":\"https:\/\/www.nettali.com\/2021\/05\/12\/medina-baye-loccupation-de-la-mosquee-dal-aqsa-condamnee\/#webpage\",\"url\":\"https:\/\/www.nettali.com\/2021\/05\/12\/medina-baye-loccupation-de-la-mosquee-dal-aqsa-condamnee\/\",\"name\":\"OCCUPATION DE LA MOSQUEE D'AL-AQSA \\u2013 M\\u00e9dina Baye condamne | Nettali.com\",\"isPartOf\":{\"@id\":\"https:\/\/www.nettali.com\/#website\"},\"primaryImageOfPage\":{\"@id\":\"https:\/\/www.nettali.com\/2021\/05\/12\/medina-baye-loccupation-de-la-mosquee-dal-aqsa-condamnee\/#primaryimage\"},\"datePublished\":\"2021-05-12T10:52:10+00:00\",\"dateModified\":\"2021-05-12T16:23:03+00:00\",\"author\":{\"@id\":\"https:\/\/www.nettali.com\/#\/schema\/person\/8a06c6bd7b19304cf4bf985862900b5b\"},\"breadcrumb\":{\"@id\":\"https:\/\/www.nettali.com\/2021\/05\/12\/medina-baye-loccupation-de-la-mosquee-dal-aqsa-condamnee\/#breadcrumb\"},\"inLanguage\":\"fr-FR\",\"potentialAction\":[{\"@type\":\"ReadAction\",\"target\":[\"https:\/\/www.nettali.com\/2021\/05\/12\/medina-baye-loccupation-de-la-mosquee-dal-aqsa-condamnee\/\"]}]},{\"@type\":\"BreadcrumbList\",\"@id\":\"https:\/\/www.nettali.com\/2021\/05\/12\/medina-baye-loccupation-de-la-mosquee-dal-aqsa-condamnee\/#breadcrumb\",\"itemListElement\":[{\"@type\":\"ListItem\",\"position\":1,\"name\":\"Accueil\",\"item\":\"https:\/\/www.nettali.com\/\"},{\"@type\":\"ListItem\",\"position\":2,\"name\":\"OCCUPATION DE LA MOSQUEE D&rsquo;AL-AQSA \\u2013 M\\u00e9dina Baye condamne\"}]},{\"@type\":\"Person\",\"@id\":\"https:\/\/www.nettali.com\/#\/schema\/person\/8a06c6bd7b19304cf4bf985862900b5b\",\"name\":\"Thierno Diop\",\"image\":{\"@type\":\"ImageObject\",\"@id\":\"https:\/\/www.nettali.com\/#personlogo\",\"inLanguage\":\"fr-FR\",\"url\":\"https:\/\/secure.gravatar.com\/avatar\/c8ca58550c94fd2ac856d27391a6c866?s=96&d=mm&r=g\",\"contentUrl\":\"https:\/\/secure.gravatar.com\/avatar\/c8ca58550c94fd2ac856d27391a6c866?s=96&d=mm&r=g\",\"caption\":\"Thierno Diop\"},\"sameAs\":[\"https:\/\/nettali.com\"]}]}<\/script>\n<!-- \/ Yoast SEO Premium plugin. -->","yoast_head_json":{"title":"OCCUPATION DE LA MOSQUEE D'AL-AQSA \u2013 M\u00e9dina Baye condamne | Nettali.com","robots":{"index":"index","follow":"follow","max-snippet":"max-snippet:-1","max-image-preview":"max-image-preview:large","max-video-preview":"max-video-preview:-1"},"canonical":"https:\/\/www.nettali.com\/2021\/05\/12\/medina-baye-loccupation-de-la-mosquee-dal-aqsa-condamnee\/","og_locale":"fr_FR","og_type":"article","og_title":"OCCUPATION DE LA MOSQUEE D'AL-AQSA \u2013 M\u00e9dina Baye condamne","og_description":"NETTALI.COM - La cit\u00e9 religieuse de Medina Baye condamne \u201cl\u2019irruption des forces d\u2019occupation isra\u00e9lienne dans l\u2019enceinte de la sainte mosqu\u00e9e d\u2019Al-Aqsa ainsi que les pratiques hostiles a l\u2019encontre des musulmans a Jerusalem\u201d, \u00e9crit dans une note le porte-parole du Khalife des niass\u00e8nes Cheikh Mouhamadoul Mahi Aly Ciss\u00e9. De l\u2019avis de ce guide religieux, \u201cces violences [&hellip;]","og_url":"https:\/\/www.nettali.com\/2021\/05\/12\/medina-baye-loccupation-de-la-mosquee-dal-aqsa-condamnee\/","og_site_name":"Nettali.com","article_publisher":"https:\/\/www.facebook.com\/nettalicom","article_published_time":"2021-05-12T10:52:10+00:00","article_modified_time":"2021-05-12T16:23:03+00:00","og_image":[{"width":719,"height":502,"url":"https:\/\/www.nettali.com\/wp-content\/uploads\/2019\/11\/mosqu\u00e9e-M\u00e9dina-Baye.jpg","type":"image\/jpeg"}],"twitter_card":"summary_large_image","twitter_misc":{"\u00c9crit par":"Thierno Diop","Dur\u00e9e de lecture estim\u00e9e":"2 minutes"},"schema":{"@context":"https:\/\/schema.org","@graph":[{"@type":"WebSite","@id":"https:\/\/www.nettali.com\/#website","url":"https:\/\/www.nettali.com\/","name":"Nettali.com","description":"Le rendez-vous critique du Net","potentialAction":[{"@type":"SearchAction","target":{"@type":"EntryPoint","urlTemplate":"https:\/\/www.nettali.com\/?s={search_term_string}"},"query-input":"required name=search_term_string"}],"inLanguage":"fr-FR"},{"@type":"ImageObject","@id":"https:\/\/www.nettali.com\/2021\/05\/12\/medina-baye-loccupation-de-la-mosquee-dal-aqsa-condamnee\/#primaryimage","inLanguage":"fr-FR","url":"https:\/\/www.nettali.com\/wp-content\/uploads\/2019\/11\/mosqu\u00e9e-M\u00e9dina-Baye.jpg","contentUrl":"https:\/\/www.nettali.com\/wp-content\/uploads\/2019\/11\/mosqu\u00e9e-M\u00e9dina-Baye.jpg","width":719,"height":502},{"@type":"WebPage","@id":"https:\/\/www.nettali.com\/2021\/05\/12\/medina-baye-loccupation-de-la-mosquee-dal-aqsa-condamnee\/#webpage","url":"https:\/\/www.nettali.com\/2021\/05\/12\/medina-baye-loccupation-de-la-mosquee-dal-aqsa-condamnee\/","name":"OCCUPATION DE LA MOSQUEE D'AL-AQSA \u2013 M\u00e9dina Baye condamne | Nettali.com","isPartOf":{"@id":"https:\/\/www.nettali.com\/#website"},"primaryImageOfPage":{"@id":"https:\/\/www.nettali.com\/2021\/05\/12\/medina-baye-loccupation-de-la-mosquee-dal-aqsa-condamnee\/#primaryimage"},"datePublished":"2021-05-12T10:52:10+00:00","dateModified":"2021-05-12T16:23:03+00:00","author":{"@id":"https:\/\/www.nettali.com\/#\/schema\/person\/8a06c6bd7b19304cf4bf985862900b5b"},"breadcrumb":{"@id":"https:\/\/www.nettali.com\/2021\/05\/12\/medina-baye-loccupation-de-la-mosquee-dal-aqsa-condamnee\/#breadcrumb"},"inLanguage":"fr-FR","potentialAction":[{"@type":"ReadAction","target":["https:\/\/www.nettali.com\/2021\/05\/12\/medina-baye-loccupation-de-la-mosquee-dal-aqsa-condamnee\/"]}]},{"@type":"BreadcrumbList","@id":"https:\/\/www.nettali.com\/2021\/05\/12\/medina-baye-loccupation-de-la-mosquee-dal-aqsa-condamnee\/#breadcrumb","itemListElement":[{"@type":"ListItem","position":1,"name":"Accueil","item":"https:\/\/www.nettali.com\/"},{"@type":"ListItem","position":2,"name":"OCCUPATION DE LA MOSQUEE D&rsquo;AL-AQSA \u2013 M\u00e9dina Baye condamne"}]},{"@type":"Person","@id":"https:\/\/www.nettali.com\/#\/schema\/person\/8a06c6bd7b19304cf4bf985862900b5b","name":"Thierno Diop","image":{"@type":"ImageObject","@id":"https:\/\/www.nettali.com\/#personlogo","inLanguage":"fr-FR","url":"https:\/\/secure.gravatar.com\/avatar\/c8ca58550c94fd2ac856d27391a6c866?s=96&d=mm&r=g","contentUrl":"https:\/\/secure.gravatar.com\/avatar\/c8ca58550c94fd2ac856d27391a6c866?s=96&d=mm&r=g","caption":"Thierno Diop"},"sameAs":["https:\/\/nettali.com"]}]}},"_links":{"self":[{"href":"https:\/\/www.nettali.com\/rest\/wp\/v2\/posts\/63851"}],"collection":[{"href":"https:\/\/www.nettali.com\/rest\/wp\/v2\/posts"}],"about":[{"href":"https:\/\/www.nettali.com\/rest\/wp\/v2\/types\/post"}],"author":[{"embeddable":true,"href":"https:\/\/www.nettali.com\/rest\/wp\/v2\/users\/11"}],"replies":[{"embeddable":true,"href":"https:\/\/www.nettali.com\/rest\/wp\/v2\/comments?post=63851"}],"version-history":[{"count":4,"href":"https:\/\/www.nettali.com\/rest\/wp\/v2\/posts\/63851\/revisions"}],"predecessor-version":[{"id":63874,"href":"https:\/\/www.nettali.com\/rest\/wp\/v2\/posts\/63851\/revisions\/63874"}],"wp:featuredmedia":[{"embeddable":true,"href":"https:\/\/www.nettali.com\/rest\/wp\/v2\/media\/21710"}],"wp:attachment":[{"href":"https:\/\/www.nettali.com\/rest\/wp\/v2\/media?parent=63851"}],"wp:term":[{"taxonomy":"category","embeddable":true,"href":"https:\/\/www.nettali.com\/rest\/wp\/v2\/categories?post=63851"},{"taxonomy":"post_tag","embeddable":true,"href":"https:\/\/www.nettali.com\/rest\/wp\/v2\/tags?post=63851"}],"curies":[{"name":"wp","href":"https:\/\/api.w.org\/{rel}","templated":true}]}}